{"id":36844,"date":"2019-02-15T17:45:32","date_gmt":"2019-02-15T14:45:32","guid":{"rendered":"http:\/\/www.tvturk.com\/index.php\/jimnastik-ve-masa-tenisi-kafilesi-anadolu-yildizlar-ligine-ugurlandi\/"},"modified":"2019-02-15T17:45:45","modified_gmt":"2019-02-15T14:45:45","slug":"jimnastik-ve-masa-tenisi-kafilesi-anadolu-yildizlar-ligine-ugurlandi","status":"publish","type":"post","link":"http:\/\/www.tvturk.com\/index.php\/jimnastik-ve-masa-tenisi-kafilesi-anadolu-yildizlar-ligine-ugurlandi\/","title":{"rendered":"Jimnastik ve masa tenisi kafilesi Anadolu Y\u0131ld\u0131zlar Ligi\u2019ne u\u011furland\u0131"},"content":{"rendered":"<p>Bilecik Gen\u00e7lik Spor jimnastik ve masa tenisi kafilesi Anadolu Y\u0131ld\u0131zlar Ligi\u2019ne u\u011furland\u0131.<\/p>\n<p>Bilecik Gen\u00e7lik ve Spor \u0130l M\u00fcd\u00fcr\u00fc Aslan Y\u0131ld\u0131z, grup ma\u00e7lar\u0131na gidecek olan jimnastik ve masa tenisi sporcular\u0131n\u0131 makam\u0131nda a\u011f\u0131rlad\u0131. Sporculara ma\u00e7larda ba\u015far\u0131lar dileyen \u0130l M\u00fcd\u00fcr\u00fc Y\u0131ld\u0131z, &#8220;Ba\u015far\u0131l\u0131 sporcular\u0131m\u0131z\u0131 Anadolu Y\u0131ld\u0131zlar Ligi\u2019ne u\u011furlad\u0131k. Kendilerine m\u00fcsabakalarda ba\u015far\u0131lar diliyorum&#8221; dedi.<div class=\"tiled-gallery type-rectangular tiled-gallery-unresized\" data-original-width=\"500\" data-carousel-extra='null' itemscope itemtype=\"http:\/\/schema.org\/ImageGallery\" > <div class=\"gallery-row\" style=\"width: 500px; height: 332px;\" data-original-width=\"500\" data-original-height=\"332\" > <div class=\"gallery-group images-1\" style=\"width: 500px; height: 332px;\" data-original-width=\"500\" data-original-height=\"332\" > <div class=\"tiled-gallery-item tiled-gallery-item-large\" itemprop=\"associatedMedia\" itemscope itemtype=\"http:\/\/schema.org\/ImageObject\"> <a href=\"http:\/\/www.tvturk.com\/index.php\/jimnastik-ve-masa-tenisi-kafilesi-anadolu-yildizlar-ligine-ugurlandi\/jimnastik-ve-masa-tenisi-kafilesi-anadolu-yildizlar-ligine-ugurlandi-3\/\" border=\"0\" itemprop=\"url\"> <meta itemprop=\"width\" content=\"496\"> <meta itemprop=\"height\" content=\"328\"> <img decoding=\"async\" class=\"\" data-attachment-id=\"36846\" data-orig-file=\"http:\/\/www.tvturk.com\/wp-content\/uploads\/2019\/02\/jimnastik-ve-masa-tenisi-kafilesi-anadolu-yildizlar-ligine-ugurlandi_6bda8c9.jpg\" data-orig-size=\"960,635\" data-comments-opened=\"\" data-image-meta=\"{&quot;aperture&quot;:&quot;0&quot;,&quot;credit&quot;:&quot;IHA&quot;,&quot;camera&quot;:&quot;&quot;,&quot;caption&quot;:&quot;J\\u0130MNAST\\u0130K VE MASA TEN\\u0130S\\u0130 KAF\\u0130LES\\u0130 ANADOLU YILDIZLAR L\\u0130G\\u0130\\u2019NE U\\u011eURLANDI (CEM KAAN TOKA\\\/B\\u0130LEC\\u0130K-\\u0130HA)&quot;,&quot;created_timestamp&quot;:&quot;0&quot;,&quot;copyright&quot;:&quot;\\u0130HLAS HABER AJANSI, www.iha.com.tr&quot;,&quot;focal_length&quot;:&quot;0&quot;,&quot;iso&quot;:&quot;0&quot;,&quot;shutter_speed&quot;:&quot;0&quot;,&quot;title&quot;:&quot;J\\u0130MNAST\\u0130K VE MASA TEN\\u0130S\\u0130 KAF\\u0130LES\\u0130 ANADOLU YILDIZLAR L\\u0130G\\u0130\\u2019NE U\\u011eURLANDI&quot;,&quot;orientation&quot;:&quot;0&quot;}\" data-image-title=\"Jimnastik ve masa tenisi kafilesi Anadolu Y\u0131ld\u0131zlar Ligi\u2019ne u\u011furland\u0131\" data-image-description=\"&lt;p&gt;Jimnastik ve masa tenisi kafilesi Anadolu Y\u0131ld\u0131zlar Ligi\u2019ne u\u011furland\u0131&lt;\/p&gt; \" data-medium-file=\"https:\/\/i0.wp.com\/www.tvturk.com\/wp-content\/uploads\/2019\/02\/jimnastik-ve-masa-tenisi-kafilesi-anadolu-yildizlar-ligine-ugurlandi_6bda8c9.jpg?fit=300%2C198\" data-large-file=\"https:\/\/i0.wp.com\/www.tvturk.com\/wp-content\/uploads\/2019\/02\/jimnastik-ve-masa-tenisi-kafilesi-anadolu-yildizlar-ligine-ugurlandi_6bda8c9.jpg?fit=960%2C635\" src=\"https:\/\/i0.wp.com\/www.tvturk.com\/wp-content\/uploads\/2019\/02\/jimnastik-ve-masa-tenisi-kafilesi-anadolu-yildizlar-ligine-ugurlandi_6bda8c9.jpg?w=496&#038;h=328\" srcset=\"https:\/\/i0.wp.com\/www.tvturk.com\/wp-content\/uploads\/2019\/02\/jimnastik-ve-masa-tenisi-kafilesi-anadolu-yildizlar-ligine-ugurlandi_6bda8c9.jpg?w=960 960w, https:\/\/i0.wp.com\/www.tvturk.com\/wp-content\/uploads\/2019\/02\/jimnastik-ve-masa-tenisi-kafilesi-anadolu-yildizlar-ligine-ugurlandi_6bda8c9.jpg?resize=150%2C99 150w, https:\/\/i0.wp.com\/www.tvturk.com\/wp-content\/uploads\/2019\/02\/jimnastik-ve-masa-tenisi-kafilesi-anadolu-yildizlar-ligine-ugurlandi_6bda8c9.jpg?resize=300%2C198 300w, https:\/\/i0.wp.com\/www.tvturk.com\/wp-content\/uploads\/2019\/02\/jimnastik-ve-masa-tenisi-kafilesi-anadolu-yildizlar-ligine-ugurlandi_6bda8c9.jpg?resize=768%2C508 768w, https:\/\/i0.wp.com\/www.tvturk.com\/wp-content\/uploads\/2019\/02\/jimnastik-ve-masa-tenisi-kafilesi-anadolu-yildizlar-ligine-ugurlandi_6bda8c9.jpg?resize=170%2C113 170w, https:\/\/i0.wp.com\/www.tvturk.com\/wp-content\/uploads\/2019\/02\/jimnastik-ve-masa-tenisi-kafilesi-anadolu-yildizlar-ligine-ugurlandi_6bda8c9.jpg?resize=120%2C80 120w\" width=\"496\" height=\"328\" loading=\"lazy\" data-original-width=\"496\" data-original-height=\"328\" itemprop=\"http:\/\/schema.org\/image\" title=\"Jimnastik ve masa tenisi kafilesi Anadolu Y\u0131ld\u0131zlar Ligi\u2019ne u\u011furland\u0131\" alt=\"Jimnastik ve masa tenisi kafilesi Anadolu Y\u0131ld\u0131zlar Ligi\u2019ne u\u011furland\u0131\" style=\"width: 496px; height: 328px;\" \/> <\/a> <\/div> <\/div> <!-- close group --> <\/div> <!-- close row --> <\/div><\/p>\n","protected":false},"excerpt":{"rendered":"<p>J\u0130MNAST\u0130K VE MASA TEN\u0130S\u0130 KAF\u0130LES\u0130 ANADOLU YILDIZLAR L\u0130G\u0130\u2019NE U\u011eURLANDI<\/p>\n","protected":false},"author":1,"featured_media":36845,"comment_status":"closed","ping_status":"open","sticky":false,"template":"","format":"standard","meta":{"jetpack_post_was_ever_published":false,"_jetpack_newsletter_access":"","_jetpack_dont_email_post_to_subs":false,"_jetpack_newsletter_tier_id":0,"_jetpack_memberships_contains_paywalled_content":false,"_jetpack_memberships_contains_paid_content":false,"footnotes":"","jetpack_publicize_message":"","jetpack_publicize_feature_enabled":true,"jetpack_social_post_already_shared":false,"jetpack_social_options":{"image_generator_settings":{"template":"highway","default_image_id":0,"font":"","enabled":false},"version":2}},"categories":[657],"tags":[1223,13738,10098,1311,1055,4126,2516,91],"class_list":["post-36844","post","type-post","status-publish","format-standard","has-post-thumbnail","hentry","category-spor","tag-anadolu","tag-jimnastik","tag-kafilesi","tag-ligine","tag-masa","tag-tenisi","tag-ugurlandi","tag-yildizlar"],"jetpack_publicize_connections":[],"jetpack_featured_media_url":"https:\/\/i0.wp.com\/www.tvturk.com\/wp-content\/uploads\/2019\/02\/jimnastik-ve-masa-tenisi-kafilesi-anadolu-yildizlar-ligine-ugurlandi_17b0e0a.jpg?fit=960%2C635","jetpack_sharing_enabled":true,"jetpack_shortlink":"https:\/\/wp.me\/paKIfm-9Ag","_links":{"self":[{"href":"http:\/\/www.tvturk.com\/index.php\/wp-json\/wp\/v2\/posts\/36844","targetHints":{"allow":["GET"]}}],"collection":[{"href":"http:\/\/www.tvturk.com\/index.php\/wp-json\/wp\/v2\/posts"}],"about":[{"href":"http:\/\/www.tvturk.com\/index.php\/wp-json\/wp\/v2\/types\/post"}],"author":[{"embeddable":true,"href":"http:\/\/www.tvturk.com\/index.php\/wp-json\/wp\/v2\/users\/1"}],"replies":[{"embeddable":true,"href":"http:\/\/www.tvturk.com\/index.php\/wp-json\/wp\/v2\/comments?post=36844"}],"version-history":[{"count":1,"href":"http:\/\/www.tvturk.com\/index.php\/wp-json\/wp\/v2\/posts\/36844\/revisions"}],"predecessor-version":[{"id":36847,"href":"http:\/\/www.tvturk.com\/index.php\/wp-json\/wp\/v2\/posts\/36844\/revisions\/36847"}],"wp:featuredmedia":[{"embeddable":true,"href":"http:\/\/www.tvturk.com\/index.php\/wp-json\/wp\/v2\/media\/36845"}],"wp:attachment":[{"href":"http:\/\/www.tvturk.com\/index.php\/wp-json\/wp\/v2\/media?parent=36844"}],"wp:term":[{"taxonomy":"category","embeddable":true,"href":"http:\/\/www.tvturk.com\/index.php\/wp-json\/wp\/v2\/categories?post=36844"},{"taxonomy":"post_tag","embeddable":true,"href":"http:\/\/www.tvturk.com\/index.php\/wp-json\/wp\/v2\/tags?post=36844"}],"curies":[{"name":"wp","href":"https:\/\/api.w.org\/{rel}","templated":true}]}}