{"id":36855,"date":"2019-02-15T17:46:23","date_gmt":"2019-02-15T14:46:23","guid":{"rendered":"http:\/\/www.tvturk.com\/index.php\/sakaryada-tarihi-cesmeler-yenileniyor\/"},"modified":"2019-02-15T17:46:54","modified_gmt":"2019-02-15T14:46:54","slug":"sakaryada-tarihi-cesmeler-yenileniyor","status":"publish","type":"post","link":"http:\/\/www.tvturk.com\/index.php\/sakaryada-tarihi-cesmeler-yenileniyor\/","title":{"rendered":"Sakarya\u2019da tarihi \u00e7e\u015fmeler yenileniyor"},"content":{"rendered":"<p>Sakarya B\u00fcy\u00fck\u015fehir Belediyesi Fen \u0130\u015fleri Dairesi Ba\u015fkanl\u0131\u011f\u0131 \u015fehirdeki tarihi yap\u0131lar\u0131 onarmaya devam ediyor.<\/p>\n<p>Sakarya B\u00fcy\u00fck\u015fehir Belediyesi Fen \u0130\u015fleri Dairesi Ba\u015fkanl\u0131\u011f\u0131 \u015fehir kimli\u011fine sahip \u00e7\u0131kan projelere imza atmaya devam ediyor. Daha \u00f6nce Tarihi Sabit Efendi Kona\u011f\u0131, Tarihi Alicanlar Kona\u011f\u0131 ve Tarihi Uzun\u00e7ar\u015f\u0131\u2019y\u0131 asl\u0131na uygun restore ederek \u015fehir tarihine kazand\u0131ran B\u00fcy\u00fck\u015fehir Belediyesi, tarihi \u00e7e\u015fmelerin restorasyon \u00e7al\u0131\u015fmalar\u0131n\u0131 da ger\u00e7ekle\u015ftiriyor. Ozanlar Tekeler Mahallesi ve Eski Reji Soka\u011f\u0131nda bulunan \u00e7e\u015fmeler asl\u0131na uygun olarak restore ediliyor.<\/p>\n<p>Konu hakk\u0131nda a\u00e7\u0131klamalarda bulunan Fen \u0130\u015fleri Dairesi Ba\u015fkan\u0131 Murat Mutlu, \u201cB\u00fcy\u00fck\u015fehir Belediyesi olarak tarihi yap\u0131lar\u0131 \u015fehre geri kazand\u0131rmaya devam ediyoruz. Bu kapsamda son olarak Ozanlar Tekeler Mahallesi ve Eski Reji Soka\u011f\u0131nda bulunan \u00e7e\u015fmeleri asl\u0131na uygun bir \u015fekilde restore etmek i\u00e7in ekiplerimiz gerekli \u00e7al\u0131\u015fmalara ba\u015flad\u0131. Tarihi \u00e7e\u015fmelerimizin en k\u0131sa s\u00fcre i\u00e7erisinde i\u015flemlerini tamamlay\u0131p halk\u0131m\u0131z\u0131n hizmetine sunaca\u011f\u0131z\u201d dedi.<\/p>\n<p>Mutlu, \u201cOzanlar Tekeler Mahallesinde bulunan \u00e7e\u015fmenin ve Eski Reji Soka\u011f\u0131nda bulunan 1838 y\u0131l\u0131nda Kemahl\u0131 Hac\u0131 \u0130smail A\u011fa taraf\u0131ndan yapt\u0131r\u0131lan \u00e7e\u015fmenin restore i\u015flemlerine ba\u015flad\u0131k. Eski Reji Soka\u011f\u0131nda yer alan \u00e7e\u015fmemizin \u00fczerindeki kitabenin orijinali ise merakl\u0131lar\u0131 Sakarya Arkeoloji m\u00fczesinde bulabilir. \u015eehrin haf\u0131zas\u0131na katk\u0131 sa\u011flayan t\u00fcm tarihi yap\u0131lar\u0131 \u00f6zenle korumaya devam edece\u011fiz\u201d diye konu\u015ftu.<div class=\"tiled-gallery type-rectangular tiled-gallery-unresized\" data-original-width=\"500\" data-carousel-extra='null' itemscope itemtype=\"http:\/\/schema.org\/ImageGallery\" > <div class=\"gallery-row\" style=\"width: 500px; height: 224px;\" data-original-width=\"500\" data-original-height=\"224\" > <div class=\"gallery-group images-1\" style=\"width: 334px; height: 224px;\" data-original-width=\"334\" data-original-height=\"224\" > <div class=\"tiled-gallery-item tiled-gallery-item-large\" itemprop=\"associatedMedia\" itemscope itemtype=\"http:\/\/schema.org\/ImageObject\"> <a href=\"http:\/\/www.tvturk.com\/index.php\/sakaryada-tarihi-cesmeler-yenileniyor\/sakaryada-tarihi-cesmeler-yenileniyor-3\/\" border=\"0\" itemprop=\"url\"> <meta itemprop=\"width\" content=\"330\"> <meta itemprop=\"height\" content=\"220\"> <img decoding=\"async\" class=\"\" data-attachment-id=\"36857\" data-orig-file=\"http:\/\/www.tvturk.com\/wp-content\/uploads\/2019\/02\/sakaryada-tarihi-cesmeler-yenileniyor_e891d78.jpg\" data-orig-size=\"1000,666\" data-comments-opened=\"\" data-image-meta=\"{&quot;aperture&quot;:&quot;0&quot;,&quot;credit&quot;:&quot;IHA&quot;,&quot;camera&quot;:&quot;&quot;,&quot;caption&quot;:&quot;SAKARYA B\\u00dcY\\u00dcK\\u015eEH\\u0130R BELED\\u0130YES\\u0130 FEN \\u0130\\u015eLER\\u0130 DA\\u0130RES\\u0130 BA\\u015eKANLI\\u011eI \\u015eEH\\u0130RDEK\\u0130 TAR\\u0130H\\u0130 YAPILARI ONARMAYA DEVAM ED\\u0130YOR. (\\u0130HA\\\/SAKARYA-\\u0130HA)&quot;,&quot;created_timestamp&quot;:&quot;0&quot;,&quot;copyright&quot;:&quot;\\u0130HLAS HABER AJANSI, www.iha.com.tr&quot;,&quot;focal_length&quot;:&quot;0&quot;,&quot;iso&quot;:&quot;0&quot;,&quot;shutter_speed&quot;:&quot;0&quot;,&quot;title&quot;:&quot;SAKARYA\\u0027DA TAR\\u0130H\\u0130 \\u00c7E\\u015eMELER YEN\\u0130LEN\\u0130YOR&quot;,&quot;orientation&quot;:&quot;0&quot;}\" data-image-title=\"Sakarya\u2019da tarihi \u00e7e\u015fmeler yenileniyor\" data-image-description=\"&lt;p&gt;Sakarya\u2019da tarihi \u00e7e\u015fmeler yenileniyor&lt;\/p&gt; \" data-medium-file=\"https:\/\/i0.wp.com\/www.tvturk.com\/wp-content\/uploads\/2019\/02\/sakaryada-tarihi-cesmeler-yenileniyor_e891d78.jpg?fit=300%2C200\" data-large-file=\"https:\/\/i0.wp.com\/www.tvturk.com\/wp-content\/uploads\/2019\/02\/sakaryada-tarihi-cesmeler-yenileniyor_e891d78.jpg?fit=1000%2C666\" src=\"https:\/\/i0.wp.com\/www.tvturk.com\/wp-content\/uploads\/2019\/02\/sakaryada-tarihi-cesmeler-yenileniyor_e891d78.jpg?w=330&#038;h=220\" srcset=\"https:\/\/i0.wp.com\/www.tvturk.com\/wp-content\/uploads\/2019\/02\/sakaryada-tarihi-cesmeler-yenileniyor_e891d78.jpg?w=1000 1000w, https:\/\/i0.wp.com\/www.tvturk.com\/wp-content\/uploads\/2019\/02\/sakaryada-tarihi-cesmeler-yenileniyor_e891d78.jpg?resize=150%2C100 150w, https:\/\/i0.wp.com\/www.tvturk.com\/wp-content\/uploads\/2019\/02\/sakaryada-tarihi-cesmeler-yenileniyor_e891d78.jpg?resize=300%2C200 300w, https:\/\/i0.wp.com\/www.tvturk.com\/wp-content\/uploads\/2019\/02\/sakaryada-tarihi-cesmeler-yenileniyor_e891d78.jpg?resize=768%2C511 768w, https:\/\/i0.wp.com\/www.tvturk.com\/wp-content\/uploads\/2019\/02\/sakaryada-tarihi-cesmeler-yenileniyor_e891d78.jpg?resize=170%2C113 170w, https:\/\/i0.wp.com\/www.tvturk.com\/wp-content\/uploads\/2019\/02\/sakaryada-tarihi-cesmeler-yenileniyor_e891d78.jpg?resize=120%2C80 120w\" width=\"330\" height=\"220\" loading=\"lazy\" data-original-width=\"330\" data-original-height=\"220\" itemprop=\"http:\/\/schema.org\/image\" title=\"Sakarya\u2019da tarihi \u00e7e\u015fmeler yenileniyor\" alt=\"Sakarya\u2019da tarihi \u00e7e\u015fmeler yenileniyor\" style=\"width: 330px; height: 220px;\" \/> <\/a> <\/div> <\/div> <!-- close group --> <div class=\"gallery-group images-2\" style=\"width: 166px; height: 224px;\" data-original-width=\"166\" data-original-height=\"224\" > <div class=\"tiled-gallery-item tiled-gallery-item-small\" itemprop=\"associatedMedia\" itemscope itemtype=\"http:\/\/schema.org\/ImageObject\"> <a href=\"http:\/\/www.tvturk.com\/index.php\/sakaryada-tarihi-cesmeler-yenileniyor\/sakaryada-tarihi-cesmeler-yenileniyor-4\/\" border=\"0\" itemprop=\"url\"> <meta itemprop=\"width\" content=\"162\"> <meta itemprop=\"height\" content=\"108\"> <img decoding=\"async\" class=\"\" data-attachment-id=\"36858\" data-orig-file=\"http:\/\/www.tvturk.com\/wp-content\/uploads\/2019\/02\/sakaryada-tarihi-cesmeler-yenileniyor_807e1f5.jpg\" data-orig-size=\"1000,666\" data-comments-opened=\"\" data-image-meta=\"{&quot;aperture&quot;:&quot;0&quot;,&quot;credit&quot;:&quot;IHA&quot;,&quot;camera&quot;:&quot;&quot;,&quot;caption&quot;:&quot;SAKARYA B\\u00dcY\\u00dcK\\u015eEH\\u0130R BELED\\u0130YES\\u0130 FEN \\u0130\\u015eLER\\u0130 DA\\u0130RES\\u0130 BA\\u015eKANLI\\u011eI \\u015eEH\\u0130RDEK\\u0130 TAR\\u0130H\\u0130 YAPILARI ONARMAYA DEVAM ED\\u0130YOR. (\\u0130HA\\\/SAKARYA-\\u0130HA)&quot;,&quot;created_timestamp&quot;:&quot;0&quot;,&quot;copyright&quot;:&quot;\\u0130HLAS HABER AJANSI, www.iha.com.tr&quot;,&quot;focal_length&quot;:&quot;0&quot;,&quot;iso&quot;:&quot;0&quot;,&quot;shutter_speed&quot;:&quot;0&quot;,&quot;title&quot;:&quot;SAKARYA\\u0027DA TAR\\u0130H\\u0130 \\u00c7E\\u015eMELER YEN\\u0130LEN\\u0130YOR&quot;,&quot;orientation&quot;:&quot;0&quot;}\" data-image-title=\"Sakarya\u2019da tarihi \u00e7e\u015fmeler yenileniyor\" data-image-description=\"&lt;p&gt;Sakarya\u2019da tarihi \u00e7e\u015fmeler yenileniyor&lt;\/p&gt; \" data-medium-file=\"https:\/\/i0.wp.com\/www.tvturk.com\/wp-content\/uploads\/2019\/02\/sakaryada-tarihi-cesmeler-yenileniyor_807e1f5.jpg?fit=300%2C200\" data-large-file=\"https:\/\/i0.wp.com\/www.tvturk.com\/wp-content\/uploads\/2019\/02\/sakaryada-tarihi-cesmeler-yenileniyor_807e1f5.jpg?fit=1000%2C666\" src=\"https:\/\/i0.wp.com\/www.tvturk.com\/wp-content\/uploads\/2019\/02\/sakaryada-tarihi-cesmeler-yenileniyor_807e1f5.jpg?w=162&#038;h=108\" srcset=\"https:\/\/i0.wp.com\/www.tvturk.com\/wp-content\/uploads\/2019\/02\/sakaryada-tarihi-cesmeler-yenileniyor_807e1f5.jpg?w=1000 1000w, https:\/\/i0.wp.com\/www.tvturk.com\/wp-content\/uploads\/2019\/02\/sakaryada-tarihi-cesmeler-yenileniyor_807e1f5.jpg?resize=150%2C100 150w, https:\/\/i0.wp.com\/www.tvturk.com\/wp-content\/uploads\/2019\/02\/sakaryada-tarihi-cesmeler-yenileniyor_807e1f5.jpg?resize=300%2C200 300w, https:\/\/i0.wp.com\/www.tvturk.com\/wp-content\/uploads\/2019\/02\/sakaryada-tarihi-cesmeler-yenileniyor_807e1f5.jpg?resize=768%2C511 768w, https:\/\/i0.wp.com\/www.tvturk.com\/wp-content\/uploads\/2019\/02\/sakaryada-tarihi-cesmeler-yenileniyor_807e1f5.jpg?resize=170%2C113 170w, https:\/\/i0.wp.com\/www.tvturk.com\/wp-content\/uploads\/2019\/02\/sakaryada-tarihi-cesmeler-yenileniyor_807e1f5.jpg?resize=120%2C80 120w\" width=\"162\" height=\"108\" loading=\"lazy\" data-original-width=\"162\" data-original-height=\"108\" itemprop=\"http:\/\/schema.org\/image\" title=\"Sakarya\u2019da tarihi \u00e7e\u015fmeler yenileniyor\" alt=\"Sakarya\u2019da tarihi \u00e7e\u015fmeler yenileniyor\" style=\"width: 162px; height: 108px;\" \/> <\/a> <\/div> <div class=\"tiled-gallery-item tiled-gallery-item-small\" itemprop=\"associatedMedia\" itemscope itemtype=\"http:\/\/schema.org\/ImageObject\"> <a href=\"http:\/\/www.tvturk.com\/index.php\/sakaryada-tarihi-cesmeler-yenileniyor\/sakaryada-tarihi-cesmeler-yenileniyor-5\/\" border=\"0\" itemprop=\"url\"> <meta itemprop=\"width\" content=\"162\"> <meta itemprop=\"height\" content=\"108\"> <img decoding=\"async\" class=\"\" data-attachment-id=\"36859\" data-orig-file=\"http:\/\/www.tvturk.com\/wp-content\/uploads\/2019\/02\/sakaryada-tarihi-cesmeler-yenileniyor_b001c13.jpg\" data-orig-size=\"1000,666\" data-comments-opened=\"\" data-image-meta=\"{&quot;aperture&quot;:&quot;0&quot;,&quot;credit&quot;:&quot;IHA&quot;,&quot;camera&quot;:&quot;&quot;,&quot;caption&quot;:&quot;SAKARYA B\\u00dcY\\u00dcK\\u015eEH\\u0130R BELED\\u0130YES\\u0130 FEN \\u0130\\u015eLER\\u0130 DA\\u0130RES\\u0130 BA\\u015eKANLI\\u011eI \\u015eEH\\u0130RDEK\\u0130 TAR\\u0130H\\u0130 YAPILARI ONARMAYA DEVAM ED\\u0130YOR. (\\u0130HA\\\/SAKARYA-\\u0130HA)&quot;,&quot;created_timestamp&quot;:&quot;0&quot;,&quot;copyright&quot;:&quot;\\u0130HLAS HABER AJANSI, www.iha.com.tr&quot;,&quot;focal_length&quot;:&quot;0&quot;,&quot;iso&quot;:&quot;0&quot;,&quot;shutter_speed&quot;:&quot;0&quot;,&quot;title&quot;:&quot;SAKARYA\\u0027DA TAR\\u0130H\\u0130 \\u00c7E\\u015eMELER YEN\\u0130LEN\\u0130YOR&quot;,&quot;orientation&quot;:&quot;0&quot;}\" data-image-title=\"Sakarya\u2019da tarihi \u00e7e\u015fmeler yenileniyor\" data-image-description=\"&lt;p&gt;Sakarya\u2019da tarihi \u00e7e\u015fmeler yenileniyor&lt;\/p&gt; \" data-medium-file=\"https:\/\/i0.wp.com\/www.tvturk.com\/wp-content\/uploads\/2019\/02\/sakaryada-tarihi-cesmeler-yenileniyor_b001c13.jpg?fit=300%2C200\" data-large-file=\"https:\/\/i0.wp.com\/www.tvturk.com\/wp-content\/uploads\/2019\/02\/sakaryada-tarihi-cesmeler-yenileniyor_b001c13.jpg?fit=1000%2C666\" src=\"https:\/\/i0.wp.com\/www.tvturk.com\/wp-content\/uploads\/2019\/02\/sakaryada-tarihi-cesmeler-yenileniyor_b001c13.jpg?w=162&#038;h=108\" srcset=\"https:\/\/i0.wp.com\/www.tvturk.com\/wp-content\/uploads\/2019\/02\/sakaryada-tarihi-cesmeler-yenileniyor_b001c13.jpg?w=1000 1000w, https:\/\/i0.wp.com\/www.tvturk.com\/wp-content\/uploads\/2019\/02\/sakaryada-tarihi-cesmeler-yenileniyor_b001c13.jpg?resize=150%2C100 150w, https:\/\/i0.wp.com\/www.tvturk.com\/wp-content\/uploads\/2019\/02\/sakaryada-tarihi-cesmeler-yenileniyor_b001c13.jpg?resize=300%2C200 300w, https:\/\/i0.wp.com\/www.tvturk.com\/wp-content\/uploads\/2019\/02\/sakaryada-tarihi-cesmeler-yenileniyor_b001c13.jpg?resize=768%2C511 768w, https:\/\/i0.wp.com\/www.tvturk.com\/wp-content\/uploads\/2019\/02\/sakaryada-tarihi-cesmeler-yenileniyor_b001c13.jpg?resize=170%2C113 170w, https:\/\/i0.wp.com\/www.tvturk.com\/wp-content\/uploads\/2019\/02\/sakaryada-tarihi-cesmeler-yenileniyor_b001c13.jpg?resize=120%2C80 120w\" width=\"162\" height=\"108\" loading=\"lazy\" data-original-width=\"162\" data-original-height=\"108\" itemprop=\"http:\/\/schema.org\/image\" title=\"Sakarya\u2019da tarihi \u00e7e\u015fmeler yenileniyor\" alt=\"Sakarya\u2019da tarihi \u00e7e\u015fmeler yenileniyor\" style=\"width: 162px; height: 108px;\" \/> <\/a> <\/div> <\/div> <!-- close group --> <\/div> <!-- close row --> <div class=\"gallery-row\" style=\"width: 500px; height: 334px;\" data-original-width=\"500\" data-original-height=\"334\" > <div class=\"gallery-group images-1\" style=\"width: 500px; height: 334px;\" data-original-width=\"500\" data-original-height=\"334\" > <div class=\"tiled-gallery-item tiled-gallery-item-large\" itemprop=\"associatedMedia\" itemscope itemtype=\"http:\/\/schema.org\/ImageObject\"> <a href=\"http:\/\/www.tvturk.com\/index.php\/sakaryada-tarihi-cesmeler-yenileniyor\/sakaryada-tarihi-cesmeler-yenileniyor-6\/\" border=\"0\" itemprop=\"url\"> <meta itemprop=\"width\" content=\"496\"> <meta itemprop=\"height\" content=\"330\"> <img decoding=\"async\" class=\"\" data-attachment-id=\"36860\" data-orig-file=\"http:\/\/www.tvturk.com\/wp-content\/uploads\/2019\/02\/sakaryada-tarihi-cesmeler-yenileniyor_89792e0.jpg\" data-orig-size=\"1000,666\" data-comments-opened=\"\" data-image-meta=\"{&quot;aperture&quot;:&quot;0&quot;,&quot;credit&quot;:&quot;IHA&quot;,&quot;camera&quot;:&quot;&quot;,&quot;caption&quot;:&quot;FEN \\u0130\\u015eLER\\u0130 DA\\u0130RES\\u0130 BA\\u015eKANI MURAT MUTLU, \\u201cB\\u00dcY\\u00dcK\\u015eEH\\u0130R BELED\\u0130YES\\u0130 OLARAK TAR\\u0130H\\u0130 YAPILARI \\u015eEHRE GER\\u0130 KAZANDIRMAYA DEVAM ED\\u0130YORUZ. BU KAPSAMDA SON OLARAK OZANLAR TEKELER MAHALLES\\u0130 VE ESK\\u0130 REJ\\u0130 SOKA\\u011eINDA BULUNAN \\u00c7E\\u015eMELER\\u0130 ASLINA UYGUN B\\u0130R \\u015eEK\\u0130LDE RESTORE ETMEK \\u0130\\u00c7\\u0130N EK\\u0130PLER\\u0130M\\u0130Z GEREKL\\u0130 \\u00c7ALI\\u015eMALARA BA\\u015eLADI. TAR\\u0130H\\u0130 \\u00c7E\\u015eMELER\\u0130M\\u0130Z\\u0130N EN KISA S\\u00dcRE \\u0130\\u00c7ER\\u0130S\\u0130NDE \\u0130\\u015eLEMLER\\u0130N\\u0130 TAMAMLAYIP HALKIMIZIN H\\u0130ZMET\\u0130NE SUNACA\\u011eIZ\\u201d (\\u0130HA\\\/SAKARYA-\\u0130HA)&quot;,&quot;created_timestamp&quot;:&quot;0&quot;,&quot;copyright&quot;:&quot;\\u0130HLAS HABER AJANSI, www.iha.com.tr&quot;,&quot;focal_length&quot;:&quot;0&quot;,&quot;iso&quot;:&quot;0&quot;,&quot;shutter_speed&quot;:&quot;0&quot;,&quot;title&quot;:&quot;SAKARYA\\u0027DA TAR\\u0130H\\u0130 \\u00c7E\\u015eMELER YEN\\u0130LEN\\u0130YOR&quot;,&quot;orientation&quot;:&quot;0&quot;}\" data-image-title=\"Sakarya\u2019da tarihi \u00e7e\u015fmeler yenileniyor\" data-image-description=\"&lt;p&gt;Sakarya\u2019da tarihi \u00e7e\u015fmeler yenileniyor&lt;\/p&gt; \" data-medium-file=\"https:\/\/i0.wp.com\/www.tvturk.com\/wp-content\/uploads\/2019\/02\/sakaryada-tarihi-cesmeler-yenileniyor_89792e0.jpg?fit=300%2C200\" data-large-file=\"https:\/\/i0.wp.com\/www.tvturk.com\/wp-content\/uploads\/2019\/02\/sakaryada-tarihi-cesmeler-yenileniyor_89792e0.jpg?fit=1000%2C666\" src=\"https:\/\/i0.wp.com\/www.tvturk.com\/wp-content\/uploads\/2019\/02\/sakaryada-tarihi-cesmeler-yenileniyor_89792e0.jpg?w=496&#038;h=330\" srcset=\"https:\/\/i0.wp.com\/www.tvturk.com\/wp-content\/uploads\/2019\/02\/sakaryada-tarihi-cesmeler-yenileniyor_89792e0.jpg?w=1000 1000w, https:\/\/i0.wp.com\/www.tvturk.com\/wp-content\/uploads\/2019\/02\/sakaryada-tarihi-cesmeler-yenileniyor_89792e0.jpg?resize=150%2C100 150w, https:\/\/i0.wp.com\/www.tvturk.com\/wp-content\/uploads\/2019\/02\/sakaryada-tarihi-cesmeler-yenileniyor_89792e0.jpg?resize=300%2C200 300w, https:\/\/i0.wp.com\/www.tvturk.com\/wp-content\/uploads\/2019\/02\/sakaryada-tarihi-cesmeler-yenileniyor_89792e0.jpg?resize=768%2C511 768w, https:\/\/i0.wp.com\/www.tvturk.com\/wp-content\/uploads\/2019\/02\/sakaryada-tarihi-cesmeler-yenileniyor_89792e0.jpg?resize=170%2C113 170w, https:\/\/i0.wp.com\/www.tvturk.com\/wp-content\/uploads\/2019\/02\/sakaryada-tarihi-cesmeler-yenileniyor_89792e0.jpg?resize=120%2C80 120w\" width=\"496\" height=\"330\" loading=\"lazy\" data-original-width=\"496\" data-original-height=\"330\" itemprop=\"http:\/\/schema.org\/image\" title=\"Sakarya\u2019da tarihi \u00e7e\u015fmeler yenileniyor\" alt=\"Sakarya\u2019da tarihi \u00e7e\u015fmeler yenileniyor\" style=\"width: 496px; height: 330px;\" \/> <\/a> <\/div> <\/div> <!-- close group --> <\/div> <!-- close row --> <\/div><\/p>\n","protected":false},"excerpt":{"rendered":"<p>SAKARYA B\u00dcY\u00dcK\u015eEH\u0130R BELED\u0130YES\u0130 FEN \u0130\u015eLER\u0130 DA\u0130RES\u0130 BA\u015eKANLI\u011eI \u015eEH\u0130RDEK\u0130 TAR\u0130H\u0130 YAPILARI ONARMAYA DEVAM ED\u0130YOR.<\/p>\n","protected":false},"author":1,"featured_media":36856,"comment_status":"closed","ping_status":"open","sticky":false,"template":"","format":"standard","meta":{"jetpack_post_was_ever_published":false,"_jetpack_newsletter_access":"","_jetpack_dont_email_post_to_subs":false,"_jetpack_newsletter_tier_id":0,"_jetpack_memberships_contains_paywalled_content":false,"_jetpack_memberships_contains_paid_content":false,"footnotes":"","jetpack_publicize_message":"","jetpack_publicize_feature_enabled":true,"jetpack_social_post_already_shared":false,"jetpack_social_options":{"image_generator_settings":{"template":"highway","default_image_id":0,"font":"","enabled":false},"version":2}},"categories":[656],"tags":[13740,2200,800,717],"class_list":["post-36855","post","type-post","status-publish","format-standard","has-post-thumbnail","hentry","category-kultur-sanat","tag-cesmeler","tag-sakaryada","tag-tarihi","tag-yenileniyor"],"jetpack_publicize_connections":[],"jetpack_featured_media_url":"https:\/\/i0.wp.com\/www.tvturk.com\/wp-content\/uploads\/2019\/02\/sakaryada-tarihi-cesmeler-yenileniyor_7ed1010.jpg?fit=1000%2C666","jetpack_sharing_enabled":true,"jetpack_shortlink":"https:\/\/wp.me\/paKIfm-9Ar","_links":{"self":[{"href":"http:\/\/www.tvturk.com\/index.php\/wp-json\/wp\/v2\/posts\/36855","targetHints":{"allow":["GET"]}}],"collection":[{"href":"http:\/\/www.tvturk.com\/index.php\/wp-json\/wp\/v2\/posts"}],"about":[{"href":"http:\/\/www.tvturk.com\/index.php\/wp-json\/wp\/v2\/types\/post"}],"author":[{"embeddable":true,"href":"http:\/\/www.tvturk.com\/index.php\/wp-json\/wp\/v2\/users\/1"}],"replies":[{"embeddable":true,"href":"http:\/\/www.tvturk.com\/index.php\/wp-json\/wp\/v2\/comments?post=36855"}],"version-history":[{"count":1,"href":"http:\/\/www.tvturk.com\/index.php\/wp-json\/wp\/v2\/posts\/36855\/revisions"}],"predecessor-version":[{"id":36861,"href":"http:\/\/www.tvturk.com\/index.php\/wp-json\/wp\/v2\/posts\/36855\/revisions\/36861"}],"wp:featuredmedia":[{"embeddable":true,"href":"http:\/\/www.tvturk.com\/index.php\/wp-json\/wp\/v2\/media\/36856"}],"wp:attachment":[{"href":"http:\/\/www.tvturk.com\/index.php\/wp-json\/wp\/v2\/media?parent=36855"}],"wp:term":[{"taxonomy":"category","embeddable":true,"href":"http:\/\/www.tvturk.com\/index.php\/wp-json\/wp\/v2\/categories?post=36855"},{"taxonomy":"post_tag","embeddable":true,"href":"http:\/\/www.tvturk.com\/index.php\/wp-json\/wp\/v2\/tags?post=36855"}],"curies":[{"name":"wp","href":"https:\/\/api.w.org\/{rel}","templated":true}]}}