{"id":36867,"date":"2019-02-15T17:47:25","date_gmt":"2019-02-15T14:47:25","guid":{"rendered":"http:\/\/www.tvturk.com\/index.php\/sakaryada-8-derslikli-ek-bina-insaatinin-temeli-atildi\/"},"modified":"2019-02-15T17:47:59","modified_gmt":"2019-02-15T14:47:59","slug":"sakaryada-8-derslikli-ek-bina-insaatinin-temeli-atildi","status":"publish","type":"post","link":"http:\/\/www.tvturk.com\/index.php\/sakaryada-8-derslikli-ek-bina-insaatinin-temeli-atildi\/","title":{"rendered":"Sakarya\u2019da 8 derslikli ek bina in\u015faat\u0131n\u0131n temeli at\u0131ld\u0131"},"content":{"rendered":"<p>Sakarya\u2019da hay\u0131rsever i\u015f adam\u0131 Halit Evin taraf\u0131ndan, Erenler \u0130mam Hatip Lisesi bah\u00e7esine yapt\u0131r\u0131lacak olan 8 derslikli ek bina in\u015faat\u0131n\u0131n temeli d\u00fczenlenen t\u00f6renle at\u0131ld\u0131.<\/p>\n<p>Erenler \u0130mam Hatip Lisesi bah\u00e7esine yapt\u0131r\u0131lacak olan 8 derslikli ek binas\u0131n\u0131n temel atma t\u00f6reni ger\u00e7ekle\u015ftirildi. T\u00f6ren; Sakarya Valisi Ahmet Hamdi Nayir, Erenler Kaymakam\u0131 Salih Karabulut, \u0130l Milli E\u011fitim M\u00fcd\u00fcr\u00fc Fazilet Durmu\u015f, AK Parti Sakarya \u0130l Ba\u015fkan\u0131 Yunus Tever, Erenler Belediye Ba\u015fkan\u0131 Cavit \u00d6zt\u00fcrk, AK Parti Sakarya B\u00fcy\u00fck\u015fehir Belediyesi Ba\u015fkan Aday\u0131 Ekrem Y\u00fcce, AK Parti Erenler Belediyesi Ba\u015fkan Aday\u0131 Fevzi K\u0131l\u0131\u00e7, hay\u0131rsever i\u015f adam\u0131 Halit Evin ve davetlilerin kat\u0131l\u0131m\u0131yla ger\u00e7ekle\u015ftirildi.<\/p>\n<p>\u0130stiklal Mar\u015f\u0131 ve Sayg\u0131 Duru\u015fuyla ba\u015flayan t\u00f6ren, a\u00e7\u0131l\u0131\u015f konu\u015fmalar\u0131 ile devam etti. T\u00f6rende konu\u015fma yapan Vali Nayir, &#8220;Bug\u00fcn burada ilimizin e\u011fitim hayat\u0131na \u00f6nemli katk\u0131lar sa\u011flayaca\u011f\u0131na inand\u0131\u011f\u0131m\u0131z bir hay\u0131rl\u0131 i\u015fin temel atma t\u00f6reni i\u00e7in bir araday\u0131z. Zor bir co\u011frafyada ya\u015f\u0131yoruz, bu co\u011frafyada hayatta kalman\u0131n \u015fart\u0131 g\u00fc\u00e7l\u00fc olmak. G\u00fc\u00e7l\u00fc olman\u0131n ilk yolu da iyi e\u011fitilmi\u015f insanlara sahip olmak, sa\u011flam bir nesle sahip olmak. Buda \u00f6\u011fretmenlerimizin nefesinden, \u00f6\u011frencilerimizin hevesinden ve bu okullar\u0131n yeterlili\u011finden ge\u00e7mekte. \u0130n\u015fallah daha iyi okullarda, daha iyi imkanlara sa\u011flanm\u0131\u015f binalarda biz bu g\u00fc\u00e7l\u00fc nesle sahip olmak i\u00e7in b\u00fcy\u00fck gayret i\u00e7erisindeyiz. Bu topraklarda ya\u015fayan, kazanan hem\u015fehrilerimizin de bu topraklara duymu\u015f olduklar\u0131 sosyal sorumlulukla buradaki eser meydana \u00e7\u0131k\u0131yor&#8221; dedi.<\/p>\n<p>Vali Nayir\u2019in konu\u015fmas\u0131n\u0131n ard\u0131ndan temel atma merasimi \u00f6ncesinde kurban kesilerek dua edildi. Dua sonras\u0131nda ise butona bas\u0131larak temel at\u0131ld\u0131. \u00d6te yandan, mehter tak\u0131m\u0131n\u0131n yan\u0131na giderek onlara e\u015flik eden Vali Nayir ve Ba\u015fkan Aday\u0131 Y\u00fcce t\u00f6rende renkli g\u00f6r\u00fcnt\u00fcler olu\u015fturdu.<div class=\"tiled-gallery type-rectangular tiled-gallery-unresized\" data-original-width=\"500\" data-carousel-extra='null' itemscope itemtype=\"http:\/\/schema.org\/ImageGallery\" > <div class=\"gallery-row\" style=\"width: 500px; height: 224px;\" data-original-width=\"500\" data-original-height=\"224\" > <div class=\"gallery-group images-1\" style=\"width: 334px; height: 224px;\" data-original-width=\"334\" data-original-height=\"224\" > <div class=\"tiled-gallery-item tiled-gallery-item-large\" itemprop=\"associatedMedia\" itemscope itemtype=\"http:\/\/schema.org\/ImageObject\"> <a href=\"http:\/\/www.tvturk.com\/index.php\/sakaryada-8-derslikli-ek-bina-insaatinin-temeli-atildi\/sakaryada-8-derslikli-ek-bina-insaatinin-temeli-atildi-3\/\" border=\"0\" itemprop=\"url\"> <meta itemprop=\"width\" content=\"330\"> <meta itemprop=\"height\" content=\"220\"> <img decoding=\"async\" class=\"\" data-attachment-id=\"36869\" data-orig-file=\"http:\/\/www.tvturk.com\/wp-content\/uploads\/2019\/02\/sakaryada-8-derslikli-ek-bina-insaatinin-temeli-atildi_8d03fe9.jpg\" data-orig-size=\"1000,666\" data-comments-opened=\"\" data-image-meta=\"{&quot;aperture&quot;:&quot;0&quot;,&quot;credit&quot;:&quot;IHA&quot;,&quot;camera&quot;:&quot;&quot;,&quot;caption&quot;:&quot;ERENLER \\u0130MAM HAT\\u0130P L\\u0130SES\\u0130 BAH\\u00c7ES\\u0130NE YAPTIRILACAK OLAN 8 DERSL\\u0130KL\\u0130 EK B\\u0130NASININ TEMEL ATMA T\\u00d6REN\\u0130 GER\\u00c7EKLE\\u015eT\\u0130R\\u0130LD\\u0130. T\\u00d6REN; SAKARYA VAL\\u0130S\\u0130 AHMET HAMD\\u0130 NAY\\u0130R, ERENLER KAYMAKAMI SAL\\u0130H KARABULUT, \\u0130L M\\u0130LL\\u0130 E\\u011e\\u0130T\\u0130M M\\u00dcD\\u00dcR\\u00dc FAZ\\u0130LET DURMU\\u015e, AK PART\\u0130 SAKARYA \\u0130L BA\\u015eKANI YUNUS TEVER, ERENLER BELED\\u0130YE BA\\u015eKANI CAV\\u0130T \\u00d6ZT\\u00dcRK, AK PART\\u0130 SAKARYA B\\u00dcY\\u00dcK\\u015eEH\\u0130R BELED\\u0130YES\\u0130 BA\\u015eKAN ADAYI EKREM Y\\u00dcCE, AK PART\\u0130 ERENLER BELED\\u0130YES\\u0130 BA\\u015eKAN ADAYI FEVZ\\u0130 KILI\\u00c7, HAYIRSEVER \\u0130\\u015e ADAMI HAL\\u0130T EV\\u0130N VE DAVETL\\u0130LER\\u0130N KATILIMIYLA GER\\u00c7EKLE\\u015eT\\u0130R\\u0130LD\\u0130. (BURAK CAN TOKY\\u00dcREK\\\/SAKARYA-\\u0130HA)&quot;,&quot;created_timestamp&quot;:&quot;0&quot;,&quot;copyright&quot;:&quot;\\u0130HLAS HABER AJANSI, www.iha.com.tr&quot;,&quot;focal_length&quot;:&quot;0&quot;,&quot;iso&quot;:&quot;0&quot;,&quot;shutter_speed&quot;:&quot;0&quot;,&quot;title&quot;:&quot;SAKARYA\\u0027DA 8 DERSL\\u0130KL\\u0130 EK B\\u0130NA \\u0130N\\u015eAATININ TEMEL\\u0130 ATILDI VAL\\u0130 AHMET HAMD\\u0130 NAY\\u0130R: \\u0022G\\u00dc\\u00c7L\\u00dc OLMANIN \\u0130LK YOLU \\u0130Y\\u0130 E\\u011e\\u0130T\\u0130LM\\u0130\\u015e \\u0130NSANLARA SAH\\u0130P OLMAKTAN GE\\u00c7\\u0130YOR\\u0022&quot;,&quot;orientation&quot;:&quot;0&quot;}\" data-image-title=\"Sakarya\u2019da 8 derslikli ek bina in\u015faat\u0131n\u0131n temeli at\u0131ld\u0131\" data-image-description=\"&lt;p&gt;Sakarya\u2019da 8 derslikli ek bina in\u015faat\u0131n\u0131n temeli at\u0131ld\u0131&lt;\/p&gt; \" data-medium-file=\"https:\/\/i0.wp.com\/www.tvturk.com\/wp-content\/uploads\/2019\/02\/sakaryada-8-derslikli-ek-bina-insaatinin-temeli-atildi_8d03fe9.jpg?fit=300%2C200\" data-large-file=\"https:\/\/i0.wp.com\/www.tvturk.com\/wp-content\/uploads\/2019\/02\/sakaryada-8-derslikli-ek-bina-insaatinin-temeli-atildi_8d03fe9.jpg?fit=1000%2C666\" src=\"https:\/\/i0.wp.com\/www.tvturk.com\/wp-content\/uploads\/2019\/02\/sakaryada-8-derslikli-ek-bina-insaatinin-temeli-atildi_8d03fe9.jpg?w=330&#038;h=220\" srcset=\"https:\/\/i0.wp.com\/www.tvturk.com\/wp-content\/uploads\/2019\/02\/sakaryada-8-derslikli-ek-bina-insaatinin-temeli-atildi_8d03fe9.jpg?w=1000 1000w, https:\/\/i0.wp.com\/www.tvturk.com\/wp-content\/uploads\/2019\/02\/sakaryada-8-derslikli-ek-bina-insaatinin-temeli-atildi_8d03fe9.jpg?resize=150%2C100 150w, https:\/\/i0.wp.com\/www.tvturk.com\/wp-content\/uploads\/2019\/02\/sakaryada-8-derslikli-ek-bina-insaatinin-temeli-atildi_8d03fe9.jpg?resize=300%2C200 300w, https:\/\/i0.wp.com\/www.tvturk.com\/wp-content\/uploads\/2019\/02\/sakaryada-8-derslikli-ek-bina-insaatinin-temeli-atildi_8d03fe9.jpg?resize=768%2C511 768w, https:\/\/i0.wp.com\/www.tvturk.com\/wp-content\/uploads\/2019\/02\/sakaryada-8-derslikli-ek-bina-insaatinin-temeli-atildi_8d03fe9.jpg?resize=170%2C113 170w, https:\/\/i0.wp.com\/www.tvturk.com\/wp-content\/uploads\/2019\/02\/sakaryada-8-derslikli-ek-bina-insaatinin-temeli-atildi_8d03fe9.jpg?resize=120%2C80 120w\" width=\"330\" height=\"220\" loading=\"lazy\" data-original-width=\"330\" data-original-height=\"220\" itemprop=\"http:\/\/schema.org\/image\" title=\"Sakarya\u2019da 8 derslikli ek bina in\u015faat\u0131n\u0131n temeli at\u0131ld\u0131\" alt=\"Sakarya\u2019da 8 derslikli ek bina in\u015faat\u0131n\u0131n temeli at\u0131ld\u0131\" style=\"width: 330px; height: 220px;\" \/> <\/a> <\/div> <\/div> <!-- close group --> <div class=\"gallery-group images-2\" style=\"width: 166px; height: 224px;\" data-original-width=\"166\" data-original-height=\"224\" > <div class=\"tiled-gallery-item tiled-gallery-item-small\" itemprop=\"associatedMedia\" itemscope itemtype=\"http:\/\/schema.org\/ImageObject\"> <a href=\"http:\/\/www.tvturk.com\/index.php\/sakaryada-8-derslikli-ek-bina-insaatinin-temeli-atildi\/sakaryada-8-derslikli-ek-bina-insaatinin-temeli-atildi-4\/\" border=\"0\" itemprop=\"url\"> <meta itemprop=\"width\" content=\"162\"> <meta itemprop=\"height\" content=\"108\"> <img decoding=\"async\" class=\"\" data-attachment-id=\"36870\" data-orig-file=\"http:\/\/www.tvturk.com\/wp-content\/uploads\/2019\/02\/sakaryada-8-derslikli-ek-bina-insaatinin-temeli-atildi_f479710.jpg\" data-orig-size=\"1000,666\" data-comments-opened=\"\" data-image-meta=\"{&quot;aperture&quot;:&quot;0&quot;,&quot;credit&quot;:&quot;IHA&quot;,&quot;camera&quot;:&quot;&quot;,&quot;caption&quot;:&quot;SAKARYA VAL\\u0130S\\u0130 AHMET HAMD\\u0130 NAY\\u0130R: \\u0022ZOR B\\u0130R CO\\u011eRAFYADA YA\\u015eIYORUZ, BU CO\\u011eRAFYADA HAYATTA KALMANIN \\u015eARTI G\\u00dc\\u00c7L\\u00dc OLMAK. G\\u00dc\\u00c7L\\u00dc OLMANIN \\u0130LK YOLU DA \\u0130Y\\u0130 E\\u011e\\u0130T\\u0130LM\\u0130\\u015e \\u0130NSANLARA SAH\\u0130P OLMAK, SA\\u011eLAM B\\u0130R NESLE SAH\\u0130P OLMAK\\u0022 (BURAK CAN TOKY\\u00dcREK\\\/SAKARYA-\\u0130HA)&quot;,&quot;created_timestamp&quot;:&quot;0&quot;,&quot;copyright&quot;:&quot;\\u0130HLAS HABER AJANSI, www.iha.com.tr&quot;,&quot;focal_length&quot;:&quot;0&quot;,&quot;iso&quot;:&quot;0&quot;,&quot;shutter_speed&quot;:&quot;0&quot;,&quot;title&quot;:&quot;SAKARYA\\u0027DA 8 DERSL\\u0130KL\\u0130 EK B\\u0130NA \\u0130N\\u015eAATININ TEMEL\\u0130 ATILDI VAL\\u0130 AHMET HAMD\\u0130 NAY\\u0130R: \\u0022G\\u00dc\\u00c7L\\u00dc OLMANIN \\u0130LK YOLU \\u0130Y\\u0130 E\\u011e\\u0130T\\u0130LM\\u0130\\u015e \\u0130NSANLARA SAH\\u0130P OLMAKTAN GE\\u00c7\\u0130YOR\\u0022&quot;,&quot;orientation&quot;:&quot;0&quot;}\" data-image-title=\"Sakarya\u2019da 8 derslikli ek bina in\u015faat\u0131n\u0131n temeli at\u0131ld\u0131\" data-image-description=\"&lt;p&gt;Sakarya\u2019da 8 derslikli ek bina in\u015faat\u0131n\u0131n temeli at\u0131ld\u0131&lt;\/p&gt; \" data-medium-file=\"https:\/\/i0.wp.com\/www.tvturk.com\/wp-content\/uploads\/2019\/02\/sakaryada-8-derslikli-ek-bina-insaatinin-temeli-atildi_f479710.jpg?fit=300%2C200\" data-large-file=\"https:\/\/i0.wp.com\/www.tvturk.com\/wp-content\/uploads\/2019\/02\/sakaryada-8-derslikli-ek-bina-insaatinin-temeli-atildi_f479710.jpg?fit=1000%2C666\" src=\"https:\/\/i0.wp.com\/www.tvturk.com\/wp-content\/uploads\/2019\/02\/sakaryada-8-derslikli-ek-bina-insaatinin-temeli-atildi_f479710.jpg?w=162&#038;h=108\" srcset=\"https:\/\/i0.wp.com\/www.tvturk.com\/wp-content\/uploads\/2019\/02\/sakaryada-8-derslikli-ek-bina-insaatinin-temeli-atildi_f479710.jpg?w=1000 1000w, https:\/\/i0.wp.com\/www.tvturk.com\/wp-content\/uploads\/2019\/02\/sakaryada-8-derslikli-ek-bina-insaatinin-temeli-atildi_f479710.jpg?resize=150%2C100 150w, https:\/\/i0.wp.com\/www.tvturk.com\/wp-content\/uploads\/2019\/02\/sakaryada-8-derslikli-ek-bina-insaatinin-temeli-atildi_f479710.jpg?resize=300%2C200 300w, https:\/\/i0.wp.com\/www.tvturk.com\/wp-content\/uploads\/2019\/02\/sakaryada-8-derslikli-ek-bina-insaatinin-temeli-atildi_f479710.jpg?resize=768%2C511 768w, https:\/\/i0.wp.com\/www.tvturk.com\/wp-content\/uploads\/2019\/02\/sakaryada-8-derslikli-ek-bina-insaatinin-temeli-atildi_f479710.jpg?resize=170%2C113 170w, https:\/\/i0.wp.com\/www.tvturk.com\/wp-content\/uploads\/2019\/02\/sakaryada-8-derslikli-ek-bina-insaatinin-temeli-atildi_f479710.jpg?resize=120%2C80 120w\" width=\"162\" height=\"108\" loading=\"lazy\" data-original-width=\"162\" data-original-height=\"108\" itemprop=\"http:\/\/schema.org\/image\" title=\"Sakarya\u2019da 8 derslikli ek bina in\u015faat\u0131n\u0131n temeli at\u0131ld\u0131\" alt=\"Sakarya\u2019da 8 derslikli ek bina in\u015faat\u0131n\u0131n temeli at\u0131ld\u0131\" style=\"width: 162px; height: 108px;\" \/> <\/a> <\/div> <div class=\"tiled-gallery-item tiled-gallery-item-small\" itemprop=\"associatedMedia\" itemscope itemtype=\"http:\/\/schema.org\/ImageObject\"> <a href=\"http:\/\/www.tvturk.com\/index.php\/sakaryada-8-derslikli-ek-bina-insaatinin-temeli-atildi\/sakaryada-8-derslikli-ek-bina-insaatinin-temeli-atildi-5\/\" border=\"0\" itemprop=\"url\"> <meta itemprop=\"width\" content=\"162\"> <meta itemprop=\"height\" content=\"108\"> <img decoding=\"async\" class=\"\" data-attachment-id=\"36871\" data-orig-file=\"http:\/\/www.tvturk.com\/wp-content\/uploads\/2019\/02\/sakaryada-8-derslikli-ek-bina-insaatinin-temeli-atildi_611d6eb.jpg\" data-orig-size=\"1000,666\" data-comments-opened=\"\" data-image-meta=\"{&quot;aperture&quot;:&quot;0&quot;,&quot;credit&quot;:&quot;IHA&quot;,&quot;camera&quot;:&quot;&quot;,&quot;caption&quot;:&quot;VAL\\u0130 NAY\\u0130R\\u0027\\u0130N KONU\\u015eMASININ ARDINDAN TEMEL ATMA MERAS\\u0130M\\u0130 \\u00d6NCES\\u0130NDE KURBAN KES\\u0130LEREK DUA ED\\u0130LD\\u0130. DUA SONRASINDA \\u0130SE BUTONA BASILARAK TEMEL ATILDI. (BURAK CAN TOKY\\u00dcREK\\\/SAKARYA-\\u0130HA)&quot;,&quot;created_timestamp&quot;:&quot;0&quot;,&quot;copyright&quot;:&quot;\\u0130HLAS HABER AJANSI, www.iha.com.tr&quot;,&quot;focal_length&quot;:&quot;0&quot;,&quot;iso&quot;:&quot;0&quot;,&quot;shutter_speed&quot;:&quot;0&quot;,&quot;title&quot;:&quot;SAKARYA\\u0027DA 8 DERSL\\u0130KL\\u0130 EK B\\u0130NA \\u0130N\\u015eAATININ TEMEL\\u0130 ATILDI VAL\\u0130 AHMET HAMD\\u0130 NAY\\u0130R: \\u0022G\\u00dc\\u00c7L\\u00dc OLMANIN \\u0130LK YOLU \\u0130Y\\u0130 E\\u011e\\u0130T\\u0130LM\\u0130\\u015e \\u0130NSANLARA SAH\\u0130P OLMAKTAN GE\\u00c7\\u0130YOR\\u0022&quot;,&quot;orientation&quot;:&quot;0&quot;}\" data-image-title=\"Sakarya\u2019da 8 derslikli ek bina in\u015faat\u0131n\u0131n temeli at\u0131ld\u0131\" data-image-description=\"&lt;p&gt;Sakarya\u2019da 8 derslikli ek bina in\u015faat\u0131n\u0131n temeli at\u0131ld\u0131&lt;\/p&gt; \" data-medium-file=\"https:\/\/i0.wp.com\/www.tvturk.com\/wp-content\/uploads\/2019\/02\/sakaryada-8-derslikli-ek-bina-insaatinin-temeli-atildi_611d6eb.jpg?fit=300%2C200\" data-large-file=\"https:\/\/i0.wp.com\/www.tvturk.com\/wp-content\/uploads\/2019\/02\/sakaryada-8-derslikli-ek-bina-insaatinin-temeli-atildi_611d6eb.jpg?fit=1000%2C666\" src=\"https:\/\/i0.wp.com\/www.tvturk.com\/wp-content\/uploads\/2019\/02\/sakaryada-8-derslikli-ek-bina-insaatinin-temeli-atildi_611d6eb.jpg?w=162&#038;h=108\" srcset=\"https:\/\/i0.wp.com\/www.tvturk.com\/wp-content\/uploads\/2019\/02\/sakaryada-8-derslikli-ek-bina-insaatinin-temeli-atildi_611d6eb.jpg?w=1000 1000w, https:\/\/i0.wp.com\/www.tvturk.com\/wp-content\/uploads\/2019\/02\/sakaryada-8-derslikli-ek-bina-insaatinin-temeli-atildi_611d6eb.jpg?resize=150%2C100 150w, https:\/\/i0.wp.com\/www.tvturk.com\/wp-content\/uploads\/2019\/02\/sakaryada-8-derslikli-ek-bina-insaatinin-temeli-atildi_611d6eb.jpg?resize=300%2C200 300w, https:\/\/i0.wp.com\/www.tvturk.com\/wp-content\/uploads\/2019\/02\/sakaryada-8-derslikli-ek-bina-insaatinin-temeli-atildi_611d6eb.jpg?resize=768%2C511 768w, https:\/\/i0.wp.com\/www.tvturk.com\/wp-content\/uploads\/2019\/02\/sakaryada-8-derslikli-ek-bina-insaatinin-temeli-atildi_611d6eb.jpg?resize=170%2C113 170w, https:\/\/i0.wp.com\/www.tvturk.com\/wp-content\/uploads\/2019\/02\/sakaryada-8-derslikli-ek-bina-insaatinin-temeli-atildi_611d6eb.jpg?resize=120%2C80 120w\" width=\"162\" height=\"108\" loading=\"lazy\" data-original-width=\"162\" data-original-height=\"108\" itemprop=\"http:\/\/schema.org\/image\" title=\"Sakarya\u2019da 8 derslikli ek bina in\u015faat\u0131n\u0131n temeli at\u0131ld\u0131\" alt=\"Sakarya\u2019da 8 derslikli ek bina in\u015faat\u0131n\u0131n temeli at\u0131ld\u0131\" style=\"width: 162px; height: 108px;\" \/> <\/a> <\/div> <\/div> <!-- close group --> <\/div> <!-- close row --> <div class=\"gallery-row\" style=\"width: 500px; height: 112px;\" data-original-width=\"500\" data-original-height=\"112\" > <div class=\"gallery-group images-1\" style=\"width: 167px; height: 112px;\" data-original-width=\"167\" data-original-height=\"112\" > <div class=\"tiled-gallery-item tiled-gallery-item-small\" itemprop=\"associatedMedia\" itemscope itemtype=\"http:\/\/schema.org\/ImageObject\"> <a href=\"http:\/\/www.tvturk.com\/index.php\/sakaryada-8-derslikli-ek-bina-insaatinin-temeli-atildi\/sakaryada-8-derslikli-ek-bina-insaatinin-temeli-atildi-6\/\" border=\"0\" itemprop=\"url\"> <meta itemprop=\"width\" content=\"163\"> <meta itemprop=\"height\" content=\"108\"> <img decoding=\"async\" class=\"\" data-attachment-id=\"36872\" data-orig-file=\"http:\/\/www.tvturk.com\/wp-content\/uploads\/2019\/02\/sakaryada-8-derslikli-ek-bina-insaatinin-temeli-atildi_091c5a8.jpg\" data-orig-size=\"1000,666\" data-comments-opened=\"\" data-image-meta=\"{&quot;aperture&quot;:&quot;0&quot;,&quot;credit&quot;:&quot;IHA&quot;,&quot;camera&quot;:&quot;&quot;,&quot;caption&quot;:&quot;VAL\\u0130 NAY\\u0130R\\u0027\\u0130N KONU\\u015eMASININ ARDINDAN TEMEL ATMA MERAS\\u0130M\\u0130 \\u00d6NCES\\u0130NDE KURBAN KES\\u0130LEREK DUA ED\\u0130LD\\u0130. DUA SONRASINDA \\u0130SE BUTONA BASILARAK TEMEL ATILDI. (BURAK CAN TOKY\\u00dcREK\\\/SAKARYA-\\u0130HA)&quot;,&quot;created_timestamp&quot;:&quot;0&quot;,&quot;copyright&quot;:&quot;\\u0130HLAS HABER AJANSI, www.iha.com.tr&quot;,&quot;focal_length&quot;:&quot;0&quot;,&quot;iso&quot;:&quot;0&quot;,&quot;shutter_speed&quot;:&quot;0&quot;,&quot;title&quot;:&quot;SAKARYA\\u0027DA 8 DERSL\\u0130KL\\u0130 EK B\\u0130NA \\u0130N\\u015eAATININ TEMEL\\u0130 ATILDI VAL\\u0130 AHMET HAMD\\u0130 NAY\\u0130R: \\u0022G\\u00dc\\u00c7L\\u00dc OLMANIN \\u0130LK YOLU \\u0130Y\\u0130 E\\u011e\\u0130T\\u0130LM\\u0130\\u015e \\u0130NSANLARA SAH\\u0130P OLMAKTAN GE\\u00c7\\u0130YOR\\u0022&quot;,&quot;orientation&quot;:&quot;0&quot;}\" data-image-title=\"Sakarya\u2019da 8 derslikli ek bina in\u015faat\u0131n\u0131n temeli at\u0131ld\u0131\" data-image-description=\"&lt;p&gt;Sakarya\u2019da 8 derslikli ek bina in\u015faat\u0131n\u0131n temeli at\u0131ld\u0131&lt;\/p&gt; \" data-medium-file=\"https:\/\/i0.wp.com\/www.tvturk.com\/wp-content\/uploads\/2019\/02\/sakaryada-8-derslikli-ek-bina-insaatinin-temeli-atildi_091c5a8.jpg?fit=300%2C200\" data-large-file=\"https:\/\/i0.wp.com\/www.tvturk.com\/wp-content\/uploads\/2019\/02\/sakaryada-8-derslikli-ek-bina-insaatinin-temeli-atildi_091c5a8.jpg?fit=1000%2C666\" src=\"https:\/\/i0.wp.com\/www.tvturk.com\/wp-content\/uploads\/2019\/02\/sakaryada-8-derslikli-ek-bina-insaatinin-temeli-atildi_091c5a8.jpg?w=163&#038;h=108\" srcset=\"https:\/\/i0.wp.com\/www.tvturk.com\/wp-content\/uploads\/2019\/02\/sakaryada-8-derslikli-ek-bina-insaatinin-temeli-atildi_091c5a8.jpg?w=1000 1000w, https:\/\/i0.wp.com\/www.tvturk.com\/wp-content\/uploads\/2019\/02\/sakaryada-8-derslikli-ek-bina-insaatinin-temeli-atildi_091c5a8.jpg?resize=150%2C100 150w, https:\/\/i0.wp.com\/www.tvturk.com\/wp-content\/uploads\/2019\/02\/sakaryada-8-derslikli-ek-bina-insaatinin-temeli-atildi_091c5a8.jpg?resize=300%2C200 300w, https:\/\/i0.wp.com\/www.tvturk.com\/wp-content\/uploads\/2019\/02\/sakaryada-8-derslikli-ek-bina-insaatinin-temeli-atildi_091c5a8.jpg?resize=768%2C511 768w, https:\/\/i0.wp.com\/www.tvturk.com\/wp-content\/uploads\/2019\/02\/sakaryada-8-derslikli-ek-bina-insaatinin-temeli-atildi_091c5a8.jpg?resize=170%2C113 170w, https:\/\/i0.wp.com\/www.tvturk.com\/wp-content\/uploads\/2019\/02\/sakaryada-8-derslikli-ek-bina-insaatinin-temeli-atildi_091c5a8.jpg?resize=120%2C80 120w\" width=\"163\" height=\"108\" loading=\"lazy\" data-original-width=\"163\" data-original-height=\"108\" itemprop=\"http:\/\/schema.org\/image\" title=\"Sakarya\u2019da 8 derslikli ek bina in\u015faat\u0131n\u0131n temeli at\u0131ld\u0131\" alt=\"Sakarya\u2019da 8 derslikli ek bina in\u015faat\u0131n\u0131n temeli at\u0131ld\u0131\" style=\"width: 163px; height: 108px;\" \/> <\/a> <\/div> <\/div> <!-- close group --> <div class=\"gallery-group images-1\" style=\"width: 167px; height: 112px;\" data-original-width=\"167\" data-original-height=\"112\" > <div class=\"tiled-gallery-item tiled-gallery-item-small\" itemprop=\"associatedMedia\" itemscope itemtype=\"http:\/\/schema.org\/ImageObject\"> <a href=\"http:\/\/www.tvturk.com\/index.php\/sakaryada-8-derslikli-ek-bina-insaatinin-temeli-atildi\/sakaryada-8-derslikli-ek-bina-insaatinin-temeli-atildi-7\/\" border=\"0\" itemprop=\"url\"> <meta itemprop=\"width\" content=\"163\"> <meta itemprop=\"height\" content=\"108\"> <img decoding=\"async\" class=\"\" data-attachment-id=\"36873\" data-orig-file=\"http:\/\/www.tvturk.com\/wp-content\/uploads\/2019\/02\/sakaryada-8-derslikli-ek-bina-insaatinin-temeli-atildi_a74b50b.jpg\" data-orig-size=\"1000,666\" data-comments-opened=\"\" data-image-meta=\"{&quot;aperture&quot;:&quot;0&quot;,&quot;credit&quot;:&quot;IHA&quot;,&quot;camera&quot;:&quot;&quot;,&quot;caption&quot;:&quot;MEHTER TAKIMININ YANINA G\\u0130DEREK ONLARA E\\u015eL\\u0130K EDEN VAL\\u0130 NAY\\u0130R VE BA\\u015eKAN ADAYI Y\\u00dcCE T\\u00d6RENDE RENKL\\u0130 G\\u00d6R\\u00dcNT\\u00dcLER OLU\\u015eTURDU. (BURAK CAN TOKY\\u00dcREK\\\/SAKARYA-\\u0130HA)&quot;,&quot;created_timestamp&quot;:&quot;0&quot;,&quot;copyright&quot;:&quot;\\u0130HLAS HABER AJANSI, www.iha.com.tr&quot;,&quot;focal_length&quot;:&quot;0&quot;,&quot;iso&quot;:&quot;0&quot;,&quot;shutter_speed&quot;:&quot;0&quot;,&quot;title&quot;:&quot;SAKARYA\\u0027DA 8 DERSL\\u0130KL\\u0130 EK B\\u0130NA \\u0130N\\u015eAATININ TEMEL\\u0130 ATILDI VAL\\u0130 AHMET HAMD\\u0130 NAY\\u0130R: \\u0022G\\u00dc\\u00c7L\\u00dc OLMANIN \\u0130LK YOLU \\u0130Y\\u0130 E\\u011e\\u0130T\\u0130LM\\u0130\\u015e \\u0130NSANLARA SAH\\u0130P OLMAKTAN GE\\u00c7\\u0130YOR\\u0022&quot;,&quot;orientation&quot;:&quot;0&quot;}\" data-image-title=\"Sakarya\u2019da 8 derslikli ek bina in\u015faat\u0131n\u0131n temeli at\u0131ld\u0131\" data-image-description=\"&lt;p&gt;Sakarya\u2019da 8 derslikli ek bina in\u015faat\u0131n\u0131n temeli at\u0131ld\u0131&lt;\/p&gt; \" data-medium-file=\"https:\/\/i0.wp.com\/www.tvturk.com\/wp-content\/uploads\/2019\/02\/sakaryada-8-derslikli-ek-bina-insaatinin-temeli-atildi_a74b50b.jpg?fit=300%2C200\" data-large-file=\"https:\/\/i0.wp.com\/www.tvturk.com\/wp-content\/uploads\/2019\/02\/sakaryada-8-derslikli-ek-bina-insaatinin-temeli-atildi_a74b50b.jpg?fit=1000%2C666\" src=\"https:\/\/i0.wp.com\/www.tvturk.com\/wp-content\/uploads\/2019\/02\/sakaryada-8-derslikli-ek-bina-insaatinin-temeli-atildi_a74b50b.jpg?w=163&#038;h=108\" srcset=\"https:\/\/i0.wp.com\/www.tvturk.com\/wp-content\/uploads\/2019\/02\/sakaryada-8-derslikli-ek-bina-insaatinin-temeli-atildi_a74b50b.jpg?w=1000 1000w, https:\/\/i0.wp.com\/www.tvturk.com\/wp-content\/uploads\/2019\/02\/sakaryada-8-derslikli-ek-bina-insaatinin-temeli-atildi_a74b50b.jpg?resize=150%2C100 150w, https:\/\/i0.wp.com\/www.tvturk.com\/wp-content\/uploads\/2019\/02\/sakaryada-8-derslikli-ek-bina-insaatinin-temeli-atildi_a74b50b.jpg?resize=300%2C200 300w, https:\/\/i0.wp.com\/www.tvturk.com\/wp-content\/uploads\/2019\/02\/sakaryada-8-derslikli-ek-bina-insaatinin-temeli-atildi_a74b50b.jpg?resize=768%2C511 768w, https:\/\/i0.wp.com\/www.tvturk.com\/wp-content\/uploads\/2019\/02\/sakaryada-8-derslikli-ek-bina-insaatinin-temeli-atildi_a74b50b.jpg?resize=170%2C113 170w, https:\/\/i0.wp.com\/www.tvturk.com\/wp-content\/uploads\/2019\/02\/sakaryada-8-derslikli-ek-bina-insaatinin-temeli-atildi_a74b50b.jpg?resize=120%2C80 120w\" width=\"163\" height=\"108\" loading=\"lazy\" data-original-width=\"163\" data-original-height=\"108\" itemprop=\"http:\/\/schema.org\/image\" title=\"Sakarya\u2019da 8 derslikli ek bina in\u015faat\u0131n\u0131n temeli at\u0131ld\u0131\" alt=\"Sakarya\u2019da 8 derslikli ek bina in\u015faat\u0131n\u0131n temeli at\u0131ld\u0131\" style=\"width: 163px; height: 108px;\" \/> <\/a> <\/div> <\/div> <!-- close group --> <div class=\"gallery-group images-1\" style=\"width: 166px; height: 112px;\" data-original-width=\"166\" data-original-height=\"112\" > <div class=\"tiled-gallery-item tiled-gallery-item-small\" itemprop=\"associatedMedia\" itemscope itemtype=\"http:\/\/schema.org\/ImageObject\"> <a href=\"http:\/\/www.tvturk.com\/index.php\/sakaryada-8-derslikli-ek-bina-insaatinin-temeli-atildi\/sakaryada-8-derslikli-ek-bina-insaatinin-temeli-atildi-8\/\" border=\"0\" itemprop=\"url\"> <meta itemprop=\"width\" content=\"162\"> <meta itemprop=\"height\" content=\"108\"> <img decoding=\"async\" class=\"\" data-attachment-id=\"36874\" data-orig-file=\"http:\/\/www.tvturk.com\/wp-content\/uploads\/2019\/02\/sakaryada-8-derslikli-ek-bina-insaatinin-temeli-atildi_a7161e4.jpg\" data-orig-size=\"1000,666\" data-comments-opened=\"\" data-image-meta=\"{&quot;aperture&quot;:&quot;0&quot;,&quot;credit&quot;:&quot;IHA&quot;,&quot;camera&quot;:&quot;&quot;,&quot;caption&quot;:&quot;SAKARYA\\u0027DA HAYIRSEVER \\u0130\\u015e ADAMI HAL\\u0130T EV\\u0130N TARAFINDAN, ERENLER \\u0130MAM HAT\\u0130P L\\u0130SES\\u0130 BAH\\u00c7ES\\u0130NE YAPTIRILACAK OLAN 8 DERSL\\u0130KL\\u0130 EK B\\u0130NA \\u0130N\\u015eAATININ TEMEL\\u0130 D\\u00dcZENLENEN T\\u00d6RENLE ATILDI. (BURAK CAN TOKY\\u00dcREK\\\/SAKARYA-\\u0130HA)&quot;,&quot;created_timestamp&quot;:&quot;0&quot;,&quot;copyright&quot;:&quot;\\u0130HLAS HABER AJANSI, www.iha.com.tr&quot;,&quot;focal_length&quot;:&quot;0&quot;,&quot;iso&quot;:&quot;0&quot;,&quot;shutter_speed&quot;:&quot;0&quot;,&quot;title&quot;:&quot;SAKARYA\\u0027DA 8 DERSL\\u0130KL\\u0130 EK B\\u0130NA \\u0130N\\u015eAATININ TEMEL\\u0130 ATILDI VAL\\u0130 AHMET HAMD\\u0130 NAY\\u0130R: \\u0022G\\u00dc\\u00c7L\\u00dc OLMANIN \\u0130LK YOLU \\u0130Y\\u0130 E\\u011e\\u0130T\\u0130LM\\u0130\\u015e \\u0130NSANLARA SAH\\u0130P OLMAKTAN GE\\u00c7\\u0130YOR\\u0022&quot;,&quot;orientation&quot;:&quot;0&quot;}\" data-image-title=\"Sakarya\u2019da 8 derslikli ek bina in\u015faat\u0131n\u0131n temeli at\u0131ld\u0131\" data-image-description=\"&lt;p&gt;Sakarya\u2019da 8 derslikli ek bina in\u015faat\u0131n\u0131n temeli at\u0131ld\u0131&lt;\/p&gt; \" data-medium-file=\"https:\/\/i0.wp.com\/www.tvturk.com\/wp-content\/uploads\/2019\/02\/sakaryada-8-derslikli-ek-bina-insaatinin-temeli-atildi_a7161e4.jpg?fit=300%2C200\" data-large-file=\"https:\/\/i0.wp.com\/www.tvturk.com\/wp-content\/uploads\/2019\/02\/sakaryada-8-derslikli-ek-bina-insaatinin-temeli-atildi_a7161e4.jpg?fit=1000%2C666\" src=\"https:\/\/i0.wp.com\/www.tvturk.com\/wp-content\/uploads\/2019\/02\/sakaryada-8-derslikli-ek-bina-insaatinin-temeli-atildi_a7161e4.jpg?w=162&#038;h=108\" srcset=\"https:\/\/i0.wp.com\/www.tvturk.com\/wp-content\/uploads\/2019\/02\/sakaryada-8-derslikli-ek-bina-insaatinin-temeli-atildi_a7161e4.jpg?w=1000 1000w, https:\/\/i0.wp.com\/www.tvturk.com\/wp-content\/uploads\/2019\/02\/sakaryada-8-derslikli-ek-bina-insaatinin-temeli-atildi_a7161e4.jpg?resize=150%2C100 150w, https:\/\/i0.wp.com\/www.tvturk.com\/wp-content\/uploads\/2019\/02\/sakaryada-8-derslikli-ek-bina-insaatinin-temeli-atildi_a7161e4.jpg?resize=300%2C200 300w, https:\/\/i0.wp.com\/www.tvturk.com\/wp-content\/uploads\/2019\/02\/sakaryada-8-derslikli-ek-bina-insaatinin-temeli-atildi_a7161e4.jpg?resize=768%2C511 768w, https:\/\/i0.wp.com\/www.tvturk.com\/wp-content\/uploads\/2019\/02\/sakaryada-8-derslikli-ek-bina-insaatinin-temeli-atildi_a7161e4.jpg?resize=170%2C113 170w, https:\/\/i0.wp.com\/www.tvturk.com\/wp-content\/uploads\/2019\/02\/sakaryada-8-derslikli-ek-bina-insaatinin-temeli-atildi_a7161e4.jpg?resize=120%2C80 120w\" width=\"162\" height=\"108\" loading=\"lazy\" data-original-width=\"162\" data-original-height=\"108\" itemprop=\"http:\/\/schema.org\/image\" title=\"Sakarya\u2019da 8 derslikli ek bina in\u015faat\u0131n\u0131n temeli at\u0131ld\u0131\" alt=\"Sakarya\u2019da 8 derslikli ek bina in\u015faat\u0131n\u0131n temeli at\u0131ld\u0131\" style=\"width: 162px; height: 108px;\" \/> <\/a> <\/div> <\/div> <!-- close group --> <\/div> <!-- close row --> <\/div><\/p>\n","protected":false},"excerpt":{"rendered":"<p>SAKARYA&#8217;DA HAYIRSEVER \u0130\u015e ADAMI HAL\u0130T EV\u0130N TARAFINDAN, ERENLER \u0130MAM HAT\u0130P L\u0130SES\u0130 BAH\u00c7ES\u0130NE YAPTIRILACAK OLAN 8 DERSL\u0130KL\u0130 EK B\u0130NA \u0130N\u015eAATININ TEMEL\u0130 D\u00dcZENLENEN T\u00d6RENLE ATILDI.<\/p>\n","protected":false},"author":1,"featured_media":36868,"comment_status":"closed","ping_status":"open","sticky":false,"template":"","format":"standard","meta":{"jetpack_post_was_ever_published":false,"_jetpack_newsletter_access":"","_jetpack_dont_email_post_to_subs":false,"_jetpack_newsletter_tier_id":0,"_jetpack_memberships_contains_paywalled_content":false,"_jetpack_memberships_contains_paid_content":false,"footnotes":"","jetpack_publicize_message":"","jetpack_publicize_feature_enabled":true,"jetpack_social_post_already_shared":false,"jetpack_social_options":{"image_generator_settings":{"template":"highway","default_image_id":0,"font":"","enabled":false},"version":2}},"categories":[659],"tags":[3030,2945,13742,13743,2200,5300],"class_list":["post-36867","post","type-post","status-publish","format-standard","has-post-thumbnail","hentry","category-egitim","tag-atildi","tag-bina","tag-derslikli","tag-insaatinin","tag-sakaryada","tag-temeli"],"jetpack_publicize_connections":[],"jetpack_featured_media_url":"https:\/\/i0.wp.com\/www.tvturk.com\/wp-content\/uploads\/2019\/02\/sakaryada-8-derslikli-ek-bina-insaatinin-temeli-atildi_295a738.jpg?fit=1000%2C666","jetpack_sharing_enabled":true,"jetpack_shortlink":"https:\/\/wp.me\/paKIfm-9AD","_links":{"self":[{"href":"http:\/\/www.tvturk.com\/index.php\/wp-json\/wp\/v2\/posts\/36867","targetHints":{"allow":["GET"]}}],"collection":[{"href":"http:\/\/www.tvturk.com\/index.php\/wp-json\/wp\/v2\/posts"}],"about":[{"href":"http:\/\/www.tvturk.com\/index.php\/wp-json\/wp\/v2\/types\/post"}],"author":[{"embeddable":true,"href":"http:\/\/www.tvturk.com\/index.php\/wp-json\/wp\/v2\/users\/1"}],"replies":[{"embeddable":true,"href":"http:\/\/www.tvturk.com\/index.php\/wp-json\/wp\/v2\/comments?post=36867"}],"version-history":[{"count":1,"href":"http:\/\/www.tvturk.com\/index.php\/wp-json\/wp\/v2\/posts\/36867\/revisions"}],"predecessor-version":[{"id":36875,"href":"http:\/\/www.tvturk.com\/index.php\/wp-json\/wp\/v2\/posts\/36867\/revisions\/36875"}],"wp:featuredmedia":[{"embeddable":true,"href":"http:\/\/www.tvturk.com\/index.php\/wp-json\/wp\/v2\/media\/36868"}],"wp:attachment":[{"href":"http:\/\/www.tvturk.com\/index.php\/wp-json\/wp\/v2\/media?parent=36867"}],"wp:term":[{"taxonomy":"category","embeddable":true,"href":"http:\/\/www.tvturk.com\/index.php\/wp-json\/wp\/v2\/categories?post=36867"},{"taxonomy":"post_tag","embeddable":true,"href":"http:\/\/www.tvturk.com\/index.php\/wp-json\/wp\/v2\/tags?post=36867"}],"curies":[{"name":"wp","href":"https:\/\/api.w.org\/{rel}","templated":true}]}}