{"id":37022,"date":"2019-02-15T18:23:19","date_gmt":"2019-02-15T15:23:19","guid":{"rendered":"http:\/\/www.tvturk.com\/index.php\/sakaryada-soguk-havada-insanin-icini-isitan-goruntu\/"},"modified":"2019-02-15T18:23:37","modified_gmt":"2019-02-15T15:23:37","slug":"sakaryada-soguk-havada-insanin-icini-isitan-goruntu","status":"publish","type":"post","link":"http:\/\/www.tvturk.com\/index.php\/sakaryada-soguk-havada-insanin-icini-isitan-goruntu\/","title":{"rendered":"Sakarya\u2019da so\u011fuk havada insan\u0131n i\u00e7ini \u0131s\u0131tan g\u00f6r\u00fcnt\u00fc"},"content":{"rendered":"<p>Sakarya\u2019n\u0131n Akyaz\u0131 il\u00e7esinde so\u011fuk hava nedeniyle \u00fc\u015f\u00fcyen kediyi g\u00f6ren ve \u00fczerindeki h\u0131rkay\u0131 \u00e7\u0131kar\u0131p kedinin \u00fczerine \u00f6rterek onu seven \u00e7ocu\u011fun g\u00f6r\u00fcnt\u00fcleri takdir toplad\u0131.<\/p>\n<p>Akyaz\u0131 il\u00e7e merkezinde bir k\u0131z \u00e7ocu\u011fu kald\u0131r\u0131mda so\u011fuktan \u00fc\u015f\u00fcyen kediyi, h\u0131rkas\u0131n\u0131 \u00e7\u0131kar\u0131p sararak \u0131s\u0131tt\u0131. Kediyi h\u0131rkas\u0131na sar\u0131p so\u011fuktan koruyan k\u0131z \u00e7ocu\u011fu, kediyi bir s\u00fcre sevdi. \u00c7ocu\u011fun \u00f6rnek davran\u0131\u015f\u0131 b\u00fcy\u00fck takdir toplad\u0131.<div class=\"tiled-gallery type-rectangular tiled-gallery-unresized\" data-original-width=\"500\" data-carousel-extra='null' itemscope itemtype=\"http:\/\/schema.org\/ImageGallery\" > <div class=\"gallery-row\" style=\"width: 500px; height: 332px;\" data-original-width=\"500\" data-original-height=\"332\" > <div class=\"gallery-group images-1\" style=\"width: 250px; height: 332px;\" data-original-width=\"250\" data-original-height=\"332\" > <div class=\"tiled-gallery-item tiled-gallery-item-small\" itemprop=\"associatedMedia\" itemscope itemtype=\"http:\/\/schema.org\/ImageObject\"> <a href=\"http:\/\/www.tvturk.com\/index.php\/sakaryada-soguk-havada-insanin-icini-isitan-goruntu\/sakaryada-soguk-havada-insanin-icini-isitan-goruntu-3\/\" border=\"0\" itemprop=\"url\"> <meta itemprop=\"width\" content=\"246\"> <meta itemprop=\"height\" content=\"328\"> <img decoding=\"async\" class=\"\" data-attachment-id=\"37024\" data-orig-file=\"http:\/\/www.tvturk.com\/wp-content\/uploads\/2019\/02\/sakaryada-soguk-havada-insanin-icini-isitan-goruntu_9795004.jpg\" data-orig-size=\"750,1000\" data-comments-opened=\"\" data-image-meta=\"{&quot;aperture&quot;:&quot;0&quot;,&quot;credit&quot;:&quot;IHA&quot;,&quot;camera&quot;:&quot;&quot;,&quot;caption&quot;:&quot;SAKARYA\\u0027NIN AKYAZI \\u0130L\\u00c7ES\\u0130NDE SO\\u011eUK HAVA NEDEN\\u0130YLE \\u00dc\\u015e\\u00dcYEN KED\\u0130Y\\u0130 G\\u00d6REN VE \\u00dcZER\\u0130NDEK\\u0130 HIRKAYI \\u00c7IKARIP KED\\u0130N\\u0130N \\u00dcZER\\u0130NE \\u00d6RTEREK ONU SEVEN \\u00c7OCU\\u011eUN G\\u00d6R\\u00dcNT\\u00dcLER\\u0130 TAKD\\u0130R TOPLADI. (AL\\u0130 YILDIRIM\\\/SAKARYA-\\u0130HA)&quot;,&quot;created_timestamp&quot;:&quot;0&quot;,&quot;copyright&quot;:&quot;\\u0130HLAS HABER AJANSI, www.iha.com.tr&quot;,&quot;focal_length&quot;:&quot;0&quot;,&quot;iso&quot;:&quot;0&quot;,&quot;shutter_speed&quot;:&quot;0&quot;,&quot;title&quot;:&quot;SAKARYA\\u0027DA SO\\u011eUK HAVADA \\u0130NSANIN \\u0130\\u00c7\\u0130N\\u0130 ISITAN G\\u00d6R\\u00dcNT\\u00dc M\\u0130N\\u0130K \\u00c7OCUK HIRKASINI \\u00c7IKARIP KED\\u0130Y\\u0130 ISITTI&quot;,&quot;orientation&quot;:&quot;0&quot;}\" data-image-title=\"Sakarya\u2019da so\u011fuk havada insan\u0131n i\u00e7ini \u0131s\u0131tan g\u00f6r\u00fcnt\u00fc\" data-image-description=\"&lt;p&gt;Sakarya\u2019da so\u011fuk havada insan\u0131n i\u00e7ini \u0131s\u0131tan g\u00f6r\u00fcnt\u00fc&lt;\/p&gt; \" data-medium-file=\"https:\/\/i0.wp.com\/www.tvturk.com\/wp-content\/uploads\/2019\/02\/sakaryada-soguk-havada-insanin-icini-isitan-goruntu_9795004.jpg?fit=225%2C300\" data-large-file=\"https:\/\/i0.wp.com\/www.tvturk.com\/wp-content\/uploads\/2019\/02\/sakaryada-soguk-havada-insanin-icini-isitan-goruntu_9795004.jpg?fit=750%2C1000\" src=\"https:\/\/i0.wp.com\/www.tvturk.com\/wp-content\/uploads\/2019\/02\/sakaryada-soguk-havada-insanin-icini-isitan-goruntu_9795004.jpg?w=246&#038;h=328\" srcset=\"https:\/\/i0.wp.com\/www.tvturk.com\/wp-content\/uploads\/2019\/02\/sakaryada-soguk-havada-insanin-icini-isitan-goruntu_9795004.jpg?w=750 750w, https:\/\/i0.wp.com\/www.tvturk.com\/wp-content\/uploads\/2019\/02\/sakaryada-soguk-havada-insanin-icini-isitan-goruntu_9795004.jpg?resize=113%2C150 113w, https:\/\/i0.wp.com\/www.tvturk.com\/wp-content\/uploads\/2019\/02\/sakaryada-soguk-havada-insanin-icini-isitan-goruntu_9795004.jpg?resize=225%2C300 225w\" width=\"246\" height=\"328\" loading=\"lazy\" data-original-width=\"246\" data-original-height=\"328\" itemprop=\"http:\/\/schema.org\/image\" title=\"Sakarya\u2019da so\u011fuk havada insan\u0131n i\u00e7ini \u0131s\u0131tan g\u00f6r\u00fcnt\u00fc\" alt=\"Sakarya\u2019da so\u011fuk havada insan\u0131n i\u00e7ini \u0131s\u0131tan g\u00f6r\u00fcnt\u00fc\" style=\"width: 246px; height: 328px;\" \/> <\/a> <\/div> <\/div> <!-- close group --> <div class=\"gallery-group images-1\" style=\"width: 250px; height: 332px;\" data-original-width=\"250\" data-original-height=\"332\" > <div class=\"tiled-gallery-item tiled-gallery-item-small\" itemprop=\"associatedMedia\" itemscope itemtype=\"http:\/\/schema.org\/ImageObject\"> <a href=\"http:\/\/www.tvturk.com\/index.php\/sakaryada-soguk-havada-insanin-icini-isitan-goruntu\/sakaryada-soguk-havada-insanin-icini-isitan-goruntu-4\/\" border=\"0\" itemprop=\"url\"> <meta itemprop=\"width\" content=\"246\"> <meta itemprop=\"height\" content=\"328\"> <img decoding=\"async\" class=\"\" data-attachment-id=\"37025\" data-orig-file=\"http:\/\/www.tvturk.com\/wp-content\/uploads\/2019\/02\/sakaryada-soguk-havada-insanin-icini-isitan-goruntu_e3d38a8.jpg\" data-orig-size=\"750,1000\" data-comments-opened=\"\" data-image-meta=\"{&quot;aperture&quot;:&quot;0&quot;,&quot;credit&quot;:&quot;IHA&quot;,&quot;camera&quot;:&quot;&quot;,&quot;caption&quot;:&quot;SAKARYA\\u0027NIN AKYAZI \\u0130L\\u00c7ES\\u0130NDE SO\\u011eUK HAVA NEDEN\\u0130YLE \\u00dc\\u015e\\u00dcYEN KED\\u0130Y\\u0130 G\\u00d6REN VE \\u00dcZER\\u0130NDEK\\u0130 HIRKAYI \\u00c7IKARIP KED\\u0130N\\u0130N \\u00dcZER\\u0130NE \\u00d6RTEREK ONU SEVEN \\u00c7OCU\\u011eUN G\\u00d6R\\u00dcNT\\u00dcLER\\u0130 TAKD\\u0130R TOPLADI. (AL\\u0130 YILDIRIM\\\/SAKARYA-\\u0130HA)&quot;,&quot;created_timestamp&quot;:&quot;0&quot;,&quot;copyright&quot;:&quot;\\u0130HLAS HABER AJANSI, www.iha.com.tr&quot;,&quot;focal_length&quot;:&quot;0&quot;,&quot;iso&quot;:&quot;0&quot;,&quot;shutter_speed&quot;:&quot;0&quot;,&quot;title&quot;:&quot;SAKARYA\\u0027DA SO\\u011eUK HAVADA \\u0130NSANIN \\u0130\\u00c7\\u0130N\\u0130 ISITAN G\\u00d6R\\u00dcNT\\u00dc M\\u0130N\\u0130K \\u00c7OCUK HIRKASINI \\u00c7IKARIP KED\\u0130Y\\u0130 ISITTI&quot;,&quot;orientation&quot;:&quot;0&quot;}\" data-image-title=\"Sakarya\u2019da so\u011fuk havada insan\u0131n i\u00e7ini \u0131s\u0131tan g\u00f6r\u00fcnt\u00fc\" data-image-description=\"&lt;p&gt;Sakarya\u2019da so\u011fuk havada insan\u0131n i\u00e7ini \u0131s\u0131tan g\u00f6r\u00fcnt\u00fc&lt;\/p&gt; \" data-medium-file=\"https:\/\/i0.wp.com\/www.tvturk.com\/wp-content\/uploads\/2019\/02\/sakaryada-soguk-havada-insanin-icini-isitan-goruntu_e3d38a8.jpg?fit=225%2C300\" data-large-file=\"https:\/\/i0.wp.com\/www.tvturk.com\/wp-content\/uploads\/2019\/02\/sakaryada-soguk-havada-insanin-icini-isitan-goruntu_e3d38a8.jpg?fit=750%2C1000\" src=\"https:\/\/i0.wp.com\/www.tvturk.com\/wp-content\/uploads\/2019\/02\/sakaryada-soguk-havada-insanin-icini-isitan-goruntu_e3d38a8.jpg?w=246&#038;h=328\" srcset=\"https:\/\/i0.wp.com\/www.tvturk.com\/wp-content\/uploads\/2019\/02\/sakaryada-soguk-havada-insanin-icini-isitan-goruntu_e3d38a8.jpg?w=750 750w, https:\/\/i0.wp.com\/www.tvturk.com\/wp-content\/uploads\/2019\/02\/sakaryada-soguk-havada-insanin-icini-isitan-goruntu_e3d38a8.jpg?resize=113%2C150 113w, https:\/\/i0.wp.com\/www.tvturk.com\/wp-content\/uploads\/2019\/02\/sakaryada-soguk-havada-insanin-icini-isitan-goruntu_e3d38a8.jpg?resize=225%2C300 225w\" width=\"246\" height=\"328\" loading=\"lazy\" data-original-width=\"246\" data-original-height=\"328\" itemprop=\"http:\/\/schema.org\/image\" title=\"Sakarya\u2019da so\u011fuk havada insan\u0131n i\u00e7ini \u0131s\u0131tan g\u00f6r\u00fcnt\u00fc\" alt=\"Sakarya\u2019da so\u011fuk havada insan\u0131n i\u00e7ini \u0131s\u0131tan g\u00f6r\u00fcnt\u00fc\" style=\"width: 246px; height: 328px;\" \/> <\/a> <\/div> <\/div> <!-- close group --> <\/div> <!-- close row --> <\/div><\/p>\n","protected":false},"excerpt":{"rendered":"<p>SAKARYA&#8217;NIN AKYAZI \u0130L\u00c7ES\u0130NDE SO\u011eUK HAVA NEDEN\u0130YLE \u00dc\u015e\u00dcYEN KED\u0130Y\u0130 G\u00d6REN VE \u00dcZER\u0130NDEK\u0130 HIRKAYI \u00c7IKARIP KED\u0130N\u0130N \u00dcZER\u0130NE \u00d6RTEREK ONU SEVEN \u00c7OCU\u011eUN G\u00d6R\u00dcNT\u00dcLER\u0130 TAKD\u0130R TOPLADI.<\/p>\n","protected":false},"author":1,"featured_media":37023,"comment_status":"closed","ping_status":"open","sticky":false,"template":"","format":"standard","meta":{"jetpack_post_was_ever_published":false,"_jetpack_newsletter_access":"","_jetpack_dont_email_post_to_subs":false,"_jetpack_newsletter_tier_id":0,"_jetpack_memberships_contains_paywalled_content":false,"_jetpack_memberships_contains_paid_content":false,"footnotes":"","jetpack_publicize_message":"","jetpack_publicize_feature_enabled":true,"jetpack_social_post_already_shared":false,"jetpack_social_options":{"image_generator_settings":{"template":"highway","default_image_id":0,"font":"","enabled":false},"version":2}},"categories":[655],"tags":[1080,1505,11679,12662,13776,2200,5373],"class_list":["post-37022","post","type-post","status-publish","format-standard","has-post-thumbnail","hentry","category-son-dakika","tag-goruntu","tag-havada","tag-icini","tag-insanin","tag-isitan","tag-sakaryada","tag-soguk"],"jetpack_publicize_connections":[],"jetpack_featured_media_url":"https:\/\/i0.wp.com\/www.tvturk.com\/wp-content\/uploads\/2019\/02\/sakaryada-soguk-havada-insanin-icini-isitan-goruntu_4b34eb3.jpg?fit=750%2C1000","jetpack_sharing_enabled":true,"jetpack_shortlink":"https:\/\/wp.me\/paKIfm-9D8","_links":{"self":[{"href":"http:\/\/www.tvturk.com\/index.php\/wp-json\/wp\/v2\/posts\/37022","targetHints":{"allow":["GET"]}}],"collection":[{"href":"http:\/\/www.tvturk.com\/index.php\/wp-json\/wp\/v2\/posts"}],"about":[{"href":"http:\/\/www.tvturk.com\/index.php\/wp-json\/wp\/v2\/types\/post"}],"author":[{"embeddable":true,"href":"http:\/\/www.tvturk.com\/index.php\/wp-json\/wp\/v2\/users\/1"}],"replies":[{"embeddable":true,"href":"http:\/\/www.tvturk.com\/index.php\/wp-json\/wp\/v2\/comments?post=37022"}],"version-history":[{"count":1,"href":"http:\/\/www.tvturk.com\/index.php\/wp-json\/wp\/v2\/posts\/37022\/revisions"}],"predecessor-version":[{"id":37026,"href":"http:\/\/www.tvturk.com\/index.php\/wp-json\/wp\/v2\/posts\/37022\/revisions\/37026"}],"wp:featuredmedia":[{"embeddable":true,"href":"http:\/\/www.tvturk.com\/index.php\/wp-json\/wp\/v2\/media\/37023"}],"wp:attachment":[{"href":"http:\/\/www.tvturk.com\/index.php\/wp-json\/wp\/v2\/media?parent=37022"}],"wp:term":[{"taxonomy":"category","embeddable":true,"href":"http:\/\/www.tvturk.com\/index.php\/wp-json\/wp\/v2\/categories?post=37022"},{"taxonomy":"post_tag","embeddable":true,"href":"http:\/\/www.tvturk.com\/index.php\/wp-json\/wp\/v2\/tags?post=37022"}],"curies":[{"name":"wp","href":"https:\/\/api.w.org\/{rel}","templated":true}]}}