{"id":37215,"date":"2019-02-15T19:41:12","date_gmt":"2019-02-15T16:41:12","guid":{"rendered":"http:\/\/www.tvturk.com\/index.php\/tarim-ve-orman-bakani-bekir-pakdemirli\/"},"modified":"2019-02-15T19:41:16","modified_gmt":"2019-02-15T16:41:16","slug":"tarim-ve-orman-bakani-bekir-pakdemirli","status":"publish","type":"post","link":"http:\/\/www.tvturk.com\/index.php\/tarim-ve-orman-bakani-bekir-pakdemirli\/","title":{"rendered":"Tar\u0131m ve Orman Bakan\u0131 Bekir Pakdemirli:"},"content":{"rendered":"<p>Tar\u0131m ve orman sekt\u00f6r\u00fc temsilcileri ile Mu\u011fla\u2019da de\u011ferlendirme toplant\u0131s\u0131 yapan Tar\u0131m ve Orman Bakan\u0131 Dr. Bekir Pakdemirli, sulu tar\u0131m i\u00e7in 2,5 milyar hektar alan\u0131n tar\u0131ma a\u00e7\u0131laca\u011f\u0131n\u0131 s\u00f6ylerken, yer alt\u0131 barajlar\u0131 in\u015fa edilece\u011fini a\u00e7\u0131klad\u0131.<\/p>\n<p>Mu\u011fla\u2019n\u0131n Mente\u015fe il\u00e7esinde cuma namaz\u0131 \u00e7\u0131k\u0131\u015f\u0131 vatanda\u015flara fidan da\u011f\u0131tan Tar\u0131m ve Orman Bakan\u0131 Pakdemirli, sekt\u00f6r toplant\u0131s\u0131 i\u00e7in Mu\u011fla S\u0131tk\u0131 Ko\u00e7man \u00dcniversitesine ge\u00e7ti. \u00dcniversite AKM salonunda Mu\u011fla Orman B\u00f6lge M\u00fcd\u00fcrl\u00fc\u011f\u00fc\u2019n\u00fcn foto\u011fraf ve orman \u00fcr\u00fcnleri sergisini gezen Bakan Pakdemirli, sekt\u00f6r temsilcilerine bakanl\u0131\u011f\u0131n\u0131n \u00e7al\u0131\u015fmalar\u0131 hakk\u0131nda bilgi verdi.<\/p>\n<p>\u201cT\u00fcrkiye AB\u2019de tar\u0131msal has\u0131lada birinci \u00fclke\u201d<\/p>\n<p>Mu\u011fla S\u0131tk\u0131 Ko\u00e7man \u00dcniversitesi Atat\u00fcrk K\u00fclt\u00fcr Merkezi 15 Temmuz \u015eehitler Salonunda tar\u0131m ve orman sekt\u00f6r\u00fcn\u00fcn temsilcilerine bakanl\u0131\u011f\u0131n\u0131n \u00e7al\u0131\u015fmalar\u0131 hakk\u0131nda bilgi veren Bakan Pakdemirli, \u201cTar\u0131m \u00e7ok konu\u015fulan, \u00e7ok da spek\u00fcle edilen bir konu. Ne yaz\u0131k ki her g\u00fcn herkesin a\u011fz\u0131nda tar\u0131m ile ilgili kelimeler s\u00f6zc\u00fckler. Bilen bilmeyen herkes konu\u015fuyor. Ama T\u00fcrkiye\u2019nin bug\u00fcnk\u00fc halini bilmezsek, yar\u0131n nereye gidece\u011fimiz konusunda da bir y\u00f6n \u00e7izemeyiz. T\u00fcrkiye bug\u00fcn Avrupa\u2019da  tar\u0131msal has\u0131lada birinci \u00fclkedir. D\u00fcnyada da 7\u2019nci \u00fclkedir. Toprak kaynaklar\u0131 a\u00e7\u0131s\u0131ndan da 17\u2019nci \u00fclke olmas\u0131na ra\u011fmen, yani sizler, burada ba\u015far\u0131y\u0131 ben kendi \u00fcst\u00fcme alm\u0131yorum, sizler topraklar\u0131n\u0131z\u0131, kaynaklar\u0131n\u0131z\u0131, tar\u0131msal kaynaklar\u0131n\u0131z\u0131, hayvanc\u0131l\u0131k kaynaklar\u0131n\u0131z\u0131 \u00e7ok iyi de\u011ferlendirdi\u011finiz i\u00e7in bu ba\u015far\u0131 var. Bu ba\u015far\u0131n\u0131n as\u0131l sahibi sizlersiniz&#8221; dedi.<\/p>\n<p>\u201cT\u00fcrkiye k\u00fc\u00e7\u00fckba\u015f hayvan varl\u0131\u011f\u0131nda AB birincisi\u201d<\/p>\n<p>T\u00fcrkiye\u2019nin k\u00fc\u00e7\u00fckba\u015f havyan varl\u0131\u011f\u0131nda Avrupa\u2019da birinci s\u0131rada, s\u00fct s\u0131\u011f\u0131r\u0131 varl\u0131\u011f\u0131nda birinci s\u0131rada, b\u00fcy\u00fckba\u015f hayvan varl\u0131\u011f\u0131nda da Fransa\u2019dan sonra ikinci s\u0131rada oldu\u011funu aktaran Pakdemirli, &#8220;\u0130n\u015fallah 2022 y\u0131l\u0131 itibari ile alm\u0131\u015f oldu\u011fumuz tedbirler ve yapm\u0131\u015f oldu\u011fumuz i\u015f plan\u0131 ile 2022 y\u0131l\u0131nda tekrar hayvan ihra\u00e7 eden \u00fclke s\u0131n\u0131f\u0131na mutlaka girece\u011fiz. Ama b\u00fcy\u00fckba\u015f adedimizde y\u00fczde 74 art\u0131\u015fla 10 milyondan 17 milyona gelmi\u015fiz, k\u00fc\u00e7\u00fckba\u015f 32 milyondan 46 milyona, kanatl\u0131da 250 milyondan 350 milyona gelmi\u015f y\u00fczde 38 art\u0131\u015fla. Et \u00fcretimimiz 420 bin tondan 1.1 milyona s\u00fct \u00fcretimimiz 8.4 milyon tondan 22.1 milyon tona, tavuk \u00fcretimimiz 700 bin tondan 2.1 milyon tona, yumurta \u00fcretimimiz 11 milyardan 20 milyar adede, bal \u00fcretimimiz de 70 bin tondan 110 bin tona gelmi\u015f&#8221; diye konu\u015ftu.<\/p>\n<p>\u201cSu \u00fcr\u00fcnleri 2023 hedefi \u015fimdiden tuttu\u201d<\/p>\n<p>&#8220;Su \u00fcr\u00fcnleri yeti\u015ftiricili\u011finde T\u00fcrkiye\u2019nin d\u00fcnyada en h\u0131zl\u0131 b\u00fcy\u00fcyen \u00fc\u00e7\u00fcnc\u00fc \u00fclke ve AB\u2019de yedinci s\u0131radan ikinci s\u0131raya y\u00fckseldik&#8221; diyen Pakdemirli, &#8220;2017 y\u0131l\u0131nda 276 bin ton olan \u00fcretimimizi 2023\u2019de 600 bin tona \u00e7\u0131karmay\u0131 hedefliyoruz. Bu hedef Mu\u011fla i\u00e7in de \u00e7ok \u00f6nemli. \u00c7\u00fcnk\u00fc Mu\u011fla\u2019da su \u00fcr\u00fcnleri yeti\u015ftiricili\u011finde \u00e7ok \u00f6nemli bir kentimiz. \u015eu an 2013 hedefimiz olan 1 milyar dolar olan hedefimizi tutturduk&#8221; \u015feklinde konu\u015ftu.<\/p>\n<p>\u201cOrman varl\u0131\u011f\u0131m\u0131z 2023\u2019de \u00fclke topra\u011f\u0131n\u0131n y\u00fczde 30\u2019u olacak\u201d<\/p>\n<p>Pakdemirli, \u015f\u00f6yle devam etti: &#8220;Orman varl\u0131\u011f\u0131n\u0131 artt\u0131ran nadir \u00fclkelerden birisiyiz. Orman varl\u0131\u011f\u0131m\u0131z 1,5 milyon hektar artm\u0131\u015f. Toplam arazilerin y\u00fczde 30\u2019u olmas\u0131 konusunda 2023\u2019de bir hedefimiz var. \u015eu anda y\u00fczde 28\u2019deyiz. \u0130ktidar\u0131 ald\u0131\u011f\u0131m\u0131z 2002 y\u0131l\u0131nda y\u00fczde 22 idi. Yani T\u00fcrkiye\u2019nin toplam alan\u0131n\u0131n y\u00fczde 22\u2019si orman iken, \u015fimdi y\u00fczde 30\u2019una do\u011fru ko\u015fuyoruz. Tar\u0131m ile ne alakas\u0131 var diyeceksiniz. Orman ve a\u011fa\u00e7 varl\u0131\u011f\u0131 \u00e7ok \u00f6nemli. A\u011fa\u00e7 olmazsa ya\u011f\u0131\u015f olmuyor, ya\u011f\u0131\u015f olmazsa su olmuyor, su olmazsa tar\u0131m olmuyor. Tar\u0131m ve orman alanlar\u0131n\u0131n birlikte planlanmas\u0131, yeni d\u00f6nemde, bakanl\u0131\u011f\u0131n birle\u015fmesinden do\u011fan sinerjide orman alanlar\u0131nda tar\u0131m, tar\u0131m alanlar\u0131nda hayvanc\u0131l\u0131k yapman\u0131n yollar\u0131n\u0131 mutlaka aramam\u0131z laz\u0131m. Bu konuda da gerekli ad\u0131mlar\u0131 att\u0131k. Otlatmaya a\u015ft\u0131\u011f\u0131m\u0131z orman alanlar\u0131n\u0131n say\u0131s\u0131 g\u00fcn be g\u00fcn art\u0131yor, \u015eu anda y\u00fczde 55 civar\u0131na geldik.&#8221;<\/p>\n<p>\u201cErozyon ile m\u00fccadelede d\u00fcnya birincisiyiz\u201d<\/p>\n<p>&#8220;Erozyon ile m\u00fccadelede d\u00fcnya lideriyiz. 70\u2019li y\u0131llarda y\u0131lda 500 milyon ton\/y\u0131l kaybediyorduk. 2017 y\u0131l\u0131nda 154 milyon tona, 2023 hedefimiz de 130 milyon ton. Yani d\u00fcnyada birinci olmam\u0131z\u0131 kendimizde ba\u015far\u0131 olarak kabul etmeyip daha agresif bir hedefle biz erozyon ile m\u00fccadelede daha iyi noktaya gelece\u011fiz diye ciddi bir \u00e7\u0131ta koymu\u015fuz&#8221; ifadelerini kullanan Pakdemirli, \u015funlar\u0131 kaydetti:<\/p>\n<p>&#8220;Sulu tar\u0131m ile susuz tar\u0131m\u0131n bereketi aras\u0131ndaki fark\u0131 siz hepiniz benden daha iyi biliyorsunuz. O y\u00fczden T\u00fcrkiye\u2019nin \u00f6n\u00fcnde daha 2,5 milyon hektar sulamaya a\u00e7\u0131lacak alan var. Bu alanlar\u0131 da sulamaya a\u00e7t\u0131ktan sonra da T\u00fcrkiye ekonomisine y\u0131ll\u0131k senede 15 milyar liraya yak\u0131n katma de\u011fer sa\u011flayacak projeler bunlar. Bunlar\u0131 da m\u00fcmk\u00fcn mertebe b\u00fct\u00e7e imkanlar\u0131m\u0131z yetti\u011fi takdirde en h\u0131zl\u0131 bir \u015fekilde 2023 y\u0131l\u0131na kadar bitirmeyi hedefliyoruz.&#8221;<\/p>\n<p>Yer alt\u0131 barajlar\u0131<\/p>\n<p>Barajlar konusunda yeni bir defter a\u00e7t\u0131klar\u0131n\u0131 ifade eden Bakan Pakdemirli, \u201cYeni defter yer alt\u0131 barajlar\u0131. DS\u0130\u2019nin de bilgisi dahilinde ama \u00e7ok yapmad\u0131\u011f\u0131 konulard\u0131r. \u00d6zellikle Ege\u2018de de yer alt\u0131 barajlar\u0131 ile ilgili tahmin ediyorum Mu\u011fla\u2019da da olacakt\u0131r. Birka\u00e7 tane yer alt\u0131 baraj\u0131 ile yani ya\u011fan ya\u011fmuru yerin alt\u0131nda tutup, yer alt\u0131 su kaynaklar\u0131n\u0131, yer alt\u0131 haznelerde kullanarak hem yaz\u0131n buharla\u015fmay\u0131 \u00f6nlemek, hem \u00c7ED\u2019den (\u00c7evre Etki De\u011ferlendirme), k\u00f6ylerine tekrar yerle\u015fmesinden ve yollar\u0131n tekrar de\u011fi\u015ftirilmesinden, tabiat\u0131n tekrar de\u011fi\u015ftirilmesinden bizi kurtaracak \u00e7ok ufak yat\u0131r\u0131mlarla yap\u0131labilecek su rezervlerimiz var, su potansiyelimiz var. Bunlar\u0131 da \u00f6n\u00fcm\u00fczdeki y\u0131llarda kullan\u0131yor olaca\u011f\u0131z\u201d dedi.<div class=\"tiled-gallery type-rectangular tiled-gallery-unresized\" data-original-width=\"500\" data-carousel-extra='null' itemscope itemtype=\"http:\/\/schema.org\/ImageGallery\" > <div class=\"gallery-row\" style=\"width: 500px; height: 276px;\" data-original-width=\"500\" data-original-height=\"276\" > <div class=\"gallery-group images-1\" style=\"width: 293px; height: 276px;\" data-original-width=\"293\" data-original-height=\"276\" > <div class=\"tiled-gallery-item tiled-gallery-item-large\" itemprop=\"associatedMedia\" itemscope itemtype=\"http:\/\/schema.org\/ImageObject\"> <a href=\"http:\/\/www.tvturk.com\/index.php\/tarim-ve-orman-bakani-bekir-pakdemirli\/tarim-ve-orman-bakani-bekir-pakdemirli-3\/\" border=\"0\" itemprop=\"url\"> <meta itemprop=\"width\" content=\"289\"> <meta itemprop=\"height\" content=\"272\"> <img decoding=\"async\" class=\"\" data-attachment-id=\"37217\" data-orig-file=\"http:\/\/www.tvturk.com\/wp-content\/uploads\/2019\/02\/tarim-ve-orman-bakani-bekir-pakdemirli_768ca46.jpg\" data-orig-size=\"1000,941\" data-comments-opened=\"\" data-image-meta=\"{&quot;aperture&quot;:&quot;0&quot;,&quot;credit&quot;:&quot;IHA&quot;,&quot;camera&quot;:&quot;&quot;,&quot;caption&quot;:&quot;TARIM VE ORMAN SEKT\\u00d6R\\u00dc TEMS\\u0130LC\\u0130LER\\u0130 \\u0130LE MU\\u011eLA\\u2019DA DE\\u011eERLEND\\u0130RME TOPLANTISI YAPAN TARIM VE ORMAN BAKANI DR. BEK\\u0130R PAKDEM\\u0130RL\\u0130, SULU TARIM \\u0130\\u00c7\\u0130N 2,5 M\\u0130LYAR HEKTAR ALANIN TARIMA A\\u00c7ILACA\\u011eINI S\\u00d6YLERKEN, YER ALTI BARAJLARI \\u0130N\\u015eA ED\\u0130LECE\\u011e\\u0130N\\u0130 A\\u00c7IKLADI. (BEK\\u0130R TOSUN\\\/MU\\u011eLA-\\u0130HA)&quot;,&quot;created_timestamp&quot;:&quot;0&quot;,&quot;copyright&quot;:&quot;\\u0130HLAS HABER AJANSI, www.iha.com.tr&quot;,&quot;focal_length&quot;:&quot;0&quot;,&quot;iso&quot;:&quot;0&quot;,&quot;shutter_speed&quot;:&quot;0&quot;,&quot;title&quot;:&quot;TARIM VE ORMAN BAKANI BEK\\u0130R PAKDEM\\u0130RL\\u0130: \\u0022YER ALTI BARAJLARI YAPILACAK\\u0022 \\u0022SU \\u00dcR\\u00dcNLER\\u0130NDE 2023 HEDEF\\u0130M\\u0130Z \\u015e\\u0130MD\\u0130DEN TUTTU\\u0022 \\u00222,5 M\\u0130LYON HEKTAR SULU TARIMA A\\u00c7ILACAK\\u0022&quot;,&quot;orientation&quot;:&quot;0&quot;}\" data-image-title=\"Tar\u0131m ve Orman Bakan\u0131 Bekir Pakdemirli:\" data-image-description=\"&lt;p&gt;Tar\u0131m ve Orman Bakan\u0131 Bekir Pakdemirli:&lt;\/p&gt; \" data-medium-file=\"https:\/\/i0.wp.com\/www.tvturk.com\/wp-content\/uploads\/2019\/02\/tarim-ve-orman-bakani-bekir-pakdemirli_768ca46.jpg?fit=300%2C282\" data-large-file=\"https:\/\/i0.wp.com\/www.tvturk.com\/wp-content\/uploads\/2019\/02\/tarim-ve-orman-bakani-bekir-pakdemirli_768ca46.jpg?fit=1000%2C941\" src=\"https:\/\/i0.wp.com\/www.tvturk.com\/wp-content\/uploads\/2019\/02\/tarim-ve-orman-bakani-bekir-pakdemirli_768ca46.jpg?w=289&#038;h=272\" srcset=\"https:\/\/i0.wp.com\/www.tvturk.com\/wp-content\/uploads\/2019\/02\/tarim-ve-orman-bakani-bekir-pakdemirli_768ca46.jpg?w=1000 1000w, https:\/\/i0.wp.com\/www.tvturk.com\/wp-content\/uploads\/2019\/02\/tarim-ve-orman-bakani-bekir-pakdemirli_768ca46.jpg?resize=150%2C141 150w, https:\/\/i0.wp.com\/www.tvturk.com\/wp-content\/uploads\/2019\/02\/tarim-ve-orman-bakani-bekir-pakdemirli_768ca46.jpg?resize=300%2C282 300w, https:\/\/i0.wp.com\/www.tvturk.com\/wp-content\/uploads\/2019\/02\/tarim-ve-orman-bakani-bekir-pakdemirli_768ca46.jpg?resize=768%2C723 768w\" width=\"289\" height=\"272\" loading=\"lazy\" data-original-width=\"289\" data-original-height=\"272\" itemprop=\"http:\/\/schema.org\/image\" title=\"Tar\u0131m ve Orman Bakan\u0131 Bekir Pakdemirli:\" alt=\"Tar\u0131m ve Orman Bakan\u0131 Bekir Pakdemirli:\" style=\"width: 289px; height: 272px;\" \/> <\/a> <\/div> <\/div> <!-- close group --> <div class=\"gallery-group images-2\" style=\"width: 207px; height: 276px;\" data-original-width=\"207\" data-original-height=\"276\" > <div class=\"tiled-gallery-item tiled-gallery-item-small\" itemprop=\"associatedMedia\" itemscope itemtype=\"http:\/\/schema.org\/ImageObject\"> <a href=\"http:\/\/www.tvturk.com\/index.php\/tarim-ve-orman-bakani-bekir-pakdemirli\/tarim-ve-orman-bakani-bekir-pakdemirli-4\/\" border=\"0\" itemprop=\"url\"> <meta itemprop=\"width\" content=\"203\"> <meta itemprop=\"height\" content=\"135\"> <img decoding=\"async\" class=\"\" data-attachment-id=\"37218\" data-orig-file=\"http:\/\/www.tvturk.com\/wp-content\/uploads\/2019\/02\/tarim-ve-orman-bakani-bekir-pakdemirli_12e4a03.jpg\" data-orig-size=\"1000,666\" data-comments-opened=\"\" data-image-meta=\"{&quot;aperture&quot;:&quot;0&quot;,&quot;credit&quot;:&quot;IHA&quot;,&quot;camera&quot;:&quot;&quot;,&quot;caption&quot;:&quot;MU\\u011eLA\\u2019NIN MENTE\\u015eE \\u0130L\\u00c7ES\\u0130NDE CUMA NAMAZI \\u00c7IKI\\u015eI VATANDA\\u015eLARA F\\u0130DAN DA\\u011eITAN TARIM VE ORMAN BAKANI PAKDEM\\u0130RL\\u0130, SEKT\\u00d6R TOPLANTISI \\u0130\\u00c7\\u0130N MU\\u011eLA SITKI KO\\u00c7MAN \\u00dcN\\u0130VERS\\u0130TES\\u0130NE GE\\u00c7T\\u0130. \\u00dcN\\u0130VERS\\u0130TE AKM SALONUNDA MU\\u011eLA ORMAN B\\u00d6LGE M\\u00dcD\\u00dcRL\\u00dc\\u011e\\u00dc\\u2019N\\u00dcN FOTO\\u011eRAF VE ORMAN \\u00dcR\\u00dcNLER\\u0130 SERG\\u0130S\\u0130N\\u0130 GEZEN BAKAN PAKDEM\\u0130RL\\u0130, SEKT\\u00d6R TEMS\\u0130LC\\u0130LER\\u0130NE BAKANLI\\u011eININ \\u00c7ALI\\u015eMALARI HAKKINDA B\\u0130LG\\u0130 VERD\\u0130. (BEK\\u0130R TOSUN\\\/MU\\u011eLA-\\u0130HA)&quot;,&quot;created_timestamp&quot;:&quot;0&quot;,&quot;copyright&quot;:&quot;\\u0130HLAS HABER AJANSI, www.iha.com.tr&quot;,&quot;focal_length&quot;:&quot;0&quot;,&quot;iso&quot;:&quot;0&quot;,&quot;shutter_speed&quot;:&quot;0&quot;,&quot;title&quot;:&quot;TARIM VE ORMAN BAKANI BEK\\u0130R PAKDEM\\u0130RL\\u0130: \\u0022YER ALTI BARAJLARI YAPILACAK\\u0022 \\u0022SU \\u00dcR\\u00dcNLER\\u0130NDE 2023 HEDEF\\u0130M\\u0130Z \\u015e\\u0130MD\\u0130DEN TUTTU\\u0022 \\u00222,5 M\\u0130LYON HEKTAR SULU TARIMA A\\u00c7ILACAK\\u0022&quot;,&quot;orientation&quot;:&quot;0&quot;}\" data-image-title=\"Tar\u0131m ve Orman Bakan\u0131 Bekir Pakdemirli:\" data-image-description=\"&lt;p&gt;Tar\u0131m ve Orman Bakan\u0131 Bekir Pakdemirli:&lt;\/p&gt; \" data-medium-file=\"https:\/\/i0.wp.com\/www.tvturk.com\/wp-content\/uploads\/2019\/02\/tarim-ve-orman-bakani-bekir-pakdemirli_12e4a03.jpg?fit=300%2C200\" data-large-file=\"https:\/\/i0.wp.com\/www.tvturk.com\/wp-content\/uploads\/2019\/02\/tarim-ve-orman-bakani-bekir-pakdemirli_12e4a03.jpg?fit=1000%2C666\" src=\"https:\/\/i0.wp.com\/www.tvturk.com\/wp-content\/uploads\/2019\/02\/tarim-ve-orman-bakani-bekir-pakdemirli_12e4a03.jpg?w=203&#038;h=135\" srcset=\"https:\/\/i0.wp.com\/www.tvturk.com\/wp-content\/uploads\/2019\/02\/tarim-ve-orman-bakani-bekir-pakdemirli_12e4a03.jpg?w=1000 1000w, https:\/\/i0.wp.com\/www.tvturk.com\/wp-content\/uploads\/2019\/02\/tarim-ve-orman-bakani-bekir-pakdemirli_12e4a03.jpg?resize=150%2C100 150w, https:\/\/i0.wp.com\/www.tvturk.com\/wp-content\/uploads\/2019\/02\/tarim-ve-orman-bakani-bekir-pakdemirli_12e4a03.jpg?resize=300%2C200 300w, https:\/\/i0.wp.com\/www.tvturk.com\/wp-content\/uploads\/2019\/02\/tarim-ve-orman-bakani-bekir-pakdemirli_12e4a03.jpg?resize=768%2C511 768w, https:\/\/i0.wp.com\/www.tvturk.com\/wp-content\/uploads\/2019\/02\/tarim-ve-orman-bakani-bekir-pakdemirli_12e4a03.jpg?resize=170%2C113 170w, https:\/\/i0.wp.com\/www.tvturk.com\/wp-content\/uploads\/2019\/02\/tarim-ve-orman-bakani-bekir-pakdemirli_12e4a03.jpg?resize=120%2C80 120w\" width=\"203\" height=\"135\" loading=\"lazy\" data-original-width=\"203\" data-original-height=\"135\" itemprop=\"http:\/\/schema.org\/image\" title=\"Tar\u0131m ve Orman Bakan\u0131 Bekir Pakdemirli:\" alt=\"Tar\u0131m ve Orman Bakan\u0131 Bekir Pakdemirli:\" style=\"width: 203px; height: 135px;\" \/> <\/a> <\/div> <div class=\"tiled-gallery-item tiled-gallery-item-small\" itemprop=\"associatedMedia\" itemscope itemtype=\"http:\/\/schema.org\/ImageObject\"> <a href=\"http:\/\/www.tvturk.com\/index.php\/tarim-ve-orman-bakani-bekir-pakdemirli\/tarim-ve-orman-bakani-bekir-pakdemirli-5\/\" border=\"0\" itemprop=\"url\"> <meta itemprop=\"width\" content=\"203\"> <meta itemprop=\"height\" content=\"133\"> <img decoding=\"async\" class=\"\" data-attachment-id=\"37219\" data-orig-file=\"http:\/\/www.tvturk.com\/wp-content\/uploads\/2019\/02\/tarim-ve-orman-bakani-bekir-pakdemirli_499c1c8.jpg\" data-orig-size=\"1000,654\" data-comments-opened=\"\" data-image-meta=\"{&quot;aperture&quot;:&quot;0&quot;,&quot;credit&quot;:&quot;IHA&quot;,&quot;camera&quot;:&quot;&quot;,&quot;caption&quot;:&quot;MU\\u011eLA\\u2019NIN MENTE\\u015eE \\u0130L\\u00c7ES\\u0130NDE CUMA NAMAZI \\u00c7IKI\\u015eI VATANDA\\u015eLARA F\\u0130DAN DA\\u011eITAN TARIM VE ORMAN BAKANI PAKDEM\\u0130RL\\u0130, SEKT\\u00d6R TOPLANTISI \\u0130\\u00c7\\u0130N MU\\u011eLA SITKI KO\\u00c7MAN \\u00dcN\\u0130VERS\\u0130TES\\u0130NE GE\\u00c7T\\u0130. \\u00dcN\\u0130VERS\\u0130TE AKM SALONUNDA MU\\u011eLA ORMAN B\\u00d6LGE M\\u00dcD\\u00dcRL\\u00dc\\u011e\\u00dc\\u2019N\\u00dcN FOTO\\u011eRAF VE ORMAN \\u00dcR\\u00dcNLER\\u0130 SERG\\u0130S\\u0130N\\u0130 GEZEN BAKAN PAKDEM\\u0130RL\\u0130, SEKT\\u00d6R TEMS\\u0130LC\\u0130LER\\u0130NE BAKANLI\\u011eININ \\u00c7ALI\\u015eMALARI HAKKINDA B\\u0130LG\\u0130 VERD\\u0130. (BEK\\u0130R TOSUN\\\/MU\\u011eLA-\\u0130HA)&quot;,&quot;created_timestamp&quot;:&quot;0&quot;,&quot;copyright&quot;:&quot;\\u0130HLAS HABER AJANSI, www.iha.com.tr&quot;,&quot;focal_length&quot;:&quot;0&quot;,&quot;iso&quot;:&quot;0&quot;,&quot;shutter_speed&quot;:&quot;0&quot;,&quot;title&quot;:&quot;TARIM VE ORMAN BAKANI BEK\\u0130R PAKDEM\\u0130RL\\u0130: \\u0022YER ALTI BARAJLARI YAPILACAK\\u0022 \\u0022SU \\u00dcR\\u00dcNLER\\u0130NDE 2023 HEDEF\\u0130M\\u0130Z \\u015e\\u0130MD\\u0130DEN TUTTU\\u0022 \\u00222,5 M\\u0130LYON HEKTAR SULU TARIMA A\\u00c7ILACAK\\u0022&quot;,&quot;orientation&quot;:&quot;0&quot;}\" data-image-title=\"Tar\u0131m ve Orman Bakan\u0131 Bekir Pakdemirli:\" data-image-description=\"&lt;p&gt;Tar\u0131m ve Orman Bakan\u0131 Bekir Pakdemirli:&lt;\/p&gt; \" data-medium-file=\"https:\/\/i0.wp.com\/www.tvturk.com\/wp-content\/uploads\/2019\/02\/tarim-ve-orman-bakani-bekir-pakdemirli_499c1c8.jpg?fit=300%2C196\" data-large-file=\"https:\/\/i0.wp.com\/www.tvturk.com\/wp-content\/uploads\/2019\/02\/tarim-ve-orman-bakani-bekir-pakdemirli_499c1c8.jpg?fit=1000%2C654\" src=\"https:\/\/i0.wp.com\/www.tvturk.com\/wp-content\/uploads\/2019\/02\/tarim-ve-orman-bakani-bekir-pakdemirli_499c1c8.jpg?w=203&#038;h=133\" srcset=\"https:\/\/i0.wp.com\/www.tvturk.com\/wp-content\/uploads\/2019\/02\/tarim-ve-orman-bakani-bekir-pakdemirli_499c1c8.jpg?w=1000 1000w, https:\/\/i0.wp.com\/www.tvturk.com\/wp-content\/uploads\/2019\/02\/tarim-ve-orman-bakani-bekir-pakdemirli_499c1c8.jpg?resize=150%2C98 150w, https:\/\/i0.wp.com\/www.tvturk.com\/wp-content\/uploads\/2019\/02\/tarim-ve-orman-bakani-bekir-pakdemirli_499c1c8.jpg?resize=300%2C196 300w, https:\/\/i0.wp.com\/www.tvturk.com\/wp-content\/uploads\/2019\/02\/tarim-ve-orman-bakani-bekir-pakdemirli_499c1c8.jpg?resize=768%2C502 768w, https:\/\/i0.wp.com\/www.tvturk.com\/wp-content\/uploads\/2019\/02\/tarim-ve-orman-bakani-bekir-pakdemirli_499c1c8.jpg?resize=120%2C80 120w\" width=\"203\" height=\"133\" loading=\"lazy\" data-original-width=\"203\" data-original-height=\"133\" itemprop=\"http:\/\/schema.org\/image\" title=\"Tar\u0131m ve Orman Bakan\u0131 Bekir Pakdemirli:\" alt=\"Tar\u0131m ve Orman Bakan\u0131 Bekir Pakdemirli:\" style=\"width: 203px; height: 133px;\" \/> <\/a> <\/div> <\/div> <!-- close group --> <\/div> <!-- close row --> <div class=\"gallery-row\" style=\"width: 500px; height: 358px;\" data-original-width=\"500\" data-original-height=\"358\" > <div class=\"gallery-group images-1\" style=\"width: 500px; height: 358px;\" data-original-width=\"500\" data-original-height=\"358\" > <div class=\"tiled-gallery-item tiled-gallery-item-large\" itemprop=\"associatedMedia\" itemscope itemtype=\"http:\/\/schema.org\/ImageObject\"> <a href=\"http:\/\/www.tvturk.com\/index.php\/tarim-ve-orman-bakani-bekir-pakdemirli\/tarim-ve-orman-bakani-bekir-pakdemirli-6\/\" border=\"0\" itemprop=\"url\"> <meta itemprop=\"width\" content=\"496\"> <meta itemprop=\"height\" content=\"354\"> <img decoding=\"async\" class=\"\" data-attachment-id=\"37220\" data-orig-file=\"http:\/\/www.tvturk.com\/wp-content\/uploads\/2019\/02\/tarim-ve-orman-bakani-bekir-pakdemirli_cf0d2f7.jpg\" data-orig-size=\"1000,713\" data-comments-opened=\"\" data-image-meta=\"{&quot;aperture&quot;:&quot;0&quot;,&quot;credit&quot;:&quot;IHA&quot;,&quot;camera&quot;:&quot;&quot;,&quot;caption&quot;:&quot;MU\\u011eLA\\u2019NIN MENTE\\u015eE \\u0130L\\u00c7ES\\u0130NDE CUMA NAMAZI \\u00c7IKI\\u015eI VATANDA\\u015eLARA F\\u0130DAN DA\\u011eITAN TARIM VE ORMAN BAKANI PAKDEM\\u0130RL\\u0130, SEKT\\u00d6R TOPLANTISI \\u0130\\u00c7\\u0130N MU\\u011eLA SITKI KO\\u00c7MAN \\u00dcN\\u0130VERS\\u0130TES\\u0130NE GE\\u00c7T\\u0130. \\u00dcN\\u0130VERS\\u0130TE AKM SALONUNDA MU\\u011eLA ORMAN B\\u00d6LGE M\\u00dcD\\u00dcRL\\u00dc\\u011e\\u00dc\\u2019N\\u00dcN FOTO\\u011eRAF VE ORMAN \\u00dcR\\u00dcNLER\\u0130 SERG\\u0130S\\u0130N\\u0130 GEZEN BAKAN PAKDEM\\u0130RL\\u0130, SEKT\\u00d6R TEMS\\u0130LC\\u0130LER\\u0130NE BAKANLI\\u011eININ \\u00c7ALI\\u015eMALARI HAKKINDA B\\u0130LG\\u0130 VERD\\u0130. (BEK\\u0130R TOSUN\\\/MU\\u011eLA-\\u0130HA)&quot;,&quot;created_timestamp&quot;:&quot;0&quot;,&quot;copyright&quot;:&quot;\\u0130HLAS HABER AJANSI, www.iha.com.tr&quot;,&quot;focal_length&quot;:&quot;0&quot;,&quot;iso&quot;:&quot;0&quot;,&quot;shutter_speed&quot;:&quot;0&quot;,&quot;title&quot;:&quot;TARIM VE ORMAN BAKANI BEK\\u0130R PAKDEM\\u0130RL\\u0130: \\u0022YER ALTI BARAJLARI YAPILACAK\\u0022 \\u0022SU \\u00dcR\\u00dcNLER\\u0130NDE 2023 HEDEF\\u0130M\\u0130Z \\u015e\\u0130MD\\u0130DEN TUTTU\\u0022 \\u00222,5 M\\u0130LYON HEKTAR SULU TARIMA A\\u00c7ILACAK\\u0022&quot;,&quot;orientation&quot;:&quot;0&quot;}\" data-image-title=\"Tar\u0131m ve Orman Bakan\u0131 Bekir Pakdemirli:\" data-image-description=\"&lt;p&gt;Tar\u0131m ve Orman Bakan\u0131 Bekir Pakdemirli:&lt;\/p&gt; \" data-medium-file=\"https:\/\/i0.wp.com\/www.tvturk.com\/wp-content\/uploads\/2019\/02\/tarim-ve-orman-bakani-bekir-pakdemirli_cf0d2f7.jpg?fit=300%2C214\" data-large-file=\"https:\/\/i0.wp.com\/www.tvturk.com\/wp-content\/uploads\/2019\/02\/tarim-ve-orman-bakani-bekir-pakdemirli_cf0d2f7.jpg?fit=1000%2C713\" src=\"https:\/\/i0.wp.com\/www.tvturk.com\/wp-content\/uploads\/2019\/02\/tarim-ve-orman-bakani-bekir-pakdemirli_cf0d2f7.jpg?w=496&#038;h=354\" srcset=\"https:\/\/i0.wp.com\/www.tvturk.com\/wp-content\/uploads\/2019\/02\/tarim-ve-orman-bakani-bekir-pakdemirli_cf0d2f7.jpg?w=1000 1000w, https:\/\/i0.wp.com\/www.tvturk.com\/wp-content\/uploads\/2019\/02\/tarim-ve-orman-bakani-bekir-pakdemirli_cf0d2f7.jpg?resize=150%2C107 150w, https:\/\/i0.wp.com\/www.tvturk.com\/wp-content\/uploads\/2019\/02\/tarim-ve-orman-bakani-bekir-pakdemirli_cf0d2f7.jpg?resize=300%2C214 300w, https:\/\/i0.wp.com\/www.tvturk.com\/wp-content\/uploads\/2019\/02\/tarim-ve-orman-bakani-bekir-pakdemirli_cf0d2f7.jpg?resize=768%2C548 768w\" width=\"496\" height=\"354\" loading=\"lazy\" data-original-width=\"496\" data-original-height=\"354\" itemprop=\"http:\/\/schema.org\/image\" title=\"Tar\u0131m ve Orman Bakan\u0131 Bekir Pakdemirli:\" alt=\"Tar\u0131m ve Orman Bakan\u0131 Bekir Pakdemirli:\" style=\"width: 496px; height: 354px;\" \/> <\/a> <\/div> <\/div> <!-- close group --> <\/div> <!-- close row --> <\/div><\/p>\n","protected":false},"excerpt":{"rendered":"<p>MU\u011eLA\u2019NIN MENTE\u015eE \u0130L\u00c7ES\u0130NDE CUMA NAMAZI \u00c7IKI\u015eI VATANDA\u015eLARA F\u0130DAN DA\u011eITAN TARIM VE ORMAN BAKANI PAKDEM\u0130RL\u0130, SEKT\u00d6R TOPLANTISI \u0130\u00c7\u0130N MU\u011eLA SITKI KO\u00c7MAN \u00dcN\u0130VERS\u0130TES\u0130NE GE\u00c7T\u0130. \u00dcN\u0130VERS\u0130TE AKM SALONUNDA MU\u011eLA ORMAN B\u00d6LGE M\u00dcD\u00dcRL\u00dc\u011e\u00dc\u2019N\u00dcN FOTO\u011eRAF VE ORMAN \u00dcR\u00dcNLER\u0130 SERG\u0130S\u0130N\u0130 GEZEN BAKAN PAKDEM\u0130RL\u0130, SEKT\u00d6R TEMS\u0130LC\u0130LER\u0130NE BAKANLI\u011eININ \u00c7ALI\u015eMALARI HAKKINDA B\u0130LG\u0130 VERD\u0130.<\/p>\n","protected":false},"author":1,"featured_media":37216,"comment_status":"closed","ping_status":"open","sticky":false,"template":"","format":"standard","meta":{"jetpack_post_was_ever_published":false,"_jetpack_newsletter_access":"","_jetpack_dont_email_post_to_subs":false,"_jetpack_newsletter_tier_id":0,"_jetpack_memberships_contains_paywalled_content":false,"_jetpack_memberships_contains_paid_content":false,"footnotes":"","jetpack_publicize_message":"","jetpack_publicize_feature_enabled":true,"jetpack_social_post_already_shared":false,"jetpack_social_options":{"image_generator_settings":{"template":"highway","default_image_id":0,"font":"","enabled":false},"version":2}},"categories":[9],"tags":[933,4557,2404,3491,2403],"class_list":["post-37215","post","type-post","status-publish","format-standard","has-post-thumbnail","hentry","category-siyaset","tag-bakani","tag-bekir","tag-orman","tag-pakdemirli","tag-tarim"],"jetpack_publicize_connections":[],"jetpack_featured_media_url":"https:\/\/i0.wp.com\/www.tvturk.com\/wp-content\/uploads\/2019\/02\/tarim-ve-orman-bakani-bekir-pakdemirli_b532570.jpg?fit=1000%2C666","jetpack_sharing_enabled":true,"jetpack_shortlink":"https:\/\/wp.me\/paKIfm-9Gf","_links":{"self":[{"href":"http:\/\/www.tvturk.com\/index.php\/wp-json\/wp\/v2\/posts\/37215","targetHints":{"allow":["GET"]}}],"collection":[{"href":"http:\/\/www.tvturk.com\/index.php\/wp-json\/wp\/v2\/posts"}],"about":[{"href":"http:\/\/www.tvturk.com\/index.php\/wp-json\/wp\/v2\/types\/post"}],"author":[{"embeddable":true,"href":"http:\/\/www.tvturk.com\/index.php\/wp-json\/wp\/v2\/users\/1"}],"replies":[{"embeddable":true,"href":"http:\/\/www.tvturk.com\/index.php\/wp-json\/wp\/v2\/comments?post=37215"}],"version-history":[{"count":1,"href":"http:\/\/www.tvturk.com\/index.php\/wp-json\/wp\/v2\/posts\/37215\/revisions"}],"predecessor-version":[{"id":37221,"href":"http:\/\/www.tvturk.com\/index.php\/wp-json\/wp\/v2\/posts\/37215\/revisions\/37221"}],"wp:featuredmedia":[{"embeddable":true,"href":"http:\/\/www.tvturk.com\/index.php\/wp-json\/wp\/v2\/media\/37216"}],"wp:attachment":[{"href":"http:\/\/www.tvturk.com\/index.php\/wp-json\/wp\/v2\/media?parent=37215"}],"wp:term":[{"taxonomy":"category","embeddable":true,"href":"http:\/\/www.tvturk.com\/index.php\/wp-json\/wp\/v2\/categories?post=37215"},{"taxonomy":"post_tag","embeddable":true,"href":"http:\/\/www.tvturk.com\/index.php\/wp-json\/wp\/v2\/tags?post=37215"}],"curies":[{"name":"wp","href":"https:\/\/api.w.org\/{rel}","templated":true}]}}