{"id":37232,"date":"2019-02-15T20:01:09","date_gmt":"2019-02-15T17:01:09","guid":{"rendered":"http:\/\/www.tvturk.com\/index.php\/devrilen-traktorun-altinda-can-verdi\/"},"modified":"2019-02-15T20:01:11","modified_gmt":"2019-02-15T17:01:11","slug":"devrilen-traktorun-altinda-can-verdi","status":"publish","type":"post","link":"http:\/\/www.tvturk.com\/index.php\/devrilen-traktorun-altinda-can-verdi\/","title":{"rendered":"Devrilen trakt\u00f6r\u00fcn alt\u0131nda can verdi"},"content":{"rendered":"<p>Afyonkarahisar\u2019da devrilen trakt\u00f6r\u00fcn alt\u0131nda kalan \u015fah\u0131s feci \u015fekilde can verdi.<\/p>\n<p>Kaza Afyonkarahisar\u2019\u0131n Bayat il\u00e7esine ba\u011fl\u0131 \u0130mrall\u0131 k\u00f6y\u00fcnde meydana geldi. Edinilen bilgilere g\u00f6re, bir i\u015f i\u00e7in il\u00e7eye gitmek \u00fczere k\u00f6ydeki evinden yola \u00e7\u0131kan Cemal K\u0131vrak isimli \u00e7ift\u00e7i, yolun kaygan olmas\u0131 nedeniyle direksiyon hakimiyeti kaybederek \u015farampole yuvarland\u0131. Kaza s\u0131ras\u0131nda takla atan trakt\u00f6r\u00fcn alt\u0131nda kalan Cemal K\u0131vrak, olay yerinde hayat\u0131n\u0131 kaybetti.<\/p>\n<p>Jandarma ekipleri kazayla ilgili tahkikat ba\u015flatt\u0131.<div class=\"tiled-gallery type-rectangular tiled-gallery-unresized\" data-original-width=\"500\" data-carousel-extra='null' itemscope itemtype=\"http:\/\/schema.org\/ImageGallery\" > <div class=\"gallery-row\" style=\"width: 500px; height: 240px;\" data-original-width=\"500\" data-original-height=\"240\" > <div class=\"gallery-group images-1\" style=\"width: 319px; height: 240px;\" data-original-width=\"319\" data-original-height=\"240\" > <div class=\"tiled-gallery-item tiled-gallery-item-large\" itemprop=\"associatedMedia\" itemscope itemtype=\"http:\/\/schema.org\/ImageObject\"> <a href=\"http:\/\/www.tvturk.com\/index.php\/devrilen-traktorun-altinda-can-verdi\/devrilen-traktorun-altinda-can-verdi-3\/\" border=\"0\" itemprop=\"url\"> <meta itemprop=\"width\" content=\"315\"> <meta itemprop=\"height\" content=\"236\"> <img decoding=\"async\" class=\"\" data-attachment-id=\"37234\" data-orig-file=\"http:\/\/www.tvturk.com\/wp-content\/uploads\/2019\/02\/devrilen-traktorun-altinda-can-verdi_8ee069c.jpg\" data-orig-size=\"960,720\" data-comments-opened=\"\" data-image-meta=\"{&quot;aperture&quot;:&quot;0&quot;,&quot;credit&quot;:&quot;IHA&quot;,&quot;camera&quot;:&quot;&quot;,&quot;caption&quot;:&quot;AFYONKARAH\\u0130SAR\\u2019DA DEVR\\u0130LEN TRAKT\\u00d6R\\u00dcN ALTINDA KALAN \\u015eAHIS FEC\\u0130 \\u015eEK\\u0130LDE CAN VERD\\u0130. (HAYAT\\u0130 KANAT\\\/AFYONKARAH\\u0130SAR-\\u0130HA)&quot;,&quot;created_timestamp&quot;:&quot;0&quot;,&quot;copyright&quot;:&quot;\\u0130HLAS HABER AJANSI, www.iha.com.tr&quot;,&quot;focal_length&quot;:&quot;0&quot;,&quot;iso&quot;:&quot;0&quot;,&quot;shutter_speed&quot;:&quot;0&quot;,&quot;title&quot;:&quot;DEVR\\u0130LEN TRAKT\\u00d6R\\u00dcN ALTINDA CAN VERD\\u0130&quot;,&quot;orientation&quot;:&quot;0&quot;}\" data-image-title=\"Devrilen trakt\u00f6r\u00fcn alt\u0131nda can verdi\" data-image-description=\"&lt;p&gt;Devrilen trakt\u00f6r\u00fcn alt\u0131nda can verdi&lt;\/p&gt; \" data-medium-file=\"https:\/\/i0.wp.com\/www.tvturk.com\/wp-content\/uploads\/2019\/02\/devrilen-traktorun-altinda-can-verdi_8ee069c.jpg?fit=300%2C225\" data-large-file=\"https:\/\/i0.wp.com\/www.tvturk.com\/wp-content\/uploads\/2019\/02\/devrilen-traktorun-altinda-can-verdi_8ee069c.jpg?fit=960%2C720\" src=\"https:\/\/i0.wp.com\/www.tvturk.com\/wp-content\/uploads\/2019\/02\/devrilen-traktorun-altinda-can-verdi_8ee069c.jpg?w=315&#038;h=236\" srcset=\"https:\/\/i0.wp.com\/www.tvturk.com\/wp-content\/uploads\/2019\/02\/devrilen-traktorun-altinda-can-verdi_8ee069c.jpg?w=960 960w, https:\/\/i0.wp.com\/www.tvturk.com\/wp-content\/uploads\/2019\/02\/devrilen-traktorun-altinda-can-verdi_8ee069c.jpg?resize=150%2C113 150w, https:\/\/i0.wp.com\/www.tvturk.com\/wp-content\/uploads\/2019\/02\/devrilen-traktorun-altinda-can-verdi_8ee069c.jpg?resize=300%2C225 300w, https:\/\/i0.wp.com\/www.tvturk.com\/wp-content\/uploads\/2019\/02\/devrilen-traktorun-altinda-can-verdi_8ee069c.jpg?resize=768%2C576 768w\" width=\"315\" height=\"236\" loading=\"lazy\" data-original-width=\"315\" data-original-height=\"236\" itemprop=\"http:\/\/schema.org\/image\" title=\"Devrilen trakt\u00f6r\u00fcn alt\u0131nda can verdi\" alt=\"Devrilen trakt\u00f6r\u00fcn alt\u0131nda can verdi\" style=\"width: 315px; height: 236px;\" \/> <\/a> <\/div> <\/div> <!-- close group --> <div class=\"gallery-group images-1\" style=\"width: 181px; height: 240px;\" data-original-width=\"181\" data-original-height=\"240\" > <div class=\"tiled-gallery-item tiled-gallery-item-small\" itemprop=\"associatedMedia\" itemscope itemtype=\"http:\/\/schema.org\/ImageObject\"> <a href=\"http:\/\/www.tvturk.com\/index.php\/devrilen-traktorun-altinda-can-verdi\/devrilen-traktorun-altinda-can-verdi-4\/\" border=\"0\" itemprop=\"url\"> <meta itemprop=\"width\" content=\"177\"> <meta itemprop=\"height\" content=\"236\"> <img decoding=\"async\" class=\"\" data-attachment-id=\"37235\" data-orig-file=\"http:\/\/www.tvturk.com\/wp-content\/uploads\/2019\/02\/devrilen-traktorun-altinda-can-verdi_1af0cb3.jpg\" data-orig-size=\"720,960\" data-comments-opened=\"\" data-image-meta=\"{&quot;aperture&quot;:&quot;0&quot;,&quot;credit&quot;:&quot;IHA&quot;,&quot;camera&quot;:&quot;&quot;,&quot;caption&quot;:&quot;AFYONKARAH\\u0130SAR\\u2019DA DEVR\\u0130LEN TRAKT\\u00d6R\\u00dcN ALTINDA KALAN \\u015eAHIS FEC\\u0130 \\u015eEK\\u0130LDE CAN VERD\\u0130. (HAYAT\\u0130 KANAT\\\/AFYONKARAH\\u0130SAR-\\u0130HA)&quot;,&quot;created_timestamp&quot;:&quot;0&quot;,&quot;copyright&quot;:&quot;\\u0130HLAS HABER AJANSI, www.iha.com.tr&quot;,&quot;focal_length&quot;:&quot;0&quot;,&quot;iso&quot;:&quot;0&quot;,&quot;shutter_speed&quot;:&quot;0&quot;,&quot;title&quot;:&quot;DEVR\\u0130LEN TRAKT\\u00d6R\\u00dcN ALTINDA CAN VERD\\u0130&quot;,&quot;orientation&quot;:&quot;0&quot;}\" data-image-title=\"Devrilen trakt\u00f6r\u00fcn alt\u0131nda can verdi\" data-image-description=\"&lt;p&gt;Devrilen trakt\u00f6r\u00fcn alt\u0131nda can verdi&lt;\/p&gt; \" data-medium-file=\"https:\/\/i0.wp.com\/www.tvturk.com\/wp-content\/uploads\/2019\/02\/devrilen-traktorun-altinda-can-verdi_1af0cb3.jpg?fit=225%2C300\" data-large-file=\"https:\/\/i0.wp.com\/www.tvturk.com\/wp-content\/uploads\/2019\/02\/devrilen-traktorun-altinda-can-verdi_1af0cb3.jpg?fit=720%2C960\" src=\"https:\/\/i0.wp.com\/www.tvturk.com\/wp-content\/uploads\/2019\/02\/devrilen-traktorun-altinda-can-verdi_1af0cb3.jpg?w=177&#038;h=236\" srcset=\"https:\/\/i0.wp.com\/www.tvturk.com\/wp-content\/uploads\/2019\/02\/devrilen-traktorun-altinda-can-verdi_1af0cb3.jpg?w=720 720w, https:\/\/i0.wp.com\/www.tvturk.com\/wp-content\/uploads\/2019\/02\/devrilen-traktorun-altinda-can-verdi_1af0cb3.jpg?resize=113%2C150 113w, https:\/\/i0.wp.com\/www.tvturk.com\/wp-content\/uploads\/2019\/02\/devrilen-traktorun-altinda-can-verdi_1af0cb3.jpg?resize=225%2C300 225w\" width=\"177\" height=\"236\" loading=\"lazy\" data-original-width=\"177\" data-original-height=\"236\" itemprop=\"http:\/\/schema.org\/image\" title=\"Devrilen trakt\u00f6r\u00fcn alt\u0131nda can verdi\" alt=\"Devrilen trakt\u00f6r\u00fcn alt\u0131nda can verdi\" style=\"width: 177px; height: 236px;\" \/> <\/a> <\/div> <\/div> <!-- close group --> <\/div> <!-- close row --> <\/div><\/p>\n","protected":false},"excerpt":{"rendered":"<p>AFYONKARAH\u0130SAR\u2019DA DEVR\u0130LEN TRAKT\u00d6R\u00dcN ALTINDA KALAN \u015eAHIS FEC\u0130 \u015eEK\u0130LDE CAN VERD\u0130.<\/p>\n","protected":false},"author":1,"featured_media":37233,"comment_status":"closed","ping_status":"open","sticky":false,"template":"","format":"standard","meta":{"jetpack_post_was_ever_published":false,"_jetpack_newsletter_access":"","_jetpack_dont_email_post_to_subs":false,"_jetpack_newsletter_tier_id":0,"_jetpack_memberships_contains_paywalled_content":false,"_jetpack_memberships_contains_paid_content":false,"footnotes":"","jetpack_publicize_message":"","jetpack_publicize_feature_enabled":true,"jetpack_social_post_already_shared":false,"jetpack_social_options":{"image_generator_settings":{"template":"highway","default_image_id":0,"font":"","enabled":false},"version":2}},"categories":[655],"tags":[3114,930,10345,4105,386],"class_list":["post-37232","post","type-post","status-publish","format-standard","has-post-thumbnail","hentry","category-son-dakika","tag-altinda","tag-can","tag-devrilen","tag-traktorun","tag-verdi"],"jetpack_publicize_connections":[],"jetpack_featured_media_url":"https:\/\/i0.wp.com\/www.tvturk.com\/wp-content\/uploads\/2019\/02\/devrilen-traktorun-altinda-can-verdi_2c21991.jpg?fit=960%2C720","jetpack_sharing_enabled":true,"jetpack_shortlink":"https:\/\/wp.me\/paKIfm-9Gw","_links":{"self":[{"href":"http:\/\/www.tvturk.com\/index.php\/wp-json\/wp\/v2\/posts\/37232","targetHints":{"allow":["GET"]}}],"collection":[{"href":"http:\/\/www.tvturk.com\/index.php\/wp-json\/wp\/v2\/posts"}],"about":[{"href":"http:\/\/www.tvturk.com\/index.php\/wp-json\/wp\/v2\/types\/post"}],"author":[{"embeddable":true,"href":"http:\/\/www.tvturk.com\/index.php\/wp-json\/wp\/v2\/users\/1"}],"replies":[{"embeddable":true,"href":"http:\/\/www.tvturk.com\/index.php\/wp-json\/wp\/v2\/comments?post=37232"}],"version-history":[{"count":1,"href":"http:\/\/www.tvturk.com\/index.php\/wp-json\/wp\/v2\/posts\/37232\/revisions"}],"predecessor-version":[{"id":37236,"href":"http:\/\/www.tvturk.com\/index.php\/wp-json\/wp\/v2\/posts\/37232\/revisions\/37236"}],"wp:featuredmedia":[{"embeddable":true,"href":"http:\/\/www.tvturk.com\/index.php\/wp-json\/wp\/v2\/media\/37233"}],"wp:attachment":[{"href":"http:\/\/www.tvturk.com\/index.php\/wp-json\/wp\/v2\/media?parent=37232"}],"wp:term":[{"taxonomy":"category","embeddable":true,"href":"http:\/\/www.tvturk.com\/index.php\/wp-json\/wp\/v2\/categories?post=37232"},{"taxonomy":"post_tag","embeddable":true,"href":"http:\/\/www.tvturk.com\/index.php\/wp-json\/wp\/v2\/tags?post=37232"}],"curies":[{"name":"wp","href":"https:\/\/api.w.org\/{rel}","templated":true}]}}