{"id":37285,"date":"2019-02-15T20:41:00","date_gmt":"2019-02-15T17:41:00","guid":{"rendered":"http:\/\/www.tvturk.com\/index.php\/bartin-irmagi-koprusu-temel-atma-toreni-gerceklestirildi\/"},"modified":"2019-02-15T20:41:02","modified_gmt":"2019-02-15T17:41:02","slug":"bartin-irmagi-koprusu-temel-atma-toreni-gerceklestirildi","status":"publish","type":"post","link":"http:\/\/www.tvturk.com\/index.php\/bartin-irmagi-koprusu-temel-atma-toreni-gerceklestirildi\/","title":{"rendered":"Bart\u0131n Irma\u011f\u0131 K\u00f6pr\u00fcs\u00fc temel atma t\u00f6reni ger\u00e7ekle\u015ftirildi"},"content":{"rendered":"<p>Bart\u0131n\u2019da DS\u0130 23. B\u00f6lge M\u00fcd\u00fcrl\u00fc\u011f\u00fc taraf\u0131ndan yap\u0131m\u0131 \u00fcstlenilen ve Bart\u0131n\u2019\u0131n yo\u011fun \u015fehir i\u00e7i trafi\u011fini ve \u015fehir i\u00e7i ge\u00e7i\u015flerini en aza indirmek amac\u0131yla Bart\u0131n Irma\u011f\u0131 Islah Projesi i\u00e7erisinde yeralan  \u201cBart\u0131n Irma\u011f\u0131 K\u00f6pr\u00fcs\u00fc\u201dn\u00fcn temeli d\u00fczenlenen t\u00f6renle at\u0131ld\u0131.<\/p>\n<p>T\u00f6rene Vali Sinan G\u00fcner, Bart\u0131n Milletvekili Av. Y\u0131lmaz Tun\u00e7, Bart\u0131n Belediye Ba\u015fkan\u0131 Cemal Ak\u0131n, Bart\u0131n \u00dcniversitesi Rekt\u00f6r\u00fc Prof.Dr. Orhan Uzun, Vali Yard\u0131mc\u0131s\u0131 Hasan Ruhi Yaylac\u0131, \u0130l Jandarma Komutan\u0131 J.Kd.Alb.Yavuz Selim Kapanc\u0131, \u0130l Emniyet M\u00fcd\u00fcr\u00fc Og\u00fcn Vural, \u0130l Genel Meclisi Ba\u015fkan\u0131 Kenan Dursun, \u0130l \u00d6zel \u0130daresi Genel Sekreteri \u0130brahim Kay\u0131\u015f,  Siyasi Parti Temsilcileri,  DS\u0130 23. B\u00f6lge M\u00fcd\u00fcr\u00fc Hayrettin Baysal, DS\u0130 233. \u015eube M\u00fcd\u00fcr\u00fc San\u00e7ar Bi\u00e7er, il m\u00fcd\u00fcrleri, mesleki kurulu\u015f temsilcileri ile  vatanda\u015flar kat\u0131ld\u0131.<\/p>\n<p>T\u00f6renin a\u00e7\u0131l\u0131\u015f konu\u015fmas\u0131  DS\u0130 23. B\u00f6lge M\u00fcd\u00fcr\u00fc Hayrettin Baysal taraf\u0131ndan yap\u0131ld\u0131.<\/p>\n<p>T\u00f6ren Bart\u0131n Belediye Ba\u015fkan\u0131 Cemal Ak\u0131n ve Bart\u0131n Milletvekili Av. Y\u0131lmaz Tun\u00e7\u2019un protokol konu\u015fmalar\u0131 ile devam etti.<\/p>\n<p>Vali G\u00fcner de t\u00f6rende yapt\u0131\u011f\u0131 konu\u015fmas\u0131nda, 2018 y\u0131l\u0131nda y\u00fcr\u00fct\u00fclen kamu yat\u0131r\u0131mlar\u0131na de\u011finerek Bart\u0131n\u2019\u0131n sosyal ve ekonomik kalk\u0131nmas\u0131n\u0131n temelini olu\u015fturan ula\u015f\u0131m, enerji, \u00e7evre ve sosyal altyap\u0131 yat\u0131r\u0131mlar\u0131 kapsam\u0131nda \u00f6nem arz eden \u00e7al\u0131\u015fmalar\u0131n 2018 y\u0131l\u0131nda g\u00f6nderilen \u00f6denekler do\u011frultusunda hedeflere ula\u015f\u0131ld\u0131\u011f\u0131n\u0131,  2019 y\u0131l\u0131nda ise \u00f6deneklerin belirlenmesi durumunda \u00e7al\u0131\u015fmalara h\u0131zl\u0131 bir \u015fekilde devam edilece\u011fini belirtti.<\/p>\n<p>\u0130nkumu\u2019ndaki kat\u0131 at\u0131k depolama alan\u0131n\u0131n kald\u0131r\u0131larak d\u00fczenli at\u0131k bertaraf tesisi yap\u0131lmas\u0131 projesinde projelendirme \u00e7al\u0131\u015fmalar\u0131n\u0131n devam etti\u011fini ifade eden Vali G\u00fcner,  \u201c Cumhurba\u015fkan\u0131m\u0131z taraf\u0131ndan a\u00e7\u0131klanan 2. Y\u00fcz g\u00fcnl\u00fck eylem plan\u0131nda \u0130limizde yap\u0131lmas\u0131 emredilen engelli vatanda\u015flar\u0131m\u0131z\u0131n g\u00fcnl\u00fck bak\u0131mlar\u0131 ile uygun e\u011fitim ve beceri kazand\u0131rma ama\u00e7l\u0131 \u201cG\u00fcnd\u00fcz Bak\u0131m Evi\u201d a\u00e7\u0131lmas\u0131 \u00e7al\u0131\u015fmalar\u0131na da ba\u015flan\u0131ld\u0131\u201d dedi.<\/p>\n<p>Vali G\u00fcner, \u201cBart\u0131n\u2019\u0131n en b\u00fcy\u00fck sorunlar\u0131ndan birisi olan yo\u011fun \u015fehir i\u00e7i trafi\u011fini ve \u015fehir i\u00e7i ge\u00e7i\u015flerini en aza indirmek amac\u0131yla yap\u0131m\u0131na karar verilen Bart\u0131n Irma\u011f\u0131 K\u00f6pr\u00fcs\u00fc\u2019n\u00fcn hayata ge\u00e7irilmesinde eme\u011fi ge\u00e7en DS\u0130 Genel M\u00fcd\u00fcr\u00fc Say\u0131n Mevl\u00fct Ayd\u0131n, merkez  ve b\u00f6lge te\u015fkilat\u0131 \u00e7al\u0131\u015fanlar\u0131n\u0131, yap\u0131m\u0131 \u00fcstlenen in\u015faat firmas\u0131n\u0131 kutluyorum.\u201ddedi.<\/p>\n<p>T\u00f6rende okunan dualar\u0131n ard\u0131ndan Vali G\u00fcner ve il protokol\u00fc taraf\u0131ndan  Bart\u0131n K\u00f6pr\u00fcs\u00fcn\u00fcn Temeli i\u00e7in butona bas\u0131ld\u0131.<div class=\"tiled-gallery type-rectangular tiled-gallery-unresized\" data-original-width=\"500\" data-carousel-extra='null' itemscope itemtype=\"http:\/\/schema.org\/ImageGallery\" > <div class=\"gallery-row\" style=\"width: 500px; height: 334px;\" data-original-width=\"500\" data-original-height=\"334\" > <div class=\"gallery-group images-1\" style=\"width: 500px; height: 334px;\" data-original-width=\"500\" data-original-height=\"334\" > <div class=\"tiled-gallery-item tiled-gallery-item-large\" itemprop=\"associatedMedia\" itemscope itemtype=\"http:\/\/schema.org\/ImageObject\"> <a href=\"http:\/\/www.tvturk.com\/index.php\/bartin-irmagi-koprusu-temel-atma-toreni-gerceklestirildi\/bartin-irmagi-koprusu-temel-atma-toreni-gerceklestirildi-3\/\" border=\"0\" itemprop=\"url\"> <meta itemprop=\"width\" content=\"496\"> <meta itemprop=\"height\" content=\"330\"> <img decoding=\"async\" class=\"\" data-attachment-id=\"37287\" data-orig-file=\"http:\/\/www.tvturk.com\/wp-content\/uploads\/2019\/02\/bartin-irmagi-koprusu-temel-atma-toreni-gerceklestirildi_d14fff9.jpg\" data-orig-size=\"1000,666\" data-comments-opened=\"\" data-image-meta=\"{&quot;aperture&quot;:&quot;0&quot;,&quot;credit&quot;:&quot;IHA&quot;,&quot;camera&quot;:&quot;&quot;,&quot;caption&quot;:&quot;BARTIN\\u2019DA DS\\u0130 23. B\\u00d6LGE M\\u00dcD\\u00dcRL\\u00dc\\u011e\\u00dc TARAFINDAN YAPIMI \\u00dcSTLEN\\u0130LEN VE BARTIN\\u2019IN YO\\u011eUN \\u015eEH\\u0130R \\u0130\\u00c7\\u0130 TRAF\\u0130\\u011e\\u0130N\\u0130 VE \\u015eEH\\u0130R \\u0130\\u00c7\\u0130 GE\\u00c7\\u0130\\u015eLER\\u0130N\\u0130 EN AZA \\u0130ND\\u0130RMEK AMACIYLA BARTIN IRMA\\u011eI ISLAH PROJES\\u0130 \\u0130\\u00c7ER\\u0130S\\u0130NDE YERALAN \\u201cBARTIN IRMA\\u011eI K\\u00d6PR\\u00dcS\\u00dc\\u201dN\\u00dcN TEMEL\\u0130 D\\u00dcZENLENEN T\\u00d6RENLE ATILDI. (AK\\u0130F YAMAN\\\/BARTIN-\\u0130HA)&quot;,&quot;created_timestamp&quot;:&quot;0&quot;,&quot;copyright&quot;:&quot;\\u0130HLAS HABER AJANSI, www.iha.com.tr&quot;,&quot;focal_length&quot;:&quot;0&quot;,&quot;iso&quot;:&quot;0&quot;,&quot;shutter_speed&quot;:&quot;0&quot;,&quot;title&quot;:&quot;BARTIN IRMA\\u011eI K\\u00d6PR\\u00dcS\\u00dc TEMEL ATMA T\\u00d6REN\\u0130 GER\\u00c7EKLE\\u015eT\\u0130R\\u0130LD\\u0130&quot;,&quot;orientation&quot;:&quot;0&quot;}\" data-image-title=\"Bart\u0131n Irma\u011f\u0131 K\u00f6pr\u00fcs\u00fc temel atma t\u00f6reni ger\u00e7ekle\u015ftirildi\" data-image-description=\"&lt;p&gt;Bart\u0131n Irma\u011f\u0131 K\u00f6pr\u00fcs\u00fc temel atma t\u00f6reni ger\u00e7ekle\u015ftirildi&lt;\/p&gt; \" data-medium-file=\"https:\/\/i0.wp.com\/www.tvturk.com\/wp-content\/uploads\/2019\/02\/bartin-irmagi-koprusu-temel-atma-toreni-gerceklestirildi_d14fff9.jpg?fit=300%2C200\" data-large-file=\"https:\/\/i0.wp.com\/www.tvturk.com\/wp-content\/uploads\/2019\/02\/bartin-irmagi-koprusu-temel-atma-toreni-gerceklestirildi_d14fff9.jpg?fit=1000%2C666\" src=\"https:\/\/i0.wp.com\/www.tvturk.com\/wp-content\/uploads\/2019\/02\/bartin-irmagi-koprusu-temel-atma-toreni-gerceklestirildi_d14fff9.jpg?w=496&#038;h=330\" srcset=\"https:\/\/i0.wp.com\/www.tvturk.com\/wp-content\/uploads\/2019\/02\/bartin-irmagi-koprusu-temel-atma-toreni-gerceklestirildi_d14fff9.jpg?w=1000 1000w, https:\/\/i0.wp.com\/www.tvturk.com\/wp-content\/uploads\/2019\/02\/bartin-irmagi-koprusu-temel-atma-toreni-gerceklestirildi_d14fff9.jpg?resize=150%2C100 150w, https:\/\/i0.wp.com\/www.tvturk.com\/wp-content\/uploads\/2019\/02\/bartin-irmagi-koprusu-temel-atma-toreni-gerceklestirildi_d14fff9.jpg?resize=300%2C200 300w, https:\/\/i0.wp.com\/www.tvturk.com\/wp-content\/uploads\/2019\/02\/bartin-irmagi-koprusu-temel-atma-toreni-gerceklestirildi_d14fff9.jpg?resize=768%2C511 768w, https:\/\/i0.wp.com\/www.tvturk.com\/wp-content\/uploads\/2019\/02\/bartin-irmagi-koprusu-temel-atma-toreni-gerceklestirildi_d14fff9.jpg?resize=170%2C113 170w, https:\/\/i0.wp.com\/www.tvturk.com\/wp-content\/uploads\/2019\/02\/bartin-irmagi-koprusu-temel-atma-toreni-gerceklestirildi_d14fff9.jpg?resize=120%2C80 120w\" width=\"496\" height=\"330\" loading=\"lazy\" data-original-width=\"496\" data-original-height=\"330\" itemprop=\"http:\/\/schema.org\/image\" title=\"Bart\u0131n Irma\u011f\u0131 K\u00f6pr\u00fcs\u00fc temel atma t\u00f6reni ger\u00e7ekle\u015ftirildi\" alt=\"Bart\u0131n Irma\u011f\u0131 K\u00f6pr\u00fcs\u00fc temel atma t\u00f6reni ger\u00e7ekle\u015ftirildi\" style=\"width: 496px; height: 330px;\" \/> <\/a> <\/div> <\/div> <!-- close group --> <\/div> <!-- close row --> <\/div><\/p>\n","protected":false},"excerpt":{"rendered":"<p>BARTIN\u2019DA DS\u0130 23. B\u00d6LGE M\u00dcD\u00dcRL\u00dc\u011e\u00dc TARAFINDAN YAPIMI \u00dcSTLEN\u0130LEN VE BARTIN\u2019IN YO\u011eUN \u015eEH\u0130R \u0130\u00c7\u0130 TRAF\u0130\u011e\u0130N\u0130 VE \u015eEH\u0130R \u0130\u00c7\u0130 GE\u00c7\u0130\u015eLER\u0130N\u0130 EN AZA \u0130ND\u0130RMEK AMACIYLA BARTIN IRMA\u011eI ISLAH PROJES\u0130 \u0130\u00c7ER\u0130S\u0130NDE YERALAN  \u201cBARTIN IRMA\u011eI K\u00d6PR\u00dcS\u00dc\u201dN\u00dcN TEMEL\u0130 D\u00dcZENLENEN T\u00d6RENLE ATILDI.<\/p>\n","protected":false},"author":1,"featured_media":37286,"comment_status":"closed","ping_status":"open","sticky":false,"template":"","format":"standard","meta":{"jetpack_post_was_ever_published":false,"_jetpack_newsletter_access":"","_jetpack_dont_email_post_to_subs":false,"_jetpack_newsletter_tier_id":0,"_jetpack_memberships_contains_paywalled_content":false,"_jetpack_memberships_contains_paid_content":false,"footnotes":"","jetpack_publicize_message":"","jetpack_publicize_feature_enabled":true,"jetpack_social_post_already_shared":false,"jetpack_social_options":{"image_generator_settings":{"template":"highway","default_image_id":0,"font":"","enabled":false},"version":2}},"categories":[655],"tags":[9051,3305,412,13826,2524,4035,187],"class_list":["post-37285","post","type-post","status-publish","format-standard","has-post-thumbnail","hentry","category-son-dakika","tag-atma","tag-bartin","tag-gerceklestirildi","tag-irmagi","tag-koprusu","tag-temel","tag-toreni"],"jetpack_publicize_connections":[],"jetpack_featured_media_url":"https:\/\/i0.wp.com\/www.tvturk.com\/wp-content\/uploads\/2019\/02\/bartin-irmagi-koprusu-temel-atma-toreni-gerceklestirildi_db276f6.jpg?fit=1000%2C666","jetpack_sharing_enabled":true,"jetpack_shortlink":"https:\/\/wp.me\/paKIfm-9Hn","_links":{"self":[{"href":"http:\/\/www.tvturk.com\/index.php\/wp-json\/wp\/v2\/posts\/37285","targetHints":{"allow":["GET"]}}],"collection":[{"href":"http:\/\/www.tvturk.com\/index.php\/wp-json\/wp\/v2\/posts"}],"about":[{"href":"http:\/\/www.tvturk.com\/index.php\/wp-json\/wp\/v2\/types\/post"}],"author":[{"embeddable":true,"href":"http:\/\/www.tvturk.com\/index.php\/wp-json\/wp\/v2\/users\/1"}],"replies":[{"embeddable":true,"href":"http:\/\/www.tvturk.com\/index.php\/wp-json\/wp\/v2\/comments?post=37285"}],"version-history":[{"count":1,"href":"http:\/\/www.tvturk.com\/index.php\/wp-json\/wp\/v2\/posts\/37285\/revisions"}],"predecessor-version":[{"id":37288,"href":"http:\/\/www.tvturk.com\/index.php\/wp-json\/wp\/v2\/posts\/37285\/revisions\/37288"}],"wp:featuredmedia":[{"embeddable":true,"href":"http:\/\/www.tvturk.com\/index.php\/wp-json\/wp\/v2\/media\/37286"}],"wp:attachment":[{"href":"http:\/\/www.tvturk.com\/index.php\/wp-json\/wp\/v2\/media?parent=37285"}],"wp:term":[{"taxonomy":"category","embeddable":true,"href":"http:\/\/www.tvturk.com\/index.php\/wp-json\/wp\/v2\/categories?post=37285"},{"taxonomy":"post_tag","embeddable":true,"href":"http:\/\/www.tvturk.com\/index.php\/wp-json\/wp\/v2\/tags?post=37285"}],"curies":[{"name":"wp","href":"https:\/\/api.w.org\/{rel}","templated":true}]}}