{"id":37436,"date":"2019-02-15T22:31:08","date_gmt":"2019-02-15T19:31:08","guid":{"rendered":"http:\/\/www.tvturk.com\/index.php\/kayip-balikcinin-teknesine-ulasildi\/"},"modified":"2019-02-15T22:31:13","modified_gmt":"2019-02-15T19:31:13","slug":"kayip-balikcinin-teknesine-ulasildi","status":"publish","type":"post","link":"http:\/\/www.tvturk.com\/index.php\/kayip-balikcinin-teknesine-ulasildi\/","title":{"rendered":"Kay\u0131p bal\u0131k\u00e7\u0131n\u0131n teknesine ula\u015f\u0131ld\u0131"},"content":{"rendered":"<p>Bal\u0131kesir\u2019in Manyas il\u00e7esinde g\u00f6lde bal\u0131k avlamaya gitti\u011fi s\u0131rada kaybolan bal\u0131k\u00e7\u0131n\u0131n kay\u0131p teknesine ula\u015f\u0131ld\u0131.<\/p>\n<p>Manyas\u2019ta 12 \u015eubat tarihinde kendi teknesi ile g\u00f6lde bal\u0131k avlamaya gitti\u011fi s\u0131rada kaybolan Birol Day\u0131\u2019n\u0131n arama \u00e7al\u0131\u015fmalar\u0131 aral\u0131ks\u0131z olarak Bal\u0131kesir itfaiyesi su alt\u0131 arama kurtarma ekibi taraf\u0131ndan s\u00fcrd\u00fcr\u00fcld\u00fc. Olumsuz hava ko\u015fullar\u0131na ra\u011fmen devam eden kay\u0131p arama \u00e7al\u0131\u015fmalar\u0131 sonucunda Birol Day\u0131\u2019n\u0131n teknesine Bal\u0131kesir itfaiyesi su alt\u0131 arama kurtarma ekibi taraf\u0131ndan ula\u015f\u0131ld\u0131. Hava muhalefetine ra\u011fmen bal\u0131k\u00e7\u0131 day\u0131n\u0131n arama \u00e7al\u0131\u015fmalar\u0131 devam ediyor.<div class=\"tiled-gallery type-rectangular tiled-gallery-unresized\" data-original-width=\"500\" data-carousel-extra='null' itemscope itemtype=\"http:\/\/schema.org\/ImageGallery\" > <div class=\"gallery-row\" style=\"width: 500px; height: 251px;\" data-original-width=\"500\" data-original-height=\"251\" > <div class=\"gallery-group images-1\" style=\"width: 334px; height: 251px;\" data-original-width=\"334\" data-original-height=\"251\" > <div class=\"tiled-gallery-item tiled-gallery-item-large\" itemprop=\"associatedMedia\" itemscope itemtype=\"http:\/\/schema.org\/ImageObject\"> <a href=\"http:\/\/www.tvturk.com\/index.php\/kayip-balikcinin-teknesine-ulasildi\/kayip-balikcinin-teknesine-ulasildi-3\/\" border=\"0\" itemprop=\"url\"> <meta itemprop=\"width\" content=\"330\"> <meta itemprop=\"height\" content=\"247\"> <img decoding=\"async\" class=\"\" data-attachment-id=\"37438\" data-orig-file=\"http:\/\/www.tvturk.com\/wp-content\/uploads\/2019\/02\/kayip-balikcinin-teknesine-ulasildi_9fc4b0f.jpg\" data-orig-size=\"1000,750\" data-comments-opened=\"\" data-image-meta=\"{&quot;aperture&quot;:&quot;0&quot;,&quot;credit&quot;:&quot;IHA&quot;,&quot;camera&quot;:&quot;&quot;,&quot;caption&quot;:&quot;BALIKES\\u0130R\\u2019\\u0130N MANYAS \\u0130L\\u00c7ES\\u0130NDE G\\u00d6LDE BALIK AVLAMAYA G\\u0130TT\\u0130\\u011e\\u0130 SIRADA KAYBOLAN BALIK\\u00c7ININ KAYIP TEKNES\\u0130NE ULA\\u015eILDI. (HASAN OTA\\u011e FIRINCIO\\u011eULLARI - H\\u00dcSEY\\u0130N TOKMAK\\\/BALIKES\\u0130R-\\u0130HA)&quot;,&quot;created_timestamp&quot;:&quot;0&quot;,&quot;copyright&quot;:&quot;\\u0130HLAS HABER AJANSI, www.iha.com.tr&quot;,&quot;focal_length&quot;:&quot;0&quot;,&quot;iso&quot;:&quot;0&quot;,&quot;shutter_speed&quot;:&quot;0&quot;,&quot;title&quot;:&quot;KAYIP BALIK\\u00c7ININ TEKNES\\u0130NE ULA\\u015eILDI&quot;,&quot;orientation&quot;:&quot;0&quot;}\" data-image-title=\"Kay\u0131p bal\u0131k\u00e7\u0131n\u0131n teknesine ula\u015f\u0131ld\u0131\" data-image-description=\"&lt;p&gt;Kay\u0131p bal\u0131k\u00e7\u0131n\u0131n teknesine ula\u015f\u0131ld\u0131&lt;\/p&gt; \" data-medium-file=\"https:\/\/i0.wp.com\/www.tvturk.com\/wp-content\/uploads\/2019\/02\/kayip-balikcinin-teknesine-ulasildi_9fc4b0f.jpg?fit=300%2C225\" data-large-file=\"https:\/\/i0.wp.com\/www.tvturk.com\/wp-content\/uploads\/2019\/02\/kayip-balikcinin-teknesine-ulasildi_9fc4b0f.jpg?fit=1000%2C750\" src=\"https:\/\/i0.wp.com\/www.tvturk.com\/wp-content\/uploads\/2019\/02\/kayip-balikcinin-teknesine-ulasildi_9fc4b0f.jpg?w=330&#038;h=247\" srcset=\"https:\/\/i0.wp.com\/www.tvturk.com\/wp-content\/uploads\/2019\/02\/kayip-balikcinin-teknesine-ulasildi_9fc4b0f.jpg?w=1000 1000w, https:\/\/i0.wp.com\/www.tvturk.com\/wp-content\/uploads\/2019\/02\/kayip-balikcinin-teknesine-ulasildi_9fc4b0f.jpg?resize=150%2C113 150w, https:\/\/i0.wp.com\/www.tvturk.com\/wp-content\/uploads\/2019\/02\/kayip-balikcinin-teknesine-ulasildi_9fc4b0f.jpg?resize=300%2C225 300w, https:\/\/i0.wp.com\/www.tvturk.com\/wp-content\/uploads\/2019\/02\/kayip-balikcinin-teknesine-ulasildi_9fc4b0f.jpg?resize=768%2C576 768w\" width=\"330\" height=\"247\" loading=\"lazy\" data-original-width=\"330\" data-original-height=\"247\" itemprop=\"http:\/\/schema.org\/image\" title=\"Kay\u0131p bal\u0131k\u00e7\u0131n\u0131n teknesine ula\u015f\u0131ld\u0131\" alt=\"Kay\u0131p bal\u0131k\u00e7\u0131n\u0131n teknesine ula\u015f\u0131ld\u0131\" style=\"width: 330px; height: 247px;\" \/> <\/a> <\/div> <\/div> <!-- close group --> <div class=\"gallery-group images-2\" style=\"width: 166px; height: 251px;\" data-original-width=\"166\" data-original-height=\"251\" > <div class=\"tiled-gallery-item tiled-gallery-item-small\" itemprop=\"associatedMedia\" itemscope itemtype=\"http:\/\/schema.org\/ImageObject\"> <a href=\"http:\/\/www.tvturk.com\/index.php\/kayip-balikcinin-teknesine-ulasildi\/kayip-balikcinin-teknesine-ulasildi-4\/\" border=\"0\" itemprop=\"url\"> <meta itemprop=\"width\" content=\"162\"> <meta itemprop=\"height\" content=\"122\"> <img decoding=\"async\" class=\"\" data-attachment-id=\"37439\" data-orig-file=\"http:\/\/www.tvturk.com\/wp-content\/uploads\/2019\/02\/kayip-balikcinin-teknesine-ulasildi_dbb6f6f.jpg\" data-orig-size=\"1000,750\" data-comments-opened=\"\" data-image-meta=\"{&quot;aperture&quot;:&quot;0&quot;,&quot;credit&quot;:&quot;IHA&quot;,&quot;camera&quot;:&quot;&quot;,&quot;caption&quot;:&quot;BALIKES\\u0130R\\u2019\\u0130N MANYAS \\u0130L\\u00c7ES\\u0130NDE G\\u00d6LDE BALIK AVLAMAYA G\\u0130TT\\u0130\\u011e\\u0130 SIRADA KAYBOLAN BALIK\\u00c7ININ KAYIP TEKNES\\u0130NE ULA\\u015eILDI. (HASAN OTA\\u011e FIRINCIO\\u011eULLARI - H\\u00dcSEY\\u0130N TOKMAK\\\/BALIKES\\u0130R-\\u0130HA)&quot;,&quot;created_timestamp&quot;:&quot;0&quot;,&quot;copyright&quot;:&quot;\\u0130HLAS HABER AJANSI, www.iha.com.tr&quot;,&quot;focal_length&quot;:&quot;0&quot;,&quot;iso&quot;:&quot;0&quot;,&quot;shutter_speed&quot;:&quot;0&quot;,&quot;title&quot;:&quot;KAYIP BALIK\\u00c7ININ TEKNES\\u0130NE ULA\\u015eILDI&quot;,&quot;orientation&quot;:&quot;0&quot;}\" data-image-title=\"Kay\u0131p bal\u0131k\u00e7\u0131n\u0131n teknesine ula\u015f\u0131ld\u0131\" data-image-description=\"&lt;p&gt;Kay\u0131p bal\u0131k\u00e7\u0131n\u0131n teknesine ula\u015f\u0131ld\u0131&lt;\/p&gt; \" data-medium-file=\"https:\/\/i0.wp.com\/www.tvturk.com\/wp-content\/uploads\/2019\/02\/kayip-balikcinin-teknesine-ulasildi_dbb6f6f.jpg?fit=300%2C225\" data-large-file=\"https:\/\/i0.wp.com\/www.tvturk.com\/wp-content\/uploads\/2019\/02\/kayip-balikcinin-teknesine-ulasildi_dbb6f6f.jpg?fit=1000%2C750\" src=\"https:\/\/i0.wp.com\/www.tvturk.com\/wp-content\/uploads\/2019\/02\/kayip-balikcinin-teknesine-ulasildi_dbb6f6f.jpg?w=162&#038;h=122\" srcset=\"https:\/\/i0.wp.com\/www.tvturk.com\/wp-content\/uploads\/2019\/02\/kayip-balikcinin-teknesine-ulasildi_dbb6f6f.jpg?w=1000 1000w, https:\/\/i0.wp.com\/www.tvturk.com\/wp-content\/uploads\/2019\/02\/kayip-balikcinin-teknesine-ulasildi_dbb6f6f.jpg?resize=150%2C113 150w, https:\/\/i0.wp.com\/www.tvturk.com\/wp-content\/uploads\/2019\/02\/kayip-balikcinin-teknesine-ulasildi_dbb6f6f.jpg?resize=300%2C225 300w, https:\/\/i0.wp.com\/www.tvturk.com\/wp-content\/uploads\/2019\/02\/kayip-balikcinin-teknesine-ulasildi_dbb6f6f.jpg?resize=768%2C576 768w\" width=\"162\" height=\"122\" loading=\"lazy\" data-original-width=\"162\" data-original-height=\"122\" itemprop=\"http:\/\/schema.org\/image\" title=\"Kay\u0131p bal\u0131k\u00e7\u0131n\u0131n teknesine ula\u015f\u0131ld\u0131\" alt=\"Kay\u0131p bal\u0131k\u00e7\u0131n\u0131n teknesine ula\u015f\u0131ld\u0131\" style=\"width: 162px; height: 122px;\" \/> <\/a> <\/div> <div class=\"tiled-gallery-item tiled-gallery-item-small\" itemprop=\"associatedMedia\" itemscope itemtype=\"http:\/\/schema.org\/ImageObject\"> <a href=\"http:\/\/www.tvturk.com\/index.php\/kayip-balikcinin-teknesine-ulasildi\/kayip-balikcinin-teknesine-ulasildi-5\/\" border=\"0\" itemprop=\"url\"> <meta itemprop=\"width\" content=\"162\"> <meta itemprop=\"height\" content=\"121\"> <img decoding=\"async\" class=\"\" data-attachment-id=\"37440\" data-orig-file=\"http:\/\/www.tvturk.com\/wp-content\/uploads\/2019\/02\/kayip-balikcinin-teknesine-ulasildi_2e41ee7.jpg\" data-orig-size=\"1000,750\" data-comments-opened=\"\" data-image-meta=\"{&quot;aperture&quot;:&quot;0&quot;,&quot;credit&quot;:&quot;IHA&quot;,&quot;camera&quot;:&quot;&quot;,&quot;caption&quot;:&quot;BALIKES\\u0130R\\u2019\\u0130N MANYAS \\u0130L\\u00c7ES\\u0130NDE G\\u00d6LDE BALIK AVLAMAYA G\\u0130TT\\u0130\\u011e\\u0130 SIRADA KAYBOLAN BALIK\\u00c7ININ KAYIP TEKNES\\u0130NE ULA\\u015eILDI. (HASAN OTA\\u011e FIRINCIO\\u011eULLARI - H\\u00dcSEY\\u0130N TOKMAK\\\/BALIKES\\u0130R-\\u0130HA)&quot;,&quot;created_timestamp&quot;:&quot;0&quot;,&quot;copyright&quot;:&quot;\\u0130HLAS HABER AJANSI, www.iha.com.tr&quot;,&quot;focal_length&quot;:&quot;0&quot;,&quot;iso&quot;:&quot;0&quot;,&quot;shutter_speed&quot;:&quot;0&quot;,&quot;title&quot;:&quot;KAYIP BALIK\\u00c7ININ TEKNES\\u0130NE ULA\\u015eILDI&quot;,&quot;orientation&quot;:&quot;0&quot;}\" data-image-title=\"Kay\u0131p bal\u0131k\u00e7\u0131n\u0131n teknesine ula\u015f\u0131ld\u0131\" data-image-description=\"&lt;p&gt;Kay\u0131p bal\u0131k\u00e7\u0131n\u0131n teknesine ula\u015f\u0131ld\u0131&lt;\/p&gt; \" data-medium-file=\"https:\/\/i0.wp.com\/www.tvturk.com\/wp-content\/uploads\/2019\/02\/kayip-balikcinin-teknesine-ulasildi_2e41ee7.jpg?fit=300%2C225\" data-large-file=\"https:\/\/i0.wp.com\/www.tvturk.com\/wp-content\/uploads\/2019\/02\/kayip-balikcinin-teknesine-ulasildi_2e41ee7.jpg?fit=1000%2C750\" src=\"https:\/\/i0.wp.com\/www.tvturk.com\/wp-content\/uploads\/2019\/02\/kayip-balikcinin-teknesine-ulasildi_2e41ee7.jpg?w=162&#038;h=121\" srcset=\"https:\/\/i0.wp.com\/www.tvturk.com\/wp-content\/uploads\/2019\/02\/kayip-balikcinin-teknesine-ulasildi_2e41ee7.jpg?w=1000 1000w, https:\/\/i0.wp.com\/www.tvturk.com\/wp-content\/uploads\/2019\/02\/kayip-balikcinin-teknesine-ulasildi_2e41ee7.jpg?resize=150%2C113 150w, https:\/\/i0.wp.com\/www.tvturk.com\/wp-content\/uploads\/2019\/02\/kayip-balikcinin-teknesine-ulasildi_2e41ee7.jpg?resize=300%2C225 300w, https:\/\/i0.wp.com\/www.tvturk.com\/wp-content\/uploads\/2019\/02\/kayip-balikcinin-teknesine-ulasildi_2e41ee7.jpg?resize=768%2C576 768w\" width=\"162\" height=\"121\" loading=\"lazy\" data-original-width=\"162\" data-original-height=\"121\" itemprop=\"http:\/\/schema.org\/image\" title=\"Kay\u0131p bal\u0131k\u00e7\u0131n\u0131n teknesine ula\u015f\u0131ld\u0131\" alt=\"Kay\u0131p bal\u0131k\u00e7\u0131n\u0131n teknesine ula\u015f\u0131ld\u0131\" style=\"width: 162px; height: 121px;\" \/> <\/a> <\/div> <\/div> <!-- close group --> <\/div> <!-- close row --> <div class=\"gallery-row\" style=\"width: 500px; height: 353px;\" data-original-width=\"500\" data-original-height=\"353\" > <div class=\"gallery-group images-2\" style=\"width: 234px; height: 353px;\" data-original-width=\"234\" data-original-height=\"353\" > <div class=\"tiled-gallery-item tiled-gallery-item-small\" itemprop=\"associatedMedia\" itemscope itemtype=\"http:\/\/schema.org\/ImageObject\"> <a href=\"http:\/\/www.tvturk.com\/index.php\/kayip-balikcinin-teknesine-ulasildi\/kayip-balikcinin-teknesine-ulasildi-6\/\" border=\"0\" itemprop=\"url\"> <meta itemprop=\"width\" content=\"230\"> <meta itemprop=\"height\" content=\"173\"> <img decoding=\"async\" class=\"\" data-attachment-id=\"37441\" data-orig-file=\"http:\/\/www.tvturk.com\/wp-content\/uploads\/2019\/02\/kayip-balikcinin-teknesine-ulasildi_d761491.jpg\" data-orig-size=\"1000,750\" data-comments-opened=\"\" data-image-meta=\"{&quot;aperture&quot;:&quot;0&quot;,&quot;credit&quot;:&quot;IHA&quot;,&quot;camera&quot;:&quot;&quot;,&quot;caption&quot;:&quot;BALIKES\\u0130R\\u2019\\u0130N MANYAS \\u0130L\\u00c7ES\\u0130NDE G\\u00d6LDE BALIK AVLAMAYA G\\u0130TT\\u0130\\u011e\\u0130 SIRADA KAYBOLAN BALIK\\u00c7ININ KAYIP TEKNES\\u0130NE ULA\\u015eILDI. (HASAN OTA\\u011e FIRINCIO\\u011eULLARI - H\\u00dcSEY\\u0130N TOKMAK\\\/BALIKES\\u0130R-\\u0130HA)&quot;,&quot;created_timestamp&quot;:&quot;0&quot;,&quot;copyright&quot;:&quot;\\u0130HLAS HABER AJANSI, www.iha.com.tr&quot;,&quot;focal_length&quot;:&quot;0&quot;,&quot;iso&quot;:&quot;0&quot;,&quot;shutter_speed&quot;:&quot;0&quot;,&quot;title&quot;:&quot;KAYIP BALIK\\u00c7ININ TEKNES\\u0130NE ULA\\u015eILDI&quot;,&quot;orientation&quot;:&quot;0&quot;}\" data-image-title=\"Kay\u0131p bal\u0131k\u00e7\u0131n\u0131n teknesine ula\u015f\u0131ld\u0131\" data-image-description=\"&lt;p&gt;Kay\u0131p bal\u0131k\u00e7\u0131n\u0131n teknesine ula\u015f\u0131ld\u0131&lt;\/p&gt; \" data-medium-file=\"https:\/\/i0.wp.com\/www.tvturk.com\/wp-content\/uploads\/2019\/02\/kayip-balikcinin-teknesine-ulasildi_d761491.jpg?fit=300%2C225\" data-large-file=\"https:\/\/i0.wp.com\/www.tvturk.com\/wp-content\/uploads\/2019\/02\/kayip-balikcinin-teknesine-ulasildi_d761491.jpg?fit=1000%2C750\" src=\"https:\/\/i0.wp.com\/www.tvturk.com\/wp-content\/uploads\/2019\/02\/kayip-balikcinin-teknesine-ulasildi_d761491.jpg?w=230&#038;h=173\" srcset=\"https:\/\/i0.wp.com\/www.tvturk.com\/wp-content\/uploads\/2019\/02\/kayip-balikcinin-teknesine-ulasildi_d761491.jpg?w=1000 1000w, https:\/\/i0.wp.com\/www.tvturk.com\/wp-content\/uploads\/2019\/02\/kayip-balikcinin-teknesine-ulasildi_d761491.jpg?resize=150%2C113 150w, https:\/\/i0.wp.com\/www.tvturk.com\/wp-content\/uploads\/2019\/02\/kayip-balikcinin-teknesine-ulasildi_d761491.jpg?resize=300%2C225 300w, https:\/\/i0.wp.com\/www.tvturk.com\/wp-content\/uploads\/2019\/02\/kayip-balikcinin-teknesine-ulasildi_d761491.jpg?resize=768%2C576 768w\" width=\"230\" height=\"173\" loading=\"lazy\" data-original-width=\"230\" data-original-height=\"173\" itemprop=\"http:\/\/schema.org\/image\" title=\"Kay\u0131p bal\u0131k\u00e7\u0131n\u0131n teknesine ula\u015f\u0131ld\u0131\" alt=\"Kay\u0131p bal\u0131k\u00e7\u0131n\u0131n teknesine ula\u015f\u0131ld\u0131\" style=\"width: 230px; height: 173px;\" \/> <\/a> <\/div> <div class=\"tiled-gallery-item tiled-gallery-item-small\" itemprop=\"associatedMedia\" itemscope itemtype=\"http:\/\/schema.org\/ImageObject\"> <a href=\"http:\/\/www.tvturk.com\/index.php\/kayip-balikcinin-teknesine-ulasildi\/kayip-balikcinin-teknesine-ulasildi-7\/\" border=\"0\" itemprop=\"url\"> <meta itemprop=\"width\" content=\"230\"> <meta itemprop=\"height\" content=\"172\"> <img decoding=\"async\" class=\"\" data-attachment-id=\"37442\" data-orig-file=\"http:\/\/www.tvturk.com\/wp-content\/uploads\/2019\/02\/kayip-balikcinin-teknesine-ulasildi_b3eed39.jpg\" data-orig-size=\"1000,750\" data-comments-opened=\"\" data-image-meta=\"{&quot;aperture&quot;:&quot;0&quot;,&quot;credit&quot;:&quot;IHA&quot;,&quot;camera&quot;:&quot;&quot;,&quot;caption&quot;:&quot;BALIKES\\u0130R\\u2019\\u0130N MANYAS \\u0130L\\u00c7ES\\u0130NDE G\\u00d6LDE BALIK AVLAMAYA G\\u0130TT\\u0130\\u011e\\u0130 SIRADA KAYBOLAN BALIK\\u00c7ININ KAYIP TEKNES\\u0130NE ULA\\u015eILDI. (HASAN OTA\\u011e FIRINCIO\\u011eULLARI - H\\u00dcSEY\\u0130N TOKMAK\\\/BALIKES\\u0130R-\\u0130HA)&quot;,&quot;created_timestamp&quot;:&quot;0&quot;,&quot;copyright&quot;:&quot;\\u0130HLAS HABER AJANSI, www.iha.com.tr&quot;,&quot;focal_length&quot;:&quot;0&quot;,&quot;iso&quot;:&quot;0&quot;,&quot;shutter_speed&quot;:&quot;0&quot;,&quot;title&quot;:&quot;KAYIP BALIK\\u00c7ININ TEKNES\\u0130NE ULA\\u015eILDI&quot;,&quot;orientation&quot;:&quot;0&quot;}\" data-image-title=\"Kay\u0131p bal\u0131k\u00e7\u0131n\u0131n teknesine ula\u015f\u0131ld\u0131\" data-image-description=\"&lt;p&gt;Kay\u0131p bal\u0131k\u00e7\u0131n\u0131n teknesine ula\u015f\u0131ld\u0131&lt;\/p&gt; \" data-medium-file=\"https:\/\/i0.wp.com\/www.tvturk.com\/wp-content\/uploads\/2019\/02\/kayip-balikcinin-teknesine-ulasildi_b3eed39.jpg?fit=300%2C225\" data-large-file=\"https:\/\/i0.wp.com\/www.tvturk.com\/wp-content\/uploads\/2019\/02\/kayip-balikcinin-teknesine-ulasildi_b3eed39.jpg?fit=1000%2C750\" src=\"https:\/\/i0.wp.com\/www.tvturk.com\/wp-content\/uploads\/2019\/02\/kayip-balikcinin-teknesine-ulasildi_b3eed39.jpg?w=230&#038;h=172\" srcset=\"https:\/\/i0.wp.com\/www.tvturk.com\/wp-content\/uploads\/2019\/02\/kayip-balikcinin-teknesine-ulasildi_b3eed39.jpg?w=1000 1000w, https:\/\/i0.wp.com\/www.tvturk.com\/wp-content\/uploads\/2019\/02\/kayip-balikcinin-teknesine-ulasildi_b3eed39.jpg?resize=150%2C113 150w, https:\/\/i0.wp.com\/www.tvturk.com\/wp-content\/uploads\/2019\/02\/kayip-balikcinin-teknesine-ulasildi_b3eed39.jpg?resize=300%2C225 300w, https:\/\/i0.wp.com\/www.tvturk.com\/wp-content\/uploads\/2019\/02\/kayip-balikcinin-teknesine-ulasildi_b3eed39.jpg?resize=768%2C576 768w\" width=\"230\" height=\"172\" loading=\"lazy\" data-original-width=\"230\" data-original-height=\"172\" itemprop=\"http:\/\/schema.org\/image\" title=\"Kay\u0131p bal\u0131k\u00e7\u0131n\u0131n teknesine ula\u015f\u0131ld\u0131\" alt=\"Kay\u0131p bal\u0131k\u00e7\u0131n\u0131n teknesine ula\u015f\u0131ld\u0131\" style=\"width: 230px; height: 172px;\" \/> <\/a> <\/div> <\/div> <!-- close group --> <div class=\"gallery-group images-1\" style=\"width: 266px; height: 353px;\" data-original-width=\"266\" data-original-height=\"353\" > <div class=\"tiled-gallery-item tiled-gallery-item-large\" itemprop=\"associatedMedia\" itemscope itemtype=\"http:\/\/schema.org\/ImageObject\"> <a href=\"http:\/\/www.tvturk.com\/index.php\/kayip-balikcinin-teknesine-ulasildi\/kayip-balikcinin-teknesine-ulasildi-8\/\" border=\"0\" itemprop=\"url\"> <meta itemprop=\"width\" content=\"262\"> <meta itemprop=\"height\" content=\"349\"> <img decoding=\"async\" class=\"\" data-attachment-id=\"37443\" data-orig-file=\"http:\/\/www.tvturk.com\/wp-content\/uploads\/2019\/02\/kayip-balikcinin-teknesine-ulasildi_c8844ba.jpg\" data-orig-size=\"750,1000\" data-comments-opened=\"\" data-image-meta=\"{&quot;aperture&quot;:&quot;0&quot;,&quot;credit&quot;:&quot;IHA&quot;,&quot;camera&quot;:&quot;&quot;,&quot;caption&quot;:&quot;BALIKES\\u0130R\\u2019\\u0130N MANYAS \\u0130L\\u00c7ES\\u0130NDE G\\u00d6LDE BALIK AVLAMAYA G\\u0130TT\\u0130\\u011e\\u0130 SIRADA KAYBOLAN BALIK\\u00c7ININ KAYIP TEKNES\\u0130NE ULA\\u015eILDI. (HASAN OTA\\u011e FIRINCIO\\u011eULLARI - H\\u00dcSEY\\u0130N TOKMAK\\\/BALIKES\\u0130R-\\u0130HA)&quot;,&quot;created_timestamp&quot;:&quot;0&quot;,&quot;copyright&quot;:&quot;\\u0130HLAS HABER AJANSI, www.iha.com.tr&quot;,&quot;focal_length&quot;:&quot;0&quot;,&quot;iso&quot;:&quot;0&quot;,&quot;shutter_speed&quot;:&quot;0&quot;,&quot;title&quot;:&quot;KAYIP BALIK\\u00c7ININ TEKNES\\u0130NE ULA\\u015eILDI&quot;,&quot;orientation&quot;:&quot;0&quot;}\" data-image-title=\"Kay\u0131p bal\u0131k\u00e7\u0131n\u0131n teknesine ula\u015f\u0131ld\u0131\" data-image-description=\"&lt;p&gt;Kay\u0131p bal\u0131k\u00e7\u0131n\u0131n teknesine ula\u015f\u0131ld\u0131&lt;\/p&gt; \" data-medium-file=\"https:\/\/i0.wp.com\/www.tvturk.com\/wp-content\/uploads\/2019\/02\/kayip-balikcinin-teknesine-ulasildi_c8844ba.jpg?fit=225%2C300\" data-large-file=\"https:\/\/i0.wp.com\/www.tvturk.com\/wp-content\/uploads\/2019\/02\/kayip-balikcinin-teknesine-ulasildi_c8844ba.jpg?fit=750%2C1000\" src=\"https:\/\/i0.wp.com\/www.tvturk.com\/wp-content\/uploads\/2019\/02\/kayip-balikcinin-teknesine-ulasildi_c8844ba.jpg?w=262&#038;h=349\" srcset=\"https:\/\/i0.wp.com\/www.tvturk.com\/wp-content\/uploads\/2019\/02\/kayip-balikcinin-teknesine-ulasildi_c8844ba.jpg?w=750 750w, https:\/\/i0.wp.com\/www.tvturk.com\/wp-content\/uploads\/2019\/02\/kayip-balikcinin-teknesine-ulasildi_c8844ba.jpg?resize=113%2C150 113w, https:\/\/i0.wp.com\/www.tvturk.com\/wp-content\/uploads\/2019\/02\/kayip-balikcinin-teknesine-ulasildi_c8844ba.jpg?resize=225%2C300 225w\" width=\"262\" height=\"349\" loading=\"lazy\" data-original-width=\"262\" data-original-height=\"349\" itemprop=\"http:\/\/schema.org\/image\" title=\"Kay\u0131p bal\u0131k\u00e7\u0131n\u0131n teknesine ula\u015f\u0131ld\u0131\" alt=\"Kay\u0131p bal\u0131k\u00e7\u0131n\u0131n teknesine ula\u015f\u0131ld\u0131\" style=\"width: 262px; height: 349px;\" \/> <\/a> <\/div> <\/div> <!-- close group --> <\/div> <!-- close row --> <\/div><\/p>\n","protected":false},"excerpt":{"rendered":"<p>BALIKES\u0130R\u2019\u0130N MANYAS \u0130L\u00c7ES\u0130NDE G\u00d6LDE BALIK AVLAMAYA G\u0130TT\u0130\u011e\u0130 SIRADA KAYBOLAN BALIK\u00c7ININ KAYIP TEKNES\u0130NE ULA\u015eILDI.<\/p>\n","protected":false},"author":1,"featured_media":37437,"comment_status":"closed","ping_status":"open","sticky":false,"template":"","format":"standard","meta":{"jetpack_post_was_ever_published":false,"_jetpack_newsletter_access":"","_jetpack_dont_email_post_to_subs":false,"_jetpack_newsletter_tier_id":0,"_jetpack_memberships_contains_paywalled_content":false,"_jetpack_memberships_contains_paid_content":false,"footnotes":"","jetpack_publicize_message":"","jetpack_publicize_feature_enabled":true,"jetpack_social_post_already_shared":false,"jetpack_social_options":{"image_generator_settings":{"template":"highway","default_image_id":0,"font":"","enabled":false},"version":2}},"categories":[655],"tags":[3392,952,13846,1340],"class_list":["post-37436","post","type-post","status-publish","format-standard","has-post-thumbnail","hentry","category-son-dakika","tag-balikcinin","tag-kayip","tag-teknesine","tag-ulasildi"],"jetpack_publicize_connections":[],"jetpack_featured_media_url":"https:\/\/i0.wp.com\/www.tvturk.com\/wp-content\/uploads\/2019\/02\/kayip-balikcinin-teknesine-ulasildi_894fa4e.jpg?fit=1000%2C750","jetpack_sharing_enabled":true,"jetpack_shortlink":"https:\/\/wp.me\/paKIfm-9JO","_links":{"self":[{"href":"http:\/\/www.tvturk.com\/index.php\/wp-json\/wp\/v2\/posts\/37436","targetHints":{"allow":["GET"]}}],"collection":[{"href":"http:\/\/www.tvturk.com\/index.php\/wp-json\/wp\/v2\/posts"}],"about":[{"href":"http:\/\/www.tvturk.com\/index.php\/wp-json\/wp\/v2\/types\/post"}],"author":[{"embeddable":true,"href":"http:\/\/www.tvturk.com\/index.php\/wp-json\/wp\/v2\/users\/1"}],"replies":[{"embeddable":true,"href":"http:\/\/www.tvturk.com\/index.php\/wp-json\/wp\/v2\/comments?post=37436"}],"version-history":[{"count":1,"href":"http:\/\/www.tvturk.com\/index.php\/wp-json\/wp\/v2\/posts\/37436\/revisions"}],"predecessor-version":[{"id":37444,"href":"http:\/\/www.tvturk.com\/index.php\/wp-json\/wp\/v2\/posts\/37436\/revisions\/37444"}],"wp:featuredmedia":[{"embeddable":true,"href":"http:\/\/www.tvturk.com\/index.php\/wp-json\/wp\/v2\/media\/37437"}],"wp:attachment":[{"href":"http:\/\/www.tvturk.com\/index.php\/wp-json\/wp\/v2\/media?parent=37436"}],"wp:term":[{"taxonomy":"category","embeddable":true,"href":"http:\/\/www.tvturk.com\/index.php\/wp-json\/wp\/v2\/categories?post=37436"},{"taxonomy":"post_tag","embeddable":true,"href":"http:\/\/www.tvturk.com\/index.php\/wp-json\/wp\/v2\/tags?post=37436"}],"curies":[{"name":"wp","href":"https:\/\/api.w.org\/{rel}","templated":true}]}}