{"id":37606,"date":"2019-02-16T00:41:11","date_gmt":"2019-02-15T21:41:11","guid":{"rendered":"http:\/\/www.tvturk.com\/index.php\/dugerek-e-tipi-kapali-cezaevinde-yangin\/"},"modified":"2019-02-16T00:41:11","modified_gmt":"2019-02-15T21:41:11","slug":"dugerek-e-tipi-kapali-cezaevinde-yangin","status":"publish","type":"post","link":"http:\/\/www.tvturk.com\/index.php\/dugerek-e-tipi-kapali-cezaevinde-yangin\/","title":{"rendered":"D\u00fc\u011ferek E Tipi Kapal\u0131 Cezaevi\u2019nde yang\u0131n"},"content":{"rendered":"<p>Mu\u011fla\u2019n\u0131n Mente\u015fe \u0130l\u00e7esi\u2019nde bulunan D\u00fc\u011ferek E Tipi Kapal\u0131 Cezaevi\u2019nde \u00e7\u0131kan yang\u0131n b\u00fcy\u00fcmeden s\u00f6nd\u00fcr\u00fcld\u00fc.<\/p>\n<p>Olay, Mente\u015fe\u2019deki D\u00fc\u011ferek Cezaevi\u2019nde meydana geldi. Cezaevinin at\u00f6lye k\u0131sm\u0131nda kullan\u0131lan bir elektronik e\u015fyan\u0131n elektrik aksam\u0131ndan yang\u0131n \u00e7\u0131kt\u0131. Yang\u0131n\u0131n 112 Acil \u00c7a\u011fr\u0131 Merkezi\u2019ne  bildirilmesi sonras\u0131 b\u00f6lgeye itfaiye ve polis ekipleri sevk edildi. \u0130tfaiye ekiplerinin m\u00fcdahalesi ile yang\u0131n b\u00fcy\u00fcmeden s\u00f6nd\u00fcr\u00fcld\u00fc. Olay sonras\u0131 cezaevinde yaralanma ya da zehirlenme ya\u015fanmad\u0131\u011f\u0131 \u00f6\u011frenildi.<\/p>\n","protected":false},"excerpt":{"rendered":"<p>D\u00dc\u011eEREK E T\u0130P\u0130 KAPALI CEZAEV\u0130&#8217;NDE YANGIN<\/p>\n","protected":false},"author":1,"featured_media":37607,"comment_status":"closed","ping_status":"open","sticky":false,"template":"","format":"standard","meta":{"jetpack_post_was_ever_published":false,"_jetpack_newsletter_access":"","_jetpack_dont_email_post_to_subs":false,"_jetpack_newsletter_tier_id":0,"_jetpack_memberships_contains_paywalled_content":false,"_jetpack_memberships_contains_paid_content":false,"footnotes":"","jetpack_publicize_message":"","jetpack_publicize_feature_enabled":true,"jetpack_social_post_already_shared":false,"jetpack_social_options":{"image_generator_settings":{"template":"highway","default_image_id":0,"font":"","enabled":false},"version":2}},"categories":[655],"tags":[12227,13881,2004,6474,1617],"class_list":["post-37606","post","type-post","status-publish","format-standard","has-post-thumbnail","hentry","category-son-dakika","tag-cezaevinde","tag-dugerek","tag-kapali","tag-tipi","tag-yangin"],"jetpack_publicize_connections":[],"jetpack_featured_media_url":"https:\/\/i0.wp.com\/www.tvturk.com\/wp-content\/uploads\/2019\/02\/dugerek-e-tipi-kapali-cezaevinde-yangin_d7c6e09.jpg?fit=620%2C310","jetpack_sharing_enabled":true,"jetpack_shortlink":"https:\/\/wp.me\/paKIfm-9My","_links":{"self":[{"href":"http:\/\/www.tvturk.com\/index.php\/wp-json\/wp\/v2\/posts\/37606","targetHints":{"allow":["GET"]}}],"collection":[{"href":"http:\/\/www.tvturk.com\/index.php\/wp-json\/wp\/v2\/posts"}],"about":[{"href":"http:\/\/www.tvturk.com\/index.php\/wp-json\/wp\/v2\/types\/post"}],"author":[{"embeddable":true,"href":"http:\/\/www.tvturk.com\/index.php\/wp-json\/wp\/v2\/users\/1"}],"replies":[{"embeddable":true,"href":"http:\/\/www.tvturk.com\/index.php\/wp-json\/wp\/v2\/comments?post=37606"}],"version-history":[{"count":0,"href":"http:\/\/www.tvturk.com\/index.php\/wp-json\/wp\/v2\/posts\/37606\/revisions"}],"wp:featuredmedia":[{"embeddable":true,"href":"http:\/\/www.tvturk.com\/index.php\/wp-json\/wp\/v2\/media\/37607"}],"wp:attachment":[{"href":"http:\/\/www.tvturk.com\/index.php\/wp-json\/wp\/v2\/media?parent=37606"}],"wp:term":[{"taxonomy":"category","embeddable":true,"href":"http:\/\/www.tvturk.com\/index.php\/wp-json\/wp\/v2\/categories?post=37606"},{"taxonomy":"post_tag","embeddable":true,"href":"http:\/\/www.tvturk.com\/index.php\/wp-json\/wp\/v2\/tags?post=37606"}],"curies":[{"name":"wp","href":"https:\/\/api.w.org\/{rel}","templated":true}]}}