{"id":37722,"date":"2019-02-16T08:41:15","date_gmt":"2019-02-16T05:41:15","guid":{"rendered":"http:\/\/www.tvturk.com\/index.php\/aydin-polisi-otobus-firmalarini-bilgilendirdi\/"},"modified":"2019-02-16T08:41:17","modified_gmt":"2019-02-16T05:41:17","slug":"aydin-polisi-otobus-firmalarini-bilgilendirdi","status":"publish","type":"post","link":"http:\/\/www.tvturk.com\/index.php\/aydin-polisi-otobus-firmalarini-bilgilendirdi\/","title":{"rendered":"Ayd\u0131n polisi otob\u00fcs firmalar\u0131n\u0131 bilgilendirdi"},"content":{"rendered":"<p>Ayd\u0131n \u0130l Emniyet M\u00fcd\u00fcrl\u00fc\u011f\u00fc personeli taraf\u0131ndan, trafik kazalar\u0131ndan kaynaklanan can kay\u0131plar\u0131n\u0131 en aza indirilmesi amac\u0131yla \u015eehirleraras\u0131 Otob\u00fcs Terminalinde e\u011fitim ve bilgilendirme toplant\u0131s\u0131 d\u00fczenlendi.<\/p>\n<p>Trafik g\u00fcvenli\u011finin sa\u011flanmas\u0131 ve trafik kazalar\u0131ndan kaynaklanan can kay\u0131plar\u0131n\u0131n en aza indirilmesi amac\u0131yla \u015fehirler ve il\u00e7e merkez aras\u0131 yolcu ta\u015f\u0131mac\u0131l\u0131\u011f\u0131nda faaliyet g\u00f6steren otob\u00fcs firmalar\u0131n\u0131n yetkilileri veya temsilcileri ile Ayd\u0131n \u015eehirleraras\u0131 Otob\u00fcs Terminalinde bilgilendirme ve de\u011ferlendirme toplant\u0131s\u0131 d\u00fczenlendi.<\/p>\n<p>\u0130l Emniyet M\u00fcd\u00fcrl\u00fc\u011f\u00fc Trafik Denetleme \u015eube M\u00fcd\u00fcrl\u00fc\u011f\u00fcnce d\u00fczenlenen toplant\u0131da Trafik \u015eube M\u00fcd\u00fcr\u00fc, 1 Komiser Yard\u0131mc\u0131s\u0131 ile 2 polis memuru taraf\u0131ndan yolcu ta\u015f\u0131mac\u0131l\u0131\u011f\u0131 faaliyetinde bulunan 22 firmadan 38 yetkiliye gerekli bilgilendirmede bulunuldu.<\/p>\n<p>Ayd\u0131n\u2019da ger\u00e7ekle\u015ftirilen toplant\u0131 kapsam\u0131nda; \u00fclke genelinde 2018 y\u0131l\u0131nda meydana gelen \u00f6l\u00fcml\u00fc ve yaralanmal\u0131 trafik kazalar\u0131 bir \u00f6nceki y\u0131la g\u00f6re y\u00fczde 2 oran\u0131nda art\u0131\u015f g\u00f6sterirken, otob\u00fcs kazalar\u0131ndaki art\u0131\u015f oran\u0131n\u0131n ise y\u00fczde 10 seviyelerine \u00e7\u0131kt\u0131\u011f\u0131na dikkat \u00e7ekildi. Vatanda\u015flar\u0131n y\u00fczde 89\u2019unun karayolu ta\u015f\u0131mac\u0131l\u0131\u011f\u0131 ile yolculuk yapt\u0131\u011f\u0131 T\u00fckiye\u2019de, bu yo\u011funluktan kaynakl\u0131 olarak karayollar\u0131nda ya\u015fanan \u00f6l\u00fcml\u00fc ve yaralanmal\u0131 trafik kazalar\u0131n\u0131 en aza indirmenin hedeflendi\u011fi kaydedildi. Bu konuda firmalara d\u00fc\u015fen sorumluluklara de\u011finilen toplant\u0131da, trafik g\u00fcvenli\u011finin sa\u011flanmas\u0131na y\u00f6nelik taleplerde bulunuldu.<\/p>\n<p>Toplant\u0131da yolcu ta\u015f\u0131mac\u0131l\u0131\u011f\u0131n\u0131n genel durumu, trafik kazalar\u0131 ve sonu\u00e7lar\u0131, otob\u00fcs denetimleri, \u015fof\u00f6rlere ve sekt\u00f6re y\u00f6nelik tespitler ve trafik g\u00fcvenli\u011fini art\u0131r\u0131c\u0131 \u00f6neriler \u00fczerinde durularak, kar\u015f\u0131l\u0131kl\u0131 g\u00f6r\u00fc\u015f ve fikir al\u0131\u015fveri\u015finde bulunuldu.<div class=\"tiled-gallery type-rectangular tiled-gallery-unresized\" data-original-width=\"500\" data-carousel-extra='null' itemscope itemtype=\"http:\/\/schema.org\/ImageGallery\" > <div class=\"gallery-row\" style=\"width: 500px; height: 136px;\" data-original-width=\"500\" data-original-height=\"136\" > <div class=\"gallery-group images-1\" style=\"width: 236px; height: 136px;\" data-original-width=\"236\" data-original-height=\"136\" > <div class=\"tiled-gallery-item tiled-gallery-item-small\" itemprop=\"associatedMedia\" itemscope itemtype=\"http:\/\/schema.org\/ImageObject\"> <a href=\"http:\/\/www.tvturk.com\/index.php\/aydin-polisi-otobus-firmalarini-bilgilendirdi\/aydin-polisi-otobus-firmalarini-bilgilendirdi-3\/\" border=\"0\" itemprop=\"url\"> <meta itemprop=\"width\" content=\"232\"> <meta itemprop=\"height\" content=\"132\"> <img decoding=\"async\" class=\"\" data-attachment-id=\"37724\" data-orig-file=\"http:\/\/www.tvturk.com\/wp-content\/uploads\/2019\/02\/aydin-polisi-otobus-firmalarini-bilgilendirdi_3016884.jpg\" data-orig-size=\"1000,569\" data-comments-opened=\"\" data-image-meta=\"{&quot;aperture&quot;:&quot;0&quot;,&quot;credit&quot;:&quot;IHA&quot;,&quot;camera&quot;:&quot;&quot;,&quot;caption&quot;:&quot;AYDIN \\u0130L EMN\\u0130YET M\\u00dcD\\u00dcRL\\u00dc\\u011e\\u00dc PERSONEL\\u0130 TARAFINDAN, TRAF\\u0130K KAZALARINDAN KAYNAKLANAN CAN KAYIPLARINI EN AZA \\u0130ND\\u0130R\\u0130LMES\\u0130 AMACIYLA \\u015eEH\\u0130RLERARASI OTOB\\u00dcS TERM\\u0130NAL\\u0130\\u2019NDE E\\u011e\\u0130T\\u0130M VE B\\u0130LG\\u0130LEND\\u0130RME TOPLANTISI D\\u00dcZENLEND\\u0130. (ONUR DURMU\\u015e\\\/AYDIN-\\u0130HA)&quot;,&quot;created_timestamp&quot;:&quot;0&quot;,&quot;copyright&quot;:&quot;\\u0130HLAS HABER AJANSI, www.iha.com.tr&quot;,&quot;focal_length&quot;:&quot;0&quot;,&quot;iso&quot;:&quot;0&quot;,&quot;shutter_speed&quot;:&quot;0&quot;,&quot;title&quot;:&quot;AYDIN POL\\u0130S\\u0130 OTOB\\u00dcS F\\u0130RMALARINI B\\u0130LG\\u0130LEND\\u0130RD\\u0130&quot;,&quot;orientation&quot;:&quot;0&quot;}\" data-image-title=\"Ayd\u0131n polisi otob\u00fcs firmalar\u0131n\u0131 bilgilendirdi\" data-image-description=\"&lt;p&gt;Ayd\u0131n polisi otob\u00fcs firmalar\u0131n\u0131 bilgilendirdi&lt;\/p&gt; \" data-medium-file=\"https:\/\/i0.wp.com\/www.tvturk.com\/wp-content\/uploads\/2019\/02\/aydin-polisi-otobus-firmalarini-bilgilendirdi_3016884.jpg?fit=300%2C171\" data-large-file=\"https:\/\/i0.wp.com\/www.tvturk.com\/wp-content\/uploads\/2019\/02\/aydin-polisi-otobus-firmalarini-bilgilendirdi_3016884.jpg?fit=1000%2C569\" src=\"https:\/\/i0.wp.com\/www.tvturk.com\/wp-content\/uploads\/2019\/02\/aydin-polisi-otobus-firmalarini-bilgilendirdi_3016884.jpg?w=232&#038;h=132\" srcset=\"https:\/\/i0.wp.com\/www.tvturk.com\/wp-content\/uploads\/2019\/02\/aydin-polisi-otobus-firmalarini-bilgilendirdi_3016884.jpg?w=1000 1000w, https:\/\/i0.wp.com\/www.tvturk.com\/wp-content\/uploads\/2019\/02\/aydin-polisi-otobus-firmalarini-bilgilendirdi_3016884.jpg?resize=150%2C85 150w, https:\/\/i0.wp.com\/www.tvturk.com\/wp-content\/uploads\/2019\/02\/aydin-polisi-otobus-firmalarini-bilgilendirdi_3016884.jpg?resize=300%2C171 300w, https:\/\/i0.wp.com\/www.tvturk.com\/wp-content\/uploads\/2019\/02\/aydin-polisi-otobus-firmalarini-bilgilendirdi_3016884.jpg?resize=768%2C437 768w, https:\/\/i0.wp.com\/www.tvturk.com\/wp-content\/uploads\/2019\/02\/aydin-polisi-otobus-firmalarini-bilgilendirdi_3016884.jpg?resize=200%2C113 200w\" width=\"232\" height=\"132\" loading=\"lazy\" data-original-width=\"232\" data-original-height=\"132\" itemprop=\"http:\/\/schema.org\/image\" title=\"Ayd\u0131n polisi otob\u00fcs firmalar\u0131n\u0131 bilgilendirdi\" alt=\"Ayd\u0131n polisi otob\u00fcs firmalar\u0131n\u0131 bilgilendirdi\" style=\"width: 232px; height: 132px;\" \/> <\/a> <\/div> <\/div> <!-- close group --> <div class=\"gallery-group images-1\" style=\"width: 264px; height: 136px;\" data-original-width=\"264\" data-original-height=\"136\" > <div class=\"tiled-gallery-item tiled-gallery-item-large\" itemprop=\"associatedMedia\" itemscope itemtype=\"http:\/\/schema.org\/ImageObject\"> <a href=\"http:\/\/www.tvturk.com\/index.php\/aydin-polisi-otobus-firmalarini-bilgilendirdi\/aydin-polisi-otobus-firmalarini-bilgilendirdi-4\/\" border=\"0\" itemprop=\"url\"> <meta itemprop=\"width\" content=\"260\"> <meta itemprop=\"height\" content=\"132\"> <img decoding=\"async\" class=\"\" data-attachment-id=\"37725\" data-orig-file=\"http:\/\/www.tvturk.com\/wp-content\/uploads\/2019\/02\/aydin-polisi-otobus-firmalarini-bilgilendirdi_70712a2.jpg\" data-orig-size=\"946,480\" data-comments-opened=\"\" data-image-meta=\"{&quot;aperture&quot;:&quot;2.8&quot;,&quot;credit&quot;:&quot;IHA&quot;,&quot;camera&quot;:&quot;COOLPIX W300&quot;,&quot;caption&quot;:&quot;AYDIN \\u0130L EMN\\u0130YET M\\u00dcD\\u00dcRL\\u00dc\\u011e\\u00dc PERSONEL\\u0130 TARAFINDAN, TRAF\\u0130K KAZALARINDAN KAYNAKLANAN CAN KAYIPLARINI EN AZA \\u0130ND\\u0130R\\u0130LMES\\u0130 AMACIYLA \\u015eEH\\u0130RLERARASI OTOB\\u00dcS TERM\\u0130NAL\\u0130\\u2019NDE E\\u011e\\u0130T\\u0130M VE B\\u0130LG\\u0130LEND\\u0130RME TOPLANTISI D\\u00dcZENLEND\\u0130. (ONUR DURMU\\u015e\\\/AYDIN-\\u0130HA)&quot;,&quot;created_timestamp&quot;:&quot;1550334480&quot;,&quot;copyright&quot;:&quot;\\u0130HLAS HABER AJANSI, www.iha.com.tr&quot;,&quot;focal_length&quot;:&quot;4.3&quot;,&quot;iso&quot;:&quot;160&quot;,&quot;shutter_speed&quot;:&quot;0.033333333333333&quot;,&quot;title&quot;:&quot;AYDIN POL\\u0130S\\u0130 OTOB\\u00dcS F\\u0130RMALARINI B\\u0130LG\\u0130LEND\\u0130RD\\u0130&quot;,&quot;orientation&quot;:&quot;1&quot;}\" data-image-title=\"Ayd\u0131n polisi otob\u00fcs firmalar\u0131n\u0131 bilgilendirdi\" data-image-description=\"&lt;p&gt;Ayd\u0131n polisi otob\u00fcs firmalar\u0131n\u0131 bilgilendirdi&lt;\/p&gt; \" data-medium-file=\"https:\/\/i0.wp.com\/www.tvturk.com\/wp-content\/uploads\/2019\/02\/aydin-polisi-otobus-firmalarini-bilgilendirdi_70712a2.jpg?fit=300%2C152\" data-large-file=\"https:\/\/i0.wp.com\/www.tvturk.com\/wp-content\/uploads\/2019\/02\/aydin-polisi-otobus-firmalarini-bilgilendirdi_70712a2.jpg?fit=946%2C480\" src=\"https:\/\/i0.wp.com\/www.tvturk.com\/wp-content\/uploads\/2019\/02\/aydin-polisi-otobus-firmalarini-bilgilendirdi_70712a2.jpg?w=260&#038;h=132\" srcset=\"https:\/\/i0.wp.com\/www.tvturk.com\/wp-content\/uploads\/2019\/02\/aydin-polisi-otobus-firmalarini-bilgilendirdi_70712a2.jpg?w=946 946w, https:\/\/i0.wp.com\/www.tvturk.com\/wp-content\/uploads\/2019\/02\/aydin-polisi-otobus-firmalarini-bilgilendirdi_70712a2.jpg?resize=150%2C76 150w, https:\/\/i0.wp.com\/www.tvturk.com\/wp-content\/uploads\/2019\/02\/aydin-polisi-otobus-firmalarini-bilgilendirdi_70712a2.jpg?resize=300%2C152 300w, https:\/\/i0.wp.com\/www.tvturk.com\/wp-content\/uploads\/2019\/02\/aydin-polisi-otobus-firmalarini-bilgilendirdi_70712a2.jpg?resize=768%2C390 768w, https:\/\/i0.wp.com\/www.tvturk.com\/wp-content\/uploads\/2019\/02\/aydin-polisi-otobus-firmalarini-bilgilendirdi_70712a2.jpg?resize=780%2C400 780w\" width=\"260\" height=\"132\" loading=\"lazy\" data-original-width=\"260\" data-original-height=\"132\" itemprop=\"http:\/\/schema.org\/image\" title=\"Ayd\u0131n polisi otob\u00fcs firmalar\u0131n\u0131 bilgilendirdi\" alt=\"Ayd\u0131n polisi otob\u00fcs firmalar\u0131n\u0131 bilgilendirdi\" style=\"width: 260px; height: 132px;\" \/> <\/a> <\/div> <\/div> <!-- close group --> <\/div> <!-- close row --> <\/div><\/p>\n","protected":false},"excerpt":{"rendered":"<p>AYDIN \u0130L EMN\u0130YET M\u00dcD\u00dcRL\u00dc\u011e\u00dc PERSONEL\u0130 TARAFINDAN, TRAF\u0130K KAZALARINDAN KAYNAKLANAN CAN KAYIPLARINI EN AZA \u0130ND\u0130R\u0130LMES\u0130 AMACIYLA \u015eEH\u0130RLERARASI OTOB\u00dcS TERM\u0130NAL\u0130\u2019NDE E\u011e\u0130T\u0130M VE B\u0130LG\u0130LEND\u0130RME TOPLANTISI D\u00dcZENLEND\u0130.<\/p>\n","protected":false},"author":1,"featured_media":37723,"comment_status":"closed","ping_status":"open","sticky":false,"template":"","format":"standard","meta":{"jetpack_post_was_ever_published":false,"_jetpack_newsletter_access":"","_jetpack_dont_email_post_to_subs":false,"_jetpack_newsletter_tier_id":0,"_jetpack_memberships_contains_paywalled_content":false,"_jetpack_memberships_contains_paid_content":false,"footnotes":"","jetpack_publicize_message":"","jetpack_publicize_feature_enabled":true,"jetpack_social_post_already_shared":false,"jetpack_social_options":{"image_generator_settings":{"template":"highway","default_image_id":0,"font":"","enabled":false},"version":2}},"categories":[655],"tags":[426,5008,3080,5631,1675],"class_list":["post-37722","post","type-post","status-publish","format-standard","has-post-thumbnail","hentry","category-son-dakika","tag-aydin","tag-bilgilendirdi","tag-firmalarini","tag-otobus","tag-polisi"],"jetpack_publicize_connections":[],"jetpack_featured_media_url":"https:\/\/i0.wp.com\/www.tvturk.com\/wp-content\/uploads\/2019\/02\/aydin-polisi-otobus-firmalarini-bilgilendirdi_85ed909.jpg?fit=1000%2C583","jetpack_sharing_enabled":true,"jetpack_shortlink":"https:\/\/wp.me\/paKIfm-9Oq","_links":{"self":[{"href":"http:\/\/www.tvturk.com\/index.php\/wp-json\/wp\/v2\/posts\/37722","targetHints":{"allow":["GET"]}}],"collection":[{"href":"http:\/\/www.tvturk.com\/index.php\/wp-json\/wp\/v2\/posts"}],"about":[{"href":"http:\/\/www.tvturk.com\/index.php\/wp-json\/wp\/v2\/types\/post"}],"author":[{"embeddable":true,"href":"http:\/\/www.tvturk.com\/index.php\/wp-json\/wp\/v2\/users\/1"}],"replies":[{"embeddable":true,"href":"http:\/\/www.tvturk.com\/index.php\/wp-json\/wp\/v2\/comments?post=37722"}],"version-history":[{"count":1,"href":"http:\/\/www.tvturk.com\/index.php\/wp-json\/wp\/v2\/posts\/37722\/revisions"}],"predecessor-version":[{"id":37726,"href":"http:\/\/www.tvturk.com\/index.php\/wp-json\/wp\/v2\/posts\/37722\/revisions\/37726"}],"wp:featuredmedia":[{"embeddable":true,"href":"http:\/\/www.tvturk.com\/index.php\/wp-json\/wp\/v2\/media\/37723"}],"wp:attachment":[{"href":"http:\/\/www.tvturk.com\/index.php\/wp-json\/wp\/v2\/media?parent=37722"}],"wp:term":[{"taxonomy":"category","embeddable":true,"href":"http:\/\/www.tvturk.com\/index.php\/wp-json\/wp\/v2\/categories?post=37722"},{"taxonomy":"post_tag","embeddable":true,"href":"http:\/\/www.tvturk.com\/index.php\/wp-json\/wp\/v2\/tags?post=37722"}],"curies":[{"name":"wp","href":"https:\/\/api.w.org\/{rel}","templated":true}]}}