{"id":37749,"date":"2019-02-16T09:11:46","date_gmt":"2019-02-16T06:11:46","guid":{"rendered":"http:\/\/www.tvturk.com\/index.php\/balikcilarin-umudu-torik\/"},"modified":"2019-02-16T09:11:47","modified_gmt":"2019-02-16T06:11:47","slug":"balikcilarin-umudu-torik","status":"publish","type":"post","link":"http:\/\/www.tvturk.com\/index.php\/balikcilarin-umudu-torik\/","title":{"rendered":"Bal\u0131k\u00e7\u0131lar\u0131n umudu \u2018Torik\u2019"},"content":{"rendered":"<p>Karadeniz\u2019de nadir g\u00f6r\u00fclen \u2018Torik\u2019 bal\u0131\u011f\u0131 son g\u00fcnlerde bal\u0131k\u00e7\u0131lar\u0131n a\u011flar\u0131na tak\u0131lmaya ba\u015flay\u0131nca gelecek sezon i\u00e7in umutlar y\u00fckseldi.<\/p>\n<p>Giresun Piraziz Su \u00dcr\u00fcnleri Kooperatifi Ba\u015fkan\u0131 Hamdi Arslan, torik bal\u0131\u011f\u0131n\u0131n bol olmas\u0131n\u0131n \u015fa\u015f\u0131rt\u0131c\u0131 oldu\u011funu belirterek y\u0131llard\u0131r b\u00f6yle bir \u015fey g\u00f6rmediklerini kaydetti. Karadeniz\u2019de son zamanlarda \u00f6zellikle dip avlar\u0131nda torik bal\u0131\u011f\u0131n\u0131n a\u011flara tak\u0131lmaya ba\u015flad\u0131\u011f\u0131n\u0131 ifade eden Arslan, torik bal\u0131\u011f\u0131n\u0131n bollu\u011funa dikkat \u00e7ekerek \u201cBu bizim i\u00e7in \u00e7ok \u015fa\u015f\u0131rt\u0131c\u0131 ki biz y\u0131llard\u0131r b\u00f6yle bir \u015fey g\u00f6rmedik. Bu sene k\u0131y\u0131lar\u0131m\u0131zda bol da bir torik avc\u0131l\u0131\u011f\u0131 oldu buda bizi \u015f\u00f6yle umutland\u0131r\u0131yor denizciler olarak. Palamut bal\u0131\u011f\u0131n\u0131n, torik bal\u0131\u011f\u0131n\u0131n Karadeniz\u2019de kald\u0131\u011f\u0131, bo\u011fazlardan ge\u00e7ip k\u0131y\u0131lar\u0131m\u0131z\u0131 terk etmedi\u011fi anlam\u0131na geliyor buda sezon i\u00e7in umut veriyor bizlere\u201d dedi.<\/p>\n<p>Torik bal\u0131\u011f\u0131n\u0131n bu aylarda a\u011flara tak\u0131lmas\u0131n\u0131n bal\u0131\u011f\u0131n\u0131n yeni sezonda daha bol olaca\u011f\u0131n\u0131n i\u015fareti olarak g\u00f6rd\u00fcklerini kaydeden Arslan, \u201cBal\u0131\u011f\u0131n denizde kalmas\u0131 ve erken havyar d\u00f6kmesi ile bu sene palamut di\u011fer senelere oranla daha erken \u00e7\u0131kabilece\u011finin ve daha bol olabilece\u011finin i\u015faretidir\u201d ifadelerini kulland\u0131.<\/p>\n<p>Karadeniz\u2019de su s\u0131cakl\u0131\u011f\u0131n\u0131n y\u00fcksek oldu\u011funu kaydeden Arslan, \u201cBal\u0131\u011f\u0131n avlanmas\u0131 i\u00e7in havalar\u0131nda \u00f6nemi var. \u015eu anda biz k\u0131\u015f sezonu ya\u015fam\u0131yoruz yani denizin do\u011fal dengesi de \u00e7ok \u00f6nemli. Havalar\u0131n \u00e7ok g\u00fczel olmas\u0131 da denizin \u00e7ok sade olmas\u0131 da \u00e7ok olumlu bir tablo de\u011fil. \u015eu anda Karadeniz\u2019in ge\u00e7mi\u015f y\u0131llara oranla su s\u0131cakl\u0131\u011f\u0131 \u00e7ok y\u00fcksek\u201d diye konu\u015ftu.<\/p>\n<p>Torik Bal\u0131\u011f\u0131<\/p>\n<p>Halk\u0131n genelinin Palamut bal\u0131\u011f\u0131n\u0131n b\u00fcy\u00fc\u011f\u00fc olarak bildi\u011fi Torik Bal\u0131\u011f\u0131, asl\u0131nda kendine has bir bal\u0131k t\u00fcr\u00fcd\u00fcr. Torik bal\u0131\u011f\u0131n\u0131n k\u00fc\u00e7\u00fck olanlar\u0131na Tombak Bal\u0131\u011f\u0131 ad\u0131 verilir. Torik Bal\u0131\u011f\u0131 Pelajik bal\u0131klar s\u0131n\u0131f\u0131ndad\u0131r. Gezen bir bal\u0131k olup, beslenmesini y\u00fczerken a\u011fz\u0131n\u0131 a\u00e7arak yedi\u011fi deniz canl\u0131lar\u0131 ile olur. Yerinde durmay\u0131 sevmez ve olduk\u00e7a h\u0131zl\u0131 b\u00fcy\u00fcr. Torik, uskumrugiller ailesinin bir \u00fcyesidir. Akdeniz, Karadeniz ve Atlas Okyanusunda ya\u015far. \u00d6zellikle konserve bal\u0131k\u00e7\u0131l\u0131\u011f\u0131nda \u00f6nemli bir yeri vard\u0131r. Boylar\u0131 1 metreye kadar ula\u015fabilen bu t\u00fcr, ya\u015flar\u0131na g\u00f6re Torik, Palamut, Sivri, Alt\u0131parmak, \u00c7ingene Palamudu, Kestane Palamudu gibi de\u011fi\u015fik isimlerle an\u0131l\u0131r.<div class=\"tiled-gallery type-rectangular tiled-gallery-unresized\" data-original-width=\"500\" data-carousel-extra='null' itemscope itemtype=\"http:\/\/schema.org\/ImageGallery\" > <div class=\"gallery-row\" style=\"width: 500px; height: 376px;\" data-original-width=\"500\" data-original-height=\"376\" > <div class=\"gallery-group images-1\" style=\"width: 500px; height: 376px;\" data-original-width=\"500\" data-original-height=\"376\" > <div class=\"tiled-gallery-item tiled-gallery-item-large\" itemprop=\"associatedMedia\" itemscope itemtype=\"http:\/\/schema.org\/ImageObject\"> <a href=\"http:\/\/www.tvturk.com\/index.php\/balikcilarin-umudu-torik\/balikcilarin-umudu-torik-3\/\" border=\"0\" itemprop=\"url\"> <meta itemprop=\"width\" content=\"496\"> <meta itemprop=\"height\" content=\"372\"> <img decoding=\"async\" class=\"\" data-attachment-id=\"37751\" data-orig-file=\"http:\/\/www.tvturk.com\/wp-content\/uploads\/2019\/02\/balikcilarin-umudu-torik_cdd970f.jpg\" data-orig-size=\"1000,750\" data-comments-opened=\"\" data-image-meta=\"{&quot;aperture&quot;:&quot;0&quot;,&quot;credit&quot;:&quot;IHA&quot;,&quot;camera&quot;:&quot;&quot;,&quot;caption&quot;:&quot;KARADEN\\u0130Z\\u2019DE NAD\\u0130R G\\u00d6R\\u00dcLEN \\u2018TOR\\u0130K\\u2019 BALI\\u011eI SON G\\u00dcNLERDE BALIK\\u00c7ILARIN A\\u011eLARINA TAKILMAYA BA\\u015eLAYINCA GELECEK SEZON \\u0130\\u00c7\\u0130N UMUTLAR Y\\u00dcKSELD\\u0130. (RESUL YANBUL\\\/G\\u0130RESUN-\\u0130HA)&quot;,&quot;created_timestamp&quot;:&quot;0&quot;,&quot;copyright&quot;:&quot;\\u0130HLAS HABER AJANSI, www.iha.com.tr&quot;,&quot;focal_length&quot;:&quot;0&quot;,&quot;iso&quot;:&quot;0&quot;,&quot;shutter_speed&quot;:&quot;0&quot;,&quot;title&quot;:&quot;BALIK\\u00c7ILARIN UMUDU \\u2018TOR\\u0130K\\u2019 G\\u0130RESUN P\\u0130RAZ\\u0130Z SU \\u00dcR\\u00dcNLER\\u0130 KOOPERAT\\u0130F\\u0130 BA\\u015eKANI HAMD\\u0130 ARSLAN: \\u201cTOR\\u0130K BALI\\u011eININ BU AYLARDA A\\u011eLARA TAKILMASININ BALI\\u011eININ YEN\\u0130 SEZONDA DAHA BOL OLACA\\u011eININ \\u0130\\u015eARET\\u0130\\u201d&quot;,&quot;orientation&quot;:&quot;0&quot;}\" data-image-title=\"Bal\u0131k\u00e7\u0131lar\u0131n umudu \u2018Torik\u2019\" data-image-description=\"&lt;p&gt;Bal\u0131k\u00e7\u0131lar\u0131n umudu \u2018Torik\u2019&lt;\/p&gt; \" data-medium-file=\"https:\/\/i0.wp.com\/www.tvturk.com\/wp-content\/uploads\/2019\/02\/balikcilarin-umudu-torik_cdd970f.jpg?fit=300%2C225\" data-large-file=\"https:\/\/i0.wp.com\/www.tvturk.com\/wp-content\/uploads\/2019\/02\/balikcilarin-umudu-torik_cdd970f.jpg?fit=1000%2C750\" src=\"https:\/\/i0.wp.com\/www.tvturk.com\/wp-content\/uploads\/2019\/02\/balikcilarin-umudu-torik_cdd970f.jpg?w=496&#038;h=372\" srcset=\"https:\/\/i0.wp.com\/www.tvturk.com\/wp-content\/uploads\/2019\/02\/balikcilarin-umudu-torik_cdd970f.jpg?w=1000 1000w, https:\/\/i0.wp.com\/www.tvturk.com\/wp-content\/uploads\/2019\/02\/balikcilarin-umudu-torik_cdd970f.jpg?resize=150%2C113 150w, https:\/\/i0.wp.com\/www.tvturk.com\/wp-content\/uploads\/2019\/02\/balikcilarin-umudu-torik_cdd970f.jpg?resize=300%2C225 300w, https:\/\/i0.wp.com\/www.tvturk.com\/wp-content\/uploads\/2019\/02\/balikcilarin-umudu-torik_cdd970f.jpg?resize=768%2C576 768w\" width=\"496\" height=\"372\" loading=\"lazy\" data-original-width=\"496\" data-original-height=\"372\" itemprop=\"http:\/\/schema.org\/image\" title=\"Bal\u0131k\u00e7\u0131lar\u0131n umudu \u2018Torik\u2019\" alt=\"Bal\u0131k\u00e7\u0131lar\u0131n umudu \u2018Torik\u2019\" style=\"width: 496px; height: 372px;\" \/> <\/a> <\/div> <\/div> <!-- close group --> <\/div> <!-- close row --> <\/div><\/p>\n","protected":false},"excerpt":{"rendered":"<p>KARADEN\u0130Z\u2019DE NAD\u0130R G\u00d6R\u00dcLEN \u2018TOR\u0130K\u2019 BALI\u011eI SON G\u00dcNLERDE BALIK\u00c7ILARIN A\u011eLARINA TAKILMAYA BA\u015eLAYINCA GELECEK SEZON \u0130\u00c7\u0130N UMUTLAR Y\u00dcKSELD\u0130.<\/p>\n","protected":false},"author":1,"featured_media":37750,"comment_status":"closed","ping_status":"open","sticky":false,"template":"","format":"standard","meta":{"jetpack_post_was_ever_published":false,"_jetpack_newsletter_access":"","_jetpack_dont_email_post_to_subs":false,"_jetpack_newsletter_tier_id":0,"_jetpack_memberships_contains_paywalled_content":false,"_jetpack_memberships_contains_paid_content":false,"footnotes":"","jetpack_publicize_message":"","jetpack_publicize_feature_enabled":true,"jetpack_social_post_already_shared":false,"jetpack_social_options":{"image_generator_settings":{"template":"highway","default_image_id":0,"font":"","enabled":false},"version":2}},"categories":[655],"tags":[13907,13906,12297],"class_list":["post-37749","post","type-post","status-publish","format-standard","has-post-thumbnail","hentry","category-son-dakika","tag-torik","tag-balikcilarin","tag-umudu"],"jetpack_publicize_connections":[],"jetpack_featured_media_url":"https:\/\/i0.wp.com\/www.tvturk.com\/wp-content\/uploads\/2019\/02\/balikcilarin-umudu-torik_61af90c.jpg?fit=1000%2C651","jetpack_sharing_enabled":true,"jetpack_shortlink":"https:\/\/wp.me\/paKIfm-9OR","_links":{"self":[{"href":"http:\/\/www.tvturk.com\/index.php\/wp-json\/wp\/v2\/posts\/37749","targetHints":{"allow":["GET"]}}],"collection":[{"href":"http:\/\/www.tvturk.com\/index.php\/wp-json\/wp\/v2\/posts"}],"about":[{"href":"http:\/\/www.tvturk.com\/index.php\/wp-json\/wp\/v2\/types\/post"}],"author":[{"embeddable":true,"href":"http:\/\/www.tvturk.com\/index.php\/wp-json\/wp\/v2\/users\/1"}],"replies":[{"embeddable":true,"href":"http:\/\/www.tvturk.com\/index.php\/wp-json\/wp\/v2\/comments?post=37749"}],"version-history":[{"count":1,"href":"http:\/\/www.tvturk.com\/index.php\/wp-json\/wp\/v2\/posts\/37749\/revisions"}],"predecessor-version":[{"id":37752,"href":"http:\/\/www.tvturk.com\/index.php\/wp-json\/wp\/v2\/posts\/37749\/revisions\/37752"}],"wp:featuredmedia":[{"embeddable":true,"href":"http:\/\/www.tvturk.com\/index.php\/wp-json\/wp\/v2\/media\/37750"}],"wp:attachment":[{"href":"http:\/\/www.tvturk.com\/index.php\/wp-json\/wp\/v2\/media?parent=37749"}],"wp:term":[{"taxonomy":"category","embeddable":true,"href":"http:\/\/www.tvturk.com\/index.php\/wp-json\/wp\/v2\/categories?post=37749"},{"taxonomy":"post_tag","embeddable":true,"href":"http:\/\/www.tvturk.com\/index.php\/wp-json\/wp\/v2\/tags?post=37749"}],"curies":[{"name":"wp","href":"https:\/\/api.w.org\/{rel}","templated":true}]}}