{"id":37860,"date":"2019-02-16T10:01:04","date_gmt":"2019-02-16T07:01:04","guid":{"rendered":"http:\/\/www.tvturk.com\/index.php\/van-merkezli-8-ilde-teror-operasyonu-10-supheli-tutuklandi\/"},"modified":"2019-02-16T10:01:07","modified_gmt":"2019-02-16T07:01:07","slug":"van-merkezli-8-ilde-teror-operasyonu-10-supheli-tutuklandi","status":"publish","type":"post","link":"http:\/\/www.tvturk.com\/index.php\/van-merkezli-8-ilde-teror-operasyonu-10-supheli-tutuklandi\/","title":{"rendered":"Van merkezli 8 ilde ter\u00f6r operasyonu; 10 \u015f\u00fcpheli tutukland\u0131"},"content":{"rendered":"<p>Van merkezli 8 ilde jandarma ekipleri taraf\u0131ndan ter\u00f6r \u00f6rg\u00fct\u00fc i\u015fbirlik\u00e7ilerine y\u00f6nelik d\u00fczenlenen operasyon sonucu g\u00f6zalt\u0131na al\u0131nan 17 \u015f\u00fcphelinin 10\u2019nu tutukland\u0131.<\/p>\n<p>Van Valili\u011finden yap\u0131lan a\u00e7\u0131klamada, \u201cErci\u015f Cumhuriyet Ba\u015fsavc\u0131l\u0131\u011f\u0131 Ter\u00f6r Su\u00e7lar\u0131 Soru\u015fturma B\u00fcrosu taraf\u0131ndan y\u00fcr\u00fct\u00fclen soru\u015fturma kapsam\u0131nda, Van \u0130l Jandarma Komutanl\u0131\u011f\u0131nca; 14 \u015eubat 2019 g\u00fcn\u00fc, PKK\/KCK ter\u00f6r \u00f6rg\u00fct\u00fcn\u00fcn i\u015fbirlik\u00e7isi olduklar\u0131 de\u011ferlendirilen \u015f\u00fcphelilere y\u00f6nelik operasyon d\u00fczenlendi. Van merkezli Manisa, Bitlis, Siirt, I\u011fd\u0131r, Mardin, \u0130zmir, A\u011fr\u0131\u2019da icra edilen operasyon sonucunda g\u00f6zalt\u0131na al\u0131nan ve adliyeye sevk edilen 17 \u015f\u00fcpheliden 10\u2019u tutuklanm\u0131\u015f, 4 \u015f\u00fcpheli hakk\u0131nda adli kontrol karar\u0131 verilmi\u015f, 3 \u015f\u00fcpheli ise serbest b\u0131rak\u0131lm\u0131\u015ft\u0131r. B\u00f6lgemizde halk\u0131m\u0131z\u0131n huzur ve g\u00fcvenli\u011fini sa\u011flamaya y\u00f6nelik operasyonlar, yine halk\u0131m\u0131z\u0131n deste\u011fiyle daha da g\u00fc\u00e7l\u00fc ve kararl\u0131 bir \u015fekilde aral\u0131ks\u0131z olarak devam edecektir\u201d denildi.<div class=\"tiled-gallery type-rectangular tiled-gallery-unresized\" data-original-width=\"500\" data-carousel-extra='null' itemscope itemtype=\"http:\/\/schema.org\/ImageGallery\" > <div class=\"gallery-row\" style=\"width: 500px; height: 226px;\" data-original-width=\"500\" data-original-height=\"226\" > <div class=\"gallery-group images-2\" style=\"width: 198px; height: 226px;\" data-original-width=\"198\" data-original-height=\"226\" > <div class=\"tiled-gallery-item tiled-gallery-item-small\" itemprop=\"associatedMedia\" itemscope itemtype=\"http:\/\/schema.org\/ImageObject\"> <a href=\"http:\/\/www.tvturk.com\/index.php\/van-merkezli-8-ilde-teror-operasyonu-10-supheli-tutuklandi\/van-merkezli-8-ilde-teror-operasyonu-10-supheli-tutuklandi-3\/\" border=\"0\" itemprop=\"url\"> <meta itemprop=\"width\" content=\"194\"> <meta itemprop=\"height\" content=\"109\"> <img decoding=\"async\" class=\"\" data-attachment-id=\"37862\" data-orig-file=\"http:\/\/www.tvturk.com\/wp-content\/uploads\/2019\/02\/van-merkezli-8-ilde-teror-operasyonu-10-supheli-tutuklandi_633c579.jpg\" data-orig-size=\"1000,562\" data-comments-opened=\"\" data-image-meta=\"{&quot;aperture&quot;:&quot;0&quot;,&quot;credit&quot;:&quot;IHA&quot;,&quot;camera&quot;:&quot;&quot;,&quot;caption&quot;:&quot;VAN MERKEZL\\u0130 8 \\u0130LDE JANDARMA EK\\u0130PLER\\u0130 TARAFINDAN TER\\u00d6R \\u00d6RG\\u00dcT\\u00dc \\u0130\\u015eB\\u0130RL\\u0130K\\u00c7\\u0130LER\\u0130NE Y\\u00d6NEL\\u0130K D\\u00dcZENLENEN OPERASYON SONUCU G\\u00d6ZALTINA ALINAN 17 \\u015e\\u00dcPHEL\\u0130N\\u0130N 10\\u2019NU TUTUKLANDI. (\\u015e\\u00dcKR\\u00dc AKY\\u00dcZ\\\/VAN-\\u0130HA)&quot;,&quot;created_timestamp&quot;:&quot;0&quot;,&quot;copyright&quot;:&quot;\\u0130HLAS HABER AJANSI, www.iha.com.tr&quot;,&quot;focal_length&quot;:&quot;0&quot;,&quot;iso&quot;:&quot;0&quot;,&quot;shutter_speed&quot;:&quot;0&quot;,&quot;title&quot;:&quot;VAN MERKEZL\\u0130 8 \\u0130LDE TER\\u00d6R OPERASYONU; 10 \\u015e\\u00dcPHEL\\u0130 TUTUKLANDI&quot;,&quot;orientation&quot;:&quot;0&quot;}\" data-image-title=\"Van merkezli 8 ilde ter\u00f6r operasyonu; 10 \u015f\u00fcpheli tutukland\u0131\" data-image-description=\"&lt;p&gt;Van merkezli 8 ilde ter\u00f6r operasyonu; 10 \u015f\u00fcpheli tutukland\u0131&lt;\/p&gt; \" data-medium-file=\"https:\/\/i0.wp.com\/www.tvturk.com\/wp-content\/uploads\/2019\/02\/van-merkezli-8-ilde-teror-operasyonu-10-supheli-tutuklandi_633c579.jpg?fit=300%2C169\" data-large-file=\"https:\/\/i0.wp.com\/www.tvturk.com\/wp-content\/uploads\/2019\/02\/van-merkezli-8-ilde-teror-operasyonu-10-supheli-tutuklandi_633c579.jpg?fit=1000%2C562\" src=\"https:\/\/i0.wp.com\/www.tvturk.com\/wp-content\/uploads\/2019\/02\/van-merkezli-8-ilde-teror-operasyonu-10-supheli-tutuklandi_633c579.jpg?w=194&#038;h=109\" srcset=\"https:\/\/i0.wp.com\/www.tvturk.com\/wp-content\/uploads\/2019\/02\/van-merkezli-8-ilde-teror-operasyonu-10-supheli-tutuklandi_633c579.jpg?w=1000 1000w, https:\/\/i0.wp.com\/www.tvturk.com\/wp-content\/uploads\/2019\/02\/van-merkezli-8-ilde-teror-operasyonu-10-supheli-tutuklandi_633c579.jpg?resize=150%2C84 150w, https:\/\/i0.wp.com\/www.tvturk.com\/wp-content\/uploads\/2019\/02\/van-merkezli-8-ilde-teror-operasyonu-10-supheli-tutuklandi_633c579.jpg?resize=300%2C169 300w, https:\/\/i0.wp.com\/www.tvturk.com\/wp-content\/uploads\/2019\/02\/van-merkezli-8-ilde-teror-operasyonu-10-supheli-tutuklandi_633c579.jpg?resize=768%2C432 768w, https:\/\/i0.wp.com\/www.tvturk.com\/wp-content\/uploads\/2019\/02\/van-merkezli-8-ilde-teror-operasyonu-10-supheli-tutuklandi_633c579.jpg?resize=200%2C113 200w\" width=\"194\" height=\"109\" loading=\"lazy\" data-original-width=\"194\" data-original-height=\"109\" itemprop=\"http:\/\/schema.org\/image\" title=\"Van merkezli 8 ilde ter\u00f6r operasyonu; 10 \u015f\u00fcpheli tutukland\u0131\" alt=\"Van merkezli 8 ilde ter\u00f6r operasyonu; 10 \u015f\u00fcpheli tutukland\u0131\" style=\"width: 194px; height: 109px;\" \/> <\/a> <\/div> <div class=\"tiled-gallery-item tiled-gallery-item-small\" itemprop=\"associatedMedia\" itemscope itemtype=\"http:\/\/schema.org\/ImageObject\"> <a href=\"http:\/\/www.tvturk.com\/index.php\/van-merkezli-8-ilde-teror-operasyonu-10-supheli-tutuklandi\/van-merkezli-8-ilde-teror-operasyonu-10-supheli-tutuklandi-4\/\" border=\"0\" itemprop=\"url\"> <meta itemprop=\"width\" content=\"194\"> <meta itemprop=\"height\" content=\"109\"> <img decoding=\"async\" class=\"\" data-attachment-id=\"37863\" data-orig-file=\"http:\/\/www.tvturk.com\/wp-content\/uploads\/2019\/02\/van-merkezli-8-ilde-teror-operasyonu-10-supheli-tutuklandi_2eca050.jpg\" data-orig-size=\"1000,562\" data-comments-opened=\"\" data-image-meta=\"{&quot;aperture&quot;:&quot;0&quot;,&quot;credit&quot;:&quot;IHA&quot;,&quot;camera&quot;:&quot;&quot;,&quot;caption&quot;:&quot;VAN MERKEZL\\u0130 8 \\u0130LDE JANDARMA EK\\u0130PLER\\u0130 TARAFINDAN TER\\u00d6R \\u00d6RG\\u00dcT\\u00dc \\u0130\\u015eB\\u0130RL\\u0130K\\u00c7\\u0130LER\\u0130NE Y\\u00d6NEL\\u0130K D\\u00dcZENLENEN OPERASYON SONUCU G\\u00d6ZALTINA ALINAN 17 \\u015e\\u00dcPHEL\\u0130N\\u0130N 10\\u2019NU TUTUKLANDI. (\\u015e\\u00dcKR\\u00dc AKY\\u00dcZ\\\/VAN-\\u0130HA)&quot;,&quot;created_timestamp&quot;:&quot;0&quot;,&quot;copyright&quot;:&quot;\\u0130HLAS HABER AJANSI, www.iha.com.tr&quot;,&quot;focal_length&quot;:&quot;0&quot;,&quot;iso&quot;:&quot;0&quot;,&quot;shutter_speed&quot;:&quot;0&quot;,&quot;title&quot;:&quot;VAN MERKEZL\\u0130 8 \\u0130LDE TER\\u00d6R OPERASYONU; 10 \\u015e\\u00dcPHEL\\u0130 TUTUKLANDI&quot;,&quot;orientation&quot;:&quot;0&quot;}\" data-image-title=\"Van merkezli 8 ilde ter\u00f6r operasyonu; 10 \u015f\u00fcpheli tutukland\u0131\" data-image-description=\"&lt;p&gt;Van merkezli 8 ilde ter\u00f6r operasyonu; 10 \u015f\u00fcpheli tutukland\u0131&lt;\/p&gt; \" data-medium-file=\"https:\/\/i0.wp.com\/www.tvturk.com\/wp-content\/uploads\/2019\/02\/van-merkezli-8-ilde-teror-operasyonu-10-supheli-tutuklandi_2eca050.jpg?fit=300%2C169\" data-large-file=\"https:\/\/i0.wp.com\/www.tvturk.com\/wp-content\/uploads\/2019\/02\/van-merkezli-8-ilde-teror-operasyonu-10-supheli-tutuklandi_2eca050.jpg?fit=1000%2C562\" src=\"https:\/\/i0.wp.com\/www.tvturk.com\/wp-content\/uploads\/2019\/02\/van-merkezli-8-ilde-teror-operasyonu-10-supheli-tutuklandi_2eca050.jpg?w=194&#038;h=109\" srcset=\"https:\/\/i0.wp.com\/www.tvturk.com\/wp-content\/uploads\/2019\/02\/van-merkezli-8-ilde-teror-operasyonu-10-supheli-tutuklandi_2eca050.jpg?w=1000 1000w, https:\/\/i0.wp.com\/www.tvturk.com\/wp-content\/uploads\/2019\/02\/van-merkezli-8-ilde-teror-operasyonu-10-supheli-tutuklandi_2eca050.jpg?resize=150%2C84 150w, https:\/\/i0.wp.com\/www.tvturk.com\/wp-content\/uploads\/2019\/02\/van-merkezli-8-ilde-teror-operasyonu-10-supheli-tutuklandi_2eca050.jpg?resize=300%2C169 300w, https:\/\/i0.wp.com\/www.tvturk.com\/wp-content\/uploads\/2019\/02\/van-merkezli-8-ilde-teror-operasyonu-10-supheli-tutuklandi_2eca050.jpg?resize=768%2C432 768w, https:\/\/i0.wp.com\/www.tvturk.com\/wp-content\/uploads\/2019\/02\/van-merkezli-8-ilde-teror-operasyonu-10-supheli-tutuklandi_2eca050.jpg?resize=200%2C113 200w\" width=\"194\" height=\"109\" loading=\"lazy\" data-original-width=\"194\" data-original-height=\"109\" itemprop=\"http:\/\/schema.org\/image\" title=\"Van merkezli 8 ilde ter\u00f6r operasyonu; 10 \u015f\u00fcpheli tutukland\u0131\" alt=\"Van merkezli 8 ilde ter\u00f6r operasyonu; 10 \u015f\u00fcpheli tutukland\u0131\" style=\"width: 194px; height: 109px;\" \/> <\/a> <\/div> <\/div> <!-- close group --> <div class=\"gallery-group images-1\" style=\"width: 302px; height: 226px;\" data-original-width=\"302\" data-original-height=\"226\" > <div class=\"tiled-gallery-item tiled-gallery-item-large\" itemprop=\"associatedMedia\" itemscope itemtype=\"http:\/\/schema.org\/ImageObject\"> <a href=\"http:\/\/www.tvturk.com\/index.php\/van-merkezli-8-ilde-teror-operasyonu-10-supheli-tutuklandi\/van-merkezli-8-ilde-teror-operasyonu-10-supheli-tutuklandi-5\/\" border=\"0\" itemprop=\"url\"> <meta itemprop=\"width\" content=\"298\"> <meta itemprop=\"height\" content=\"222\"> <img decoding=\"async\" class=\"\" data-attachment-id=\"37864\" data-orig-file=\"http:\/\/www.tvturk.com\/wp-content\/uploads\/2019\/02\/van-merkezli-8-ilde-teror-operasyonu-10-supheli-tutuklandi_893f80d.jpg\" data-orig-size=\"1000,747\" data-comments-opened=\"\" data-image-meta=\"{&quot;aperture&quot;:&quot;0&quot;,&quot;credit&quot;:&quot;IHA&quot;,&quot;camera&quot;:&quot;&quot;,&quot;caption&quot;:&quot;VAN MERKEZL\\u0130 8 \\u0130LDE JANDARMA EK\\u0130PLER\\u0130 TARAFINDAN TER\\u00d6R \\u00d6RG\\u00dcT\\u00dc \\u0130\\u015eB\\u0130RL\\u0130K\\u00c7\\u0130LER\\u0130NE Y\\u00d6NEL\\u0130K D\\u00dcZENLENEN OPERASYON SONUCU G\\u00d6ZALTINA ALINAN 17 \\u015e\\u00dcPHEL\\u0130N\\u0130N 10\\u2019NU TUTUKLANDI. (\\u015e\\u00dcKR\\u00dc AKY\\u00dcZ\\\/VAN-\\u0130HA)&quot;,&quot;created_timestamp&quot;:&quot;0&quot;,&quot;copyright&quot;:&quot;\\u0130HLAS HABER AJANSI, www.iha.com.tr&quot;,&quot;focal_length&quot;:&quot;0&quot;,&quot;iso&quot;:&quot;0&quot;,&quot;shutter_speed&quot;:&quot;0&quot;,&quot;title&quot;:&quot;VAN MERKEZL\\u0130 8 \\u0130LDE TER\\u00d6R OPERASYONU; 10 \\u015e\\u00dcPHEL\\u0130 TUTUKLANDI&quot;,&quot;orientation&quot;:&quot;0&quot;}\" data-image-title=\"Van merkezli 8 ilde ter\u00f6r operasyonu; 10 \u015f\u00fcpheli tutukland\u0131\" data-image-description=\"&lt;p&gt;Van merkezli 8 ilde ter\u00f6r operasyonu; 10 \u015f\u00fcpheli tutukland\u0131&lt;\/p&gt; \" data-medium-file=\"https:\/\/i0.wp.com\/www.tvturk.com\/wp-content\/uploads\/2019\/02\/van-merkezli-8-ilde-teror-operasyonu-10-supheli-tutuklandi_893f80d.jpg?fit=300%2C224\" data-large-file=\"https:\/\/i0.wp.com\/www.tvturk.com\/wp-content\/uploads\/2019\/02\/van-merkezli-8-ilde-teror-operasyonu-10-supheli-tutuklandi_893f80d.jpg?fit=1000%2C747\" src=\"https:\/\/i0.wp.com\/www.tvturk.com\/wp-content\/uploads\/2019\/02\/van-merkezli-8-ilde-teror-operasyonu-10-supheli-tutuklandi_893f80d.jpg?w=298&#038;h=222\" srcset=\"https:\/\/i0.wp.com\/www.tvturk.com\/wp-content\/uploads\/2019\/02\/van-merkezli-8-ilde-teror-operasyonu-10-supheli-tutuklandi_893f80d.jpg?w=1000 1000w, https:\/\/i0.wp.com\/www.tvturk.com\/wp-content\/uploads\/2019\/02\/van-merkezli-8-ilde-teror-operasyonu-10-supheli-tutuklandi_893f80d.jpg?resize=150%2C112 150w, https:\/\/i0.wp.com\/www.tvturk.com\/wp-content\/uploads\/2019\/02\/van-merkezli-8-ilde-teror-operasyonu-10-supheli-tutuklandi_893f80d.jpg?resize=300%2C224 300w, https:\/\/i0.wp.com\/www.tvturk.com\/wp-content\/uploads\/2019\/02\/van-merkezli-8-ilde-teror-operasyonu-10-supheli-tutuklandi_893f80d.jpg?resize=768%2C574 768w\" width=\"298\" height=\"222\" loading=\"lazy\" data-original-width=\"298\" data-original-height=\"222\" itemprop=\"http:\/\/schema.org\/image\" title=\"Van merkezli 8 ilde ter\u00f6r operasyonu; 10 \u015f\u00fcpheli tutukland\u0131\" alt=\"Van merkezli 8 ilde ter\u00f6r operasyonu; 10 \u015f\u00fcpheli tutukland\u0131\" style=\"width: 298px; height: 222px;\" \/> <\/a> <\/div> <\/div> <!-- close group --> <\/div> <!-- close row --> <\/div><\/p>\n","protected":false},"excerpt":{"rendered":"<p>VAN MERKEZL\u0130 8 \u0130LDE JANDARMA EK\u0130PLER\u0130 TARAFINDAN TER\u00d6R \u00d6RG\u00dcT\u00dc \u0130\u015eB\u0130RL\u0130K\u00c7\u0130LER\u0130NE Y\u00d6NEL\u0130K D\u00dcZENLENEN OPERASYON SONUCU G\u00d6ZALTINA ALINAN 17 \u015e\u00dcPHEL\u0130N\u0130N 10\u2019NU TUTUKLANDI.<\/p>\n","protected":false},"author":1,"featured_media":37861,"comment_status":"closed","ping_status":"open","sticky":false,"template":"","format":"standard","meta":{"jetpack_post_was_ever_published":false,"_jetpack_newsletter_access":"","_jetpack_dont_email_post_to_subs":false,"_jetpack_newsletter_tier_id":0,"_jetpack_memberships_contains_paywalled_content":false,"_jetpack_memberships_contains_paid_content":false,"footnotes":"","jetpack_publicize_message":"","jetpack_publicize_feature_enabled":true,"jetpack_social_post_already_shared":false,"jetpack_social_options":{"image_generator_settings":{"template":"highway","default_image_id":0,"font":"","enabled":false},"version":2}},"categories":[655],"tags":[1531,1906,1157,2165,3990,1804,1442],"class_list":["post-37860","post","type-post","status-publish","format-standard","has-post-thumbnail","hentry","category-son-dakika","tag-ilde","tag-merkezli","tag-operasyonu","tag-supheli","tag-teror","tag-tutuklandi","tag-van"],"jetpack_publicize_connections":[],"jetpack_featured_media_url":"https:\/\/i0.wp.com\/www.tvturk.com\/wp-content\/uploads\/2019\/02\/van-merkezli-8-ilde-teror-operasyonu-10-supheli-tutuklandi_0f01490.jpg?fit=1000%2C562","jetpack_sharing_enabled":true,"jetpack_shortlink":"https:\/\/wp.me\/paKIfm-9QE","_links":{"self":[{"href":"http:\/\/www.tvturk.com\/index.php\/wp-json\/wp\/v2\/posts\/37860","targetHints":{"allow":["GET"]}}],"collection":[{"href":"http:\/\/www.tvturk.com\/index.php\/wp-json\/wp\/v2\/posts"}],"about":[{"href":"http:\/\/www.tvturk.com\/index.php\/wp-json\/wp\/v2\/types\/post"}],"author":[{"embeddable":true,"href":"http:\/\/www.tvturk.com\/index.php\/wp-json\/wp\/v2\/users\/1"}],"replies":[{"embeddable":true,"href":"http:\/\/www.tvturk.com\/index.php\/wp-json\/wp\/v2\/comments?post=37860"}],"version-history":[{"count":1,"href":"http:\/\/www.tvturk.com\/index.php\/wp-json\/wp\/v2\/posts\/37860\/revisions"}],"predecessor-version":[{"id":37865,"href":"http:\/\/www.tvturk.com\/index.php\/wp-json\/wp\/v2\/posts\/37860\/revisions\/37865"}],"wp:featuredmedia":[{"embeddable":true,"href":"http:\/\/www.tvturk.com\/index.php\/wp-json\/wp\/v2\/media\/37861"}],"wp:attachment":[{"href":"http:\/\/www.tvturk.com\/index.php\/wp-json\/wp\/v2\/media?parent=37860"}],"wp:term":[{"taxonomy":"category","embeddable":true,"href":"http:\/\/www.tvturk.com\/index.php\/wp-json\/wp\/v2\/categories?post=37860"},{"taxonomy":"post_tag","embeddable":true,"href":"http:\/\/www.tvturk.com\/index.php\/wp-json\/wp\/v2\/tags?post=37860"}],"curies":[{"name":"wp","href":"https:\/\/api.w.org\/{rel}","templated":true}]}}