{"id":38033,"date":"2019-02-16T10:50:56","date_gmt":"2019-02-16T07:50:56","guid":{"rendered":"http:\/\/www.tvturk.com\/index.php\/yeniden-vanda-teror-operasyonu-57-gozalti\/"},"modified":"2019-02-16T10:50:58","modified_gmt":"2019-02-16T07:50:58","slug":"yeniden-vanda-teror-operasyonu-57-gozalti","status":"publish","type":"post","link":"http:\/\/www.tvturk.com\/index.php\/yeniden-vanda-teror-operasyonu-57-gozalti\/","title":{"rendered":"(Yeniden) &#8211; Van\u2019da ter\u00f6r operasyonu: 57 g\u00f6zalt\u0131"},"content":{"rendered":"<p>Van ve \u00c7ald\u0131ran il\u00e7esinde polis ekipleri taraf\u0131ndan PKK\/KCK\u2019ya y\u00f6nelik 3 g\u00fcn devam eden operasyonlar\u0131 sonucunda 57 \u015f\u00fcpheli g\u00f6zalt\u0131na al\u0131nd\u0131.<\/p>\n<p>Van Emniyet M\u00fcd\u00fcrl\u00fc\u011f\u00fcnden yap\u0131lan a\u00e7\u0131klamada, PKK\/KCK silahl\u0131 ter\u00f6r \u00f6rg\u00fct\u00fcn\u00fcn ve i\u015fbirlik\u00e7ilerinin de\u015fifre edilmesi ve engellenmesine y\u00f6nelik olarak \u00e7al\u0131\u015fmalar\u0131n devam etti\u011fi belirtildi. A\u00e7\u0131klaman\u0131n devam\u0131nda ise, &#8220;Bu \u00e7al\u0131\u015fmalar kapsam\u0131nda;13-14-15 \u015eubat 2019 tarihleri aras\u0131nda Ter\u00f6rle M\u00fccadele \u015eube M\u00fcd\u00fcrl\u00fc\u011f\u00fc ve \u00c7ald\u0131ran \u0130l\u00e7e Emniyet M\u00fcd\u00fcrl\u00fc\u011f\u00fc ekiplerinin ter\u00f6ristba\u015f\u0131 Abdullah \u00d6calan\u2019\u0131n 15 \u015eubat 1999 tarihinde yakalanmas\u0131n\u0131n y\u0131ld\u00f6n\u00fcm\u00fc bahane ederek mahalle ve sokak eylemlerine y\u00f6nelik olarak ta\u015f, molotof, havai fi\u015fek ve EYP kullanmak suretiyle eylem haz\u0131rl\u0131\u011f\u0131nda olduklar\u0131 tespit edilen \u015f\u00fcphelilere y\u00f6nelik e\u015f zamanl\u0131 operasyon d\u00fczenlendi. D\u00fczenlene operasyonlarda Van merkezinde 50, \u00c7ald\u0131ran il\u00e7esinde 7 olmak \u00fczere toplam 57 \u015f\u00fcpheli yakalanarak g\u00f6zalt\u0131na al\u0131nd\u0131. G\u00f6zalt\u0131na al\u0131nan \u015f\u00fcphelilerin ikamet, i\u015fyeri ve \u00fcst aramalar\u0131nda; 2 adet kurus\u0131k\u0131 tabanca, ter\u00f6ristba\u015f\u0131n\u0131n posteri, havai fi\u015fek, maskeler, eldivenler, ba\u015f\u00f6rt\u00fcler, \u00f6rg\u00fctsel dok\u00fcman ve \u00e7ok say\u0131da dijital materyal ele ge\u00e7irildi\u201d denildi.<div class=\"tiled-gallery type-rectangular tiled-gallery-unresized\" data-original-width=\"500\" data-carousel-extra='null' itemscope itemtype=\"http:\/\/schema.org\/ImageGallery\" > <div class=\"gallery-row\" style=\"width: 500px; height: 754px;\" data-original-width=\"500\" data-original-height=\"754\" > <div class=\"gallery-group images-1\" style=\"width: 500px; height: 754px;\" data-original-width=\"500\" data-original-height=\"754\" > <div class=\"tiled-gallery-item tiled-gallery-item-large\" itemprop=\"associatedMedia\" itemscope itemtype=\"http:\/\/schema.org\/ImageObject\"> <a href=\"http:\/\/www.tvturk.com\/index.php\/yeniden-vanda-teror-operasyonu-57-gozalti\/yeniden-vanda-teror-operasyonu-57-gozalti-3\/\" border=\"0\" itemprop=\"url\"> <meta itemprop=\"width\" content=\"496\"> <meta itemprop=\"height\" content=\"750\"> <img decoding=\"async\" class=\"\" data-attachment-id=\"38035\" data-orig-file=\"http:\/\/www.tvturk.com\/wp-content\/uploads\/2019\/02\/yeniden-vanda-teror-operasyonu-57-gozalti_0968094.jpg\" data-orig-size=\"661,1000\" data-comments-opened=\"\" data-image-meta=\"{&quot;aperture&quot;:&quot;0&quot;,&quot;credit&quot;:&quot;IHA&quot;,&quot;camera&quot;:&quot;&quot;,&quot;caption&quot;:&quot;G\\u00d6ZALTINA ALINAN \\u015e\\u00dcPHEL\\u0130LER\\u0130N \\u0130KAMET, \\u0130\\u015eYER\\u0130 VE \\u00dcST ARAMALARINDA; 2 ADET KURUSIKI TABANCA, TER\\u00d6R\\u0130STBA\\u015eININ POSTER\\u0130, HAVA\\u0130 F\\u0130\\u015eEK, MASKELER, ELD\\u0130VENLER, BA\\u015e\\u00d6RT\\u00dcLER, \\u00d6RG\\u00dcTSEL DOK\\u00dcMAN VE \\u00c7OK SAYIDA D\\u0130J\\u0130TAL MATERYAL ELE GE\\u00c7\\u0130R\\u0130LD\\u0130 (\\u0130HA\\\/VAN-\\u0130HA)&quot;,&quot;created_timestamp&quot;:&quot;0&quot;,&quot;copyright&quot;:&quot;\\u0130HLAS HABER AJANSI, www.iha.com.tr&quot;,&quot;focal_length&quot;:&quot;0&quot;,&quot;iso&quot;:&quot;0&quot;,&quot;shutter_speed&quot;:&quot;0&quot;,&quot;title&quot;:&quot;(YEN\\u0130DEN) - VAN\\u0027DA TER\\u00d6R OPERASYONU: 57 G\\u00d6ZALTI&quot;,&quot;orientation&quot;:&quot;0&quot;}\" data-image-title=\"(Yeniden) &amp;#8211; Van\u2019da ter\u00f6r operasyonu: 57 g\u00f6zalt\u0131\" data-image-description=\"&lt;p&gt;(Yeniden) &amp;#8211; Van\u2019da ter\u00f6r operasyonu: 57 g\u00f6zalt\u0131&lt;\/p&gt; \" data-medium-file=\"https:\/\/i0.wp.com\/www.tvturk.com\/wp-content\/uploads\/2019\/02\/yeniden-vanda-teror-operasyonu-57-gozalti_0968094.jpg?fit=198%2C300\" data-large-file=\"https:\/\/i0.wp.com\/www.tvturk.com\/wp-content\/uploads\/2019\/02\/yeniden-vanda-teror-operasyonu-57-gozalti_0968094.jpg?fit=661%2C1000\" src=\"https:\/\/i0.wp.com\/www.tvturk.com\/wp-content\/uploads\/2019\/02\/yeniden-vanda-teror-operasyonu-57-gozalti_0968094.jpg?w=496&#038;h=750\" srcset=\"https:\/\/i0.wp.com\/www.tvturk.com\/wp-content\/uploads\/2019\/02\/yeniden-vanda-teror-operasyonu-57-gozalti_0968094.jpg?w=661 661w, https:\/\/i0.wp.com\/www.tvturk.com\/wp-content\/uploads\/2019\/02\/yeniden-vanda-teror-operasyonu-57-gozalti_0968094.jpg?resize=99%2C150 99w, https:\/\/i0.wp.com\/www.tvturk.com\/wp-content\/uploads\/2019\/02\/yeniden-vanda-teror-operasyonu-57-gozalti_0968094.jpg?resize=198%2C300 198w\" width=\"496\" height=\"750\" loading=\"lazy\" data-original-width=\"496\" data-original-height=\"750\" itemprop=\"http:\/\/schema.org\/image\" title=\"(Yeniden) - Van\u2019da ter\u00f6r operasyonu: 57 g\u00f6zalt\u0131\" alt=\"(Yeniden) - Van\u2019da ter\u00f6r operasyonu: 57 g\u00f6zalt\u0131\" style=\"width: 496px; height: 750px;\" \/> <\/a> <\/div> <\/div> <!-- close group --> <\/div> <!-- close row --> <\/div><\/p>\n","protected":false},"excerpt":{"rendered":"<p>G\u00d6ZALTINA ALINAN \u015e\u00dcPHEL\u0130LER\u0130N \u0130KAMET, \u0130\u015eYER\u0130 VE \u00dcST ARAMALARINDA; 2 ADET KURUSIKI TABANCA, TER\u00d6R\u0130STBA\u015eININ POSTER\u0130, HAVA\u0130 F\u0130\u015eEK, MASKELER, ELD\u0130VENLER, BA\u015e\u00d6RT\u00dcLER, \u00d6RG\u00dcTSEL DOK\u00dcMAN VE \u00c7OK SAYIDA D\u0130J\u0130TAL MATERYAL ELE GE\u00c7\u0130R\u0130LD\u0130<\/p>\n","protected":false},"author":1,"featured_media":38034,"comment_status":"closed","ping_status":"open","sticky":false,"template":"","format":"standard","meta":{"jetpack_post_was_ever_published":false,"_jetpack_newsletter_access":"","_jetpack_dont_email_post_to_subs":false,"_jetpack_newsletter_tier_id":0,"_jetpack_memberships_contains_paywalled_content":false,"_jetpack_memberships_contains_paid_content":false,"footnotes":"","jetpack_publicize_message":"","jetpack_publicize_feature_enabled":true,"jetpack_social_post_already_shared":false,"jetpack_social_options":{"image_generator_settings":{"template":"highway","default_image_id":0,"font":"","enabled":false},"version":2}},"categories":[655],"tags":[3447,1157,3990,1203,720],"class_list":["post-38033","post","type-post","status-publish","format-standard","has-post-thumbnail","hentry","category-son-dakika","tag-gozalti","tag-operasyonu","tag-teror","tag-vanda","tag-yeniden"],"jetpack_publicize_connections":[],"jetpack_featured_media_url":"https:\/\/i0.wp.com\/www.tvturk.com\/wp-content\/uploads\/2019\/02\/yeniden-vanda-teror-operasyonu-57-gozalti_1460f7c.jpg?fit=1000%2C661","jetpack_sharing_enabled":true,"jetpack_shortlink":"https:\/\/wp.me\/paKIfm-9Tr","_links":{"self":[{"href":"http:\/\/www.tvturk.com\/index.php\/wp-json\/wp\/v2\/posts\/38033","targetHints":{"allow":["GET"]}}],"collection":[{"href":"http:\/\/www.tvturk.com\/index.php\/wp-json\/wp\/v2\/posts"}],"about":[{"href":"http:\/\/www.tvturk.com\/index.php\/wp-json\/wp\/v2\/types\/post"}],"author":[{"embeddable":true,"href":"http:\/\/www.tvturk.com\/index.php\/wp-json\/wp\/v2\/users\/1"}],"replies":[{"embeddable":true,"href":"http:\/\/www.tvturk.com\/index.php\/wp-json\/wp\/v2\/comments?post=38033"}],"version-history":[{"count":1,"href":"http:\/\/www.tvturk.com\/index.php\/wp-json\/wp\/v2\/posts\/38033\/revisions"}],"predecessor-version":[{"id":38036,"href":"http:\/\/www.tvturk.com\/index.php\/wp-json\/wp\/v2\/posts\/38033\/revisions\/38036"}],"wp:featuredmedia":[{"embeddable":true,"href":"http:\/\/www.tvturk.com\/index.php\/wp-json\/wp\/v2\/media\/38034"}],"wp:attachment":[{"href":"http:\/\/www.tvturk.com\/index.php\/wp-json\/wp\/v2\/media?parent=38033"}],"wp:term":[{"taxonomy":"category","embeddable":true,"href":"http:\/\/www.tvturk.com\/index.php\/wp-json\/wp\/v2\/categories?post=38033"},{"taxonomy":"post_tag","embeddable":true,"href":"http:\/\/www.tvturk.com\/index.php\/wp-json\/wp\/v2\/tags?post=38033"}],"curies":[{"name":"wp","href":"https:\/\/api.w.org\/{rel}","templated":true}]}}