{"id":38077,"date":"2019-02-16T11:01:19","date_gmt":"2019-02-16T08:01:19","guid":{"rendered":"http:\/\/www.tvturk.com\/index.php\/asimder-hocali-katliamini-anmaya-hazirlaniyor\/"},"modified":"2019-02-16T11:01:20","modified_gmt":"2019-02-16T08:01:20","slug":"asimder-hocali-katliamini-anmaya-hazirlaniyor","status":"publish","type":"post","link":"http:\/\/www.tvturk.com\/index.php\/asimder-hocali-katliamini-anmaya-hazirlaniyor\/","title":{"rendered":"AS\u0130MDER hocal\u0131 katliam\u0131n\u0131 anmaya haz\u0131rlan\u0131yor"},"content":{"rendered":"<p>Uluslararas\u0131 As\u0131ls\u0131z Ermeni \u0130ddialar\u0131yla M\u00fccadele Derne\u011fi AS\u0130MDER Genel Merkezi ve sivil toplum kurulu\u015flar\u0131 platformu Ermenilerin Azerbaycan\u2019\u0131n Karaba\u011f b\u00f6lgesi Hocal\u0131 kasabas\u0131nda yapt\u0131klar\u0131 katliam\u0131n y\u0131l d\u00f6n\u00fcm\u00fcnde \u00e7e\u015fitli etkinliklerle anmaya haz\u0131rlan\u0131yor.<\/p>\n<p>Ermeniler 26 \u015eubat 1992 y\u0131l\u0131nda Azerbaycan Karaba\u011f b\u00f6lgesi Hocal\u0131 Kasabas\u0131nda 613 sivil Azerbaycan vatanda\u015f\u0131n\u0131 katletmi\u015f ve bir milyon Azerbaycanl\u0131 yap\u0131lan zul\u00fcm ile katliamlar y\u00fcz\u00fcnden evlerinden yurtlar\u0131ndan ka\u00e7mak zorunda kald\u0131klar\u0131n\u0131 belirten AS\u0130MDER Genel Ba\u015fkan\u0131 G\u00f6ksel G\u00fclbey, \u201cI\u011fd\u0131r\u2019da faaliyet g\u00f6steren 70 sivil toplum kurulu\u015funun bulundu\u011fu platform bu y\u0131l Ermenilerin katletti\u011fi Azerbaycanl\u0131 karde\u015flerimizin 27. Y\u0131l d\u00f6n\u00fcm\u00fcnde I\u011fd\u0131r Belediye meydan\u0131nda 1915 ve 1992 y\u0131l\u0131nda Ermenilerin yapt\u0131\u011f\u0131 katliamlar\u0131 i\u00e7eren foto\u011fraf sergisi ve tiyatro ile I\u011fd\u0131r Ermeni \u00c7etecilerinin Katletti\u011fi T\u00fcrklere Ait An\u0131t ve M\u00fczeye \u2018Hocal\u0131 \u015eehitlerini\u2019 anma y\u00fcr\u00fcy\u00fc\u015f\u00fc d\u00fczenlenecektir. T\u00fcm halk\u0131m\u0131z programlar\u0131m\u0131za davetlidir. Hocal\u0131 \u00e7ocuk  \u2018\u0130nsanl\u0131k Nerede\u2019 sorusunu sordu bizlerde buraday\u0131z diyelim\u201d \u015feklinde konu\u015ftu.<\/p>\n<p>Program, 22 \u015eubat 2019 saat 13.30\u2019da Z\u00fcbeyde Han\u0131m Bulvar\u0131nda d\u00fczenlenece\u011fi a\u00e7\u0131kland\u0131.<div class=\"tiled-gallery type-rectangular tiled-gallery-unresized\" data-original-width=\"500\" data-carousel-extra='null' itemscope itemtype=\"http:\/\/schema.org\/ImageGallery\" > <div class=\"gallery-row\" style=\"width: 500px; height: 706px;\" data-original-width=\"500\" data-original-height=\"706\" > <div class=\"gallery-group images-1\" style=\"width: 500px; height: 706px;\" data-original-width=\"500\" data-original-height=\"706\" > <div class=\"tiled-gallery-item tiled-gallery-item-large\" itemprop=\"associatedMedia\" itemscope itemtype=\"http:\/\/schema.org\/ImageObject\"> <a href=\"http:\/\/www.tvturk.com\/index.php\/asimder-hocali-katliamini-anmaya-hazirlaniyor\/asimder-hocali-katliamini-anmaya-hazirlaniyor-3\/\" border=\"0\" itemprop=\"url\"> <meta itemprop=\"width\" content=\"496\"> <meta itemprop=\"height\" content=\"702\"> <img decoding=\"async\" class=\"\" data-attachment-id=\"38079\" data-orig-file=\"http:\/\/www.tvturk.com\/wp-content\/uploads\/2019\/02\/asimder-hocali-katliamini-anmaya-hazirlaniyor_c7bb1e1.jpg\" data-orig-size=\"678,960\" data-comments-opened=\"\" data-image-meta=\"{&quot;aperture&quot;:&quot;0&quot;,&quot;credit&quot;:&quot;IHA&quot;,&quot;camera&quot;:&quot;&quot;,&quot;caption&quot;:&quot;AS\\u0130MDER HOCALI KATL\\u0130AMINI ANMAYA HAZIRLANIYOR (\\u0130HA\\\/I\\u011eDIR-\\u0130HA)&quot;,&quot;created_timestamp&quot;:&quot;0&quot;,&quot;copyright&quot;:&quot;\\u0130HLAS HABER AJANSI, www.iha.com.tr&quot;,&quot;focal_length&quot;:&quot;0&quot;,&quot;iso&quot;:&quot;0&quot;,&quot;shutter_speed&quot;:&quot;0&quot;,&quot;title&quot;:&quot;AS\\u0130MDER HOCALI KATL\\u0130AMINI ANMAYA HAZIRLANIYOR&quot;,&quot;orientation&quot;:&quot;0&quot;}\" data-image-title=\"AS\u0130MDER hocal\u0131 katliam\u0131n\u0131 anmaya haz\u0131rlan\u0131yor\" data-image-description=\"&lt;p&gt;AS\u0130MDER hocal\u0131 katliam\u0131n\u0131 anmaya haz\u0131rlan\u0131yor&lt;\/p&gt; \" data-medium-file=\"https:\/\/i0.wp.com\/www.tvturk.com\/wp-content\/uploads\/2019\/02\/asimder-hocali-katliamini-anmaya-hazirlaniyor_c7bb1e1.jpg?fit=212%2C300\" data-large-file=\"https:\/\/i0.wp.com\/www.tvturk.com\/wp-content\/uploads\/2019\/02\/asimder-hocali-katliamini-anmaya-hazirlaniyor_c7bb1e1.jpg?fit=678%2C960\" src=\"https:\/\/i0.wp.com\/www.tvturk.com\/wp-content\/uploads\/2019\/02\/asimder-hocali-katliamini-anmaya-hazirlaniyor_c7bb1e1.jpg?w=496&#038;h=702\" srcset=\"https:\/\/i0.wp.com\/www.tvturk.com\/wp-content\/uploads\/2019\/02\/asimder-hocali-katliamini-anmaya-hazirlaniyor_c7bb1e1.jpg?w=678 678w, https:\/\/i0.wp.com\/www.tvturk.com\/wp-content\/uploads\/2019\/02\/asimder-hocali-katliamini-anmaya-hazirlaniyor_c7bb1e1.jpg?resize=106%2C150 106w, https:\/\/i0.wp.com\/www.tvturk.com\/wp-content\/uploads\/2019\/02\/asimder-hocali-katliamini-anmaya-hazirlaniyor_c7bb1e1.jpg?resize=212%2C300 212w\" width=\"496\" height=\"702\" loading=\"lazy\" data-original-width=\"496\" data-original-height=\"702\" itemprop=\"http:\/\/schema.org\/image\" title=\"AS\u0130MDER hocal\u0131 katliam\u0131n\u0131 anmaya haz\u0131rlan\u0131yor\" alt=\"AS\u0130MDER hocal\u0131 katliam\u0131n\u0131 anmaya haz\u0131rlan\u0131yor\" style=\"width: 496px; height: 702px;\" \/> <\/a> <\/div> <\/div> <!-- close group --> <\/div> <!-- close row --> <\/div><\/p>\n","protected":false},"excerpt":{"rendered":"<p>AS\u0130MDER HOCALI KATL\u0130AMINI ANMAYA HAZIRLANIYOR<\/p>\n","protected":false},"author":1,"featured_media":38078,"comment_status":"closed","ping_status":"open","sticky":false,"template":"","format":"standard","meta":{"jetpack_post_was_ever_published":false,"_jetpack_newsletter_access":"","_jetpack_dont_email_post_to_subs":false,"_jetpack_newsletter_tier_id":0,"_jetpack_memberships_contains_paywalled_content":false,"_jetpack_memberships_contains_paid_content":false,"footnotes":"","jetpack_publicize_message":"","jetpack_publicize_feature_enabled":true,"jetpack_social_post_already_shared":false,"jetpack_social_options":{"image_generator_settings":{"template":"highway","default_image_id":0,"font":"","enabled":false},"version":2}},"categories":[655],"tags":[13975,8990,297,9757,13974],"class_list":["post-38077","post","type-post","status-publish","format-standard","has-post-thumbnail","hentry","category-son-dakika","tag-anmaya","tag-asimder","tag-hazirlaniyor","tag-hocali","tag-katliamini"],"jetpack_publicize_connections":[],"jetpack_featured_media_url":"https:\/\/i0.wp.com\/www.tvturk.com\/wp-content\/uploads\/2019\/02\/asimder-hocali-katliamini-anmaya-hazirlaniyor_c76d30b.jpg?fit=960%2C720","jetpack_sharing_enabled":true,"jetpack_shortlink":"https:\/\/wp.me\/paKIfm-9U9","_links":{"self":[{"href":"http:\/\/www.tvturk.com\/index.php\/wp-json\/wp\/v2\/posts\/38077","targetHints":{"allow":["GET"]}}],"collection":[{"href":"http:\/\/www.tvturk.com\/index.php\/wp-json\/wp\/v2\/posts"}],"about":[{"href":"http:\/\/www.tvturk.com\/index.php\/wp-json\/wp\/v2\/types\/post"}],"author":[{"embeddable":true,"href":"http:\/\/www.tvturk.com\/index.php\/wp-json\/wp\/v2\/users\/1"}],"replies":[{"embeddable":true,"href":"http:\/\/www.tvturk.com\/index.php\/wp-json\/wp\/v2\/comments?post=38077"}],"version-history":[{"count":1,"href":"http:\/\/www.tvturk.com\/index.php\/wp-json\/wp\/v2\/posts\/38077\/revisions"}],"predecessor-version":[{"id":38080,"href":"http:\/\/www.tvturk.com\/index.php\/wp-json\/wp\/v2\/posts\/38077\/revisions\/38080"}],"wp:featuredmedia":[{"embeddable":true,"href":"http:\/\/www.tvturk.com\/index.php\/wp-json\/wp\/v2\/media\/38078"}],"wp:attachment":[{"href":"http:\/\/www.tvturk.com\/index.php\/wp-json\/wp\/v2\/media?parent=38077"}],"wp:term":[{"taxonomy":"category","embeddable":true,"href":"http:\/\/www.tvturk.com\/index.php\/wp-json\/wp\/v2\/categories?post=38077"},{"taxonomy":"post_tag","embeddable":true,"href":"http:\/\/www.tvturk.com\/index.php\/wp-json\/wp\/v2\/tags?post=38077"}],"curies":[{"name":"wp","href":"https:\/\/api.w.org\/{rel}","templated":true}]}}