{"id":38375,"date":"2019-02-16T12:01:32","date_gmt":"2019-02-16T09:01:32","guid":{"rendered":"http:\/\/www.tvturk.com\/index.php\/trabzonspor-istisare-kurulunu-olusturmak-icin-bir-araya-geldiler\/"},"modified":"2019-02-16T12:01:35","modified_gmt":"2019-02-16T09:01:35","slug":"trabzonspor-istisare-kurulunu-olusturmak-icin-bir-araya-geldiler","status":"publish","type":"post","link":"http:\/\/www.tvturk.com\/index.php\/trabzonspor-istisare-kurulunu-olusturmak-icin-bir-araya-geldiler\/","title":{"rendered":"Trabzonspor \u0130sti\u015fare Kurulu\u2019nu olu\u015fturmak i\u00e7in bir araya geldiler"},"content":{"rendered":"<p>Trabzonspor Kul\u00fcb\u00fc\u2019n\u00fcn yeni t\u00fcz\u00fc\u011f\u00fcnde yer alan 52. madde gere\u011fi \u2019\u0130sti\u015fare Kurulu\u2019 olu\u015fturmak i\u00e7in Kul\u00fcp Ba\u015fkan\u0131 Ahmet A\u011fao\u011flu ve Asba\u015fkan Mehmet Yi\u011fit Alp, eski ba\u015fkan ve asba\u015fkanlar ile bug\u00fcn bir araya geldi.<\/p>\n<p>Divan Ba\u015fkanl\u0131k Kurulu ge\u00e7ti\u011fimiz hafta Trabzonspor Ba\u015fkan\u0131 Ahmet A\u011fao\u011flu ba\u015fta olmak \u00fczere eski ba\u015fkanlarla birlikte eski asba\u015fkanlara davet yaz\u0131s\u0131 g\u00f6ndermi\u015fti. Bu davet yaz\u0131s\u0131 do\u011frultusunda Ziyabey Tesisleri\u2019ndeki Divan Ba\u015fkanl\u0131k Kurulu\u2019nda bug\u00fcn Kul\u00fcp Ba\u015fkan\u0131 Ahmet A\u011fao\u011flu ve Asba\u015fkan Mehmet Yi\u011fit Alp, eski ba\u015fkan ve asba\u015fkanlar ile bir araya geldi. Kurulun ilk toplant\u0131s\u0131nda toplant\u0131ya kat\u0131lan isimler aras\u0131ndan bir ba\u015fkan, bir ba\u015fkan vekili ve bir genel sekreter olmak \u00fczere 3 \u00fcyeden olu\u015facak \u2018\u0130sti\u015fare Kurulu\u2019nun belirlenece\u011fi, bununla ilgili bas\u0131na bir a\u00e7\u0131klama yap\u0131laca\u011f\u0131 kaydedildi.<\/p>\n<p>\u00d6te yandan yeni t\u00fcz\u00fckte yer alan 52. madde gere\u011fi \u2018\u0130sti\u015fare Kurulu\u2019 ola\u011fan\u00fcst\u00fc durumlarda kendili\u011finden ya da organ-kurullar\u0131n talebi \u00fczerine yol g\u00f6sterici g\u00f6r\u00fc\u015fler a\u00e7\u0131klayabilecek. Se\u00e7imli genel kurul toplant\u0131lar\u0131nda t\u00fcm ba\u015fkan adaylar\u0131 ile g\u00f6r\u00fc\u015f\u00fcp mutabakat sa\u011flad\u0131ktan sonra genel kurul divan\u0131n\u0131 olu\u015fturabilecek.<div class=\"tiled-gallery type-rectangular tiled-gallery-unresized\" data-original-width=\"500\" data-carousel-extra='null' itemscope itemtype=\"http:\/\/schema.org\/ImageGallery\" > <div class=\"gallery-row\" style=\"width: 500px; height: 376px;\" data-original-width=\"500\" data-original-height=\"376\" > <div class=\"gallery-group images-1\" style=\"width: 500px; height: 376px;\" data-original-width=\"500\" data-original-height=\"376\" > <div class=\"tiled-gallery-item tiled-gallery-item-large\" itemprop=\"associatedMedia\" itemscope itemtype=\"http:\/\/schema.org\/ImageObject\"> <a href=\"http:\/\/www.tvturk.com\/index.php\/trabzonspor-istisare-kurulunu-olusturmak-icin-bir-araya-geldiler\/trabzonspor-istisare-kurulunu-olusturmak-icin-bir-araya-geldiler-3\/\" border=\"0\" itemprop=\"url\"> <meta itemprop=\"width\" content=\"496\"> <meta itemprop=\"height\" content=\"372\"> <img decoding=\"async\" class=\"\" data-attachment-id=\"38377\" data-orig-file=\"http:\/\/www.tvturk.com\/wp-content\/uploads\/2019\/02\/trabzonspor-istisare-kurulunu-olusturmak-icin-bir-araya-geldiler_398643c.jpg\" data-orig-size=\"1000,750\" data-comments-opened=\"\" data-image-meta=\"{&quot;aperture&quot;:&quot;0&quot;,&quot;credit&quot;:&quot;IHA&quot;,&quot;camera&quot;:&quot;&quot;,&quot;caption&quot;:&quot;TRABZONSPOR KUL\\u00dcB\\u00dc\\u2019N\\u00dcN YEN\\u0130 T\\u00dcZ\\u00dc\\u011e\\u00dcNDE YER ALAN 52. MADDE GERE\\u011e\\u0130 \\u0027\\u0130ST\\u0130\\u015eARE KURULU\\u2019 OLU\\u015eTURMAK \\u0130\\u00c7\\u0130N KUL\\u00dcP BA\\u015eKANI AHMET A\\u011eAO\\u011eLU VE ASBA\\u015eKAN MEHMET Y\\u0130\\u011e\\u0130T ALP, ESK\\u0130 BA\\u015eKAN VE ASBA\\u015eKANLAR \\u0130LE BUG\\u00dcN B\\u0130R ARAYA GELD\\u0130. (G\\u00d6KMEN \\u015eAH\\u0130N\\\/TRABZON-\\u0130HA)&quot;,&quot;created_timestamp&quot;:&quot;0&quot;,&quot;copyright&quot;:&quot;\\u0130HLAS HABER AJANSI, www.iha.com.tr&quot;,&quot;focal_length&quot;:&quot;0&quot;,&quot;iso&quot;:&quot;0&quot;,&quot;shutter_speed&quot;:&quot;0&quot;,&quot;title&quot;:&quot;TRABZONSPOR \\u0130ST\\u0130\\u015eARE KURULU\\u0027NU OLU\\u015eTURMAK \\u0130\\u00c7\\u0130N B\\u0130R ARAYA GELD\\u0130LER&quot;,&quot;orientation&quot;:&quot;0&quot;}\" data-image-title=\"Trabzonspor \u0130sti\u015fare Kurulu\u2019nu olu\u015fturmak i\u00e7in bir araya geldiler\" data-image-description=\"&lt;p&gt;Trabzonspor \u0130sti\u015fare Kurulu\u2019nu olu\u015fturmak i\u00e7in bir araya geldiler&lt;\/p&gt; \" data-medium-file=\"https:\/\/i0.wp.com\/www.tvturk.com\/wp-content\/uploads\/2019\/02\/trabzonspor-istisare-kurulunu-olusturmak-icin-bir-araya-geldiler_398643c.jpg?fit=300%2C225\" data-large-file=\"https:\/\/i0.wp.com\/www.tvturk.com\/wp-content\/uploads\/2019\/02\/trabzonspor-istisare-kurulunu-olusturmak-icin-bir-araya-geldiler_398643c.jpg?fit=1000%2C750\" src=\"https:\/\/i0.wp.com\/www.tvturk.com\/wp-content\/uploads\/2019\/02\/trabzonspor-istisare-kurulunu-olusturmak-icin-bir-araya-geldiler_398643c.jpg?w=496&#038;h=372\" srcset=\"https:\/\/i0.wp.com\/www.tvturk.com\/wp-content\/uploads\/2019\/02\/trabzonspor-istisare-kurulunu-olusturmak-icin-bir-araya-geldiler_398643c.jpg?w=1000 1000w, https:\/\/i0.wp.com\/www.tvturk.com\/wp-content\/uploads\/2019\/02\/trabzonspor-istisare-kurulunu-olusturmak-icin-bir-araya-geldiler_398643c.jpg?resize=150%2C113 150w, https:\/\/i0.wp.com\/www.tvturk.com\/wp-content\/uploads\/2019\/02\/trabzonspor-istisare-kurulunu-olusturmak-icin-bir-araya-geldiler_398643c.jpg?resize=300%2C225 300w, https:\/\/i0.wp.com\/www.tvturk.com\/wp-content\/uploads\/2019\/02\/trabzonspor-istisare-kurulunu-olusturmak-icin-bir-araya-geldiler_398643c.jpg?resize=768%2C576 768w\" width=\"496\" height=\"372\" loading=\"lazy\" data-original-width=\"496\" data-original-height=\"372\" itemprop=\"http:\/\/schema.org\/image\" title=\"Trabzonspor \u0130sti\u015fare Kurulu\u2019nu olu\u015fturmak i\u00e7in bir araya geldiler\" alt=\"Trabzonspor \u0130sti\u015fare Kurulu\u2019nu olu\u015fturmak i\u00e7in bir araya geldiler\" style=\"width: 496px; height: 372px;\" \/> <\/a> <\/div> <\/div> <!-- close group --> <\/div> <!-- close row --> <\/div><\/p>\n","protected":false},"excerpt":{"rendered":"<p>TRABZONSPOR KUL\u00dcB\u00dc\u2019N\u00dcN YEN\u0130 T\u00dcZ\u00dc\u011e\u00dcNDE YER ALAN 52. MADDE GERE\u011e\u0130 &#8216;\u0130ST\u0130\u015eARE KURULU\u2019 OLU\u015eTURMAK \u0130\u00c7\u0130N KUL\u00dcP BA\u015eKANI AHMET A\u011eAO\u011eLU VE ASBA\u015eKAN MEHMET Y\u0130\u011e\u0130T ALP, ESK\u0130 BA\u015eKAN VE ASBA\u015eKANLAR \u0130LE BUG\u00dcN B\u0130R ARAYA GELD\u0130.<\/p>\n","protected":false},"author":1,"featured_media":38376,"comment_status":"closed","ping_status":"open","sticky":false,"template":"","format":"standard","meta":{"jetpack_post_was_ever_published":false,"_jetpack_newsletter_access":"","_jetpack_dont_email_post_to_subs":false,"_jetpack_newsletter_tier_id":0,"_jetpack_memberships_contains_paywalled_content":false,"_jetpack_memberships_contains_paid_content":false,"footnotes":"","jetpack_publicize_message":"","jetpack_publicize_feature_enabled":true,"jetpack_social_post_already_shared":false,"jetpack_social_options":{"image_generator_settings":{"template":"highway","default_image_id":0,"font":"","enabled":false},"version":2}},"categories":[657],"tags":[126,125,14063,44,561,8430,2237,916],"class_list":["post-38375","post","type-post","status-publish","format-standard","has-post-thumbnail","hentry","category-spor","tag-araya","tag-bir","tag-geldiler","tag-icin","tag-istisare","tag-kurulunu","tag-olusturmak","tag-trabzonspor"],"jetpack_publicize_connections":[],"jetpack_featured_media_url":"https:\/\/i0.wp.com\/www.tvturk.com\/wp-content\/uploads\/2019\/02\/trabzonspor-istisare-kurulunu-olusturmak-icin-bir-araya-geldiler_f1154f3.jpg?fit=1000%2C750","jetpack_sharing_enabled":true,"jetpack_shortlink":"https:\/\/wp.me\/paKIfm-9YX","_links":{"self":[{"href":"http:\/\/www.tvturk.com\/index.php\/wp-json\/wp\/v2\/posts\/38375","targetHints":{"allow":["GET"]}}],"collection":[{"href":"http:\/\/www.tvturk.com\/index.php\/wp-json\/wp\/v2\/posts"}],"about":[{"href":"http:\/\/www.tvturk.com\/index.php\/wp-json\/wp\/v2\/types\/post"}],"author":[{"embeddable":true,"href":"http:\/\/www.tvturk.com\/index.php\/wp-json\/wp\/v2\/users\/1"}],"replies":[{"embeddable":true,"href":"http:\/\/www.tvturk.com\/index.php\/wp-json\/wp\/v2\/comments?post=38375"}],"version-history":[{"count":1,"href":"http:\/\/www.tvturk.com\/index.php\/wp-json\/wp\/v2\/posts\/38375\/revisions"}],"predecessor-version":[{"id":38378,"href":"http:\/\/www.tvturk.com\/index.php\/wp-json\/wp\/v2\/posts\/38375\/revisions\/38378"}],"wp:featuredmedia":[{"embeddable":true,"href":"http:\/\/www.tvturk.com\/index.php\/wp-json\/wp\/v2\/media\/38376"}],"wp:attachment":[{"href":"http:\/\/www.tvturk.com\/index.php\/wp-json\/wp\/v2\/media?parent=38375"}],"wp:term":[{"taxonomy":"category","embeddable":true,"href":"http:\/\/www.tvturk.com\/index.php\/wp-json\/wp\/v2\/categories?post=38375"},{"taxonomy":"post_tag","embeddable":true,"href":"http:\/\/www.tvturk.com\/index.php\/wp-json\/wp\/v2\/tags?post=38375"}],"curies":[{"name":"wp","href":"https:\/\/api.w.org\/{rel}","templated":true}]}}