{"id":38400,"date":"2019-02-16T12:11:07","date_gmt":"2019-02-16T09:11:07","guid":{"rendered":"http:\/\/www.tvturk.com\/index.php\/dort-ilcede-yangin-egitimi-ve-tatbikati-yapildi\/"},"modified":"2019-02-16T12:11:08","modified_gmt":"2019-02-16T09:11:08","slug":"dort-ilcede-yangin-egitimi-ve-tatbikati-yapildi","status":"publish","type":"post","link":"http:\/\/www.tvturk.com\/index.php\/dort-ilcede-yangin-egitimi-ve-tatbikati-yapildi\/","title":{"rendered":"D\u00f6rt il\u00e7ede yang\u0131n e\u011fitimi ve tatbikat\u0131 yap\u0131ld\u0131"},"content":{"rendered":"<p>Van\u2019\u0131n Bah\u00e7esaray, Edremit, Geva\u015f ve \u00c7atak il\u00e7elerindeki okullarda g\u00f6rev yapan \u00f6\u011fretmen ve \u00e7al\u0131\u015fan personellere y\u00f6nelik yang\u0131n e\u011fitimi ve tatbikatlar\u0131 yap\u0131ld\u0131.<\/p>\n<p>\u0130l Milli E\u011fitim M\u00fcd\u00fcrl\u00fc\u011f\u00fc Sivil Savunma Uzman\u0131 ve Yang\u0131n E\u011fitmeni Murat Motor taraf\u0131ndan Bah\u00e7esaray, Edremit, Geva\u015f ve \u00c7atak il\u00e7elerindeki okullarda g\u00f6rev yapan \u00f6\u011fretmen ve \u00e7al\u0131\u015fan personellere y\u00f6nelik verilen yang\u0131n e\u011fitimi sonras\u0131 uygulamal\u0131 olarak tatbikatlar yap\u0131ld\u0131. Tatbikatta \u00f6\u011fretmenlere ve okullarda \u00e7al\u0131\u015fan personellere olas\u0131 yang\u0131n \u00e7e\u015fitleri ve yang\u0131na m\u00fcdahale y\u00f6netmeleri ve bu t\u00fcr durumlarda nas\u0131l davranmalar\u0131 gerekti\u011fi anlat\u0131ld\u0131. Yang\u0131n \u00f6ncesinde al\u0131nacak tedbirlerden bahseden Sivil Savunma Uzman\u0131 Murat Motor, \u00f6\u011fretmenlerin ve e\u011fitim \u00e7al\u0131\u015fanlar\u0131n\u0131n bu konudaki fark\u0131ndal\u0131klar\u0131n\u0131n artt\u0131\u011f\u0131n\u0131 s\u00f6yledi. Yang\u0131na nas\u0131l m\u00fcdahale edilmesi gerekti\u011fi, yang\u0131n t\u00fcrleri, yang\u0131n s\u00f6nd\u00fcrme cihazlar\u0131n\u0131n kullan\u0131m\u0131 ile ilgili konularda da bilgiler veren Motor, e\u011fitimlerin Van\u2019\u0131n t\u00fcm il\u00e7elerinde yap\u0131ld\u0131\u011f\u0131n\u0131 ifade etti.<div class=\"tiled-gallery type-rectangular tiled-gallery-unresized\" data-original-width=\"500\" data-carousel-extra='null' itemscope itemtype=\"http:\/\/schema.org\/ImageGallery\" > <div class=\"gallery-row\" style=\"width: 500px; height: 334px;\" data-original-width=\"500\" data-original-height=\"334\" > <div class=\"gallery-group images-1\" style=\"width: 500px; height: 334px;\" data-original-width=\"500\" data-original-height=\"334\" > <div class=\"tiled-gallery-item tiled-gallery-item-large\" itemprop=\"associatedMedia\" itemscope itemtype=\"http:\/\/schema.org\/ImageObject\"> <a href=\"http:\/\/www.tvturk.com\/index.php\/dort-ilcede-yangin-egitimi-ve-tatbikati-yapildi\/dort-ilcede-yangin-egitimi-ve-tatbikati-yapildi-3\/\" border=\"0\" itemprop=\"url\"> <meta itemprop=\"width\" content=\"496\"> <meta itemprop=\"height\" content=\"330\"> <img decoding=\"async\" class=\"\" data-attachment-id=\"38402\" data-orig-file=\"http:\/\/www.tvturk.com\/wp-content\/uploads\/2019\/02\/dort-ilcede-yangin-egitimi-ve-tatbikati-yapildi_f41544a.jpg\" data-orig-size=\"1000,666\" data-comments-opened=\"\" data-image-meta=\"{&quot;aperture&quot;:&quot;0&quot;,&quot;credit&quot;:&quot;IHA&quot;,&quot;camera&quot;:&quot;&quot;,&quot;caption&quot;:&quot;VAN\\u2019IN BAH\\u00c7ESARAY, EDREM\\u0130T, GEVA\\u015e VE \\u00c7ATAK \\u0130L\\u00c7ELER\\u0130NDEK\\u0130 OKULLARDA G\\u00d6REV YAPAN \\u00d6\\u011eRETMEN VE \\u00c7ALI\\u015eAN PERSONELLERE Y\\u00d6NEL\\u0130K YANGIN E\\u011e\\u0130T\\u0130M\\u0130 VE TATB\\u0130KATLARI YAPILDI (\\u0130HA\\\/VAN-\\u0130HA)&quot;,&quot;created_timestamp&quot;:&quot;0&quot;,&quot;copyright&quot;:&quot;\\u0130HLAS HABER AJANSI, www.iha.com.tr&quot;,&quot;focal_length&quot;:&quot;0&quot;,&quot;iso&quot;:&quot;0&quot;,&quot;shutter_speed&quot;:&quot;0&quot;,&quot;title&quot;:&quot;D\\u00d6RT \\u0130L\\u00c7EDE YANGIN E\\u011e\\u0130T\\u0130M\\u0130 VE TATB\\u0130KATI YAPILDI&quot;,&quot;orientation&quot;:&quot;0&quot;}\" data-image-title=\"D\u00f6rt il\u00e7ede yang\u0131n e\u011fitimi ve tatbikat\u0131 yap\u0131ld\u0131\" data-image-description=\"&lt;p&gt;D\u00f6rt il\u00e7ede yang\u0131n e\u011fitimi ve tatbikat\u0131 yap\u0131ld\u0131&lt;\/p&gt; \" data-medium-file=\"https:\/\/i0.wp.com\/www.tvturk.com\/wp-content\/uploads\/2019\/02\/dort-ilcede-yangin-egitimi-ve-tatbikati-yapildi_f41544a.jpg?fit=300%2C200\" data-large-file=\"https:\/\/i0.wp.com\/www.tvturk.com\/wp-content\/uploads\/2019\/02\/dort-ilcede-yangin-egitimi-ve-tatbikati-yapildi_f41544a.jpg?fit=1000%2C666\" src=\"https:\/\/i0.wp.com\/www.tvturk.com\/wp-content\/uploads\/2019\/02\/dort-ilcede-yangin-egitimi-ve-tatbikati-yapildi_f41544a.jpg?w=496&#038;h=330\" srcset=\"https:\/\/i0.wp.com\/www.tvturk.com\/wp-content\/uploads\/2019\/02\/dort-ilcede-yangin-egitimi-ve-tatbikati-yapildi_f41544a.jpg?w=1000 1000w, https:\/\/i0.wp.com\/www.tvturk.com\/wp-content\/uploads\/2019\/02\/dort-ilcede-yangin-egitimi-ve-tatbikati-yapildi_f41544a.jpg?resize=150%2C100 150w, https:\/\/i0.wp.com\/www.tvturk.com\/wp-content\/uploads\/2019\/02\/dort-ilcede-yangin-egitimi-ve-tatbikati-yapildi_f41544a.jpg?resize=300%2C200 300w, https:\/\/i0.wp.com\/www.tvturk.com\/wp-content\/uploads\/2019\/02\/dort-ilcede-yangin-egitimi-ve-tatbikati-yapildi_f41544a.jpg?resize=768%2C511 768w, https:\/\/i0.wp.com\/www.tvturk.com\/wp-content\/uploads\/2019\/02\/dort-ilcede-yangin-egitimi-ve-tatbikati-yapildi_f41544a.jpg?resize=170%2C113 170w, https:\/\/i0.wp.com\/www.tvturk.com\/wp-content\/uploads\/2019\/02\/dort-ilcede-yangin-egitimi-ve-tatbikati-yapildi_f41544a.jpg?resize=120%2C80 120w\" width=\"496\" height=\"330\" loading=\"lazy\" data-original-width=\"496\" data-original-height=\"330\" itemprop=\"http:\/\/schema.org\/image\" title=\"D\u00f6rt il\u00e7ede yang\u0131n e\u011fitimi ve tatbikat\u0131 yap\u0131ld\u0131\" alt=\"D\u00f6rt il\u00e7ede yang\u0131n e\u011fitimi ve tatbikat\u0131 yap\u0131ld\u0131\" style=\"width: 496px; height: 330px;\" \/> <\/a> <\/div> <\/div> <!-- close group --> <\/div> <!-- close row --> <\/div><\/p>\n","protected":false},"excerpt":{"rendered":"<p>VAN\u2019IN BAH\u00c7ESARAY, EDREM\u0130T, GEVA\u015e VE \u00c7ATAK \u0130L\u00c7ELER\u0130NDEK\u0130 OKULLARDA G\u00d6REV YAPAN \u00d6\u011eRETMEN VE \u00c7ALI\u015eAN PERSONELLERE Y\u00d6NEL\u0130K YANGIN E\u011e\u0130T\u0130M\u0130 VE TATB\u0130KATLARI YAPILDI<\/p>\n","protected":false},"author":1,"featured_media":38401,"comment_status":"closed","ping_status":"open","sticky":false,"template":"","format":"standard","meta":{"jetpack_post_was_ever_published":false,"_jetpack_newsletter_access":"","_jetpack_dont_email_post_to_subs":false,"_jetpack_newsletter_tier_id":0,"_jetpack_memberships_contains_paywalled_content":false,"_jetpack_memberships_contains_paid_content":false,"footnotes":"","jetpack_publicize_message":"","jetpack_publicize_feature_enabled":true,"jetpack_social_post_already_shared":false,"jetpack_social_options":{"image_generator_settings":{"template":"highway","default_image_id":0,"font":"","enabled":false},"version":2}},"categories":[655],"tags":[3482,581,3627,222,1617,117],"class_list":["post-38400","post","type-post","status-publish","format-standard","has-post-thumbnail","hentry","category-son-dakika","tag-dort","tag-egitimi","tag-ilcede","tag-tatbikati","tag-yangin","tag-yapildi"],"jetpack_publicize_connections":[],"jetpack_featured_media_url":"https:\/\/i0.wp.com\/www.tvturk.com\/wp-content\/uploads\/2019\/02\/dort-ilcede-yangin-egitimi-ve-tatbikati-yapildi_355a333.jpg?fit=1000%2C666","jetpack_sharing_enabled":true,"jetpack_shortlink":"https:\/\/wp.me\/paKIfm-9Zm","_links":{"self":[{"href":"http:\/\/www.tvturk.com\/index.php\/wp-json\/wp\/v2\/posts\/38400","targetHints":{"allow":["GET"]}}],"collection":[{"href":"http:\/\/www.tvturk.com\/index.php\/wp-json\/wp\/v2\/posts"}],"about":[{"href":"http:\/\/www.tvturk.com\/index.php\/wp-json\/wp\/v2\/types\/post"}],"author":[{"embeddable":true,"href":"http:\/\/www.tvturk.com\/index.php\/wp-json\/wp\/v2\/users\/1"}],"replies":[{"embeddable":true,"href":"http:\/\/www.tvturk.com\/index.php\/wp-json\/wp\/v2\/comments?post=38400"}],"version-history":[{"count":1,"href":"http:\/\/www.tvturk.com\/index.php\/wp-json\/wp\/v2\/posts\/38400\/revisions"}],"predecessor-version":[{"id":38403,"href":"http:\/\/www.tvturk.com\/index.php\/wp-json\/wp\/v2\/posts\/38400\/revisions\/38403"}],"wp:featuredmedia":[{"embeddable":true,"href":"http:\/\/www.tvturk.com\/index.php\/wp-json\/wp\/v2\/media\/38401"}],"wp:attachment":[{"href":"http:\/\/www.tvturk.com\/index.php\/wp-json\/wp\/v2\/media?parent=38400"}],"wp:term":[{"taxonomy":"category","embeddable":true,"href":"http:\/\/www.tvturk.com\/index.php\/wp-json\/wp\/v2\/categories?post=38400"},{"taxonomy":"post_tag","embeddable":true,"href":"http:\/\/www.tvturk.com\/index.php\/wp-json\/wp\/v2\/tags?post=38400"}],"curies":[{"name":"wp","href":"https:\/\/api.w.org\/{rel}","templated":true}]}}