{"id":38635,"date":"2019-02-16T13:10:55","date_gmt":"2019-02-16T10:10:55","guid":{"rendered":"http:\/\/www.tvturk.com\/index.php\/beyoglunda-kadina-siddet-kamerada\/"},"modified":"2019-02-16T13:10:56","modified_gmt":"2019-02-16T10:10:56","slug":"beyoglunda-kadina-siddet-kamerada","status":"publish","type":"post","link":"http:\/\/www.tvturk.com\/index.php\/beyoglunda-kadina-siddet-kamerada\/","title":{"rendered":"Beyo\u011flu\u2019nda kad\u0131na \u015fiddet kamerada"},"content":{"rendered":"<p>Beyo\u011flu\u2019nda bir \u015fah\u0131s, Fas uyruklu sevgilisini sokak ortas\u0131nda d\u00f6vd\u00fc. O anlar g\u00fcvenlik kameralar\u0131na yans\u0131d\u0131.<\/p>\n<p>Beyo\u011flu, \u015eehit Muhtar Mahallesi Kapanca Sokak \u00fczerinde meydana gelen olay iddialara g\u00f6re \u015f\u00f6yle ger\u00e7ekle\u015fti. Sabah saat 11.30 s\u0131ralar\u0131nda sokak \u00fczerinde y\u00fcr\u00fcyen iki sevgili tart\u0131\u015fmaya ba\u015flad\u0131. Tart\u0131\u015fman\u0131n b\u00fcy\u00fcmesi \u00fczerine ikili aras\u0131nda kavga \u00e7\u0131kt\u0131. Erkek zanl\u0131, k\u0131z arkada\u015f\u0131n\u0131 darp etmeye ba\u015flay\u0131nca Fasl\u0131 kad\u0131n darbelere daha fazla dayanamayarak yere d\u00fc\u015ft\u00fc. Sevgilisinin yere d\u00fc\u015ft\u00fc\u011f\u00fcn\u00fc g\u00f6ren erkek ise olay yerinden ka\u00e7arak kay\u0131plara kar\u0131\u015ft\u0131. Kad\u0131n\u0131n yard\u0131m \u00e7\u0131\u011fl\u0131klar\u0131n\u0131 duyan vatanda\u015flar da durumu polise ve sa\u011fl\u0131k ekiplerine bildirdi. Vatanda\u015flar\u0131n ihbar\u0131 \u00fczerine olay yerine gelen sa\u011fl\u0131k ekipleri darp sonucunda yaralanan kad\u0131na ilk m\u00fcdahaleyi yapt\u0131. Yap\u0131lan ilk m\u00fcdahalenin ard\u0131ndan yaralanan kad\u0131n Taksim E\u011fitim ve Ara\u015ft\u0131rma Hastanesine kald\u0131r\u0131larak tedavi alt\u0131na al\u0131nd\u0131.<\/p>\n<p>Ambulans\u0131 arayan mahalle sakini, &#8220;Kad\u0131n\u0131n yerde yatt\u0131\u011f\u0131n\u0131 g\u00f6r\u00fcnce hemen ambulansa haber verdik. Ciddi bir problemi g\u00f6r\u00fcnm\u00fcyor\u2019\u2019 ifadelerini kulland\u0131.<\/p>\n<p>\u00c7\u0131\u011fl\u0131k seslerine d\u0131\u015far\u0131 \u00e7\u0131kt\u0131\u011f\u0131n\u0131 belirten bir ba\u015fka mahalle sakini ise &#8220;\u00c7\u0131\u011fl\u0131k seslerini duydum. Birbirlerine ba\u011f\u0131r\u0131p kavga ediyorlard\u0131. Sonra ses kesildi. Kad\u0131n yerde yat\u0131yordu\u2019\u2019 \u015feklinde konu\u015ftu.<\/p>\n<p>Polis ekipleri, Fas uyruklu kad\u0131n\u0131 darp eden \u015f\u00fcpheliyi yakalamak i\u00e7in \u00e7al\u0131\u015fmalar\u0131n\u0131 s\u00fcrd\u00fcr\u00fcyor.<div class=\"tiled-gallery type-rectangular tiled-gallery-unresized\" data-original-width=\"500\" data-carousel-extra='null' itemscope itemtype=\"http:\/\/schema.org\/ImageGallery\" > <div class=\"gallery-row\" style=\"width: 500px; height: 303px;\" data-original-width=\"500\" data-original-height=\"303\" > <div class=\"gallery-group images-1\" style=\"width: 500px; height: 303px;\" data-original-width=\"500\" data-original-height=\"303\" > <div class=\"tiled-gallery-item tiled-gallery-item-large\" itemprop=\"associatedMedia\" itemscope itemtype=\"http:\/\/schema.org\/ImageObject\"> <a href=\"http:\/\/www.tvturk.com\/index.php\/beyoglunda-kadina-siddet-kamerada\/beyoglunda-kadina-siddet-kamerada-3\/\" border=\"0\" itemprop=\"url\"> <meta itemprop=\"width\" content=\"496\"> <meta itemprop=\"height\" content=\"299\"> <img decoding=\"async\" class=\"\" data-attachment-id=\"38637\" data-orig-file=\"http:\/\/www.tvturk.com\/wp-content\/uploads\/2019\/02\/beyoglunda-kadina-siddet-kamerada_4a00231.jpg\" data-orig-size=\"937,564\" data-comments-opened=\"\" data-image-meta=\"{&quot;aperture&quot;:&quot;0&quot;,&quot;credit&quot;:&quot;IHA&quot;,&quot;camera&quot;:&quot;&quot;,&quot;caption&quot;:&quot;BEYO\\u011eLU\\u2019NDA B\\u0130R \\u015eAHIS, FAS UYRUKLU SEVG\\u0130L\\u0130S\\u0130N\\u0130 SOKAK ORTASINDA D\\u00d6VD\\u00dc. O ANLAR G\\u00dcVENL\\u0130K KAMERALARINA YANSIDI. (O\\u011eUZCAN YAZAR\\\/\\u0130STANBUL-\\u0130HA)&quot;,&quot;created_timestamp&quot;:&quot;1550350980&quot;,&quot;copyright&quot;:&quot;\\u0130HLAS HABER AJANSI, www.iha.com.tr&quot;,&quot;focal_length&quot;:&quot;0&quot;,&quot;iso&quot;:&quot;0&quot;,&quot;shutter_speed&quot;:&quot;0&quot;,&quot;title&quot;:&quot;BEYO\\u011eLU\\u0027NDA KADINA \\u015e\\u0130DDET KAMERADA BEYO\\u011eLU\\u2019NDA YABANCI UYRUKLU SEVG\\u0130L\\u0130S\\u0130N\\u0130 SOKAK ORTASINDA D\\u00d6VD\\u00dc YERE D\\u00dc\\u015eEN KADINI TEKMELEYEN ZANLI, KAMERALARA YANSIDI&quot;,&quot;orientation&quot;:&quot;0&quot;}\" data-image-title=\"Beyo\u011flu\u2019nda kad\u0131na \u015fiddet kamerada\" data-image-description=\"&lt;p&gt;Beyo\u011flu\u2019nda kad\u0131na \u015fiddet kamerada&lt;\/p&gt; \" data-medium-file=\"https:\/\/i0.wp.com\/www.tvturk.com\/wp-content\/uploads\/2019\/02\/beyoglunda-kadina-siddet-kamerada_4a00231.jpg?fit=300%2C181\" data-large-file=\"https:\/\/i0.wp.com\/www.tvturk.com\/wp-content\/uploads\/2019\/02\/beyoglunda-kadina-siddet-kamerada_4a00231.jpg?fit=937%2C564\" src=\"https:\/\/i0.wp.com\/www.tvturk.com\/wp-content\/uploads\/2019\/02\/beyoglunda-kadina-siddet-kamerada_4a00231.jpg?w=496&#038;h=299\" srcset=\"https:\/\/i0.wp.com\/www.tvturk.com\/wp-content\/uploads\/2019\/02\/beyoglunda-kadina-siddet-kamerada_4a00231.jpg?w=937 937w, https:\/\/i0.wp.com\/www.tvturk.com\/wp-content\/uploads\/2019\/02\/beyoglunda-kadina-siddet-kamerada_4a00231.jpg?resize=150%2C90 150w, https:\/\/i0.wp.com\/www.tvturk.com\/wp-content\/uploads\/2019\/02\/beyoglunda-kadina-siddet-kamerada_4a00231.jpg?resize=300%2C181 300w, https:\/\/i0.wp.com\/www.tvturk.com\/wp-content\/uploads\/2019\/02\/beyoglunda-kadina-siddet-kamerada_4a00231.jpg?resize=768%2C462 768w, https:\/\/i0.wp.com\/www.tvturk.com\/wp-content\/uploads\/2019\/02\/beyoglunda-kadina-siddet-kamerada_4a00231.jpg?resize=187%2C113 187w\" width=\"496\" height=\"299\" loading=\"lazy\" data-original-width=\"496\" data-original-height=\"299\" itemprop=\"http:\/\/schema.org\/image\" title=\"Beyo\u011flu\u2019nda kad\u0131na \u015fiddet kamerada\" alt=\"Beyo\u011flu\u2019nda kad\u0131na \u015fiddet kamerada\" style=\"width: 496px; height: 299px;\" \/> <\/a> <\/div> <\/div> <!-- close group --> <\/div> <!-- close row --> <\/div><\/p>\n","protected":false},"excerpt":{"rendered":"<p>BEYO\u011eLU\u2019NDA B\u0130R \u015eAHIS, FAS UYRUKLU SEVG\u0130L\u0130S\u0130N\u0130 SOKAK ORTASINDA D\u00d6VD\u00dc. O ANLAR G\u00dcVENL\u0130K KAMERALARINA YANSIDI.<\/p>\n","protected":false},"author":1,"featured_media":38636,"comment_status":"closed","ping_status":"open","sticky":false,"template":"","format":"standard","meta":{"jetpack_post_was_ever_published":false,"_jetpack_newsletter_access":"","_jetpack_dont_email_post_to_subs":false,"_jetpack_newsletter_tier_id":0,"_jetpack_memberships_contains_paywalled_content":false,"_jetpack_memberships_contains_paid_content":false,"footnotes":"","jetpack_publicize_message":"","jetpack_publicize_feature_enabled":true,"jetpack_social_post_already_shared":false,"jetpack_social_options":{"image_generator_settings":{"template":"highway","default_image_id":0,"font":"","enabled":false},"version":2}},"categories":[655],"tags":[2296,5197,3713,1142],"class_list":["post-38635","post","type-post","status-publish","format-standard","has-post-thumbnail","hentry","category-son-dakika","tag-siddet","tag-beyoglunda","tag-kadina","tag-kamerada"],"jetpack_publicize_connections":[],"jetpack_featured_media_url":"https:\/\/i0.wp.com\/www.tvturk.com\/wp-content\/uploads\/2019\/02\/beyoglunda-kadina-siddet-kamerada_d632c9f.jpg?fit=889%2C549","jetpack_sharing_enabled":true,"jetpack_shortlink":"https:\/\/wp.me\/paKIfm-a39","_links":{"self":[{"href":"http:\/\/www.tvturk.com\/index.php\/wp-json\/wp\/v2\/posts\/38635","targetHints":{"allow":["GET"]}}],"collection":[{"href":"http:\/\/www.tvturk.com\/index.php\/wp-json\/wp\/v2\/posts"}],"about":[{"href":"http:\/\/www.tvturk.com\/index.php\/wp-json\/wp\/v2\/types\/post"}],"author":[{"embeddable":true,"href":"http:\/\/www.tvturk.com\/index.php\/wp-json\/wp\/v2\/users\/1"}],"replies":[{"embeddable":true,"href":"http:\/\/www.tvturk.com\/index.php\/wp-json\/wp\/v2\/comments?post=38635"}],"version-history":[{"count":1,"href":"http:\/\/www.tvturk.com\/index.php\/wp-json\/wp\/v2\/posts\/38635\/revisions"}],"predecessor-version":[{"id":38638,"href":"http:\/\/www.tvturk.com\/index.php\/wp-json\/wp\/v2\/posts\/38635\/revisions\/38638"}],"wp:featuredmedia":[{"embeddable":true,"href":"http:\/\/www.tvturk.com\/index.php\/wp-json\/wp\/v2\/media\/38636"}],"wp:attachment":[{"href":"http:\/\/www.tvturk.com\/index.php\/wp-json\/wp\/v2\/media?parent=38635"}],"wp:term":[{"taxonomy":"category","embeddable":true,"href":"http:\/\/www.tvturk.com\/index.php\/wp-json\/wp\/v2\/categories?post=38635"},{"taxonomy":"post_tag","embeddable":true,"href":"http:\/\/www.tvturk.com\/index.php\/wp-json\/wp\/v2\/tags?post=38635"}],"curies":[{"name":"wp","href":"https:\/\/api.w.org\/{rel}","templated":true}]}}