{"id":38663,"date":"2019-02-16T13:11:13","date_gmt":"2019-02-16T10:11:13","guid":{"rendered":"http:\/\/www.tvturk.com\/index.php\/turk-hava-kurumu-94-yasinda\/"},"modified":"2019-02-16T13:11:15","modified_gmt":"2019-02-16T10:11:15","slug":"turk-hava-kurumu-94-yasinda","status":"publish","type":"post","link":"http:\/\/www.tvturk.com\/index.php\/turk-hava-kurumu-94-yasinda\/","title":{"rendered":"T\u00fcrk Hava Kurumu 94 Ya\u015f\u0131nda"},"content":{"rendered":"<p>Bal\u0131kesir\u2019in Band\u0131rma \u0130l\u00e7esinde T\u00fcrk Hava Kurumu Band\u0131rma \u015eubesi Atat\u00fcrk An\u0131t\u0131na \u00e7elenk sunumu ger\u00e7ekle\u015ftirdi.<\/p>\n<p>Mustafa Kemal Atat\u00fcrk taraf\u0131ndan 16 \u015eubat 1925 y\u0131l\u0131nda kurulan T\u00fcrk Hava Kurumu 94. ya\u015f\u0131n\u0131 Cumhuriyet Meydan\u0131na \u00e7elenk sunumu t\u00f6renle kutlad\u0131. T\u00f6rene T\u00fcrk Hava Kurumu y\u00f6netim kurulu \u00fcyeleri, Band\u0131rma Anadolu Lisesi Havac\u0131l\u0131k Kul\u00fcb\u00fc \u00f6\u011frencileri ve THK \u00fcyeleri kat\u0131ld\u0131. Band\u0131rma \u015eube Ba\u015fkan\u0131 Varol Memi\u015fler Atat\u00fcrk Heykeline T\u00fcrk Hava Kurumu \u00e7elengini koymas\u0131n\u0131n ard\u0131ndan sayg\u0131 duru\u015fu yap\u0131larak \u0130stiklal Mar\u015f\u0131 okundu.<\/p>\n<p>G\u00fcn\u00fcn anlam ve \u00f6nemini belirten k\u0131sa bir konu\u015fma ger\u00e7ekle\u015ftirdi. T\u00fcrk Hava Kurumu Ba\u015fkan\u0131 Varol Memi\u015fler \u201cT\u00fcrk Hava Kurumumuzun 94.kurulu\u015f y\u0131l\u0131 nedeniyle Band\u0131rma Cumhuriyet Meydan\u0131nda bulunuyoruz. B\u00fcy\u00fck bir huzur, b\u00fcy\u00fck bir co\u015fku ya\u015f\u0131yoruz asl\u0131nda. Cumhuriyetle e\u015f de\u011fer olan bu g\u00fczide kurumumuz tam 94 ya\u015f\u0131nda. Mustafa Kemal Atat\u00fcrk ve silah arkada\u015flar\u0131n\u0131n T\u00fcrkiye Cumhuriyeti Devletinin devam\u0131na \u00f6n g\u00f6rd\u00fc\u011f\u00fc T\u00fcrk Hava Kurumumuz eskisi gibi at\u0131l\u0131mlar\u0131 h\u0131z kazanm\u0131\u015ft\u0131r. \u00c7\u00fcnk\u00fc bizim neslimiz T\u00fcrk Hava Kurumumuz devam\u0131n\u0131n nitelik kazanmas\u0131 nesillerdir. 94 senedir bu bayra\u011f\u0131n t\u00fcm ta\u015f\u0131y\u0131c\u0131lar\u0131na \u00f6lenlere Allah\u2019tan rahmet \u015fimdiki g\u00f6rev yapan arkada\u015flar\u0131ma ba\u015far\u0131lar diliyorum\u201d dedi.<div class=\"tiled-gallery type-rectangular tiled-gallery-unresized\" data-original-width=\"500\" data-carousel-extra='null' itemscope itemtype=\"http:\/\/schema.org\/ImageGallery\" > <div class=\"gallery-row\" style=\"width: 500px; height: 189px;\" data-original-width=\"500\" data-original-height=\"189\" > <div class=\"gallery-group images-1\" style=\"width: 250px; height: 189px;\" data-original-width=\"250\" data-original-height=\"189\" > <div class=\"tiled-gallery-item tiled-gallery-item-small\" itemprop=\"associatedMedia\" itemscope itemtype=\"http:\/\/schema.org\/ImageObject\"> <a href=\"http:\/\/www.tvturk.com\/index.php\/turk-hava-kurumu-94-yasinda\/turk-hava-kurumu-94-yasinda-3\/\" border=\"0\" itemprop=\"url\"> <meta itemprop=\"width\" content=\"246\"> <meta itemprop=\"height\" content=\"185\"> <img decoding=\"async\" class=\"\" data-attachment-id=\"38665\" data-orig-file=\"http:\/\/www.tvturk.com\/wp-content\/uploads\/2019\/02\/turk-hava-kurumu-94-yasinda_7d1d979.jpg\" data-orig-size=\"1000,750\" data-comments-opened=\"\" data-image-meta=\"{&quot;aperture&quot;:&quot;0&quot;,&quot;credit&quot;:&quot;IHA&quot;,&quot;camera&quot;:&quot;&quot;,&quot;caption&quot;:&quot;T\\u00dcRK HAVA KURUMU 94 YA\\u015eINDA (SERHAT BARI\\u015e\\\/BALIKES\\u0130R-\\u0130HA)&quot;,&quot;created_timestamp&quot;:&quot;0&quot;,&quot;copyright&quot;:&quot;\\u0130HLAS HABER AJANSI, www.iha.com.tr&quot;,&quot;focal_length&quot;:&quot;0&quot;,&quot;iso&quot;:&quot;0&quot;,&quot;shutter_speed&quot;:&quot;0&quot;,&quot;title&quot;:&quot;T\\u00dcRK HAVA KURUMU 94 YA\\u015eINDA&quot;,&quot;orientation&quot;:&quot;0&quot;}\" data-image-title=\"T\u00fcrk Hava Kurumu 94 Ya\u015f\u0131nda\" data-image-description=\"&lt;p&gt;T\u00fcrk Hava Kurumu 94 Ya\u015f\u0131nda&lt;\/p&gt; \" data-medium-file=\"https:\/\/i0.wp.com\/www.tvturk.com\/wp-content\/uploads\/2019\/02\/turk-hava-kurumu-94-yasinda_7d1d979.jpg?fit=300%2C225\" data-large-file=\"https:\/\/i0.wp.com\/www.tvturk.com\/wp-content\/uploads\/2019\/02\/turk-hava-kurumu-94-yasinda_7d1d979.jpg?fit=1000%2C750\" src=\"https:\/\/i0.wp.com\/www.tvturk.com\/wp-content\/uploads\/2019\/02\/turk-hava-kurumu-94-yasinda_7d1d979.jpg?w=246&#038;h=185\" srcset=\"https:\/\/i0.wp.com\/www.tvturk.com\/wp-content\/uploads\/2019\/02\/turk-hava-kurumu-94-yasinda_7d1d979.jpg?w=1000 1000w, https:\/\/i0.wp.com\/www.tvturk.com\/wp-content\/uploads\/2019\/02\/turk-hava-kurumu-94-yasinda_7d1d979.jpg?resize=150%2C113 150w, https:\/\/i0.wp.com\/www.tvturk.com\/wp-content\/uploads\/2019\/02\/turk-hava-kurumu-94-yasinda_7d1d979.jpg?resize=300%2C225 300w, https:\/\/i0.wp.com\/www.tvturk.com\/wp-content\/uploads\/2019\/02\/turk-hava-kurumu-94-yasinda_7d1d979.jpg?resize=768%2C576 768w\" width=\"246\" height=\"185\" loading=\"lazy\" data-original-width=\"246\" data-original-height=\"185\" itemprop=\"http:\/\/schema.org\/image\" title=\"T\u00fcrk Hava Kurumu 94 Ya\u015f\u0131nda\" alt=\"T\u00fcrk Hava Kurumu 94 Ya\u015f\u0131nda\" style=\"width: 246px; height: 185px;\" \/> <\/a> <\/div> <\/div> <!-- close group --> <div class=\"gallery-group images-1\" style=\"width: 250px; height: 189px;\" data-original-width=\"250\" data-original-height=\"189\" > <div class=\"tiled-gallery-item tiled-gallery-item-small\" itemprop=\"associatedMedia\" itemscope itemtype=\"http:\/\/schema.org\/ImageObject\"> <a href=\"http:\/\/www.tvturk.com\/index.php\/turk-hava-kurumu-94-yasinda\/turk-hava-kurumu-94-yasinda-4\/\" border=\"0\" itemprop=\"url\"> <meta itemprop=\"width\" content=\"246\"> <meta itemprop=\"height\" content=\"185\"> <img decoding=\"async\" class=\"\" data-attachment-id=\"38666\" data-orig-file=\"http:\/\/www.tvturk.com\/wp-content\/uploads\/2019\/02\/turk-hava-kurumu-94-yasinda_01f834f.jpg\" data-orig-size=\"1000,750\" data-comments-opened=\"\" data-image-meta=\"{&quot;aperture&quot;:&quot;0&quot;,&quot;credit&quot;:&quot;IHA&quot;,&quot;camera&quot;:&quot;&quot;,&quot;caption&quot;:&quot;T\\u00dcRK HAVA KURUMU 94 YA\\u015eINDA (SERHAT BARI\\u015e\\\/BALIKES\\u0130R-\\u0130HA)&quot;,&quot;created_timestamp&quot;:&quot;0&quot;,&quot;copyright&quot;:&quot;\\u0130HLAS HABER AJANSI, www.iha.com.tr&quot;,&quot;focal_length&quot;:&quot;0&quot;,&quot;iso&quot;:&quot;0&quot;,&quot;shutter_speed&quot;:&quot;0&quot;,&quot;title&quot;:&quot;T\\u00dcRK HAVA KURUMU 94 YA\\u015eINDA&quot;,&quot;orientation&quot;:&quot;0&quot;}\" data-image-title=\"T\u00fcrk Hava Kurumu 94 Ya\u015f\u0131nda\" data-image-description=\"&lt;p&gt;T\u00fcrk Hava Kurumu 94 Ya\u015f\u0131nda&lt;\/p&gt; \" data-medium-file=\"https:\/\/i0.wp.com\/www.tvturk.com\/wp-content\/uploads\/2019\/02\/turk-hava-kurumu-94-yasinda_01f834f.jpg?fit=300%2C225\" data-large-file=\"https:\/\/i0.wp.com\/www.tvturk.com\/wp-content\/uploads\/2019\/02\/turk-hava-kurumu-94-yasinda_01f834f.jpg?fit=1000%2C750\" src=\"https:\/\/i0.wp.com\/www.tvturk.com\/wp-content\/uploads\/2019\/02\/turk-hava-kurumu-94-yasinda_01f834f.jpg?w=246&#038;h=185\" srcset=\"https:\/\/i0.wp.com\/www.tvturk.com\/wp-content\/uploads\/2019\/02\/turk-hava-kurumu-94-yasinda_01f834f.jpg?w=1000 1000w, https:\/\/i0.wp.com\/www.tvturk.com\/wp-content\/uploads\/2019\/02\/turk-hava-kurumu-94-yasinda_01f834f.jpg?resize=150%2C113 150w, https:\/\/i0.wp.com\/www.tvturk.com\/wp-content\/uploads\/2019\/02\/turk-hava-kurumu-94-yasinda_01f834f.jpg?resize=300%2C225 300w, https:\/\/i0.wp.com\/www.tvturk.com\/wp-content\/uploads\/2019\/02\/turk-hava-kurumu-94-yasinda_01f834f.jpg?resize=768%2C576 768w\" width=\"246\" height=\"185\" loading=\"lazy\" data-original-width=\"246\" data-original-height=\"185\" itemprop=\"http:\/\/schema.org\/image\" title=\"T\u00fcrk Hava Kurumu 94 Ya\u015f\u0131nda\" alt=\"T\u00fcrk Hava Kurumu 94 Ya\u015f\u0131nda\" style=\"width: 246px; height: 185px;\" \/> <\/a> <\/div> <\/div> <!-- close group --> <\/div> <!-- close row --> <\/div><\/p>\n","protected":false},"excerpt":{"rendered":"<p>\u00c7ELENK SUNUMU<\/p>\n","protected":false},"author":1,"featured_media":38664,"comment_status":"closed","ping_status":"open","sticky":false,"template":"","format":"standard","meta":{"jetpack_post_was_ever_published":false,"_jetpack_newsletter_access":"","_jetpack_dont_email_post_to_subs":false,"_jetpack_newsletter_tier_id":0,"_jetpack_memberships_contains_paywalled_content":false,"_jetpack_memberships_contains_paid_content":false,"footnotes":"","jetpack_publicize_message":"","jetpack_publicize_feature_enabled":true,"jetpack_social_post_already_shared":false,"jetpack_social_options":{"image_generator_settings":{"template":"highway","default_image_id":0,"font":"","enabled":false},"version":2}},"categories":[655],"tags":[257,4855,957,2487],"class_list":["post-38663","post","type-post","status-publish","format-standard","has-post-thumbnail","hentry","category-son-dakika","tag-hava","tag-kurumu","tag-turk","tag-yasinda"],"jetpack_publicize_connections":[],"jetpack_featured_media_url":"https:\/\/i0.wp.com\/www.tvturk.com\/wp-content\/uploads\/2019\/02\/turk-hava-kurumu-94-yasinda_6b1f610.jpg?fit=1000%2C750","jetpack_sharing_enabled":true,"jetpack_shortlink":"https:\/\/wp.me\/paKIfm-a3B","_links":{"self":[{"href":"http:\/\/www.tvturk.com\/index.php\/wp-json\/wp\/v2\/posts\/38663","targetHints":{"allow":["GET"]}}],"collection":[{"href":"http:\/\/www.tvturk.com\/index.php\/wp-json\/wp\/v2\/posts"}],"about":[{"href":"http:\/\/www.tvturk.com\/index.php\/wp-json\/wp\/v2\/types\/post"}],"author":[{"embeddable":true,"href":"http:\/\/www.tvturk.com\/index.php\/wp-json\/wp\/v2\/users\/1"}],"replies":[{"embeddable":true,"href":"http:\/\/www.tvturk.com\/index.php\/wp-json\/wp\/v2\/comments?post=38663"}],"version-history":[{"count":1,"href":"http:\/\/www.tvturk.com\/index.php\/wp-json\/wp\/v2\/posts\/38663\/revisions"}],"predecessor-version":[{"id":38667,"href":"http:\/\/www.tvturk.com\/index.php\/wp-json\/wp\/v2\/posts\/38663\/revisions\/38667"}],"wp:featuredmedia":[{"embeddable":true,"href":"http:\/\/www.tvturk.com\/index.php\/wp-json\/wp\/v2\/media\/38664"}],"wp:attachment":[{"href":"http:\/\/www.tvturk.com\/index.php\/wp-json\/wp\/v2\/media?parent=38663"}],"wp:term":[{"taxonomy":"category","embeddable":true,"href":"http:\/\/www.tvturk.com\/index.php\/wp-json\/wp\/v2\/categories?post=38663"},{"taxonomy":"post_tag","embeddable":true,"href":"http:\/\/www.tvturk.com\/index.php\/wp-json\/wp\/v2\/tags?post=38663"}],"curies":[{"name":"wp","href":"https:\/\/api.w.org\/{rel}","templated":true}]}}