{"id":38736,"date":"2019-02-16T13:31:12","date_gmt":"2019-02-16T10:31:12","guid":{"rendered":"http:\/\/www.tvturk.com\/index.php\/dehset-sacan-damat-yakalandi\/"},"modified":"2019-02-16T13:31:15","modified_gmt":"2019-02-16T10:31:15","slug":"dehset-sacan-damat-yakalandi","status":"publish","type":"post","link":"http:\/\/www.tvturk.com\/index.php\/dehset-sacan-damat-yakalandi\/","title":{"rendered":"Deh\u015fet sa\u00e7an damat yakaland\u0131"},"content":{"rendered":"<p>\u015eanl\u0131urfa\u2019n\u0131n Birecik il\u00e7esinde, kay\u0131npederi olan amcas\u0131n\u0131n evine giderek, tabancayla 2 kuzenini \u00f6ld\u00fcr\u00fcp, 1 kuzeni ve amcas\u0131n\u0131 da a\u011f\u0131r yaralay\u0131p ka\u00e7an zanl\u0131, jandarma taraf\u0131ndan sakland\u0131\u011f\u0131 evde yakaland\u0131.<\/p>\n<p>Olay, Birecik\u2019in A\u015fa\u011f\u0131 Karaba\u015f Mahallesi\u2019nde meydana geldi. Edinilen bilgiye g\u00f6re, Seyid Ahmet Aslan (27) d\u00fcn ak\u015fam saatlerinde hem amcas\u0131 hem de kay\u0131npederi olan Hac\u0131 \u00d6mer Aslan\u2019\u0131n evine gitti. \u0130kili aras\u0131nda bilinmeyen nedenle tart\u0131\u015fma \u00e7\u0131kt\u0131. Seyid Ahmet Aslan iddiaya g\u00f6re belinden \u00e7\u0131kard\u0131\u011f\u0131 tabancayla Hac\u0131 \u00d6mer Aslan ve 3 o\u011fluna ate\u015f a\u00e7t\u0131. Sald\u0131rgan\u0131n kur\u015fun ya\u011fd\u0131rd\u0131\u011f\u0131 karde\u015flerden \u00d6mer Aslan (40) olay yerinde hayat\u0131n\u0131 kaybetti. Hac\u0131 \u00d6mer Aslan ile di\u011fer o\u011fullar\u0131 Mehmet Aslan (44) ve Kadir Aslan (34) ise Birecik Devlet Hastanesine kald\u0131r\u0131ld\u0131. Mehmet Aslan da burada hayat\u0131n\u0131 kaybetti. Hac\u0131 \u00d6mer Aslan ve Kadir Aslan ise yo\u011fun bak\u0131m \u00fcnitesinde tedavi alt\u0131na al\u0131nd\u0131.<\/p>\n<p>Olaydan sonra ka\u00e7an Seyid Ahmet Aslan, sabaha kar\u015f\u0131 jandarma ekiplerince gizlendi\u011fi evde yakalanarak g\u00f6zalt\u0131na al\u0131nd\u0131. \u0130l\u00e7e Jandarma Komutanl\u0131\u011f\u0131nda sorgusuna ba\u015flanan Aslan\u2019\u0131n \u00f6ld\u00fcrd\u00fc\u011f\u00fc \u00d6mer ve Mehmet Aslan karde\u015flerin cenazeleri ise \u015eanl\u0131urfa Adli T\u0131p Kurumu morgundaki otopsi i\u015flemlerinin ard\u0131ndan yak\u0131nlar\u0131na teslim edildi. Birecik\u2019e g\u00f6t\u00fcr\u00fclen 2 karde\u015fin cenazesi g\u00f6zya\u015flar\u0131 aras\u0131nda defnedildi.<\/p>\n<p>Olayla ilgili ba\u015flat\u0131lan soru\u015fturma s\u00fcr\u00fcyor.<div class=\"tiled-gallery type-rectangular tiled-gallery-unresized\" data-original-width=\"500\" data-carousel-extra='null' itemscope itemtype=\"http:\/\/schema.org\/ImageGallery\" > <div class=\"gallery-row\" style=\"width: 500px; height: 251px;\" data-original-width=\"500\" data-original-height=\"251\" > <div class=\"gallery-group images-1\" style=\"width: 334px; height: 251px;\" data-original-width=\"334\" data-original-height=\"251\" > <div class=\"tiled-gallery-item tiled-gallery-item-large\" itemprop=\"associatedMedia\" itemscope itemtype=\"http:\/\/schema.org\/ImageObject\"> <a href=\"http:\/\/www.tvturk.com\/index.php\/dehset-sacan-damat-yakalandi\/dehset-sacan-damat-yakalandi-3\/\" border=\"0\" itemprop=\"url\"> <meta itemprop=\"width\" content=\"330\"> <meta itemprop=\"height\" content=\"247\"> <img decoding=\"async\" class=\"\" data-attachment-id=\"38738\" data-orig-file=\"http:\/\/www.tvturk.com\/wp-content\/uploads\/2019\/02\/dehset-sacan-damat-yakalandi_80f42e6.jpg\" data-orig-size=\"1000,750\" data-comments-opened=\"\" data-image-meta=\"{&quot;aperture&quot;:&quot;0&quot;,&quot;credit&quot;:&quot;IHA&quot;,&quot;camera&quot;:&quot;&quot;,&quot;caption&quot;:&quot;B\\u0130REC\\u0130K\\u2019E G\\u00d6T\\u00dcR\\u00dcLEN 2 KARDE\\u015e\\u0130N CENAZES\\u0130 G\\u00d6ZYA\\u015eLARI ARASINDA DEFNED\\u0130LD\\u0130. (H\\u00dcSEY\\u0130N BOZKURT\\\/\\u015eANLIURFA-\\u0130HA)&quot;,&quot;created_timestamp&quot;:&quot;0&quot;,&quot;copyright&quot;:&quot;\\u0130HLAS HABER AJANSI, www.iha.com.tr&quot;,&quot;focal_length&quot;:&quot;0&quot;,&quot;iso&quot;:&quot;0&quot;,&quot;shutter_speed&quot;:&quot;0&quot;,&quot;title&quot;:&quot;DEH\\u015eET SA\\u00c7AN DAMAT YAKALANDI&quot;,&quot;orientation&quot;:&quot;0&quot;}\" data-image-title=\"Deh\u015fet sa\u00e7an damat yakaland\u0131\" data-image-description=\"&lt;p&gt;Deh\u015fet sa\u00e7an damat yakaland\u0131&lt;\/p&gt; \" data-medium-file=\"https:\/\/i0.wp.com\/www.tvturk.com\/wp-content\/uploads\/2019\/02\/dehset-sacan-damat-yakalandi_80f42e6.jpg?fit=300%2C225\" data-large-file=\"https:\/\/i0.wp.com\/www.tvturk.com\/wp-content\/uploads\/2019\/02\/dehset-sacan-damat-yakalandi_80f42e6.jpg?fit=1000%2C750\" src=\"https:\/\/i0.wp.com\/www.tvturk.com\/wp-content\/uploads\/2019\/02\/dehset-sacan-damat-yakalandi_80f42e6.jpg?w=330&#038;h=247\" srcset=\"https:\/\/i0.wp.com\/www.tvturk.com\/wp-content\/uploads\/2019\/02\/dehset-sacan-damat-yakalandi_80f42e6.jpg?w=1000 1000w, https:\/\/i0.wp.com\/www.tvturk.com\/wp-content\/uploads\/2019\/02\/dehset-sacan-damat-yakalandi_80f42e6.jpg?resize=150%2C113 150w, https:\/\/i0.wp.com\/www.tvturk.com\/wp-content\/uploads\/2019\/02\/dehset-sacan-damat-yakalandi_80f42e6.jpg?resize=300%2C225 300w, https:\/\/i0.wp.com\/www.tvturk.com\/wp-content\/uploads\/2019\/02\/dehset-sacan-damat-yakalandi_80f42e6.jpg?resize=768%2C576 768w\" width=\"330\" height=\"247\" loading=\"lazy\" data-original-width=\"330\" data-original-height=\"247\" itemprop=\"http:\/\/schema.org\/image\" title=\"Deh\u015fet sa\u00e7an damat yakaland\u0131\" alt=\"Deh\u015fet sa\u00e7an damat yakaland\u0131\" style=\"width: 330px; height: 247px;\" \/> <\/a> <\/div> <\/div> <!-- close group --> <div class=\"gallery-group images-2\" style=\"width: 166px; height: 251px;\" data-original-width=\"166\" data-original-height=\"251\" > <div class=\"tiled-gallery-item tiled-gallery-item-small\" itemprop=\"associatedMedia\" itemscope itemtype=\"http:\/\/schema.org\/ImageObject\"> <a href=\"http:\/\/www.tvturk.com\/index.php\/dehset-sacan-damat-yakalandi\/dehset-sacan-damat-yakalandi-4\/\" border=\"0\" itemprop=\"url\"> <meta itemprop=\"width\" content=\"162\"> <meta itemprop=\"height\" content=\"122\"> <img decoding=\"async\" class=\"\" data-attachment-id=\"38739\" data-orig-file=\"http:\/\/www.tvturk.com\/wp-content\/uploads\/2019\/02\/dehset-sacan-damat-yakalandi_67d2f8e.jpg\" data-orig-size=\"1000,750\" data-comments-opened=\"\" data-image-meta=\"{&quot;aperture&quot;:&quot;0&quot;,&quot;credit&quot;:&quot;IHA&quot;,&quot;camera&quot;:&quot;&quot;,&quot;caption&quot;:&quot;B\\u0130REC\\u0130K\\u2019E G\\u00d6T\\u00dcR\\u00dcLEN 2 KARDE\\u015e\\u0130N CENAZES\\u0130 G\\u00d6ZYA\\u015eLARI ARASINDA DEFNED\\u0130LD\\u0130. (H\\u00dcSEY\\u0130N BOZKURT\\\/\\u015eANLIURFA-\\u0130HA)&quot;,&quot;created_timestamp&quot;:&quot;0&quot;,&quot;copyright&quot;:&quot;\\u0130HLAS HABER AJANSI, www.iha.com.tr&quot;,&quot;focal_length&quot;:&quot;0&quot;,&quot;iso&quot;:&quot;0&quot;,&quot;shutter_speed&quot;:&quot;0&quot;,&quot;title&quot;:&quot;DEH\\u015eET SA\\u00c7AN DAMAT YAKALANDI&quot;,&quot;orientation&quot;:&quot;0&quot;}\" data-image-title=\"Deh\u015fet sa\u00e7an damat yakaland\u0131\" data-image-description=\"&lt;p&gt;Deh\u015fet sa\u00e7an damat yakaland\u0131&lt;\/p&gt; \" data-medium-file=\"https:\/\/i0.wp.com\/www.tvturk.com\/wp-content\/uploads\/2019\/02\/dehset-sacan-damat-yakalandi_67d2f8e.jpg?fit=300%2C225\" data-large-file=\"https:\/\/i0.wp.com\/www.tvturk.com\/wp-content\/uploads\/2019\/02\/dehset-sacan-damat-yakalandi_67d2f8e.jpg?fit=1000%2C750\" src=\"https:\/\/i0.wp.com\/www.tvturk.com\/wp-content\/uploads\/2019\/02\/dehset-sacan-damat-yakalandi_67d2f8e.jpg?w=162&#038;h=122\" srcset=\"https:\/\/i0.wp.com\/www.tvturk.com\/wp-content\/uploads\/2019\/02\/dehset-sacan-damat-yakalandi_67d2f8e.jpg?w=1000 1000w, https:\/\/i0.wp.com\/www.tvturk.com\/wp-content\/uploads\/2019\/02\/dehset-sacan-damat-yakalandi_67d2f8e.jpg?resize=150%2C113 150w, https:\/\/i0.wp.com\/www.tvturk.com\/wp-content\/uploads\/2019\/02\/dehset-sacan-damat-yakalandi_67d2f8e.jpg?resize=300%2C225 300w, https:\/\/i0.wp.com\/www.tvturk.com\/wp-content\/uploads\/2019\/02\/dehset-sacan-damat-yakalandi_67d2f8e.jpg?resize=768%2C576 768w\" width=\"162\" height=\"122\" loading=\"lazy\" data-original-width=\"162\" data-original-height=\"122\" itemprop=\"http:\/\/schema.org\/image\" title=\"Deh\u015fet sa\u00e7an damat yakaland\u0131\" alt=\"Deh\u015fet sa\u00e7an damat yakaland\u0131\" style=\"width: 162px; height: 122px;\" \/> <\/a> <\/div> <div class=\"tiled-gallery-item tiled-gallery-item-small\" itemprop=\"associatedMedia\" itemscope itemtype=\"http:\/\/schema.org\/ImageObject\"> <a href=\"http:\/\/www.tvturk.com\/index.php\/dehset-sacan-damat-yakalandi\/dehset-sacan-damat-yakalandi-5\/\" border=\"0\" itemprop=\"url\"> <meta itemprop=\"width\" content=\"162\"> <meta itemprop=\"height\" content=\"121\"> <img decoding=\"async\" class=\"\" data-attachment-id=\"38740\" data-orig-file=\"http:\/\/www.tvturk.com\/wp-content\/uploads\/2019\/02\/dehset-sacan-damat-yakalandi_a7161e4.jpg\" data-orig-size=\"1000,750\" data-comments-opened=\"\" data-image-meta=\"{&quot;aperture&quot;:&quot;0&quot;,&quot;credit&quot;:&quot;IHA&quot;,&quot;camera&quot;:&quot;&quot;,&quot;caption&quot;:&quot;B\\u0130REC\\u0130K\\u2019E G\\u00d6T\\u00dcR\\u00dcLEN 2 KARDE\\u015e\\u0130N CENAZES\\u0130 G\\u00d6ZYA\\u015eLARI ARASINDA DEFNED\\u0130LD\\u0130. (H\\u00dcSEY\\u0130N BOZKURT\\\/\\u015eANLIURFA-\\u0130HA)&quot;,&quot;created_timestamp&quot;:&quot;0&quot;,&quot;copyright&quot;:&quot;\\u0130HLAS HABER AJANSI, www.iha.com.tr&quot;,&quot;focal_length&quot;:&quot;0&quot;,&quot;iso&quot;:&quot;0&quot;,&quot;shutter_speed&quot;:&quot;0&quot;,&quot;title&quot;:&quot;DEH\\u015eET SA\\u00c7AN DAMAT YAKALANDI&quot;,&quot;orientation&quot;:&quot;0&quot;}\" data-image-title=\"Deh\u015fet sa\u00e7an damat yakaland\u0131\" data-image-description=\"&lt;p&gt;Deh\u015fet sa\u00e7an damat yakaland\u0131&lt;\/p&gt; \" data-medium-file=\"https:\/\/i0.wp.com\/www.tvturk.com\/wp-content\/uploads\/2019\/02\/dehset-sacan-damat-yakalandi_a7161e4.jpg?fit=300%2C225\" data-large-file=\"https:\/\/i0.wp.com\/www.tvturk.com\/wp-content\/uploads\/2019\/02\/dehset-sacan-damat-yakalandi_a7161e4.jpg?fit=1000%2C750\" src=\"https:\/\/i0.wp.com\/www.tvturk.com\/wp-content\/uploads\/2019\/02\/dehset-sacan-damat-yakalandi_a7161e4.jpg?w=162&#038;h=121\" srcset=\"https:\/\/i0.wp.com\/www.tvturk.com\/wp-content\/uploads\/2019\/02\/dehset-sacan-damat-yakalandi_a7161e4.jpg?w=1000 1000w, https:\/\/i0.wp.com\/www.tvturk.com\/wp-content\/uploads\/2019\/02\/dehset-sacan-damat-yakalandi_a7161e4.jpg?resize=150%2C113 150w, https:\/\/i0.wp.com\/www.tvturk.com\/wp-content\/uploads\/2019\/02\/dehset-sacan-damat-yakalandi_a7161e4.jpg?resize=300%2C225 300w, https:\/\/i0.wp.com\/www.tvturk.com\/wp-content\/uploads\/2019\/02\/dehset-sacan-damat-yakalandi_a7161e4.jpg?resize=768%2C576 768w\" width=\"162\" height=\"121\" loading=\"lazy\" data-original-width=\"162\" data-original-height=\"121\" itemprop=\"http:\/\/schema.org\/image\" title=\"Deh\u015fet sa\u00e7an damat yakaland\u0131\" alt=\"Deh\u015fet sa\u00e7an damat yakaland\u0131\" style=\"width: 162px; height: 121px;\" \/> <\/a> <\/div> <\/div> <!-- close group --> <\/div> <!-- close row --> <div class=\"gallery-row\" style=\"width: 500px; height: 250px;\" data-original-width=\"500\" data-original-height=\"250\" > <div class=\"gallery-group images-1\" style=\"width: 250px; height: 250px;\" data-original-width=\"250\" data-original-height=\"250\" > <div class=\"tiled-gallery-item tiled-gallery-item-small\" itemprop=\"associatedMedia\" itemscope itemtype=\"http:\/\/schema.org\/ImageObject\"> <a href=\"http:\/\/www.tvturk.com\/index.php\/dehset-sacan-damat-yakalandi\/dehset-sacan-damat-yakalandi-6\/\" border=\"0\" itemprop=\"url\"> <meta itemprop=\"width\" content=\"246\"> <meta itemprop=\"height\" content=\"246\"> <img decoding=\"async\" class=\"\" data-attachment-id=\"38741\" data-orig-file=\"http:\/\/www.tvturk.com\/wp-content\/uploads\/2019\/02\/dehset-sacan-damat-yakalandi_2fb3c2f.jpg\" data-orig-size=\"236,236\" data-comments-opened=\"\" data-image-meta=\"{&quot;aperture&quot;:&quot;0&quot;,&quot;credit&quot;:&quot;IHA&quot;,&quot;camera&quot;:&quot;&quot;,&quot;caption&quot;:&quot;\\u00d6LEN \\u0130K\\u0130 KARDE\\u015e DEFNED\\u0130LD\\u0130 \\u00d6MER ASLAN, MEHMET ASLAN \\u00d6LD\\u00dc. (\\u0130HA\\\/\\u015eANLIURFA-\\u0130HA)&quot;,&quot;created_timestamp&quot;:&quot;0&quot;,&quot;copyright&quot;:&quot;\\u0130HLAS HABER AJANSI, www.iha.com.tr&quot;,&quot;focal_length&quot;:&quot;0&quot;,&quot;iso&quot;:&quot;0&quot;,&quot;shutter_speed&quot;:&quot;0&quot;,&quot;title&quot;:&quot;DEH\\u015eET SA\\u00c7AN DAMAT YAKALANDI&quot;,&quot;orientation&quot;:&quot;0&quot;}\" data-image-title=\"Deh\u015fet sa\u00e7an damat yakaland\u0131\" data-image-description=\"&lt;p&gt;Deh\u015fet sa\u00e7an damat yakaland\u0131&lt;\/p&gt; \" data-medium-file=\"https:\/\/i0.wp.com\/www.tvturk.com\/wp-content\/uploads\/2019\/02\/dehset-sacan-damat-yakalandi_2fb3c2f.jpg?fit=236%2C236\" data-large-file=\"https:\/\/i0.wp.com\/www.tvturk.com\/wp-content\/uploads\/2019\/02\/dehset-sacan-damat-yakalandi_2fb3c2f.jpg?fit=236%2C236\" src=\"https:\/\/i0.wp.com\/www.tvturk.com\/wp-content\/uploads\/2019\/02\/dehset-sacan-damat-yakalandi_2fb3c2f.jpg?w=246&#038;h=246&#038;crop=1\" srcset=\"https:\/\/i0.wp.com\/www.tvturk.com\/wp-content\/uploads\/2019\/02\/dehset-sacan-damat-yakalandi_2fb3c2f.jpg?w=236 236w, https:\/\/i0.wp.com\/www.tvturk.com\/wp-content\/uploads\/2019\/02\/dehset-sacan-damat-yakalandi_2fb3c2f.jpg?resize=150%2C150 150w\" width=\"246\" height=\"246\" loading=\"lazy\" data-original-width=\"246\" data-original-height=\"246\" itemprop=\"http:\/\/schema.org\/image\" title=\"Deh\u015fet sa\u00e7an damat yakaland\u0131\" alt=\"Deh\u015fet sa\u00e7an damat yakaland\u0131\" style=\"width: 246px; height: 246px;\" \/> <\/a> <\/div> <\/div> <!-- close group --> <div class=\"gallery-group images-1\" style=\"width: 250px; height: 250px;\" data-original-width=\"250\" data-original-height=\"250\" > <div class=\"tiled-gallery-item tiled-gallery-item-small\" itemprop=\"associatedMedia\" itemscope itemtype=\"http:\/\/schema.org\/ImageObject\"> <a href=\"http:\/\/www.tvturk.com\/index.php\/dehset-sacan-damat-yakalandi\/dehset-sacan-damat-yakalandi-7\/\" border=\"0\" itemprop=\"url\"> <meta itemprop=\"width\" content=\"246\"> <meta itemprop=\"height\" content=\"246\"> <img decoding=\"async\" class=\"\" data-attachment-id=\"38742\" data-orig-file=\"http:\/\/www.tvturk.com\/wp-content\/uploads\/2019\/02\/dehset-sacan-damat-yakalandi_ebd0f4b.jpg\" data-orig-size=\"233,233\" data-comments-opened=\"\" data-image-meta=\"{&quot;aperture&quot;:&quot;0&quot;,&quot;credit&quot;:&quot;IHA&quot;,&quot;camera&quot;:&quot;&quot;,&quot;caption&quot;:&quot;\\u00d6LEN \\u0130K\\u0130 KARDE\\u015e DEFNED\\u0130LD\\u0130 \\u00d6MER ASLAN, MEHMET ASLAN \\u00d6LD\\u00dc. (\\u0130HA\\\/\\u015eANLIURFA-\\u0130HA)&quot;,&quot;created_timestamp&quot;:&quot;0&quot;,&quot;copyright&quot;:&quot;\\u0130HLAS HABER AJANSI, www.iha.com.tr&quot;,&quot;focal_length&quot;:&quot;0&quot;,&quot;iso&quot;:&quot;0&quot;,&quot;shutter_speed&quot;:&quot;0&quot;,&quot;title&quot;:&quot;DEH\\u015eET SA\\u00c7AN DAMAT YAKALANDI&quot;,&quot;orientation&quot;:&quot;0&quot;}\" data-image-title=\"Deh\u015fet sa\u00e7an damat yakaland\u0131\" data-image-description=\"&lt;p&gt;Deh\u015fet sa\u00e7an damat yakaland\u0131&lt;\/p&gt; \" data-medium-file=\"https:\/\/i0.wp.com\/www.tvturk.com\/wp-content\/uploads\/2019\/02\/dehset-sacan-damat-yakalandi_ebd0f4b.jpg?fit=233%2C233\" data-large-file=\"https:\/\/i0.wp.com\/www.tvturk.com\/wp-content\/uploads\/2019\/02\/dehset-sacan-damat-yakalandi_ebd0f4b.jpg?fit=233%2C233\" src=\"https:\/\/i0.wp.com\/www.tvturk.com\/wp-content\/uploads\/2019\/02\/dehset-sacan-damat-yakalandi_ebd0f4b.jpg?w=246&#038;h=246&#038;crop=1\" srcset=\"https:\/\/i0.wp.com\/www.tvturk.com\/wp-content\/uploads\/2019\/02\/dehset-sacan-damat-yakalandi_ebd0f4b.jpg?w=233 233w, https:\/\/i0.wp.com\/www.tvturk.com\/wp-content\/uploads\/2019\/02\/dehset-sacan-damat-yakalandi_ebd0f4b.jpg?resize=150%2C150 150w\" width=\"246\" height=\"246\" loading=\"lazy\" data-original-width=\"246\" data-original-height=\"246\" itemprop=\"http:\/\/schema.org\/image\" title=\"Deh\u015fet sa\u00e7an damat yakaland\u0131\" alt=\"Deh\u015fet sa\u00e7an damat yakaland\u0131\" style=\"width: 246px; height: 246px;\" \/> <\/a> <\/div> <\/div> <!-- close group --> <\/div> <!-- close row --> <\/div><\/p>\n","protected":false},"excerpt":{"rendered":"<p>ZANLI SEY\u0130D AHMET ASLAN YAKALANDI.<\/p>\n","protected":false},"author":1,"featured_media":38737,"comment_status":"closed","ping_status":"open","sticky":false,"template":"","format":"standard","meta":{"jetpack_post_was_ever_published":false,"_jetpack_newsletter_access":"","_jetpack_dont_email_post_to_subs":false,"_jetpack_newsletter_tier_id":0,"_jetpack_memberships_contains_paywalled_content":false,"_jetpack_memberships_contains_paid_content":false,"footnotes":"","jetpack_publicize_message":"","jetpack_publicize_feature_enabled":true,"jetpack_social_post_already_shared":false,"jetpack_social_options":{"image_generator_settings":{"template":"highway","default_image_id":0,"font":"","enabled":false},"version":2}},"categories":[655],"tags":[9696,4744,9571,1010],"class_list":["post-38736","post","type-post","status-publish","format-standard","has-post-thumbnail","hentry","category-son-dakika","tag-damat","tag-dehset","tag-sacan","tag-yakalandi"],"jetpack_publicize_connections":[],"jetpack_featured_media_url":"https:\/\/i0.wp.com\/www.tvturk.com\/wp-content\/uploads\/2019\/02\/dehset-sacan-damat-yakalandi_dfad1a5.jpg?fit=768%2C621","jetpack_sharing_enabled":true,"jetpack_shortlink":"https:\/\/wp.me\/paKIfm-a4M","_links":{"self":[{"href":"http:\/\/www.tvturk.com\/index.php\/wp-json\/wp\/v2\/posts\/38736","targetHints":{"allow":["GET"]}}],"collection":[{"href":"http:\/\/www.tvturk.com\/index.php\/wp-json\/wp\/v2\/posts"}],"about":[{"href":"http:\/\/www.tvturk.com\/index.php\/wp-json\/wp\/v2\/types\/post"}],"author":[{"embeddable":true,"href":"http:\/\/www.tvturk.com\/index.php\/wp-json\/wp\/v2\/users\/1"}],"replies":[{"embeddable":true,"href":"http:\/\/www.tvturk.com\/index.php\/wp-json\/wp\/v2\/comments?post=38736"}],"version-history":[{"count":1,"href":"http:\/\/www.tvturk.com\/index.php\/wp-json\/wp\/v2\/posts\/38736\/revisions"}],"predecessor-version":[{"id":38743,"href":"http:\/\/www.tvturk.com\/index.php\/wp-json\/wp\/v2\/posts\/38736\/revisions\/38743"}],"wp:featuredmedia":[{"embeddable":true,"href":"http:\/\/www.tvturk.com\/index.php\/wp-json\/wp\/v2\/media\/38737"}],"wp:attachment":[{"href":"http:\/\/www.tvturk.com\/index.php\/wp-json\/wp\/v2\/media?parent=38736"}],"wp:term":[{"taxonomy":"category","embeddable":true,"href":"http:\/\/www.tvturk.com\/index.php\/wp-json\/wp\/v2\/categories?post=38736"},{"taxonomy":"post_tag","embeddable":true,"href":"http:\/\/www.tvturk.com\/index.php\/wp-json\/wp\/v2\/tags?post=38736"}],"curies":[{"name":"wp","href":"https:\/\/api.w.org\/{rel}","templated":true}]}}