{"id":38911,"date":"2019-02-16T14:21:24","date_gmt":"2019-02-16T11:21:24","guid":{"rendered":"http:\/\/www.tvturk.com\/index.php\/su-damlasi-turk-halk-muzigi-korosu-kulaklarin-pasini-sildi\/"},"modified":"2019-02-16T14:21:27","modified_gmt":"2019-02-16T11:21:27","slug":"su-damlasi-turk-halk-muzigi-korosu-kulaklarin-pasini-sildi","status":"publish","type":"post","link":"http:\/\/www.tvturk.com\/index.php\/su-damlasi-turk-halk-muzigi-korosu-kulaklarin-pasini-sildi\/","title":{"rendered":"Su Damlas\u0131 T\u00fcrk Halk M\u00fczi\u011fi Korosu kulaklar\u0131n pas\u0131n\u0131 sildi"},"content":{"rendered":"<p>Kay\u0131\u015fl\u0131 Mahallesi E\u011fitim K\u00fclt\u00fcr ve Sosyal Yard\u0131mla\u015fma Derne\u011fi (KAYDER) taraf\u0131ndan d\u00fczenlenen bahar konserinde sahne alan Su Damlas\u0131 T\u00fcrk Halk M\u00fczi\u011fi Korosu, seyircilere T\u00fcrk Halk M\u00fczi\u011fi resitali sundu.<\/p>\n<p>Adana B\u00fcy\u00fck\u015fehir Belediyesi \u015eehir Tiyatrosu\u2019nda d\u00fczenlenen bahar konserinin sunuculu\u011funu \u00c7i\u011fdem Bo\u011fa \u00fcstlendi. Su Damlas\u0131 T\u00fcrk Halk M\u00fczi\u011fi Korosu\u2019nun \u015fefli\u011fini Orhan \u00dcstekida\u011f yaparken Sevgi Akyol, Belgin \u00dcstekida\u011f, Emel Yaluk, Y\u0131ld\u0131z \u00c7evrim, Semra Y\u00fcksekda\u011f, Nevin \u00d6zata\u015f, \u00dclk\u00fc Serins\u00f6z, Gelincik Aydemir, G\u00fcl \u0130kikarde\u015f, Sema \u015eim\u015feky\u0131lmaz, Sevim Koyuncu, Nalan Zereyak, G\u00fclsen Ermi\u015f, Nilg\u00fcn Zeytuncu, Necmi Akyol, Y\u0131lmaz Avcil, Ahmet \u00c7evrim, Gazi \u00d6ks\u00fcz, \u015eenel K\u0131rm\u0131z\u0131adam, Kamer Gezginci, Cemal Kesking\u00f6z, Mehmet Filazio\u011flu, \u0130lhan Zereyak ve Seydi Aras sahne ald\u0131.<\/p>\n<p>Koro halinde ya da solo olarak t\u00fcrk\u00fclerin seslendirildi\u011fi konserde, 3\u2019\u00fc Arap\u00e7a, 23\u2019\u00fc T\u00fcrk\u00e7e olmak \u00fczere toplamda 26 halk m\u00fczi\u011fi eseri seslendirildi. Birbirinden de\u011ferli eserlerin seslendirdi\u011fi etkinli\u011fe sanatseverler yo\u011fun ilgi g\u00f6sterdi. Konser sonunda koro uzun s\u00fcre ayakta alk\u0131\u015fland\u0131.<div class=\"tiled-gallery type-rectangular tiled-gallery-unresized\" data-original-width=\"500\" data-carousel-extra='null' itemscope itemtype=\"http:\/\/schema.org\/ImageGallery\" > <div class=\"gallery-row\" style=\"width: 500px; height: 222px;\" data-original-width=\"500\" data-original-height=\"222\" > <div class=\"gallery-group images-1\" style=\"width: 333px; height: 222px;\" data-original-width=\"333\" data-original-height=\"222\" > <div class=\"tiled-gallery-item tiled-gallery-item-large\" itemprop=\"associatedMedia\" itemscope itemtype=\"http:\/\/schema.org\/ImageObject\"> <a href=\"http:\/\/www.tvturk.com\/index.php\/su-damlasi-turk-halk-muzigi-korosu-kulaklarin-pasini-sildi\/su-damlasi-turk-halk-muzigi-korosu-kulaklarin-pasini-sildi-3\/\" border=\"0\" itemprop=\"url\"> <meta itemprop=\"width\" content=\"329\"> <meta itemprop=\"height\" content=\"218\"> <img decoding=\"async\" class=\"\" data-attachment-id=\"38913\" data-orig-file=\"http:\/\/www.tvturk.com\/wp-content\/uploads\/2019\/02\/su-damlasi-turk-halk-muzigi-korosu-kulaklarin-pasini-sildi_dbd66e7.jpg\" data-orig-size=\"1000,663\" data-comments-opened=\"\" data-image-meta=\"{&quot;aperture&quot;:&quot;0&quot;,&quot;credit&quot;:&quot;IHA&quot;,&quot;camera&quot;:&quot;&quot;,&quot;caption&quot;:&quot;KAYDER(KAYI\\u015eLI MAHALLES\\u0130 E\\u011e\\u0130T\\u0130M K\\u00dcLT\\u00dcR VE SOSYAL YARDIMLA\\u015eMA DERNE\\u011e\\u0130) TARAFINDAN D\\u00dcZENLENEN BAHAR KONSER\\u0130NDE SAHNE ALAN SU DAMLASI T\\u00dcRK HALK M\\u00dcZ\\u0130\\u011e\\u0130 KOROSU, SEY\\u0130RC\\u0130LERE T\\u00dcRK HALK M\\u00dcZ\\u0130\\u011e\\u0130 RES\\u0130TALLER\\u0130 SUNDU. (\\u0130HA\\\/ADANA-\\u0130HA)&quot;,&quot;created_timestamp&quot;:&quot;0&quot;,&quot;copyright&quot;:&quot;\\u0130HLAS HABER AJANSI, www.iha.com.tr&quot;,&quot;focal_length&quot;:&quot;0&quot;,&quot;iso&quot;:&quot;0&quot;,&quot;shutter_speed&quot;:&quot;0&quot;,&quot;title&quot;:&quot;SU DAMLASI T\\u00dcRK HALK M\\u00dcZ\\u0130\\u011e\\u0130 KOROSU KULAKLARIN PASINI S\\u0130LD\\u0130&quot;,&quot;orientation&quot;:&quot;0&quot;}\" data-image-title=\"Su Damlas\u0131 T\u00fcrk Halk M\u00fczi\u011fi Korosu kulaklar\u0131n pas\u0131n\u0131 sildi\" data-image-description=\"&lt;p&gt;Su Damlas\u0131 T\u00fcrk Halk M\u00fczi\u011fi Korosu kulaklar\u0131n pas\u0131n\u0131 sildi&lt;\/p&gt; \" data-medium-file=\"https:\/\/i0.wp.com\/www.tvturk.com\/wp-content\/uploads\/2019\/02\/su-damlasi-turk-halk-muzigi-korosu-kulaklarin-pasini-sildi_dbd66e7.jpg?fit=300%2C199\" data-large-file=\"https:\/\/i0.wp.com\/www.tvturk.com\/wp-content\/uploads\/2019\/02\/su-damlasi-turk-halk-muzigi-korosu-kulaklarin-pasini-sildi_dbd66e7.jpg?fit=1000%2C663\" src=\"https:\/\/i0.wp.com\/www.tvturk.com\/wp-content\/uploads\/2019\/02\/su-damlasi-turk-halk-muzigi-korosu-kulaklarin-pasini-sildi_dbd66e7.jpg?w=329&#038;h=218\" srcset=\"https:\/\/i0.wp.com\/www.tvturk.com\/wp-content\/uploads\/2019\/02\/su-damlasi-turk-halk-muzigi-korosu-kulaklarin-pasini-sildi_dbd66e7.jpg?w=1000 1000w, https:\/\/i0.wp.com\/www.tvturk.com\/wp-content\/uploads\/2019\/02\/su-damlasi-turk-halk-muzigi-korosu-kulaklarin-pasini-sildi_dbd66e7.jpg?resize=150%2C99 150w, https:\/\/i0.wp.com\/www.tvturk.com\/wp-content\/uploads\/2019\/02\/su-damlasi-turk-halk-muzigi-korosu-kulaklarin-pasini-sildi_dbd66e7.jpg?resize=300%2C200 300w, https:\/\/i0.wp.com\/www.tvturk.com\/wp-content\/uploads\/2019\/02\/su-damlasi-turk-halk-muzigi-korosu-kulaklarin-pasini-sildi_dbd66e7.jpg?resize=768%2C509 768w, https:\/\/i0.wp.com\/www.tvturk.com\/wp-content\/uploads\/2019\/02\/su-damlasi-turk-halk-muzigi-korosu-kulaklarin-pasini-sildi_dbd66e7.jpg?resize=170%2C113 170w, https:\/\/i0.wp.com\/www.tvturk.com\/wp-content\/uploads\/2019\/02\/su-damlasi-turk-halk-muzigi-korosu-kulaklarin-pasini-sildi_dbd66e7.jpg?resize=120%2C80 120w\" width=\"329\" height=\"218\" loading=\"lazy\" data-original-width=\"329\" data-original-height=\"218\" itemprop=\"http:\/\/schema.org\/image\" title=\"Su Damlas\u0131 T\u00fcrk Halk M\u00fczi\u011fi Korosu kulaklar\u0131n pas\u0131n\u0131 sildi\" alt=\"Su Damlas\u0131 T\u00fcrk Halk M\u00fczi\u011fi Korosu kulaklar\u0131n pas\u0131n\u0131 sildi\" style=\"width: 329px; height: 218px;\" \/> <\/a> <\/div> <\/div> <!-- close group --> <div class=\"gallery-group images-1\" style=\"width: 167px; height: 222px;\" data-original-width=\"167\" data-original-height=\"222\" > <div class=\"tiled-gallery-item tiled-gallery-item-small\" itemprop=\"associatedMedia\" itemscope itemtype=\"http:\/\/schema.org\/ImageObject\"> <a href=\"http:\/\/www.tvturk.com\/index.php\/su-damlasi-turk-halk-muzigi-korosu-kulaklarin-pasini-sildi\/su-damlasi-turk-halk-muzigi-korosu-kulaklarin-pasini-sildi-4\/\" border=\"0\" itemprop=\"url\"> <meta itemprop=\"width\" content=\"163\"> <meta itemprop=\"height\" content=\"218\"> <img decoding=\"async\" class=\"\" data-attachment-id=\"38914\" data-orig-file=\"http:\/\/www.tvturk.com\/wp-content\/uploads\/2019\/02\/su-damlasi-turk-halk-muzigi-korosu-kulaklarin-pasini-sildi_294be91.jpg\" data-orig-size=\"750,1000\" data-comments-opened=\"\" data-image-meta=\"{&quot;aperture&quot;:&quot;0&quot;,&quot;credit&quot;:&quot;IHA&quot;,&quot;camera&quot;:&quot;&quot;,&quot;caption&quot;:&quot;KAYDER(KAYI\\u015eLI MAHALLES\\u0130 E\\u011e\\u0130T\\u0130M K\\u00dcLT\\u00dcR VE SOSYAL YARDIMLA\\u015eMA DERNE\\u011e\\u0130) TARAFINDAN D\\u00dcZENLENEN BAHAR KONSER\\u0130NDE SAHNE ALAN SU DAMLASI T\\u00dcRK HALK M\\u00dcZ\\u0130\\u011e\\u0130 KOROSU, SEY\\u0130RC\\u0130LERE T\\u00dcRK HALK M\\u00dcZ\\u0130\\u011e\\u0130 RES\\u0130TALLER\\u0130 SUNDU. (\\u0130HA\\\/ADANA-\\u0130HA)&quot;,&quot;created_timestamp&quot;:&quot;0&quot;,&quot;copyright&quot;:&quot;\\u0130HLAS HABER AJANSI, www.iha.com.tr&quot;,&quot;focal_length&quot;:&quot;0&quot;,&quot;iso&quot;:&quot;0&quot;,&quot;shutter_speed&quot;:&quot;0&quot;,&quot;title&quot;:&quot;SU DAMLASI T\\u00dcRK HALK M\\u00dcZ\\u0130\\u011e\\u0130 KOROSU KULAKLARIN PASINI S\\u0130LD\\u0130&quot;,&quot;orientation&quot;:&quot;0&quot;}\" data-image-title=\"Su Damlas\u0131 T\u00fcrk Halk M\u00fczi\u011fi Korosu kulaklar\u0131n pas\u0131n\u0131 sildi\" data-image-description=\"&lt;p&gt;Su Damlas\u0131 T\u00fcrk Halk M\u00fczi\u011fi Korosu kulaklar\u0131n pas\u0131n\u0131 sildi&lt;\/p&gt; \" data-medium-file=\"https:\/\/i0.wp.com\/www.tvturk.com\/wp-content\/uploads\/2019\/02\/su-damlasi-turk-halk-muzigi-korosu-kulaklarin-pasini-sildi_294be91.jpg?fit=225%2C300\" data-large-file=\"https:\/\/i0.wp.com\/www.tvturk.com\/wp-content\/uploads\/2019\/02\/su-damlasi-turk-halk-muzigi-korosu-kulaklarin-pasini-sildi_294be91.jpg?fit=750%2C1000\" src=\"https:\/\/i0.wp.com\/www.tvturk.com\/wp-content\/uploads\/2019\/02\/su-damlasi-turk-halk-muzigi-korosu-kulaklarin-pasini-sildi_294be91.jpg?w=163&#038;h=218\" srcset=\"https:\/\/i0.wp.com\/www.tvturk.com\/wp-content\/uploads\/2019\/02\/su-damlasi-turk-halk-muzigi-korosu-kulaklarin-pasini-sildi_294be91.jpg?w=750 750w, https:\/\/i0.wp.com\/www.tvturk.com\/wp-content\/uploads\/2019\/02\/su-damlasi-turk-halk-muzigi-korosu-kulaklarin-pasini-sildi_294be91.jpg?resize=113%2C150 113w, https:\/\/i0.wp.com\/www.tvturk.com\/wp-content\/uploads\/2019\/02\/su-damlasi-turk-halk-muzigi-korosu-kulaklarin-pasini-sildi_294be91.jpg?resize=225%2C300 225w\" width=\"163\" height=\"218\" loading=\"lazy\" data-original-width=\"163\" data-original-height=\"218\" itemprop=\"http:\/\/schema.org\/image\" title=\"Su Damlas\u0131 T\u00fcrk Halk M\u00fczi\u011fi Korosu kulaklar\u0131n pas\u0131n\u0131 sildi\" alt=\"Su Damlas\u0131 T\u00fcrk Halk M\u00fczi\u011fi Korosu kulaklar\u0131n pas\u0131n\u0131 sildi\" style=\"width: 163px; height: 218px;\" \/> <\/a> <\/div> <\/div> <!-- close group --> <\/div> <!-- close row --> <\/div><\/p>\n","protected":false},"excerpt":{"rendered":"<p>KAYDER(KAYI\u015eLI MAHALLES\u0130 E\u011e\u0130T\u0130M K\u00dcLT\u00dcR VE SOSYAL YARDIMLA\u015eMA DERNE\u011e\u0130) TARAFINDAN D\u00dcZENLENEN BAHAR KONSER\u0130NDE SAHNE ALAN SU DAMLASI T\u00dcRK HALK M\u00dcZ\u0130\u011e\u0130 KOROSU, SEY\u0130RC\u0130LERE T\u00dcRK HALK M\u00dcZ\u0130\u011e\u0130 RES\u0130TALLER\u0130 SUNDU.<\/p>\n","protected":false},"author":1,"featured_media":38912,"comment_status":"closed","ping_status":"open","sticky":false,"template":"","format":"standard","meta":{"jetpack_post_was_ever_published":false,"_jetpack_newsletter_access":"","_jetpack_dont_email_post_to_subs":false,"_jetpack_newsletter_tier_id":0,"_jetpack_memberships_contains_paywalled_content":false,"_jetpack_memberships_contains_paid_content":false,"footnotes":"","jetpack_publicize_message":"","jetpack_publicize_feature_enabled":true,"jetpack_social_post_already_shared":false,"jetpack_social_options":{"image_generator_settings":{"template":"highway","default_image_id":0,"font":"","enabled":false},"version":2}},"categories":[656],"tags":[14187,1933,10266,11662,7340,11663,11664,957],"class_list":["post-38911","post","type-post","status-publish","format-standard","has-post-thumbnail","hentry","category-kultur-sanat","tag-damlasi","tag-halk","tag-korosu","tag-kulaklarin","tag-muzigi","tag-pasini","tag-sildi","tag-turk"],"jetpack_publicize_connections":[],"jetpack_featured_media_url":"https:\/\/i0.wp.com\/www.tvturk.com\/wp-content\/uploads\/2019\/02\/su-damlasi-turk-halk-muzigi-korosu-kulaklarin-pasini-sildi_594975a.jpg?fit=1000%2C663","jetpack_sharing_enabled":true,"jetpack_shortlink":"https:\/\/wp.me\/paKIfm-a7B","_links":{"self":[{"href":"http:\/\/www.tvturk.com\/index.php\/wp-json\/wp\/v2\/posts\/38911","targetHints":{"allow":["GET"]}}],"collection":[{"href":"http:\/\/www.tvturk.com\/index.php\/wp-json\/wp\/v2\/posts"}],"about":[{"href":"http:\/\/www.tvturk.com\/index.php\/wp-json\/wp\/v2\/types\/post"}],"author":[{"embeddable":true,"href":"http:\/\/www.tvturk.com\/index.php\/wp-json\/wp\/v2\/users\/1"}],"replies":[{"embeddable":true,"href":"http:\/\/www.tvturk.com\/index.php\/wp-json\/wp\/v2\/comments?post=38911"}],"version-history":[{"count":1,"href":"http:\/\/www.tvturk.com\/index.php\/wp-json\/wp\/v2\/posts\/38911\/revisions"}],"predecessor-version":[{"id":38915,"href":"http:\/\/www.tvturk.com\/index.php\/wp-json\/wp\/v2\/posts\/38911\/revisions\/38915"}],"wp:featuredmedia":[{"embeddable":true,"href":"http:\/\/www.tvturk.com\/index.php\/wp-json\/wp\/v2\/media\/38912"}],"wp:attachment":[{"href":"http:\/\/www.tvturk.com\/index.php\/wp-json\/wp\/v2\/media?parent=38911"}],"wp:term":[{"taxonomy":"category","embeddable":true,"href":"http:\/\/www.tvturk.com\/index.php\/wp-json\/wp\/v2\/categories?post=38911"},{"taxonomy":"post_tag","embeddable":true,"href":"http:\/\/www.tvturk.com\/index.php\/wp-json\/wp\/v2\/tags?post=38911"}],"curies":[{"name":"wp","href":"https:\/\/api.w.org\/{rel}","templated":true}]}}