{"id":38998,"date":"2019-02-16T14:51:27","date_gmt":"2019-02-16T11:51:27","guid":{"rendered":"http:\/\/www.tvturk.com\/index.php\/israile-mavi-marmara-soku\/"},"modified":"2019-02-16T14:51:32","modified_gmt":"2019-02-16T11:51:32","slug":"israile-mavi-marmara-soku","status":"publish","type":"post","link":"http:\/\/www.tvturk.com\/index.php\/israile-mavi-marmara-soku\/","title":{"rendered":"\u0130srail\u2019e Mavi Marmara \u015foku"},"content":{"rendered":"<p>Gaziantep\u2019te  Yemen\u2019de ya\u015fanan insanl\u0131k krizine dikkta \u00e7ekmek i\u00e7in Gaziantep B\u00fcy\u00fck\u015fehir Belediyesi ile \u0130nsan\u0131 Yard\u0131m Vakf\u0131 (\u0130HH) ortakla\u015fa bir kahvalt\u0131 program\u0131 d\u00fczenledi. Sivil topluk kurulu\u015fu temsilcileri ile duyarl\u0131 vatanda\u015flar\u0131n kat\u0131ld\u0131\u011f\u0131 kahvalt\u0131da Yemen\u2019de yiyecek s\u0131k\u0131nt\u0131s\u0131 \u00e7ekenlere dikkati \u00e7ekmek i\u00e7in sadece bir kase \u00e7orba ile ekmek ikram edildi. Yemen\u2019de ya\u015fanan ac\u0131lara ve s\u0131k\u0131nt\u0131lara dikkat \u00e7ekmek i\u00e7in Gaziantep\u2019te bir d\u00fc\u011f\u00fcn salonunda d\u00fczenlenen programa \u0130HH Genel Ba\u015fkan\u0131 B\u00fclent Y\u0131ld\u0131r\u0131m, Gaziantep B\u00fcy\u00fck\u015fehir Belediye Ba\u015fkan\u0131 Fatma \u015eahin, \u0130HH Gaziantep \u015eube Ba\u015fkan\u0131 Fehmi B\u00fclent Y\u0131ld\u0131r\u0131m ile birlikte \u00e7ok say\u0131da vatanda\u015f kat\u0131ld\u0131.<\/p>\n<p>\u00d6zelde Yemen olmak \u00fczere d\u00fcnya genelindeki pek \u00e7ok noktada ya\u015fanan zul\u00fcmlerin de konu\u015fuldu\u011fu ve \u00e7\u00f6z\u00fcm yollar\u0131na dair de\u011ferlendirmelerinde yap\u0131ld\u0131\u011f\u0131 kahvalt\u0131 program\u0131n\u0131n ard\u0131ndan \u0130HH Gaziantep \u015eubesi\u2019nin yeni hizmet binas\u0131n\u0131n a\u00e7\u0131l\u0131\u015f\u0131 Gaziantep Valisi Davut G\u00fcl\u2019\u00fcn kat\u0131l\u0131m\u0131yla yap\u0131ld\u0131.<\/p>\n<p>&#8220;D\u00fcnyadaki zul\u00fcmler ve ac\u0131lar par\u00e7a par\u00e7a ele al\u0131nmamas\u0131 gereken meselelerdir&#8221;<\/p>\n<p>Kahvalt\u0131 program\u0131nda yard\u0131m faaliyetlerine durmaks\u0131z\u0131n devam edeceklerini belirten Y\u0131ld\u0131r\u0131m, &#8220;Bug\u00fcn Yemen\u2019le ilgili bir araya bir araya geldik fakat d\u00fcnyadaki meseleler par\u00e7a par\u00e7a ele al\u0131nmamas\u0131 gereken meselelerdir. Yemen\u2019nin ba\u015f\u0131nda bu s\u0131k\u0131nt\u0131lar ni\u00e7in geldi \u00f6ncelikle bunu anlamak laz\u0131m. O y\u00fczden yard\u0131m kurulu\u015flar\u0131n\u0131n yapm\u0131\u015f oldu\u011fu yard\u0131mlar faydal\u0131d\u0131r ama yeterli de\u011fildir. Biz daha \u00e7ok bu yard\u0131mlar\u0131 yaparken bu sava\u015flar\u0131n ni\u00e7in oldu\u011funu politik gerek\u00e7elerini \u00f6\u011frenip bu sava\u015flar\u0131 durdurmak mecburiyetindeyiz ki top yekun bir fayda elde edilsin. Yemen\u2019e yard\u0131ma devam edece\u011fiz, Filistin\u2019e yard\u0131ma devam edece\u011fiz, Do\u011fu T\u00fcrkistan\u2019a ve Arakan\u2019a yard\u0131ma devam edece\u011fiz&#8221; \u015feklinde konu\u015ftu.<\/p>\n<p>&#8220;T\u00fcrkiye siyasetindeki kurmay ak\u0131l ve devaml\u0131l\u0131k yard\u0131m faaliyetleri i\u00e7in \u00e7ok \u00f6nemli&#8221;<\/p>\n<p>S\u00f6zlerinin devam\u0131nda yard\u0131mlar\u0131n eksiksiz \u015fekilde kald\u0131\u011f\u0131 yerden devam etmesi i\u00e7in T\u00fcrkiye\u2019deki siyasi istikrar\u0131n devam etmesi gerekti\u011fini vurgulayan Y\u0131ld\u0131r\u0131m, &#8220;T\u00fcrkiye\u2019de ka\u00e7 y\u0131ld\u0131r bir h\u00fckumet iyi bir y\u00f6netim yap\u0131yor. Do\u011fal olarak burada kurmay ak\u0131l geli\u015fmi\u015f durumda. Kurmay ak\u0131l \u00e7ok \u00f6nemli bir \u015fey, kurmay akl\u0131n olmad\u0131\u011f\u0131 m\u00fcddet\u00e7e hep yenilece\u011fiz, yeni sava\u015flara, yeni m\u00fccadelelere ba\u015flayaca\u011f\u0131z. Kurmay ak\u0131l bilginin ve tecr\u00fcbenin s\u00fcrekli bir \u015fekilde kullan\u0131lmas\u0131d\u0131r. O nedenle siyasetteki bu devaml\u0131l\u0131k her zaman \u00f6nemlidir. Ben bir s\u00f6yl\u00fcyorum siz on anlay\u0131n. Bu kurmay akl\u0131n i\u015fleri bir g\u00fcn yanl\u0131\u015f olsa ikinci g\u00fcn bu yanl\u0131\u015f\u0131n\u0131 tamamlar, d\u00fczeltir ama her yenilenme s\u0131f\u0131rdan yeniden ba\u015flamad\u0131r. Zaman ve enerji kayb\u0131d\u0131r&#8221; ifadelerini kulland\u0131.<\/p>\n<p>Programa kat\u0131lan Gaziantep B\u00fcy\u00fck\u015fehir Belediye Ba\u015fkan\u0131 Fatma \u015eahin ise, &#8220;Yemen ellerinde Veysel Karani&#8221; s\u00f6z\u00fcn\u00fc hat\u0131rlatarak, &#8220;Bug\u00fcn yemen i\u00e7in yard\u0131m toplayan toplulu\u011fun emrinde ve hizmetindeyim. Bu program vesilesiyle nereye gitmemiz gerekiyor dendi\u011finde de \u00f6z\u00fcm\u00fcze d\u00f6nmemiz gerekti\u011fini s\u00f6ylemem gerekiyor. \u00d6z\u00fcm\u00fcze d\u00f6nd\u00fc\u011f\u00fcm\u00fczde Sevgili Peygamberimizin hayat\u0131 ve Kuran-\u0131 Kerim\u2019in bize verdi\u011fi mesaj\u0131 ne kadar uygulad\u0131\u011f\u0131m\u0131z\u0131 da herkesin kendi kalbine sormas\u0131 gerekiyor. Biz Hazreti Mevlana\u2019n\u0131n Yunus Emre\u2019nin medeniyetinden geliyoruz. Sevgili Peygamberimizin Veda Hutbesi bizim i\u00e7in en b\u00fcy\u00fck talimat ve emirdir. Veda hutbesindeki her bir c\u00fcmle bizim yolumuzu ayd\u0131nlatmakta ve bunun gere\u011fini yapmam\u0131z icap etmektedir&#8221; ifadelerini kulland\u0131.<\/p>\n<p>Kahvalt\u0131 program\u0131n\u0131n ard\u0131ndan \u0130HH Gaziantep \u015eubesi\u2019nin yeni hizmet binas\u0131 a\u00e7\u0131l\u0131\u015f\u0131na ge\u00e7en heyete Gaziantep Valisi Davut G\u00fcl de kat\u0131ld\u0131. Hizmet binas\u0131 a\u00e7\u0131l\u0131\u015f\u0131nda a\u00e7\u0131klamalarda bulunan G\u00fcl, &#8220;Bu binan\u0131n yap\u0131m\u0131na katk\u0131 sunan, hay\u0131r yapan, organize eden herkesten Allah raz\u0131 olsun. \u0130HH T\u00fcrkiye\u2019nin vicdan\u0131, milletimizin vicdan\u0131d\u0131r, insanl\u0131\u011f\u0131n vicadn\u0131d\u0131r. Bu kurulu\u015fun ya\u015famas\u0131 ve ya\u015fat\u0131lmas\u0131 laz\u0131m. Bug\u00fcnk\u00fc sevince ortak olan herkese ba\u015fta ba\u015fkan B\u00fclent bey olmak \u00fczere tek tek te\u015fekk\u00fcr ediyor ediyorum&#8221; diye konu\u015ftu.<div class=\"tiled-gallery type-rectangular tiled-gallery-unresized\" data-original-width=\"500\" data-carousel-extra='null' itemscope itemtype=\"http:\/\/schema.org\/ImageGallery\" > <div class=\"gallery-row\" style=\"width: 500px; height: 224px;\" data-original-width=\"500\" data-original-height=\"224\" > <div class=\"gallery-group images-1\" style=\"width: 334px; height: 224px;\" data-original-width=\"334\" data-original-height=\"224\" > <div class=\"tiled-gallery-item tiled-gallery-item-large\" itemprop=\"associatedMedia\" itemscope itemtype=\"http:\/\/schema.org\/ImageObject\"> <a href=\"http:\/\/www.tvturk.com\/index.php\/israile-mavi-marmara-soku\/israile-mavi-marmara-soku-3\/\" border=\"0\" itemprop=\"url\"> <meta itemprop=\"width\" content=\"330\"> <meta itemprop=\"height\" content=\"220\"> <img decoding=\"async\" class=\"\" data-attachment-id=\"39000\" data-orig-file=\"http:\/\/www.tvturk.com\/wp-content\/uploads\/2019\/02\/israile-mavi-marmara-soku_c7bb1e1.jpg\" data-orig-size=\"1000,666\" data-comments-opened=\"\" data-image-meta=\"{&quot;aperture&quot;:&quot;0&quot;,&quot;credit&quot;:&quot;IHA&quot;,&quot;camera&quot;:&quot;&quot;,&quot;caption&quot;:&quot;\\u0130HH\\u0027NIN YEMEN PROGRAMINDA MAV\\u0130 MARMARA M\\u00dcJDES\\u0130 (SA\\u0130D VAKKAS YA\\u011eCI\\\/GAZ\\u0130ANTEP-\\u0130HA)&quot;,&quot;created_timestamp&quot;:&quot;0&quot;,&quot;copyright&quot;:&quot;\\u0130HLAS HABER AJANSI, www.iha.com.tr&quot;,&quot;focal_length&quot;:&quot;0&quot;,&quot;iso&quot;:&quot;0&quot;,&quot;shutter_speed&quot;:&quot;0&quot;,&quot;title&quot;:&quot;\\u0130SRA\\u0130L\\u0027E MAV\\u0130 MARMARA \\u015eOKU \\u0130HH \\u0130NSAN\\u0130 YARDIM VAKFI GENEL BA\\u015eKANI B\\u00dcLENT YILDIRIM: \\u0022\\u0130SRA\\u0130L\\u2019\\u0130N MAV\\u0130 MARMARA \\u0130T\\u0130RAZLARI REDDED\\u0130LD\\u0130\\u0022&quot;,&quot;orientation&quot;:&quot;0&quot;}\" data-image-title=\"\u0130srail\u2019e Mavi Marmara \u015foku\" data-image-description=\"&lt;p&gt;\u0130srail\u2019e Mavi Marmara \u015foku&lt;\/p&gt; \" data-medium-file=\"https:\/\/i0.wp.com\/www.tvturk.com\/wp-content\/uploads\/2019\/02\/israile-mavi-marmara-soku_c7bb1e1.jpg?fit=300%2C200\" data-large-file=\"https:\/\/i0.wp.com\/www.tvturk.com\/wp-content\/uploads\/2019\/02\/israile-mavi-marmara-soku_c7bb1e1.jpg?fit=1000%2C666\" src=\"https:\/\/i0.wp.com\/www.tvturk.com\/wp-content\/uploads\/2019\/02\/israile-mavi-marmara-soku_c7bb1e1.jpg?w=330&#038;h=220\" srcset=\"https:\/\/i0.wp.com\/www.tvturk.com\/wp-content\/uploads\/2019\/02\/israile-mavi-marmara-soku_c7bb1e1.jpg?w=1000 1000w, https:\/\/i0.wp.com\/www.tvturk.com\/wp-content\/uploads\/2019\/02\/israile-mavi-marmara-soku_c7bb1e1.jpg?resize=150%2C100 150w, https:\/\/i0.wp.com\/www.tvturk.com\/wp-content\/uploads\/2019\/02\/israile-mavi-marmara-soku_c7bb1e1.jpg?resize=300%2C200 300w, https:\/\/i0.wp.com\/www.tvturk.com\/wp-content\/uploads\/2019\/02\/israile-mavi-marmara-soku_c7bb1e1.jpg?resize=768%2C511 768w, https:\/\/i0.wp.com\/www.tvturk.com\/wp-content\/uploads\/2019\/02\/israile-mavi-marmara-soku_c7bb1e1.jpg?resize=170%2C113 170w, https:\/\/i0.wp.com\/www.tvturk.com\/wp-content\/uploads\/2019\/02\/israile-mavi-marmara-soku_c7bb1e1.jpg?resize=120%2C80 120w\" width=\"330\" height=\"220\" loading=\"lazy\" data-original-width=\"330\" data-original-height=\"220\" itemprop=\"http:\/\/schema.org\/image\" title=\"\u0130srail\u2019e Mavi Marmara \u015foku\" alt=\"\u0130srail\u2019e Mavi Marmara \u015foku\" style=\"width: 330px; height: 220px;\" \/> <\/a> <\/div> <\/div> <!-- close group --> <div class=\"gallery-group images-2\" style=\"width: 166px; height: 224px;\" data-original-width=\"166\" data-original-height=\"224\" > <div class=\"tiled-gallery-item tiled-gallery-item-small\" itemprop=\"associatedMedia\" itemscope itemtype=\"http:\/\/schema.org\/ImageObject\"> <a href=\"http:\/\/www.tvturk.com\/index.php\/israile-mavi-marmara-soku\/israile-mavi-marmara-soku-4\/\" border=\"0\" itemprop=\"url\"> <meta itemprop=\"width\" content=\"162\"> <meta itemprop=\"height\" content=\"108\"> <img decoding=\"async\" class=\"\" data-attachment-id=\"39001\" data-orig-file=\"http:\/\/www.tvturk.com\/wp-content\/uploads\/2019\/02\/israile-mavi-marmara-soku_2f81e6a.jpg\" data-orig-size=\"1000,666\" data-comments-opened=\"\" data-image-meta=\"{&quot;aperture&quot;:&quot;0&quot;,&quot;credit&quot;:&quot;IHA&quot;,&quot;camera&quot;:&quot;&quot;,&quot;caption&quot;:&quot;\\u0130HH\\u0027NIN YEMEN PROGRAMINDA MAV\\u0130 MARMARA M\\u00dcJDES\\u0130 (SA\\u0130D VAKKAS YA\\u011eCI\\\/GAZ\\u0130ANTEP-\\u0130HA)&quot;,&quot;created_timestamp&quot;:&quot;0&quot;,&quot;copyright&quot;:&quot;\\u0130HLAS HABER AJANSI, www.iha.com.tr&quot;,&quot;focal_length&quot;:&quot;0&quot;,&quot;iso&quot;:&quot;0&quot;,&quot;shutter_speed&quot;:&quot;0&quot;,&quot;title&quot;:&quot;\\u0130SRA\\u0130L\\u0027E MAV\\u0130 MARMARA \\u015eOKU \\u0130HH \\u0130NSAN\\u0130 YARDIM VAKFI GENEL BA\\u015eKANI B\\u00dcLENT YILDIRIM: \\u0022\\u0130SRA\\u0130L\\u2019\\u0130N MAV\\u0130 MARMARA \\u0130T\\u0130RAZLARI REDDED\\u0130LD\\u0130\\u0022&quot;,&quot;orientation&quot;:&quot;0&quot;}\" data-image-title=\"\u0130srail\u2019e Mavi Marmara \u015foku\" data-image-description=\"&lt;p&gt;\u0130srail\u2019e Mavi Marmara \u015foku&lt;\/p&gt; \" data-medium-file=\"https:\/\/i0.wp.com\/www.tvturk.com\/wp-content\/uploads\/2019\/02\/israile-mavi-marmara-soku_2f81e6a.jpg?fit=300%2C200\" data-large-file=\"https:\/\/i0.wp.com\/www.tvturk.com\/wp-content\/uploads\/2019\/02\/israile-mavi-marmara-soku_2f81e6a.jpg?fit=1000%2C666\" src=\"https:\/\/i0.wp.com\/www.tvturk.com\/wp-content\/uploads\/2019\/02\/israile-mavi-marmara-soku_2f81e6a.jpg?w=162&#038;h=108\" srcset=\"https:\/\/i0.wp.com\/www.tvturk.com\/wp-content\/uploads\/2019\/02\/israile-mavi-marmara-soku_2f81e6a.jpg?w=1000 1000w, https:\/\/i0.wp.com\/www.tvturk.com\/wp-content\/uploads\/2019\/02\/israile-mavi-marmara-soku_2f81e6a.jpg?resize=150%2C100 150w, https:\/\/i0.wp.com\/www.tvturk.com\/wp-content\/uploads\/2019\/02\/israile-mavi-marmara-soku_2f81e6a.jpg?resize=300%2C200 300w, https:\/\/i0.wp.com\/www.tvturk.com\/wp-content\/uploads\/2019\/02\/israile-mavi-marmara-soku_2f81e6a.jpg?resize=768%2C511 768w, https:\/\/i0.wp.com\/www.tvturk.com\/wp-content\/uploads\/2019\/02\/israile-mavi-marmara-soku_2f81e6a.jpg?resize=170%2C113 170w, https:\/\/i0.wp.com\/www.tvturk.com\/wp-content\/uploads\/2019\/02\/israile-mavi-marmara-soku_2f81e6a.jpg?resize=120%2C80 120w\" width=\"162\" height=\"108\" loading=\"lazy\" data-original-width=\"162\" data-original-height=\"108\" itemprop=\"http:\/\/schema.org\/image\" title=\"\u0130srail\u2019e Mavi Marmara \u015foku\" alt=\"\u0130srail\u2019e Mavi Marmara \u015foku\" style=\"width: 162px; height: 108px;\" \/> <\/a> <\/div> <div class=\"tiled-gallery-item tiled-gallery-item-small\" itemprop=\"associatedMedia\" itemscope itemtype=\"http:\/\/schema.org\/ImageObject\"> <a href=\"http:\/\/www.tvturk.com\/index.php\/israile-mavi-marmara-soku\/israile-mavi-marmara-soku-5\/\" border=\"0\" itemprop=\"url\"> <meta itemprop=\"width\" content=\"162\"> <meta itemprop=\"height\" content=\"108\"> <img decoding=\"async\" class=\"\" data-attachment-id=\"39002\" data-orig-file=\"http:\/\/www.tvturk.com\/wp-content\/uploads\/2019\/02\/israile-mavi-marmara-soku_9be8974.jpg\" data-orig-size=\"1000,666\" data-comments-opened=\"\" data-image-meta=\"{&quot;aperture&quot;:&quot;0&quot;,&quot;credit&quot;:&quot;IHA&quot;,&quot;camera&quot;:&quot;&quot;,&quot;caption&quot;:&quot;\\u0130HH\\u0027NIN YEMEN PROGRAMINDA MAV\\u0130 MARMARA M\\u00dcJDES\\u0130 (SA\\u0130D VAKKAS YA\\u011eCI\\\/GAZ\\u0130ANTEP-\\u0130HA)&quot;,&quot;created_timestamp&quot;:&quot;0&quot;,&quot;copyright&quot;:&quot;\\u0130HLAS HABER AJANSI, www.iha.com.tr&quot;,&quot;focal_length&quot;:&quot;0&quot;,&quot;iso&quot;:&quot;0&quot;,&quot;shutter_speed&quot;:&quot;0&quot;,&quot;title&quot;:&quot;\\u0130SRA\\u0130L\\u0027E MAV\\u0130 MARMARA \\u015eOKU \\u0130HH \\u0130NSAN\\u0130 YARDIM VAKFI GENEL BA\\u015eKANI B\\u00dcLENT YILDIRIM: \\u0022\\u0130SRA\\u0130L\\u2019\\u0130N MAV\\u0130 MARMARA \\u0130T\\u0130RAZLARI REDDED\\u0130LD\\u0130\\u0022&quot;,&quot;orientation&quot;:&quot;0&quot;}\" data-image-title=\"\u0130srail\u2019e Mavi Marmara \u015foku\" data-image-description=\"&lt;p&gt;\u0130srail\u2019e Mavi Marmara \u015foku&lt;\/p&gt; \" data-medium-file=\"https:\/\/i0.wp.com\/www.tvturk.com\/wp-content\/uploads\/2019\/02\/israile-mavi-marmara-soku_9be8974.jpg?fit=300%2C200\" data-large-file=\"https:\/\/i0.wp.com\/www.tvturk.com\/wp-content\/uploads\/2019\/02\/israile-mavi-marmara-soku_9be8974.jpg?fit=1000%2C666\" src=\"https:\/\/i0.wp.com\/www.tvturk.com\/wp-content\/uploads\/2019\/02\/israile-mavi-marmara-soku_9be8974.jpg?w=162&#038;h=108\" srcset=\"https:\/\/i0.wp.com\/www.tvturk.com\/wp-content\/uploads\/2019\/02\/israile-mavi-marmara-soku_9be8974.jpg?w=1000 1000w, https:\/\/i0.wp.com\/www.tvturk.com\/wp-content\/uploads\/2019\/02\/israile-mavi-marmara-soku_9be8974.jpg?resize=150%2C100 150w, https:\/\/i0.wp.com\/www.tvturk.com\/wp-content\/uploads\/2019\/02\/israile-mavi-marmara-soku_9be8974.jpg?resize=300%2C200 300w, https:\/\/i0.wp.com\/www.tvturk.com\/wp-content\/uploads\/2019\/02\/israile-mavi-marmara-soku_9be8974.jpg?resize=768%2C511 768w, https:\/\/i0.wp.com\/www.tvturk.com\/wp-content\/uploads\/2019\/02\/israile-mavi-marmara-soku_9be8974.jpg?resize=170%2C113 170w, https:\/\/i0.wp.com\/www.tvturk.com\/wp-content\/uploads\/2019\/02\/israile-mavi-marmara-soku_9be8974.jpg?resize=120%2C80 120w\" width=\"162\" height=\"108\" loading=\"lazy\" data-original-width=\"162\" data-original-height=\"108\" itemprop=\"http:\/\/schema.org\/image\" title=\"\u0130srail\u2019e Mavi Marmara \u015foku\" alt=\"\u0130srail\u2019e Mavi Marmara \u015foku\" style=\"width: 162px; height: 108px;\" \/> <\/a> <\/div> <\/div> <!-- close group --> <\/div> <!-- close row --> <div class=\"gallery-row\" style=\"width: 500px; height: 112px;\" data-original-width=\"500\" data-original-height=\"112\" > <div class=\"gallery-group images-1\" style=\"width: 167px; height: 112px;\" data-original-width=\"167\" data-original-height=\"112\" > <div class=\"tiled-gallery-item tiled-gallery-item-small\" itemprop=\"associatedMedia\" itemscope itemtype=\"http:\/\/schema.org\/ImageObject\"> <a href=\"http:\/\/www.tvturk.com\/index.php\/israile-mavi-marmara-soku\/israile-mavi-marmara-soku-6\/\" border=\"0\" itemprop=\"url\"> <meta itemprop=\"width\" content=\"163\"> <meta itemprop=\"height\" content=\"108\"> <img decoding=\"async\" class=\"\" data-attachment-id=\"39003\" data-orig-file=\"http:\/\/www.tvturk.com\/wp-content\/uploads\/2019\/02\/israile-mavi-marmara-soku_3b682ec.jpg\" data-orig-size=\"1000,666\" data-comments-opened=\"\" data-image-meta=\"{&quot;aperture&quot;:&quot;0&quot;,&quot;credit&quot;:&quot;IHA&quot;,&quot;camera&quot;:&quot;&quot;,&quot;caption&quot;:&quot;\\u0130HH GENEL BA\\u015eKANI B\\u00dcLENT YILDIRIM (SA\\u0130D VAKKAS YA\\u011eCI\\\/GAZ\\u0130ANTEP-\\u0130HA)&quot;,&quot;created_timestamp&quot;:&quot;0&quot;,&quot;copyright&quot;:&quot;\\u0130HLAS HABER AJANSI, www.iha.com.tr&quot;,&quot;focal_length&quot;:&quot;0&quot;,&quot;iso&quot;:&quot;0&quot;,&quot;shutter_speed&quot;:&quot;0&quot;,&quot;title&quot;:&quot;\\u0130SRA\\u0130L\\u0027E MAV\\u0130 MARMARA \\u015eOKU \\u0130HH \\u0130NSAN\\u0130 YARDIM VAKFI GENEL BA\\u015eKANI B\\u00dcLENT YILDIRIM: \\u0022\\u0130SRA\\u0130L\\u2019\\u0130N MAV\\u0130 MARMARA \\u0130T\\u0130RAZLARI REDDED\\u0130LD\\u0130\\u0022&quot;,&quot;orientation&quot;:&quot;0&quot;}\" data-image-title=\"\u0130srail\u2019e Mavi Marmara \u015foku\" data-image-description=\"&lt;p&gt;\u0130srail\u2019e Mavi Marmara \u015foku&lt;\/p&gt; \" data-medium-file=\"https:\/\/i0.wp.com\/www.tvturk.com\/wp-content\/uploads\/2019\/02\/israile-mavi-marmara-soku_3b682ec.jpg?fit=300%2C200\" data-large-file=\"https:\/\/i0.wp.com\/www.tvturk.com\/wp-content\/uploads\/2019\/02\/israile-mavi-marmara-soku_3b682ec.jpg?fit=1000%2C666\" src=\"https:\/\/i0.wp.com\/www.tvturk.com\/wp-content\/uploads\/2019\/02\/israile-mavi-marmara-soku_3b682ec.jpg?w=163&#038;h=108\" srcset=\"https:\/\/i0.wp.com\/www.tvturk.com\/wp-content\/uploads\/2019\/02\/israile-mavi-marmara-soku_3b682ec.jpg?w=1000 1000w, https:\/\/i0.wp.com\/www.tvturk.com\/wp-content\/uploads\/2019\/02\/israile-mavi-marmara-soku_3b682ec.jpg?resize=150%2C100 150w, https:\/\/i0.wp.com\/www.tvturk.com\/wp-content\/uploads\/2019\/02\/israile-mavi-marmara-soku_3b682ec.jpg?resize=300%2C200 300w, https:\/\/i0.wp.com\/www.tvturk.com\/wp-content\/uploads\/2019\/02\/israile-mavi-marmara-soku_3b682ec.jpg?resize=768%2C511 768w, https:\/\/i0.wp.com\/www.tvturk.com\/wp-content\/uploads\/2019\/02\/israile-mavi-marmara-soku_3b682ec.jpg?resize=170%2C113 170w, https:\/\/i0.wp.com\/www.tvturk.com\/wp-content\/uploads\/2019\/02\/israile-mavi-marmara-soku_3b682ec.jpg?resize=120%2C80 120w\" width=\"163\" height=\"108\" loading=\"lazy\" data-original-width=\"163\" data-original-height=\"108\" itemprop=\"http:\/\/schema.org\/image\" title=\"\u0130srail\u2019e Mavi Marmara \u015foku\" alt=\"\u0130srail\u2019e Mavi Marmara \u015foku\" style=\"width: 163px; height: 108px;\" \/> <\/a> <\/div> <\/div> <!-- close group --> <div class=\"gallery-group images-1\" style=\"width: 167px; height: 112px;\" data-original-width=\"167\" data-original-height=\"112\" > <div class=\"tiled-gallery-item tiled-gallery-item-small\" itemprop=\"associatedMedia\" itemscope itemtype=\"http:\/\/schema.org\/ImageObject\"> <a href=\"http:\/\/www.tvturk.com\/index.php\/israile-mavi-marmara-soku\/israile-mavi-marmara-soku-7\/\" border=\"0\" itemprop=\"url\"> <meta itemprop=\"width\" content=\"163\"> <meta itemprop=\"height\" content=\"108\"> <img decoding=\"async\" class=\"\" data-attachment-id=\"39004\" data-orig-file=\"http:\/\/www.tvturk.com\/wp-content\/uploads\/2019\/02\/israile-mavi-marmara-soku_72bab69.jpg\" data-orig-size=\"1000,666\" data-comments-opened=\"\" data-image-meta=\"{&quot;aperture&quot;:&quot;0&quot;,&quot;credit&quot;:&quot;IHA&quot;,&quot;camera&quot;:&quot;&quot;,&quot;caption&quot;:&quot;FATMA \\u015eAH\\u0130N (SA\\u0130D VAKKAS YA\\u011eCI\\\/GAZ\\u0130ANTEP-\\u0130HA)&quot;,&quot;created_timestamp&quot;:&quot;0&quot;,&quot;copyright&quot;:&quot;\\u0130HLAS HABER AJANSI, www.iha.com.tr&quot;,&quot;focal_length&quot;:&quot;0&quot;,&quot;iso&quot;:&quot;0&quot;,&quot;shutter_speed&quot;:&quot;0&quot;,&quot;title&quot;:&quot;\\u0130SRA\\u0130L\\u0027E MAV\\u0130 MARMARA \\u015eOKU \\u0130HH \\u0130NSAN\\u0130 YARDIM VAKFI GENEL BA\\u015eKANI B\\u00dcLENT YILDIRIM: \\u0022\\u0130SRA\\u0130L\\u2019\\u0130N MAV\\u0130 MARMARA \\u0130T\\u0130RAZLARI REDDED\\u0130LD\\u0130\\u0022&quot;,&quot;orientation&quot;:&quot;0&quot;}\" data-image-title=\"\u0130srail\u2019e Mavi Marmara \u015foku\" data-image-description=\"&lt;p&gt;\u0130srail\u2019e Mavi Marmara \u015foku&lt;\/p&gt; \" data-medium-file=\"https:\/\/i0.wp.com\/www.tvturk.com\/wp-content\/uploads\/2019\/02\/israile-mavi-marmara-soku_72bab69.jpg?fit=300%2C200\" data-large-file=\"https:\/\/i0.wp.com\/www.tvturk.com\/wp-content\/uploads\/2019\/02\/israile-mavi-marmara-soku_72bab69.jpg?fit=1000%2C666\" src=\"https:\/\/i0.wp.com\/www.tvturk.com\/wp-content\/uploads\/2019\/02\/israile-mavi-marmara-soku_72bab69.jpg?w=163&#038;h=108\" srcset=\"https:\/\/i0.wp.com\/www.tvturk.com\/wp-content\/uploads\/2019\/02\/israile-mavi-marmara-soku_72bab69.jpg?w=1000 1000w, https:\/\/i0.wp.com\/www.tvturk.com\/wp-content\/uploads\/2019\/02\/israile-mavi-marmara-soku_72bab69.jpg?resize=150%2C100 150w, https:\/\/i0.wp.com\/www.tvturk.com\/wp-content\/uploads\/2019\/02\/israile-mavi-marmara-soku_72bab69.jpg?resize=300%2C200 300w, https:\/\/i0.wp.com\/www.tvturk.com\/wp-content\/uploads\/2019\/02\/israile-mavi-marmara-soku_72bab69.jpg?resize=768%2C511 768w, https:\/\/i0.wp.com\/www.tvturk.com\/wp-content\/uploads\/2019\/02\/israile-mavi-marmara-soku_72bab69.jpg?resize=170%2C113 170w, https:\/\/i0.wp.com\/www.tvturk.com\/wp-content\/uploads\/2019\/02\/israile-mavi-marmara-soku_72bab69.jpg?resize=120%2C80 120w\" width=\"163\" height=\"108\" loading=\"lazy\" data-original-width=\"163\" data-original-height=\"108\" itemprop=\"http:\/\/schema.org\/image\" title=\"\u0130srail\u2019e Mavi Marmara \u015foku\" alt=\"\u0130srail\u2019e Mavi Marmara \u015foku\" style=\"width: 163px; height: 108px;\" \/> <\/a> <\/div> <\/div> <!-- close group --> <div class=\"gallery-group images-1\" style=\"width: 166px; height: 112px;\" data-original-width=\"166\" data-original-height=\"112\" > <div class=\"tiled-gallery-item tiled-gallery-item-small\" itemprop=\"associatedMedia\" itemscope itemtype=\"http:\/\/schema.org\/ImageObject\"> <a href=\"http:\/\/www.tvturk.com\/index.php\/israile-mavi-marmara-soku\/israile-mavi-marmara-soku-8\/\" border=\"0\" itemprop=\"url\"> <meta itemprop=\"width\" content=\"162\"> <meta itemprop=\"height\" content=\"108\"> <img decoding=\"async\" class=\"\" data-attachment-id=\"39005\" data-orig-file=\"http:\/\/www.tvturk.com\/wp-content\/uploads\/2019\/02\/israile-mavi-marmara-soku_9a3cb92.jpg\" data-orig-size=\"1000,666\" data-comments-opened=\"\" data-image-meta=\"{&quot;aperture&quot;:&quot;0&quot;,&quot;credit&quot;:&quot;IHA&quot;,&quot;camera&quot;:&quot;&quot;,&quot;caption&quot;:&quot;\\u0130HH GAZ\\u0130ANTEP \\u015eUBE H\\u0130ZMET B\\u0130NASI A\\u00c7ILI\\u015eI VAL\\u0130 DAVUT G\\u00dcL VE B\\u00dcLENT YILDIRIM (SA\\u0130D VAKKAS YA\\u011eCI\\\/GAZ\\u0130ANTEP-\\u0130HA)&quot;,&quot;created_timestamp&quot;:&quot;0&quot;,&quot;copyright&quot;:&quot;\\u0130HLAS HABER AJANSI, www.iha.com.tr&quot;,&quot;focal_length&quot;:&quot;0&quot;,&quot;iso&quot;:&quot;0&quot;,&quot;shutter_speed&quot;:&quot;0&quot;,&quot;title&quot;:&quot;\\u0130SRA\\u0130L\\u0027E MAV\\u0130 MARMARA \\u015eOKU \\u0130HH \\u0130NSAN\\u0130 YARDIM VAKFI GENEL BA\\u015eKANI B\\u00dcLENT YILDIRIM: \\u0022\\u0130SRA\\u0130L\\u2019\\u0130N MAV\\u0130 MARMARA \\u0130T\\u0130RAZLARI REDDED\\u0130LD\\u0130\\u0022&quot;,&quot;orientation&quot;:&quot;0&quot;}\" data-image-title=\"\u0130srail\u2019e Mavi Marmara \u015foku\" data-image-description=\"&lt;p&gt;\u0130srail\u2019e Mavi Marmara \u015foku&lt;\/p&gt; \" data-medium-file=\"https:\/\/i0.wp.com\/www.tvturk.com\/wp-content\/uploads\/2019\/02\/israile-mavi-marmara-soku_9a3cb92.jpg?fit=300%2C200\" data-large-file=\"https:\/\/i0.wp.com\/www.tvturk.com\/wp-content\/uploads\/2019\/02\/israile-mavi-marmara-soku_9a3cb92.jpg?fit=1000%2C666\" src=\"https:\/\/i0.wp.com\/www.tvturk.com\/wp-content\/uploads\/2019\/02\/israile-mavi-marmara-soku_9a3cb92.jpg?w=162&#038;h=108\" srcset=\"https:\/\/i0.wp.com\/www.tvturk.com\/wp-content\/uploads\/2019\/02\/israile-mavi-marmara-soku_9a3cb92.jpg?w=1000 1000w, https:\/\/i0.wp.com\/www.tvturk.com\/wp-content\/uploads\/2019\/02\/israile-mavi-marmara-soku_9a3cb92.jpg?resize=150%2C100 150w, https:\/\/i0.wp.com\/www.tvturk.com\/wp-content\/uploads\/2019\/02\/israile-mavi-marmara-soku_9a3cb92.jpg?resize=300%2C200 300w, https:\/\/i0.wp.com\/www.tvturk.com\/wp-content\/uploads\/2019\/02\/israile-mavi-marmara-soku_9a3cb92.jpg?resize=768%2C511 768w, https:\/\/i0.wp.com\/www.tvturk.com\/wp-content\/uploads\/2019\/02\/israile-mavi-marmara-soku_9a3cb92.jpg?resize=170%2C113 170w, https:\/\/i0.wp.com\/www.tvturk.com\/wp-content\/uploads\/2019\/02\/israile-mavi-marmara-soku_9a3cb92.jpg?resize=120%2C80 120w\" width=\"162\" height=\"108\" loading=\"lazy\" data-original-width=\"162\" data-original-height=\"108\" itemprop=\"http:\/\/schema.org\/image\" title=\"\u0130srail\u2019e Mavi Marmara \u015foku\" alt=\"\u0130srail\u2019e Mavi Marmara \u015foku\" style=\"width: 162px; height: 108px;\" \/> <\/a> <\/div> <\/div> <!-- close group --> <\/div> <!-- close row --> <\/div><\/p>\n","protected":false},"excerpt":{"rendered":"<p>\u0130HH GENEL BA\u015eKANI B\u00dcLENT YILDIRIM<\/p>\n","protected":false},"author":1,"featured_media":38999,"comment_status":"closed","ping_status":"open","sticky":false,"template":"","format":"standard","meta":{"jetpack_post_was_ever_published":false,"_jetpack_newsletter_access":"","_jetpack_dont_email_post_to_subs":false,"_jetpack_newsletter_tier_id":0,"_jetpack_memberships_contains_paywalled_content":false,"_jetpack_memberships_contains_paid_content":false,"footnotes":"","jetpack_publicize_message":"","jetpack_publicize_feature_enabled":true,"jetpack_social_post_already_shared":false,"jetpack_social_options":{"image_generator_settings":{"template":"highway","default_image_id":0,"font":"","enabled":false},"version":2}},"categories":[655],"tags":[14205,6952,5187,11049],"class_list":["post-38998","post","type-post","status-publish","format-standard","has-post-thumbnail","hentry","category-son-dakika","tag-israile","tag-marmara","tag-mavi","tag-soku"],"jetpack_publicize_connections":[],"jetpack_featured_media_url":"https:\/\/i0.wp.com\/www.tvturk.com\/wp-content\/uploads\/2019\/02\/israile-mavi-marmara-soku_dc048e8.jpg?fit=1000%2C666","jetpack_sharing_enabled":true,"jetpack_shortlink":"https:\/\/wp.me\/paKIfm-a90","_links":{"self":[{"href":"http:\/\/www.tvturk.com\/index.php\/wp-json\/wp\/v2\/posts\/38998","targetHints":{"allow":["GET"]}}],"collection":[{"href":"http:\/\/www.tvturk.com\/index.php\/wp-json\/wp\/v2\/posts"}],"about":[{"href":"http:\/\/www.tvturk.com\/index.php\/wp-json\/wp\/v2\/types\/post"}],"author":[{"embeddable":true,"href":"http:\/\/www.tvturk.com\/index.php\/wp-json\/wp\/v2\/users\/1"}],"replies":[{"embeddable":true,"href":"http:\/\/www.tvturk.com\/index.php\/wp-json\/wp\/v2\/comments?post=38998"}],"version-history":[{"count":1,"href":"http:\/\/www.tvturk.com\/index.php\/wp-json\/wp\/v2\/posts\/38998\/revisions"}],"predecessor-version":[{"id":39006,"href":"http:\/\/www.tvturk.com\/index.php\/wp-json\/wp\/v2\/posts\/38998\/revisions\/39006"}],"wp:featuredmedia":[{"embeddable":true,"href":"http:\/\/www.tvturk.com\/index.php\/wp-json\/wp\/v2\/media\/38999"}],"wp:attachment":[{"href":"http:\/\/www.tvturk.com\/index.php\/wp-json\/wp\/v2\/media?parent=38998"}],"wp:term":[{"taxonomy":"category","embeddable":true,"href":"http:\/\/www.tvturk.com\/index.php\/wp-json\/wp\/v2\/categories?post=38998"},{"taxonomy":"post_tag","embeddable":true,"href":"http:\/\/www.tvturk.com\/index.php\/wp-json\/wp\/v2\/tags?post=38998"}],"curies":[{"name":"wp","href":"https:\/\/api.w.org\/{rel}","templated":true}]}}