{"id":39154,"date":"2019-02-16T15:31:16","date_gmt":"2019-02-16T12:31:16","guid":{"rendered":"http:\/\/www.tvturk.com\/index.php\/macar-avcilar-ispartada-yaban-domuzu-surek-avi-yapti\/"},"modified":"2019-02-16T15:31:17","modified_gmt":"2019-02-16T12:31:17","slug":"macar-avcilar-ispartada-yaban-domuzu-surek-avi-yapti","status":"publish","type":"post","link":"http:\/\/www.tvturk.com\/index.php\/macar-avcilar-ispartada-yaban-domuzu-surek-avi-yapti\/","title":{"rendered":"Macar avc\u0131lar, Isparta\u2019da yaban domuzu s\u00fcrek av\u0131 yapt\u0131"},"content":{"rendered":"<p>Tar\u0131m ve Orman Bakanl\u0131\u011f\u0131 Do\u011fa Koruma ve Milli Parklar (DKMP) Genel M\u00fcd\u00fcrl\u00fc\u011f\u00fc Burdur 6. B\u00f6lge M\u00fcd\u00fcrl\u00fc\u011f\u00fcnce Isparta\u2019da av turizmi kapsam\u0131nda, yabanc\u0131lara G\u00fcneykent, K\u0131s\u0131kl\u0131 ve Ke\u00e7iborlu-Senir Devlet Avlaklar\u0131nda yaban domuzu s\u00fcrek av\u0131 yapt\u0131r\u0131ld\u0131.<\/p>\n<p>Av Turizmi kapsam\u0131nda yapt\u0131r\u0131lan yaban domuzu s\u00fcrek av\u0131nda, 8 Macaristan vatanda\u015f\u0131, 8 profesyonel av k\u0131lavuzu ve yerel halktan 20 avc\u0131 yer ald\u0131. Organizasyonun Macaristan \u00f6zel kanal\u0131 taraf\u0131ndan da \u00e7ekildi\u011fi, T\u00fcrkiye ve Isparta av turizmine katk\u0131 sa\u011flanaca\u011f\u0131 belirtildi.<\/p>\n<p>Hem av turizmi hem de yaban domuzunun tar\u0131ma ve yerle\u015fim alanlar\u0131nda yapm\u0131\u015f olduklar\u0131 zararlara ili\u015fkin de fayda sa\u011flayaca\u011f\u0131 belirtilen 2 y\u00f6nl\u00fc \u00e7al\u0131\u015fmada, yabanc\u0131lar\u0131n Isparta\u2019n\u0131n tabii g\u00fczelliklerinden etkilendikleri belirtildi.<\/p>\n<p>\u00d6te yandan, 7 g\u00fcn s\u00fcreli izin verilen av organizasyonunda ilk av g\u00fcn\u00fc \u00f6\u011fle vaktine kadar 19 adet yaban domuzu avland\u0131.<div class=\"tiled-gallery type-rectangular tiled-gallery-unresized\" data-original-width=\"500\" data-carousel-extra='null' itemscope itemtype=\"http:\/\/schema.org\/ImageGallery\" > <div class=\"gallery-row\" style=\"width: 500px; height: 573px;\" data-original-width=\"500\" data-original-height=\"573\" > <div class=\"gallery-group images-1\" style=\"width: 500px; height: 573px;\" data-original-width=\"500\" data-original-height=\"573\" > <div class=\"tiled-gallery-item tiled-gallery-item-large\" itemprop=\"associatedMedia\" itemscope itemtype=\"http:\/\/schema.org\/ImageObject\"> <a href=\"http:\/\/www.tvturk.com\/index.php\/macar-avcilar-ispartada-yaban-domuzu-surek-avi-yapti\/macar-avcilar-ispartada-yaban-domuzu-surek-avi-yapti-3\/\" border=\"0\" itemprop=\"url\"> <meta itemprop=\"width\" content=\"496\"> <meta itemprop=\"height\" content=\"569\"> <img decoding=\"async\" class=\"\" data-attachment-id=\"39156\" data-orig-file=\"http:\/\/www.tvturk.com\/wp-content\/uploads\/2019\/02\/macar-avcilar-ispartada-yaban-domuzu-surek-avi-yapti_5e5f339.jpg\" data-orig-size=\"837,960\" data-comments-opened=\"\" data-image-meta=\"{&quot;aperture&quot;:&quot;0&quot;,&quot;credit&quot;:&quot;IHA&quot;,&quot;camera&quot;:&quot;&quot;,&quot;caption&quot;:&quot;TARIM VE ORMAN BAKANLI\\u011eI DO\\u011eA KORUMA VE M\\u0130LL\\u0130 PARKLAR (DKMP) GENEL M\\u00dcD\\u00dcRL\\u00dc\\u011e\\u00dc BURDUR 6. B\\u00d6LGE M\\u00dcD\\u00dcRL\\u00dc\\u011e\\u00dcNCE ISPARTA\\u2019DA AV TUR\\u0130ZM\\u0130 KAPSAMINDA, YABANCILARA G\\u00dcNEYKENT, KISIKLI VE KE\\u00c7\\u0130BORLU-SEN\\u0130R DEVLET AVLAKLARINDA YABAN DOMUZU S\\u00dcREK AVI YAPTIRILDI. (FET\\u0130 KILI\\u00c7\\\/ISPARTA-\\u0130HA)&quot;,&quot;created_timestamp&quot;:&quot;1550359320&quot;,&quot;copyright&quot;:&quot;\\u0130HLAS HABER AJANSI, www.iha.com.tr&quot;,&quot;focal_length&quot;:&quot;0&quot;,&quot;iso&quot;:&quot;0&quot;,&quot;shutter_speed&quot;:&quot;0&quot;,&quot;title&quot;:&quot;MACAR AVCILAR, ISPARTA\\u0027DA YABAN DOMUZU S\\u00dcREK AVI YAPTI HEM AV TUR\\u0130ZM\\u0130 YAPILDI, HEM DE TARIMA ZARAR VEREN DOMUZLAR ORTADAN KALDIRILDI&quot;,&quot;orientation&quot;:&quot;0&quot;}\" data-image-title=\"Macar avc\u0131lar, Isparta\u2019da yaban domuzu s\u00fcrek av\u0131 yapt\u0131\" data-image-description=\"&lt;p&gt;Macar avc\u0131lar, Isparta\u2019da yaban domuzu s\u00fcrek av\u0131 yapt\u0131&lt;\/p&gt; \" data-medium-file=\"https:\/\/i0.wp.com\/www.tvturk.com\/wp-content\/uploads\/2019\/02\/macar-avcilar-ispartada-yaban-domuzu-surek-avi-yapti_5e5f339.jpg?fit=262%2C300\" data-large-file=\"https:\/\/i0.wp.com\/www.tvturk.com\/wp-content\/uploads\/2019\/02\/macar-avcilar-ispartada-yaban-domuzu-surek-avi-yapti_5e5f339.jpg?fit=837%2C960\" src=\"https:\/\/i0.wp.com\/www.tvturk.com\/wp-content\/uploads\/2019\/02\/macar-avcilar-ispartada-yaban-domuzu-surek-avi-yapti_5e5f339.jpg?w=496&#038;h=569\" srcset=\"https:\/\/i0.wp.com\/www.tvturk.com\/wp-content\/uploads\/2019\/02\/macar-avcilar-ispartada-yaban-domuzu-surek-avi-yapti_5e5f339.jpg?w=837 837w, https:\/\/i0.wp.com\/www.tvturk.com\/wp-content\/uploads\/2019\/02\/macar-avcilar-ispartada-yaban-domuzu-surek-avi-yapti_5e5f339.jpg?resize=131%2C150 131w, https:\/\/i0.wp.com\/www.tvturk.com\/wp-content\/uploads\/2019\/02\/macar-avcilar-ispartada-yaban-domuzu-surek-avi-yapti_5e5f339.jpg?resize=262%2C300 262w, https:\/\/i0.wp.com\/www.tvturk.com\/wp-content\/uploads\/2019\/02\/macar-avcilar-ispartada-yaban-domuzu-surek-avi-yapti_5e5f339.jpg?resize=768%2C881 768w\" width=\"496\" height=\"569\" loading=\"lazy\" data-original-width=\"496\" data-original-height=\"569\" itemprop=\"http:\/\/schema.org\/image\" title=\"Macar avc\u0131lar, Isparta\u2019da yaban domuzu s\u00fcrek av\u0131 yapt\u0131\" alt=\"Macar avc\u0131lar, Isparta\u2019da yaban domuzu s\u00fcrek av\u0131 yapt\u0131\" style=\"width: 496px; height: 569px;\" \/> <\/a> <\/div> <\/div> <!-- close group --> <\/div> <!-- close row --> <\/div><\/p>\n","protected":false},"excerpt":{"rendered":"<p>MACAR AVCILAR, ISPARTA&#8217;DA YABAN DOMUZU S\u00dcREK AVI YAPTI.<\/p>\n","protected":false},"author":1,"featured_media":39155,"comment_status":"closed","ping_status":"open","sticky":false,"template":"","format":"standard","meta":{"jetpack_post_was_ever_published":false,"_jetpack_newsletter_access":"","_jetpack_dont_email_post_to_subs":false,"_jetpack_newsletter_tier_id":0,"_jetpack_memberships_contains_paywalled_content":false,"_jetpack_memberships_contains_paid_content":false,"footnotes":"","jetpack_publicize_message":"","jetpack_publicize_feature_enabled":true,"jetpack_social_post_already_shared":false,"jetpack_social_options":{"image_generator_settings":{"template":"highway","default_image_id":0,"font":"","enabled":false},"version":2}},"categories":[658],"tags":[601,4397,4395,5679,9769,4396,4096,292],"class_list":["post-39154","post","type-post","status-publish","format-standard","has-post-thumbnail","hentry","category-saglik","tag-avcilar","tag-avi","tag-domuzu","tag-ispartada","tag-macar","tag-surek","tag-yaban","tag-yapti"],"jetpack_publicize_connections":[],"jetpack_featured_media_url":"https:\/\/i0.wp.com\/www.tvturk.com\/wp-content\/uploads\/2019\/02\/macar-avcilar-ispartada-yaban-domuzu-surek-avi-yapti_527feaf.jpg?fit=1000%2C540","jetpack_sharing_enabled":true,"jetpack_shortlink":"https:\/\/wp.me\/paKIfm-abw","_links":{"self":[{"href":"http:\/\/www.tvturk.com\/index.php\/wp-json\/wp\/v2\/posts\/39154","targetHints":{"allow":["GET"]}}],"collection":[{"href":"http:\/\/www.tvturk.com\/index.php\/wp-json\/wp\/v2\/posts"}],"about":[{"href":"http:\/\/www.tvturk.com\/index.php\/wp-json\/wp\/v2\/types\/post"}],"author":[{"embeddable":true,"href":"http:\/\/www.tvturk.com\/index.php\/wp-json\/wp\/v2\/users\/1"}],"replies":[{"embeddable":true,"href":"http:\/\/www.tvturk.com\/index.php\/wp-json\/wp\/v2\/comments?post=39154"}],"version-history":[{"count":1,"href":"http:\/\/www.tvturk.com\/index.php\/wp-json\/wp\/v2\/posts\/39154\/revisions"}],"predecessor-version":[{"id":39157,"href":"http:\/\/www.tvturk.com\/index.php\/wp-json\/wp\/v2\/posts\/39154\/revisions\/39157"}],"wp:featuredmedia":[{"embeddable":true,"href":"http:\/\/www.tvturk.com\/index.php\/wp-json\/wp\/v2\/media\/39155"}],"wp:attachment":[{"href":"http:\/\/www.tvturk.com\/index.php\/wp-json\/wp\/v2\/media?parent=39154"}],"wp:term":[{"taxonomy":"category","embeddable":true,"href":"http:\/\/www.tvturk.com\/index.php\/wp-json\/wp\/v2\/categories?post=39154"},{"taxonomy":"post_tag","embeddable":true,"href":"http:\/\/www.tvturk.com\/index.php\/wp-json\/wp\/v2\/tags?post=39154"}],"curies":[{"name":"wp","href":"https:\/\/api.w.org\/{rel}","templated":true}]}}