{"id":39189,"date":"2019-02-16T15:41:08","date_gmt":"2019-02-16T12:41:08","guid":{"rendered":"http:\/\/www.tvturk.com\/index.php\/ozanlardan-ve-kultur-sanat-derneklerinden-ozhasekiye-destek\/"},"modified":"2019-02-16T15:41:08","modified_gmt":"2019-02-16T12:41:08","slug":"ozanlardan-ve-kultur-sanat-derneklerinden-ozhasekiye-destek","status":"publish","type":"post","link":"http:\/\/www.tvturk.com\/index.php\/ozanlardan-ve-kultur-sanat-derneklerinden-ozhasekiye-destek\/","title":{"rendered":"Ozanlardan ve K\u00fclt\u00fcr Sanat Derneklerinden \u00d6zhasekiye destek"},"content":{"rendered":"<p>Avrasya A\u015f\u0131klar Derne\u011fi \u00f6nc\u00fcl\u00fc\u011f\u00fcnde K\u00fclt\u00fcr Sanat Dernekleri, Cumhur \u0130ttifak\u0131 Ankara B\u00fcy\u00fck\u015fehir Belediye Ba\u015fkan aday\u0131 Mehmet \u00d6zhaseki\u2019ye destek a\u00e7\u0131klamas\u0131nda bulundu.<\/p>\n<p>Ulucanlar K\u00fclt\u00fcr Merkezi\u2019nde d\u00fczenlenen bir bas\u0131n toplant\u0131s\u0131yla g\u00f6r\u00fc\u015flerini a\u00e7\u0131klayan Avrasya A\u015f\u0131klar Derne\u011fi Genel Ba\u015fkan\u0131 A\u015f\u0131k Zeki Erdali \u015funlar\u0131 s\u00f6yledi:<\/p>\n<p>&#8220;Bizler vatan ve milletin bekas\u0131 i\u00e7in \u00f6mr\u00fcn\u00fc bu yolda ge\u00e7irmi\u015f insanlar\u0131z. Bug\u00fcn burada yapm\u0131\u015f oldu\u011fumuz toplant\u0131ya hepiniz ho\u015f geldiniz. Biz a\u015f\u0131klar y\u0131llard\u0131r Ankara\u2019da sanat\u0131m\u0131z\u0131 icra ediyoruz. Ozanlar olarak ezan ve bayrak sevdal\u0131s\u0131y\u0131z. \u00dclkemizde beka m\u00fccadelesi verilirken bizde suskun kalamazd\u0131k. Bir tarafta sol \u00f6rg\u00fctler ve pkkl\u0131lar bir tarafta beka m\u00fccadesi veren biz ozanlar. Bu memlekettin bekas\u0131 i\u00e7in konu\u015fmaya karar verdik.&#8221;<\/p>\n<p>31 Mart\u2019taki se\u00e7imlerin \u00fclkenin bekas\u0131 i\u00e7in \u00e7ok \u00f6nemli oldu\u011funu vurgulayan Erdali, &#8220;O nedenle Kayseri de b\u00fcy\u00fck hizmetler yapm\u0131\u015f. Belediyecilikte \u00e7\u0131\u011f\u0131r a\u00e7m\u0131\u015f say\u0131n Mehmet \u00d6zhaseki\u2019yi destekleme karar\u0131 ald\u0131k. Say\u0131n \u00d6zhaseki Kayseri\u2019ye \u00fclkemizin en b\u00fcy\u00fck stadyumun yapm\u0131\u015ft\u0131r. Erciyes da\u011f\u0131n\u0131 turizme kazand\u0131rm\u0131\u015ft\u0131r. Bakanl\u0131k d\u00f6neminde s\u0131f\u0131r at\u0131k projesini hayata ge\u00e7irmi\u015ftir. G\u00f6lba\u015f\u0131\u2019nda bulunan Mogan G\u00f6l\u00fc\u2019n\u00fc kurtarm\u0131\u015ft\u0131r. Yapt\u0131klar\u0131 hizmetler ortadad\u0131r. Sevgili karde\u015flerim bizim hayal satan ba\u015fkanlara ihtiyac\u0131m\u0131z yok. Bizler projelere bakarak Mehmet \u00d6zhaseki\u2019nin Ankaraya \u00e7ok b\u00fcy\u00fck hizmet edece\u011fini g\u00f6r\u00fcyoruz. Mehmet \u00d6zhaseki sanat\u00e7\u0131 dostudur. Ozanlara, \u015fairlere, ressamlara her daim destek olmu\u015ftur. K\u00fclt\u00fcr sanat hayat\u0131 Ankara\u2019da canlanacakt\u0131r. Bir \u00fclkenin kalk\u0131nmas\u0131 k\u00fclt\u00fcr ve sanattan ge\u00e7mektedir. Say\u0131n \u00d6zhaseki\u2019nin k\u00fclt\u00fcr yolu projesi bizi heyecanland\u0131rm\u0131\u015ft\u0131r. O nedenle say\u0131n \u00d6zhaseki\u2019yi destekliyoruz&#8221; diye konu\u015ftu.<\/p>\n","protected":false},"excerpt":{"rendered":"<p>AVRASYA A\u015eIKLAR DERNE\u011e\u0130 \u00d6NC\u00dcL\u00dc\u011e\u00dcNDE K\u00dcLT\u00dcR SANAT DERNEKLER\u0130, CUMHUR \u0130TT\u0130FAKI ANKARA B\u00dcY\u00dcK\u015eEH\u0130R BELED\u0130YE BA\u015eKAN ADAYI MEHMET \u00d6ZHASEK\u0130\u2019YE DESTEK A\u00c7IKLAMASINDA BULUNDU.<\/p>\n","protected":false},"author":1,"featured_media":39190,"comment_status":"closed","ping_status":"open","sticky":false,"template":"","format":"standard","meta":{"jetpack_post_was_ever_published":false,"_jetpack_newsletter_access":"","_jetpack_dont_email_post_to_subs":false,"_jetpack_newsletter_tier_id":0,"_jetpack_memberships_contains_paywalled_content":false,"_jetpack_memberships_contains_paid_content":false,"footnotes":"","jetpack_publicize_message":"","jetpack_publicize_feature_enabled":true,"jetpack_social_post_already_shared":false,"jetpack_social_options":{"image_generator_settings":{"template":"highway","default_image_id":0,"font":"","enabled":false},"version":2}},"categories":[655],"tags":[3673,61,630,14240,6987,4854],"class_list":["post-39189","post","type-post","status-publish","format-standard","has-post-thumbnail","hentry","category-son-dakika","tag-derneklerinden","tag-destek","tag-kultur","tag-ozanlardan","tag-ozhasekiye","tag-sanat"],"jetpack_publicize_connections":[],"jetpack_featured_media_url":"https:\/\/i0.wp.com\/www.tvturk.com\/wp-content\/uploads\/2019\/02\/ozanlardan-ve-kultur-sanat-derneklerinden-ozhasekiye-destek_835de79.jpg?fit=1000%2C485","jetpack_sharing_enabled":true,"jetpack_shortlink":"https:\/\/wp.me\/paKIfm-ac5","_links":{"self":[{"href":"http:\/\/www.tvturk.com\/index.php\/wp-json\/wp\/v2\/posts\/39189","targetHints":{"allow":["GET"]}}],"collection":[{"href":"http:\/\/www.tvturk.com\/index.php\/wp-json\/wp\/v2\/posts"}],"about":[{"href":"http:\/\/www.tvturk.com\/index.php\/wp-json\/wp\/v2\/types\/post"}],"author":[{"embeddable":true,"href":"http:\/\/www.tvturk.com\/index.php\/wp-json\/wp\/v2\/users\/1"}],"replies":[{"embeddable":true,"href":"http:\/\/www.tvturk.com\/index.php\/wp-json\/wp\/v2\/comments?post=39189"}],"version-history":[{"count":0,"href":"http:\/\/www.tvturk.com\/index.php\/wp-json\/wp\/v2\/posts\/39189\/revisions"}],"wp:featuredmedia":[{"embeddable":true,"href":"http:\/\/www.tvturk.com\/index.php\/wp-json\/wp\/v2\/media\/39190"}],"wp:attachment":[{"href":"http:\/\/www.tvturk.com\/index.php\/wp-json\/wp\/v2\/media?parent=39189"}],"wp:term":[{"taxonomy":"category","embeddable":true,"href":"http:\/\/www.tvturk.com\/index.php\/wp-json\/wp\/v2\/categories?post=39189"},{"taxonomy":"post_tag","embeddable":true,"href":"http:\/\/www.tvturk.com\/index.php\/wp-json\/wp\/v2\/tags?post=39189"}],"curies":[{"name":"wp","href":"https:\/\/api.w.org\/{rel}","templated":true}]}}