{"id":39298,"date":"2019-02-16T16:01:05","date_gmt":"2019-02-16T13:01:05","guid":{"rendered":"http:\/\/www.tvturk.com\/index.php\/manisada-heyelan-cocuk-parkini-yuttu\/"},"modified":"2019-02-16T16:01:07","modified_gmt":"2019-02-16T13:01:07","slug":"manisada-heyelan-cocuk-parkini-yuttu","status":"publish","type":"post","link":"http:\/\/www.tvturk.com\/index.php\/manisada-heyelan-cocuk-parkini-yuttu\/","title":{"rendered":"Manisa\u2019da heyelan \u00e7ocuk park\u0131n\u0131 yuttu"},"content":{"rendered":"<p>Manisa\u2019n\u0131n Sar\u0131kaya k\u00f6y\u00fcndeki \u00e7ocuk park\u0131, heyelan sebebiyle bulundu\u011fu yerden yakla\u015f\u0131k 5 metre \u00e7\u00f6kt\u00fc.<\/p>\n<p>Manisa\u2019n\u0131n Yunusemre il\u00e7esine ba\u011fl\u0131 Sar\u0131kaya k\u00f6y\u00fcnde olu\u015fan heyelan, k\u00f6yde bulunan \u00e7ocuk park\u0131n\u0131 adeta yuttu. Yakla\u015f\u0131k 1 hafta kadar \u00f6nce yolda \u00e7atlaklar olu\u015ftu\u011funu ifade eden k\u00f6y sakinleri, bir sabah kalkt\u0131klar\u0131nda \u00e7ocuk park\u0131n\u0131n yerinde olmad\u0131\u011f\u0131n\u0131 g\u00f6r\u00fcnce \u00e7ok korktuklar\u0131n\u0131 s\u00f6yledi.<\/p>\n<p>Yakla\u015f\u0131k 40 senedir ya\u015fad\u0131klar\u0131 yerde b\u00f6yle heyelan olmad\u0131\u011f\u0131n\u0131 anlatan k\u00f6y sakinlerinden Selahattin G\u00fcl\u00fcm, &#8220;Sabah bir kalkt\u0131k buras\u0131 b\u00f6yleydi ama evlerde bir \u015fey yok. Bu heyelan da Allah taraf\u0131ndan olan bir \u015fey. K\u00f6y\u00fcn di\u011fer taraf\u0131nda 20 sene \u00f6nce heyelan olmu\u015ftu 2 ev oturulamaz hale gelmi\u015fti\u201d dedi.<div class=\"tiled-gallery type-rectangular tiled-gallery-unresized\" data-original-width=\"500\" data-carousel-extra='null' itemscope itemtype=\"http:\/\/schema.org\/ImageGallery\" > <div class=\"gallery-row\" style=\"width: 500px; height: 252px;\" data-original-width=\"500\" data-original-height=\"252\" > <div class=\"gallery-group images-1\" style=\"width: 500px; height: 252px;\" data-original-width=\"500\" data-original-height=\"252\" > <div class=\"tiled-gallery-item tiled-gallery-item-large\" itemprop=\"associatedMedia\" itemscope itemtype=\"http:\/\/schema.org\/ImageObject\"> <a href=\"http:\/\/www.tvturk.com\/index.php\/manisada-heyelan-cocuk-parkini-yuttu\/manisada-heyelan-cocuk-parkini-yuttu-3\/\" border=\"0\" itemprop=\"url\"> <meta itemprop=\"width\" content=\"496\"> <meta itemprop=\"height\" content=\"248\"> <img decoding=\"async\" class=\"\" data-attachment-id=\"39300\" data-orig-file=\"http:\/\/www.tvturk.com\/wp-content\/uploads\/2019\/02\/manisada-heyelan-cocuk-parkini-yuttu_3ea317a.jpg\" data-orig-size=\"1000,500\" data-comments-opened=\"\" data-image-meta=\"{&quot;aperture&quot;:&quot;0&quot;,&quot;credit&quot;:&quot;IHA&quot;,&quot;camera&quot;:&quot;&quot;,&quot;caption&quot;:&quot;MAN\\u0130SA\\u2019DA SARIKAYA K\\u00d6Y\\u00dcNDEK\\u0130 \\u00c7OCUK PARKI, HEYELAN SEBEB\\u0130YLE BULUNDU\\u011eU YERDEN YAKLA\\u015eIK 5 METRE \\u00c7\\u00d6KT\\u00dc. (AL\\u0130 G\\u00d6ZETEN - HAL\\u0130L KARAHAN\\\/MAN\\u0130SA-\\u0130HA)&quot;,&quot;created_timestamp&quot;:&quot;0&quot;,&quot;copyright&quot;:&quot;\\u0130HLAS HABER AJANSI, www.iha.com.tr&quot;,&quot;focal_length&quot;:&quot;0&quot;,&quot;iso&quot;:&quot;0&quot;,&quot;shutter_speed&quot;:&quot;0&quot;,&quot;title&quot;:&quot;MAN\\u0130SA\\u2019DA HEYELAN \\u00c7OCUK PARKINI YUTTU&quot;,&quot;orientation&quot;:&quot;0&quot;}\" data-image-title=\"Manisa\u2019da heyelan \u00e7ocuk park\u0131n\u0131 yuttu\" data-image-description=\"&lt;p&gt;Manisa\u2019da heyelan \u00e7ocuk park\u0131n\u0131 yuttu&lt;\/p&gt; \" data-medium-file=\"https:\/\/i0.wp.com\/www.tvturk.com\/wp-content\/uploads\/2019\/02\/manisada-heyelan-cocuk-parkini-yuttu_3ea317a.jpg?fit=300%2C150\" data-large-file=\"https:\/\/i0.wp.com\/www.tvturk.com\/wp-content\/uploads\/2019\/02\/manisada-heyelan-cocuk-parkini-yuttu_3ea317a.jpg?fit=1000%2C500\" src=\"https:\/\/i0.wp.com\/www.tvturk.com\/wp-content\/uploads\/2019\/02\/manisada-heyelan-cocuk-parkini-yuttu_3ea317a.jpg?w=496&#038;h=248\" srcset=\"https:\/\/i0.wp.com\/www.tvturk.com\/wp-content\/uploads\/2019\/02\/manisada-heyelan-cocuk-parkini-yuttu_3ea317a.jpg?w=1000 1000w, https:\/\/i0.wp.com\/www.tvturk.com\/wp-content\/uploads\/2019\/02\/manisada-heyelan-cocuk-parkini-yuttu_3ea317a.jpg?resize=150%2C75 150w, https:\/\/i0.wp.com\/www.tvturk.com\/wp-content\/uploads\/2019\/02\/manisada-heyelan-cocuk-parkini-yuttu_3ea317a.jpg?resize=300%2C150 300w, https:\/\/i0.wp.com\/www.tvturk.com\/wp-content\/uploads\/2019\/02\/manisada-heyelan-cocuk-parkini-yuttu_3ea317a.jpg?resize=768%2C384 768w\" width=\"496\" height=\"248\" loading=\"lazy\" data-original-width=\"496\" data-original-height=\"248\" itemprop=\"http:\/\/schema.org\/image\" title=\"Manisa\u2019da heyelan \u00e7ocuk park\u0131n\u0131 yuttu\" alt=\"Manisa\u2019da heyelan \u00e7ocuk park\u0131n\u0131 yuttu\" style=\"width: 496px; height: 248px;\" \/> <\/a> <\/div> <\/div> <!-- close group --> <\/div> <!-- close row --> <div class=\"gallery-row\" style=\"width: 500px; height: 127px;\" data-original-width=\"500\" data-original-height=\"127\" > <div class=\"gallery-group images-1\" style=\"width: 250px; height: 127px;\" data-original-width=\"250\" data-original-height=\"127\" > <div class=\"tiled-gallery-item tiled-gallery-item-small\" itemprop=\"associatedMedia\" itemscope itemtype=\"http:\/\/schema.org\/ImageObject\"> <a href=\"http:\/\/www.tvturk.com\/index.php\/manisada-heyelan-cocuk-parkini-yuttu\/manisada-heyelan-cocuk-parkini-yuttu-4\/\" border=\"0\" itemprop=\"url\"> <meta itemprop=\"width\" content=\"246\"> <meta itemprop=\"height\" content=\"123\"> <img decoding=\"async\" class=\"\" data-attachment-id=\"39301\" data-orig-file=\"http:\/\/www.tvturk.com\/wp-content\/uploads\/2019\/02\/manisada-heyelan-cocuk-parkini-yuttu_ab1baa0.jpg\" data-orig-size=\"1000,500\" data-comments-opened=\"\" data-image-meta=\"{&quot;aperture&quot;:&quot;0&quot;,&quot;credit&quot;:&quot;IHA&quot;,&quot;camera&quot;:&quot;&quot;,&quot;caption&quot;:&quot;MAN\\u0130SA\\u2019DA SARIKAYA K\\u00d6Y\\u00dcNDEK\\u0130 \\u00c7OCUK PARKI, HEYELAN SEBEB\\u0130YLE BULUNDU\\u011eU YERDEN YAKLA\\u015eIK 5 METRE \\u00c7\\u00d6KT\\u00dc. (AL\\u0130 G\\u00d6ZETEN - HAL\\u0130L KARAHAN\\\/MAN\\u0130SA-\\u0130HA)&quot;,&quot;created_timestamp&quot;:&quot;0&quot;,&quot;copyright&quot;:&quot;\\u0130HLAS HABER AJANSI, www.iha.com.tr&quot;,&quot;focal_length&quot;:&quot;0&quot;,&quot;iso&quot;:&quot;0&quot;,&quot;shutter_speed&quot;:&quot;0&quot;,&quot;title&quot;:&quot;MAN\\u0130SA\\u2019DA HEYELAN \\u00c7OCUK PARKINI YUTTU&quot;,&quot;orientation&quot;:&quot;0&quot;}\" data-image-title=\"Manisa\u2019da heyelan \u00e7ocuk park\u0131n\u0131 yuttu\" data-image-description=\"&lt;p&gt;Manisa\u2019da heyelan \u00e7ocuk park\u0131n\u0131 yuttu&lt;\/p&gt; \" data-medium-file=\"https:\/\/i0.wp.com\/www.tvturk.com\/wp-content\/uploads\/2019\/02\/manisada-heyelan-cocuk-parkini-yuttu_ab1baa0.jpg?fit=300%2C150\" data-large-file=\"https:\/\/i0.wp.com\/www.tvturk.com\/wp-content\/uploads\/2019\/02\/manisada-heyelan-cocuk-parkini-yuttu_ab1baa0.jpg?fit=1000%2C500\" src=\"https:\/\/i0.wp.com\/www.tvturk.com\/wp-content\/uploads\/2019\/02\/manisada-heyelan-cocuk-parkini-yuttu_ab1baa0.jpg?w=246&#038;h=123\" srcset=\"https:\/\/i0.wp.com\/www.tvturk.com\/wp-content\/uploads\/2019\/02\/manisada-heyelan-cocuk-parkini-yuttu_ab1baa0.jpg?w=1000 1000w, https:\/\/i0.wp.com\/www.tvturk.com\/wp-content\/uploads\/2019\/02\/manisada-heyelan-cocuk-parkini-yuttu_ab1baa0.jpg?resize=150%2C75 150w, https:\/\/i0.wp.com\/www.tvturk.com\/wp-content\/uploads\/2019\/02\/manisada-heyelan-cocuk-parkini-yuttu_ab1baa0.jpg?resize=300%2C150 300w, https:\/\/i0.wp.com\/www.tvturk.com\/wp-content\/uploads\/2019\/02\/manisada-heyelan-cocuk-parkini-yuttu_ab1baa0.jpg?resize=768%2C384 768w\" width=\"246\" height=\"123\" loading=\"lazy\" data-original-width=\"246\" data-original-height=\"123\" itemprop=\"http:\/\/schema.org\/image\" title=\"Manisa\u2019da heyelan \u00e7ocuk park\u0131n\u0131 yuttu\" alt=\"Manisa\u2019da heyelan \u00e7ocuk park\u0131n\u0131 yuttu\" style=\"width: 246px; height: 123px;\" \/> <\/a> <\/div> <\/div> <!-- close group --> <div class=\"gallery-group images-1\" style=\"width: 250px; height: 127px;\" data-original-width=\"250\" data-original-height=\"127\" > <div class=\"tiled-gallery-item tiled-gallery-item-small\" itemprop=\"associatedMedia\" itemscope itemtype=\"http:\/\/schema.org\/ImageObject\"> <a href=\"http:\/\/www.tvturk.com\/index.php\/manisada-heyelan-cocuk-parkini-yuttu\/manisada-heyelan-cocuk-parkini-yuttu-5\/\" border=\"0\" itemprop=\"url\"> <meta itemprop=\"width\" content=\"246\"> <meta itemprop=\"height\" content=\"123\"> <img decoding=\"async\" class=\"\" data-attachment-id=\"39302\" data-orig-file=\"http:\/\/www.tvturk.com\/wp-content\/uploads\/2019\/02\/manisada-heyelan-cocuk-parkini-yuttu_dc048e8.jpg\" data-orig-size=\"1000,500\" data-comments-opened=\"\" data-image-meta=\"{&quot;aperture&quot;:&quot;0&quot;,&quot;credit&quot;:&quot;IHA&quot;,&quot;camera&quot;:&quot;&quot;,&quot;caption&quot;:&quot;MAN\\u0130SA\\u2019DA SARIKAYA K\\u00d6Y\\u00dcNDEK\\u0130 \\u00c7OCUK PARKI, HEYELAN SEBEB\\u0130YLE BULUNDU\\u011eU YERDEN YAKLA\\u015eIK 5 METRE \\u00c7\\u00d6KT\\u00dc. (AL\\u0130 G\\u00d6ZETEN - HAL\\u0130L KARAHAN\\\/MAN\\u0130SA-\\u0130HA)&quot;,&quot;created_timestamp&quot;:&quot;0&quot;,&quot;copyright&quot;:&quot;\\u0130HLAS HABER AJANSI, www.iha.com.tr&quot;,&quot;focal_length&quot;:&quot;0&quot;,&quot;iso&quot;:&quot;0&quot;,&quot;shutter_speed&quot;:&quot;0&quot;,&quot;title&quot;:&quot;MAN\\u0130SA\\u2019DA HEYELAN \\u00c7OCUK PARKINI YUTTU&quot;,&quot;orientation&quot;:&quot;0&quot;}\" data-image-title=\"Manisa\u2019da heyelan \u00e7ocuk park\u0131n\u0131 yuttu\" data-image-description=\"&lt;p&gt;Manisa\u2019da heyelan \u00e7ocuk park\u0131n\u0131 yuttu&lt;\/p&gt; \" data-medium-file=\"https:\/\/i0.wp.com\/www.tvturk.com\/wp-content\/uploads\/2019\/02\/manisada-heyelan-cocuk-parkini-yuttu_dc048e8.jpg?fit=300%2C150\" data-large-file=\"https:\/\/i0.wp.com\/www.tvturk.com\/wp-content\/uploads\/2019\/02\/manisada-heyelan-cocuk-parkini-yuttu_dc048e8.jpg?fit=1000%2C500\" src=\"https:\/\/i0.wp.com\/www.tvturk.com\/wp-content\/uploads\/2019\/02\/manisada-heyelan-cocuk-parkini-yuttu_dc048e8.jpg?w=246&#038;h=123\" srcset=\"https:\/\/i0.wp.com\/www.tvturk.com\/wp-content\/uploads\/2019\/02\/manisada-heyelan-cocuk-parkini-yuttu_dc048e8.jpg?w=1000 1000w, https:\/\/i0.wp.com\/www.tvturk.com\/wp-content\/uploads\/2019\/02\/manisada-heyelan-cocuk-parkini-yuttu_dc048e8.jpg?resize=150%2C75 150w, https:\/\/i0.wp.com\/www.tvturk.com\/wp-content\/uploads\/2019\/02\/manisada-heyelan-cocuk-parkini-yuttu_dc048e8.jpg?resize=300%2C150 300w, https:\/\/i0.wp.com\/www.tvturk.com\/wp-content\/uploads\/2019\/02\/manisada-heyelan-cocuk-parkini-yuttu_dc048e8.jpg?resize=768%2C384 768w\" width=\"246\" height=\"123\" loading=\"lazy\" data-original-width=\"246\" data-original-height=\"123\" itemprop=\"http:\/\/schema.org\/image\" title=\"Manisa\u2019da heyelan \u00e7ocuk park\u0131n\u0131 yuttu\" alt=\"Manisa\u2019da heyelan \u00e7ocuk park\u0131n\u0131 yuttu\" style=\"width: 246px; height: 123px;\" \/> <\/a> <\/div> <\/div> <!-- close group --> <\/div> <!-- close row --> <\/div><\/p>\n","protected":false},"excerpt":{"rendered":"<p>MAN\u0130SA\u2019DA SARIKAYA K\u00d6Y\u00dcNDEK\u0130 \u00c7OCUK PARKI, HEYELAN SEBEB\u0130YLE BULUNDU\u011eU YERDEN YAKLA\u015eIK 5 METRE \u00c7\u00d6KT\u00dc.<\/p>\n","protected":false},"author":1,"featured_media":39299,"comment_status":"closed","ping_status":"open","sticky":false,"template":"","format":"standard","meta":{"jetpack_post_was_ever_published":false,"_jetpack_newsletter_access":"","_jetpack_dont_email_post_to_subs":false,"_jetpack_newsletter_tier_id":0,"_jetpack_memberships_contains_paywalled_content":false,"_jetpack_memberships_contains_paid_content":false,"footnotes":"","jetpack_publicize_message":"","jetpack_publicize_feature_enabled":true,"jetpack_social_post_already_shared":false,"jetpack_social_options":{"image_generator_settings":{"template":"highway","default_image_id":0,"font":"","enabled":false},"version":2}},"categories":[655],"tags":[1008,8768,3037,14254,14255],"class_list":["post-39298","post","type-post","status-publish","format-standard","has-post-thumbnail","hentry","category-son-dakika","tag-cocuk","tag-heyelan","tag-manisada","tag-parkini","tag-yuttu"],"jetpack_publicize_connections":[],"jetpack_featured_media_url":"https:\/\/i0.wp.com\/www.tvturk.com\/wp-content\/uploads\/2019\/02\/manisada-heyelan-cocuk-parkini-yuttu_f764c61.jpg?fit=1000%2C500","jetpack_sharing_enabled":true,"jetpack_shortlink":"https:\/\/wp.me\/paKIfm-adQ","_links":{"self":[{"href":"http:\/\/www.tvturk.com\/index.php\/wp-json\/wp\/v2\/posts\/39298","targetHints":{"allow":["GET"]}}],"collection":[{"href":"http:\/\/www.tvturk.com\/index.php\/wp-json\/wp\/v2\/posts"}],"about":[{"href":"http:\/\/www.tvturk.com\/index.php\/wp-json\/wp\/v2\/types\/post"}],"author":[{"embeddable":true,"href":"http:\/\/www.tvturk.com\/index.php\/wp-json\/wp\/v2\/users\/1"}],"replies":[{"embeddable":true,"href":"http:\/\/www.tvturk.com\/index.php\/wp-json\/wp\/v2\/comments?post=39298"}],"version-history":[{"count":1,"href":"http:\/\/www.tvturk.com\/index.php\/wp-json\/wp\/v2\/posts\/39298\/revisions"}],"predecessor-version":[{"id":39303,"href":"http:\/\/www.tvturk.com\/index.php\/wp-json\/wp\/v2\/posts\/39298\/revisions\/39303"}],"wp:featuredmedia":[{"embeddable":true,"href":"http:\/\/www.tvturk.com\/index.php\/wp-json\/wp\/v2\/media\/39299"}],"wp:attachment":[{"href":"http:\/\/www.tvturk.com\/index.php\/wp-json\/wp\/v2\/media?parent=39298"}],"wp:term":[{"taxonomy":"category","embeddable":true,"href":"http:\/\/www.tvturk.com\/index.php\/wp-json\/wp\/v2\/categories?post=39298"},{"taxonomy":"post_tag","embeddable":true,"href":"http:\/\/www.tvturk.com\/index.php\/wp-json\/wp\/v2\/tags?post=39298"}],"curies":[{"name":"wp","href":"https:\/\/api.w.org\/{rel}","templated":true}]}}