{"id":39731,"date":"2019-02-16T17:31:14","date_gmt":"2019-02-16T14:31:14","guid":{"rendered":"http:\/\/www.tvturk.com\/index.php\/ankaradan-kirsehire-geldi-anjiyo-olup-taburcu-edildi\/"},"modified":"2019-02-16T17:31:16","modified_gmt":"2019-02-16T14:31:16","slug":"ankaradan-kirsehire-geldi-anjiyo-olup-taburcu-edildi","status":"publish","type":"post","link":"http:\/\/www.tvturk.com\/index.php\/ankaradan-kirsehire-geldi-anjiyo-olup-taburcu-edildi\/","title":{"rendered":"Ankara\u2019dan K\u0131r\u015fehir\u2019e geldi anjiyo olup taburcu edildi"},"content":{"rendered":"<p>Ankara\u2019dan K\u0131r\u015fehir\u2019e kontrol ama\u00e7l\u0131 geldi\u011fi hastanede anjiyo olan vatanda\u015f, operasyonun ard\u0131ndan sonra taburcu edildi.<\/p>\n<p>K\u0131r\u015fehir Ahi Evran \u00dcniversitesi E\u011fitim ve Ara\u015ft\u0131rma Hastanesine kontrol ama\u00e7l\u0131 gelen Ferudun Cihanyurdun\u2019da, yap\u0131lan tetkikler sonras\u0131 damar t\u0131kan\u0131kl\u0131\u011f\u0131 tespit edildi. Kardiyoloji Uzman\u0131 Dr. Levent \u00d6zdemir taraf\u0131ndan anjiyoya al\u0131nan Cihanyurdu, anjiyo yap\u0131ld\u0131ktan sonra taburcu edildi. Operasyon sonras\u0131 Kardiyoloji servisinde kontrolde tutulan hasta Cihanyurdu\u2019yu Ba\u015fhekim Dr. \u00d6\u011fr. \u00dcyesi Yahya \u015eahin, Ba\u015fhekim Yard\u0131mc\u0131lar\u0131 Uzm. Dr. Erkan Dulkadir ve Dr. Asl\u0131han K\u0131l\u0131\u00e7 Torun ziyaret etti. Ba\u015fhekim \u015eahin ile sohbet eden hasta Ferudun Cihanyurdu, rahats\u0131zl\u0131\u011f\u0131n\u0131n tespit edilmesi ve yap\u0131lan m\u00fcdahale i\u00e7in doktoruna te\u015fekk\u00fcr etti. Hastanenin hizmetinden olduk\u00e7a memnun oldu\u011funu kaydeden Cihanyurdu, \u201cAnkara\u2019dan buraya tedavi olmak i\u00e7in geldim. \u00c7ok da g\u00fczel bir operasyon oldu. Bu hizmetleri yapan herkese te\u015fekk\u00fcr ediyorum Allah devletimize zeval vermesin. Tedavimiz ayn\u0131 g\u00fcn yap\u0131ld\u0131. G\u00fcn i\u00e7erisinde de taburcu oldum\u201d dedi. Ba\u015fhekim Dr. \u00d6\u011fr. \u00dcyesi Yahya \u015eahin ise vatanda\u015f\u0131n sa\u011fl\u0131\u011f\u0131 i\u00e7in gece g\u00fcnd\u00fcz \u00e7al\u0131\u015ft\u0131klar\u0131n\u0131 belirterek \u015funlar\u0131 s\u00f6yledi;<\/p>\n<p>\u201cK\u0131r\u015fehir\u2019de hizmet veren anjiyo \u00fcnitesi \u00e7ok g\u00fczel i\u015fler yap\u0131yor. \u00c7ok ba\u015far\u0131l\u0131 kardiyoloji uzmanlar\u0131m\u0131z var. B\u00fct\u00fcn doktorlar\u0131m\u0131z birlik ve beraberlik i\u00e7inde \u00e7ok g\u00fczel hizmet ediyor. \u2019\u0130nsan\u0131 ya\u015fat ki, devlet ya\u015fas\u0131n\u2019 felsefesiyle \u00e7al\u0131\u015f\u0131yoruz. Vatanda\u015f\u0131m\u0131z bizim i\u00e7in \u00e7ok de\u011ferlidir. Onlar\u0131 sa\u011fl\u0131\u011f\u0131na kavu\u015fturmak bizim g\u00f6revimizdir. Bu operasyonu yapan Levent hocama te\u015fekk\u00fcr ediyorum\u201d diye konu\u015ftu.<div class=\"tiled-gallery type-rectangular tiled-gallery-unresized\" data-original-width=\"500\" data-carousel-extra='null' itemscope itemtype=\"http:\/\/schema.org\/ImageGallery\" > <div class=\"gallery-row\" style=\"width: 500px; height: 168px;\" data-original-width=\"500\" data-original-height=\"168\" > <div class=\"gallery-group images-1\" style=\"width: 250px; height: 168px;\" data-original-width=\"250\" data-original-height=\"168\" > <div class=\"tiled-gallery-item tiled-gallery-item-small\" itemprop=\"associatedMedia\" itemscope itemtype=\"http:\/\/schema.org\/ImageObject\"> <a href=\"http:\/\/www.tvturk.com\/index.php\/ankaradan-kirsehire-geldi-anjiyo-olup-taburcu-edildi\/ankaradan-kirsehire-geldi-anjiyo-olup-taburcu-edildi-3\/\" border=\"0\" itemprop=\"url\"> <meta itemprop=\"width\" content=\"246\"> <meta itemprop=\"height\" content=\"164\"> <img decoding=\"async\" class=\"\" data-attachment-id=\"39733\" data-orig-file=\"http:\/\/www.tvturk.com\/wp-content\/uploads\/2019\/02\/ankaradan-kirsehire-geldi-anjiyo-olup-taburcu-edildi_77bad7a.jpg\" data-orig-size=\"1000,666\" data-comments-opened=\"\" data-image-meta=\"{&quot;aperture&quot;:&quot;0&quot;,&quot;credit&quot;:&quot;IHA&quot;,&quot;camera&quot;:&quot;&quot;,&quot;caption&quot;:&quot;KIR\\u015eEH\\u0130R\\u0027E ANKARA\\u0027DAN GELEN HASTA G\\u00dcN \\u0130\\u00c7\\u0130NDE ANJ\\u0130YO OLUP AYNI G\\u00dcN TABURCU ED\\u0130LD\\u0130. (\\u0130HA\\\/KIR\\u015eEH\\u0130R-\\u0130HA)&quot;,&quot;created_timestamp&quot;:&quot;0&quot;,&quot;copyright&quot;:&quot;\\u0130HLAS HABER AJANSI, www.iha.com.tr&quot;,&quot;focal_length&quot;:&quot;0&quot;,&quot;iso&quot;:&quot;0&quot;,&quot;shutter_speed&quot;:&quot;0&quot;,&quot;title&quot;:&quot;ANKARA\\u0027DAN KIR\\u015eEH\\u0130R\\u0027E GELD\\u0130 ANJ\\u0130YO OLUP TABURCU ED\\u0130LD\\u0130&quot;,&quot;orientation&quot;:&quot;0&quot;}\" data-image-title=\"Ankara\u2019dan K\u0131r\u015fehir\u2019e geldi anjiyo olup taburcu edildi\" data-image-description=\"&lt;p&gt;Ankara\u2019dan K\u0131r\u015fehir\u2019e geldi anjiyo olup taburcu edildi&lt;\/p&gt; \" data-medium-file=\"https:\/\/i0.wp.com\/www.tvturk.com\/wp-content\/uploads\/2019\/02\/ankaradan-kirsehire-geldi-anjiyo-olup-taburcu-edildi_77bad7a.jpg?fit=300%2C200\" data-large-file=\"https:\/\/i0.wp.com\/www.tvturk.com\/wp-content\/uploads\/2019\/02\/ankaradan-kirsehire-geldi-anjiyo-olup-taburcu-edildi_77bad7a.jpg?fit=1000%2C666\" src=\"https:\/\/i0.wp.com\/www.tvturk.com\/wp-content\/uploads\/2019\/02\/ankaradan-kirsehire-geldi-anjiyo-olup-taburcu-edildi_77bad7a.jpg?w=246&#038;h=164\" srcset=\"https:\/\/i0.wp.com\/www.tvturk.com\/wp-content\/uploads\/2019\/02\/ankaradan-kirsehire-geldi-anjiyo-olup-taburcu-edildi_77bad7a.jpg?w=1000 1000w, https:\/\/i0.wp.com\/www.tvturk.com\/wp-content\/uploads\/2019\/02\/ankaradan-kirsehire-geldi-anjiyo-olup-taburcu-edildi_77bad7a.jpg?resize=150%2C100 150w, https:\/\/i0.wp.com\/www.tvturk.com\/wp-content\/uploads\/2019\/02\/ankaradan-kirsehire-geldi-anjiyo-olup-taburcu-edildi_77bad7a.jpg?resize=300%2C200 300w, https:\/\/i0.wp.com\/www.tvturk.com\/wp-content\/uploads\/2019\/02\/ankaradan-kirsehire-geldi-anjiyo-olup-taburcu-edildi_77bad7a.jpg?resize=768%2C511 768w, https:\/\/i0.wp.com\/www.tvturk.com\/wp-content\/uploads\/2019\/02\/ankaradan-kirsehire-geldi-anjiyo-olup-taburcu-edildi_77bad7a.jpg?resize=170%2C113 170w, https:\/\/i0.wp.com\/www.tvturk.com\/wp-content\/uploads\/2019\/02\/ankaradan-kirsehire-geldi-anjiyo-olup-taburcu-edildi_77bad7a.jpg?resize=120%2C80 120w\" width=\"246\" height=\"164\" loading=\"lazy\" data-original-width=\"246\" data-original-height=\"164\" itemprop=\"http:\/\/schema.org\/image\" title=\"Ankara\u2019dan K\u0131r\u015fehir\u2019e geldi anjiyo olup taburcu edildi\" alt=\"Ankara\u2019dan K\u0131r\u015fehir\u2019e geldi anjiyo olup taburcu edildi\" style=\"width: 246px; height: 164px;\" \/> <\/a> <\/div> <\/div> <!-- close group --> <div class=\"gallery-group images-1\" style=\"width: 250px; height: 168px;\" data-original-width=\"250\" data-original-height=\"168\" > <div class=\"tiled-gallery-item tiled-gallery-item-small\" itemprop=\"associatedMedia\" itemscope itemtype=\"http:\/\/schema.org\/ImageObject\"> <a href=\"http:\/\/www.tvturk.com\/index.php\/ankaradan-kirsehire-geldi-anjiyo-olup-taburcu-edildi\/ankaradan-kirsehire-geldi-anjiyo-olup-taburcu-edildi-4\/\" border=\"0\" itemprop=\"url\"> <meta itemprop=\"width\" content=\"246\"> <meta itemprop=\"height\" content=\"164\"> <img decoding=\"async\" class=\"\" data-attachment-id=\"39734\" data-orig-file=\"http:\/\/www.tvturk.com\/wp-content\/uploads\/2019\/02\/ankaradan-kirsehire-geldi-anjiyo-olup-taburcu-edildi_40a8a5b.jpg\" data-orig-size=\"1000,666\" data-comments-opened=\"\" data-image-meta=\"{&quot;aperture&quot;:&quot;0&quot;,&quot;credit&quot;:&quot;IHA&quot;,&quot;camera&quot;:&quot;&quot;,&quot;caption&quot;:&quot;KIR\\u015eEH\\u0130R\\u0027E ANKARA\\u0027DAN GELEN HASTA G\\u00dcN \\u0130\\u00c7\\u0130NDE ANJ\\u0130YO OLUP AYNI G\\u00dcN TABURCU ED\\u0130LD\\u0130. (\\u0130HA\\\/KIR\\u015eEH\\u0130R-\\u0130HA)&quot;,&quot;created_timestamp&quot;:&quot;0&quot;,&quot;copyright&quot;:&quot;\\u0130HLAS HABER AJANSI, www.iha.com.tr&quot;,&quot;focal_length&quot;:&quot;0&quot;,&quot;iso&quot;:&quot;0&quot;,&quot;shutter_speed&quot;:&quot;0&quot;,&quot;title&quot;:&quot;ANKARA\\u0027DAN KIR\\u015eEH\\u0130R\\u0027E GELD\\u0130 ANJ\\u0130YO OLUP TABURCU ED\\u0130LD\\u0130&quot;,&quot;orientation&quot;:&quot;0&quot;}\" data-image-title=\"Ankara\u2019dan K\u0131r\u015fehir\u2019e geldi anjiyo olup taburcu edildi\" data-image-description=\"&lt;p&gt;Ankara\u2019dan K\u0131r\u015fehir\u2019e geldi anjiyo olup taburcu edildi&lt;\/p&gt; \" data-medium-file=\"https:\/\/i0.wp.com\/www.tvturk.com\/wp-content\/uploads\/2019\/02\/ankaradan-kirsehire-geldi-anjiyo-olup-taburcu-edildi_40a8a5b.jpg?fit=300%2C200\" data-large-file=\"https:\/\/i0.wp.com\/www.tvturk.com\/wp-content\/uploads\/2019\/02\/ankaradan-kirsehire-geldi-anjiyo-olup-taburcu-edildi_40a8a5b.jpg?fit=1000%2C666\" src=\"https:\/\/i0.wp.com\/www.tvturk.com\/wp-content\/uploads\/2019\/02\/ankaradan-kirsehire-geldi-anjiyo-olup-taburcu-edildi_40a8a5b.jpg?w=246&#038;h=164\" srcset=\"https:\/\/i0.wp.com\/www.tvturk.com\/wp-content\/uploads\/2019\/02\/ankaradan-kirsehire-geldi-anjiyo-olup-taburcu-edildi_40a8a5b.jpg?w=1000 1000w, https:\/\/i0.wp.com\/www.tvturk.com\/wp-content\/uploads\/2019\/02\/ankaradan-kirsehire-geldi-anjiyo-olup-taburcu-edildi_40a8a5b.jpg?resize=150%2C100 150w, https:\/\/i0.wp.com\/www.tvturk.com\/wp-content\/uploads\/2019\/02\/ankaradan-kirsehire-geldi-anjiyo-olup-taburcu-edildi_40a8a5b.jpg?resize=300%2C200 300w, https:\/\/i0.wp.com\/www.tvturk.com\/wp-content\/uploads\/2019\/02\/ankaradan-kirsehire-geldi-anjiyo-olup-taburcu-edildi_40a8a5b.jpg?resize=768%2C511 768w, https:\/\/i0.wp.com\/www.tvturk.com\/wp-content\/uploads\/2019\/02\/ankaradan-kirsehire-geldi-anjiyo-olup-taburcu-edildi_40a8a5b.jpg?resize=170%2C113 170w, https:\/\/i0.wp.com\/www.tvturk.com\/wp-content\/uploads\/2019\/02\/ankaradan-kirsehire-geldi-anjiyo-olup-taburcu-edildi_40a8a5b.jpg?resize=120%2C80 120w\" width=\"246\" height=\"164\" loading=\"lazy\" data-original-width=\"246\" data-original-height=\"164\" itemprop=\"http:\/\/schema.org\/image\" title=\"Ankara\u2019dan K\u0131r\u015fehir\u2019e geldi anjiyo olup taburcu edildi\" alt=\"Ankara\u2019dan K\u0131r\u015fehir\u2019e geldi anjiyo olup taburcu edildi\" style=\"width: 246px; height: 164px;\" \/> <\/a> <\/div> <\/div> <!-- close group --> <\/div> <!-- close row --> <\/div><\/p>\n","protected":false},"excerpt":{"rendered":"<p>KIR\u015eEH\u0130R&#8217;E ANKARA&#8217;DAN GELEN HASTA G\u00dcN \u0130\u00c7\u0130NDE ANJ\u0130YO OLUP AYNI G\u00dcN TABURCU ED\u0130LD\u0130.<\/p>\n","protected":false},"author":1,"featured_media":39732,"comment_status":"closed","ping_status":"open","sticky":false,"template":"","format":"standard","meta":{"jetpack_post_was_ever_published":false,"_jetpack_newsletter_access":"","_jetpack_dont_email_post_to_subs":false,"_jetpack_newsletter_tier_id":0,"_jetpack_memberships_contains_paywalled_content":false,"_jetpack_memberships_contains_paid_content":false,"footnotes":"","jetpack_publicize_message":"","jetpack_publicize_feature_enabled":true,"jetpack_social_post_already_shared":false,"jetpack_social_options":{"image_generator_settings":{"template":"highway","default_image_id":0,"font":"","enabled":false},"version":2}},"categories":[655],"tags":[9409,8139,14337,857,127,14338,4628],"class_list":["post-39731","post","type-post","status-publish","format-standard","has-post-thumbnail","hentry","category-son-dakika","tag-kirsehire","tag-ankaradan","tag-anjiyo","tag-edildi","tag-geldi","tag-olup","tag-taburcu"],"jetpack_publicize_connections":[],"jetpack_featured_media_url":"https:\/\/i0.wp.com\/www.tvturk.com\/wp-content\/uploads\/2019\/02\/ankaradan-kirsehire-geldi-anjiyo-olup-taburcu-edildi_260d715.jpg?fit=1000%2C666","jetpack_sharing_enabled":true,"jetpack_shortlink":"https:\/\/wp.me\/paKIfm-akP","_links":{"self":[{"href":"http:\/\/www.tvturk.com\/index.php\/wp-json\/wp\/v2\/posts\/39731","targetHints":{"allow":["GET"]}}],"collection":[{"href":"http:\/\/www.tvturk.com\/index.php\/wp-json\/wp\/v2\/posts"}],"about":[{"href":"http:\/\/www.tvturk.com\/index.php\/wp-json\/wp\/v2\/types\/post"}],"author":[{"embeddable":true,"href":"http:\/\/www.tvturk.com\/index.php\/wp-json\/wp\/v2\/users\/1"}],"replies":[{"embeddable":true,"href":"http:\/\/www.tvturk.com\/index.php\/wp-json\/wp\/v2\/comments?post=39731"}],"version-history":[{"count":1,"href":"http:\/\/www.tvturk.com\/index.php\/wp-json\/wp\/v2\/posts\/39731\/revisions"}],"predecessor-version":[{"id":39735,"href":"http:\/\/www.tvturk.com\/index.php\/wp-json\/wp\/v2\/posts\/39731\/revisions\/39735"}],"wp:featuredmedia":[{"embeddable":true,"href":"http:\/\/www.tvturk.com\/index.php\/wp-json\/wp\/v2\/media\/39732"}],"wp:attachment":[{"href":"http:\/\/www.tvturk.com\/index.php\/wp-json\/wp\/v2\/media?parent=39731"}],"wp:term":[{"taxonomy":"category","embeddable":true,"href":"http:\/\/www.tvturk.com\/index.php\/wp-json\/wp\/v2\/categories?post=39731"},{"taxonomy":"post_tag","embeddable":true,"href":"http:\/\/www.tvturk.com\/index.php\/wp-json\/wp\/v2\/tags?post=39731"}],"curies":[{"name":"wp","href":"https:\/\/api.w.org\/{rel}","templated":true}]}}