{"id":39806,"date":"2019-02-16T17:51:20","date_gmt":"2019-02-16T14:51:20","guid":{"rendered":"http:\/\/www.tvturk.com\/index.php\/saglik-bakani-koca-28-subatta-1480-kisinin-atamasi-yapilacak\/"},"modified":"2019-02-16T17:51:24","modified_gmt":"2019-02-16T14:51:24","slug":"saglik-bakani-koca-28-subatta-1480-kisinin-atamasi-yapilacak","status":"publish","type":"post","link":"http:\/\/www.tvturk.com\/index.php\/saglik-bakani-koca-28-subatta-1480-kisinin-atamasi-yapilacak\/","title":{"rendered":"Sa\u011fl\u0131k Bakan\u0131 Koca: &#8220;28 \u015eubat\u2019ta 1480 ki\u015finin atamas\u0131 yap\u0131lacak&#8221;"},"content":{"rendered":"<p>Sa\u011fl\u0131k Bakan\u0131 Fahrettin Koca,28 \u015eubat tarihinde bin 480 sa\u011fl\u0131k \u00e7al\u0131\u015fan\u0131n\u0131n atamas\u0131n\u0131n ger\u00e7ekle\u015ftirilece\u011fini a\u00e7\u0131klad\u0131. Bakan Koca, \u201d28 \u015eubat\u2019ta noter huzurunda \u00e7ekili\u015fi yap\u0131lacak. Burada toplam 1480 ki\u015finin atamas\u0131 yap\u0131lacak\u201d dedi.<\/p>\n<p>A\u011fr\u0131 Valili\u011fi\u2019nde bas\u0131n mensuplar\u0131n sorunu yan\u0131tlayan Sa\u011fl\u0131k Bakan\u0131 Fahrettin Koca, \u201c2019\u2019da pratisyen, aile hekimi, uzman hekim ve uzman di\u015f hekimi olmak \u00fczere 25 bine yak\u0131n personel atamas\u0131n\u0131n yap\u0131laca\u011f\u0131n\u0131 daha \u00f6nce s\u00f6ylemi\u015ftim. 25 bine yak\u0131n stratejik personelin atamas\u0131n\u0131n ilk ad\u0131m\u0131 olarak ilan duyurusu yap\u0131ld\u0131. 28 \u015eubat\u2019ta noter huzurunda \u00e7ekili\u015fi yap\u0131lacak. Burada toplam 1480 ki\u015finin atamas\u0131 yap\u0131lacak. Bunlar\u0131n 647\u2019si pratisyen, 773\u2019\u00fc uzman ve ayr\u0131ca yan dal uzman olarak da 58 ki\u015finin atamas\u0131 28 \u015eubat itibar\u0131yla yap\u0131lacak. Yeni d\u00f6nemde A\u011fr\u0131l\u0131 karde\u015flerimizin sa\u011fl\u0131kla ilgili ihtiya\u00e7lar\u0131n\u0131 m\u00fcmk\u00fcn mertebe A\u011fr\u0131\u2019da \u00e7\u00f6zmeye \u00e7al\u0131\u015fan, di\u011fer illere sevkin giderek azald\u0131\u011f\u0131 bir d\u00f6nem olsun istiyoruz. Bu nedenle d\u0131\u015far\u0131ya g\u00f6nderilen hastalar\u0131n say\u0131s\u0131n\u0131 azaltmak \u00fczere bir gayret i\u00e7erisinde olaca\u011f\u0131z. Ge\u00e7mi\u015fte 618 olan ambulans say\u0131s\u0131n\u0131 4 bin 910\u2019a \u00e7\u0131kard\u0131k. Buna ilave olarak yeni d\u00f6nemde 800 ambulans al\u0131m ihalesi ger\u00e7ekle\u015fti ve al\u0131m\u0131 yap\u0131ld\u0131. A\u011fr\u0131\u2019ya da ilk etap i\u00e7in 10 ara\u00e7 tahsis yap\u0131ld\u0131. Devam\u0131nda da tahsis yapmaya devam edece\u011fiz. Bu d\u00f6nemde bir\u00e7ok aile sa\u011fl\u0131k merkezi ve sa\u011fl\u0131kevi de yat\u0131r\u0131mlar\u0131m\u0131z aras\u0131nda olacak. A\u011fr\u0131\u2019da yer yer hekim sorunu oldu\u011funu biliyoruz ama her ge\u00e7en g\u00fcn bu a\u00e7\u0131\u011f\u0131 kapataca\u011f\u0131z. Bu s\u00fcre\u00e7te 31 olan uzman hekim say\u0131m\u0131z\u0131 2018 itibar\u0131yla 220\u2019ye \u00e7\u0131kard\u0131k. Yeni d\u00f6nemde de 40\u2019a yak\u0131n stratejik hekimi A\u011fr\u0131\u2019ya g\u00f6ndermeyi planlad\u0131k. Pratisyen hekim say\u0131s\u0131 da 97\u2019den 283\u2019e kadar \u00e7\u0131km\u0131\u015f oldu. Personel say\u0131s\u0131n\u0131n eksikli\u011fini yer yer biliyoruz. Bunu da her ge\u00e7en g\u00fcn kapatmay\u0131, eksiklik hissettirmeme noktas\u0131nda gayret i\u00e7inde olabilece\u011fimizi s\u00f6yleyebilirim\u201ddedi.<div class=\"tiled-gallery type-rectangular tiled-gallery-unresized\" data-original-width=\"500\" data-carousel-extra='null' itemscope itemtype=\"http:\/\/schema.org\/ImageGallery\" > <div class=\"gallery-row\" style=\"width: 500px; height: 223px;\" data-original-width=\"500\" data-original-height=\"223\" > <div class=\"gallery-group images-1\" style=\"width: 334px; height: 223px;\" data-original-width=\"334\" data-original-height=\"223\" > <div class=\"tiled-gallery-item tiled-gallery-item-large\" itemprop=\"associatedMedia\" itemscope itemtype=\"http:\/\/schema.org\/ImageObject\"> <a href=\"http:\/\/www.tvturk.com\/index.php\/saglik-bakani-koca-28-subatta-1480-kisinin-atamasi-yapilacak\/saglik-bakani-koca-28-subatta-1480-kisinin-atamasi-yapilacak-3\/\" border=\"0\" itemprop=\"url\"> <meta itemprop=\"width\" content=\"330\"> <meta itemprop=\"height\" content=\"219\"> <img decoding=\"async\" class=\"\" data-attachment-id=\"39808\" data-orig-file=\"http:\/\/www.tvturk.com\/wp-content\/uploads\/2019\/02\/saglik-bakani-koca-28-subatta-1480-kisinin-atamasi-yapilacak_9e83085.jpg\" data-orig-size=\"1000,664\" data-comments-opened=\"\" data-image-meta=\"{&quot;aperture&quot;:&quot;0&quot;,&quot;credit&quot;:&quot;IHA&quot;,&quot;camera&quot;:&quot;&quot;,&quot;caption&quot;:&quot;SA\\u011eLIK BAKANI KOCA:\\u201d 28 \\u015eUBAT\\u0027TA 1480 K\\u0130\\u015e\\u0130N\\u0130N ATAMASI YAPILACAK\\u201d (\\u0130HA\\\/A\\u011eRI-\\u0130HA)&quot;,&quot;created_timestamp&quot;:&quot;0&quot;,&quot;copyright&quot;:&quot;\\u0130HLAS HABER AJANSI, www.iha.com.tr&quot;,&quot;focal_length&quot;:&quot;0&quot;,&quot;iso&quot;:&quot;0&quot;,&quot;shutter_speed&quot;:&quot;0&quot;,&quot;title&quot;:&quot;SA\\u011eLIK BAKANI KOCA: \\u002228 \\u015eUBAT\\u0027TA 1480 K\\u0130\\u015e\\u0130N\\u0130N ATAMASI YAPILACAK\\u0022&quot;,&quot;orientation&quot;:&quot;0&quot;}\" data-image-title=\"Sa\u011fl\u0131k Bakan\u0131 Koca: &amp;#8220;28 \u015eubat\u2019ta 1480 ki\u015finin atamas\u0131 yap\u0131lacak&amp;#8221;\" data-image-description=\"&lt;p&gt;Sa\u011fl\u0131k Bakan\u0131 Koca: &amp;#8220;28 \u015eubat\u2019ta 1480 ki\u015finin atamas\u0131 yap\u0131lacak&amp;#8221;&lt;\/p&gt; \" data-medium-file=\"https:\/\/i0.wp.com\/www.tvturk.com\/wp-content\/uploads\/2019\/02\/saglik-bakani-koca-28-subatta-1480-kisinin-atamasi-yapilacak_9e83085.jpg?fit=300%2C199\" data-large-file=\"https:\/\/i0.wp.com\/www.tvturk.com\/wp-content\/uploads\/2019\/02\/saglik-bakani-koca-28-subatta-1480-kisinin-atamasi-yapilacak_9e83085.jpg?fit=1000%2C664\" src=\"https:\/\/i0.wp.com\/www.tvturk.com\/wp-content\/uploads\/2019\/02\/saglik-bakani-koca-28-subatta-1480-kisinin-atamasi-yapilacak_9e83085.jpg?w=330&#038;h=219\" srcset=\"https:\/\/i0.wp.com\/www.tvturk.com\/wp-content\/uploads\/2019\/02\/saglik-bakani-koca-28-subatta-1480-kisinin-atamasi-yapilacak_9e83085.jpg?w=1000 1000w, https:\/\/i0.wp.com\/www.tvturk.com\/wp-content\/uploads\/2019\/02\/saglik-bakani-koca-28-subatta-1480-kisinin-atamasi-yapilacak_9e83085.jpg?resize=150%2C100 150w, https:\/\/i0.wp.com\/www.tvturk.com\/wp-content\/uploads\/2019\/02\/saglik-bakani-koca-28-subatta-1480-kisinin-atamasi-yapilacak_9e83085.jpg?resize=300%2C200 300w, https:\/\/i0.wp.com\/www.tvturk.com\/wp-content\/uploads\/2019\/02\/saglik-bakani-koca-28-subatta-1480-kisinin-atamasi-yapilacak_9e83085.jpg?resize=768%2C510 768w, https:\/\/i0.wp.com\/www.tvturk.com\/wp-content\/uploads\/2019\/02\/saglik-bakani-koca-28-subatta-1480-kisinin-atamasi-yapilacak_9e83085.jpg?resize=170%2C113 170w, https:\/\/i0.wp.com\/www.tvturk.com\/wp-content\/uploads\/2019\/02\/saglik-bakani-koca-28-subatta-1480-kisinin-atamasi-yapilacak_9e83085.jpg?resize=120%2C80 120w\" width=\"330\" height=\"219\" loading=\"lazy\" data-original-width=\"330\" data-original-height=\"219\" itemprop=\"http:\/\/schema.org\/image\" title=\"Sa\u011fl\u0131k Bakan\u0131 Koca: &quot;28 \u015eubat\u2019ta 1480 ki\u015finin atamas\u0131 yap\u0131lacak&quot;\" alt=\"Sa\u011fl\u0131k Bakan\u0131 Koca: &quot;28 \u015eubat\u2019ta 1480 ki\u015finin atamas\u0131 yap\u0131lacak&quot;\" style=\"width: 330px; height: 219px;\" \/> <\/a> <\/div> <\/div> <!-- close group --> <div class=\"gallery-group images-2\" style=\"width: 166px; height: 223px;\" data-original-width=\"166\" data-original-height=\"223\" > <div class=\"tiled-gallery-item tiled-gallery-item-small\" itemprop=\"associatedMedia\" itemscope itemtype=\"http:\/\/schema.org\/ImageObject\"> <a href=\"http:\/\/www.tvturk.com\/index.php\/saglik-bakani-koca-28-subatta-1480-kisinin-atamasi-yapilacak\/saglik-bakani-koca-28-subatta-1480-kisinin-atamasi-yapilacak-4\/\" border=\"0\" itemprop=\"url\"> <meta itemprop=\"width\" content=\"162\"> <meta itemprop=\"height\" content=\"108\"> <img decoding=\"async\" class=\"\" data-attachment-id=\"39809\" data-orig-file=\"http:\/\/www.tvturk.com\/wp-content\/uploads\/2019\/02\/saglik-bakani-koca-28-subatta-1480-kisinin-atamasi-yapilacak_e53cf02.jpg\" data-orig-size=\"1000,664\" data-comments-opened=\"\" data-image-meta=\"{&quot;aperture&quot;:&quot;0&quot;,&quot;credit&quot;:&quot;IHA&quot;,&quot;camera&quot;:&quot;&quot;,&quot;caption&quot;:&quot;SA\\u011eLIK BAKANI KOCA:\\u201d 28 \\u015eUBAT\\u0027TA 1480 K\\u0130\\u015e\\u0130N\\u0130N ATAMASI YAPILACAK\\u201d (\\u0130HA\\\/A\\u011eRI-\\u0130HA)&quot;,&quot;created_timestamp&quot;:&quot;0&quot;,&quot;copyright&quot;:&quot;\\u0130HLAS HABER AJANSI, www.iha.com.tr&quot;,&quot;focal_length&quot;:&quot;0&quot;,&quot;iso&quot;:&quot;0&quot;,&quot;shutter_speed&quot;:&quot;0&quot;,&quot;title&quot;:&quot;SA\\u011eLIK BAKANI KOCA: \\u002228 \\u015eUBAT\\u0027TA 1480 K\\u0130\\u015e\\u0130N\\u0130N ATAMASI YAPILACAK\\u0022&quot;,&quot;orientation&quot;:&quot;0&quot;}\" data-image-title=\"Sa\u011fl\u0131k Bakan\u0131 Koca: &amp;#8220;28 \u015eubat\u2019ta 1480 ki\u015finin atamas\u0131 yap\u0131lacak&amp;#8221;\" data-image-description=\"&lt;p&gt;Sa\u011fl\u0131k Bakan\u0131 Koca: &amp;#8220;28 \u015eubat\u2019ta 1480 ki\u015finin atamas\u0131 yap\u0131lacak&amp;#8221;&lt;\/p&gt; \" data-medium-file=\"https:\/\/i0.wp.com\/www.tvturk.com\/wp-content\/uploads\/2019\/02\/saglik-bakani-koca-28-subatta-1480-kisinin-atamasi-yapilacak_e53cf02.jpg?fit=300%2C199\" data-large-file=\"https:\/\/i0.wp.com\/www.tvturk.com\/wp-content\/uploads\/2019\/02\/saglik-bakani-koca-28-subatta-1480-kisinin-atamasi-yapilacak_e53cf02.jpg?fit=1000%2C664\" src=\"https:\/\/i0.wp.com\/www.tvturk.com\/wp-content\/uploads\/2019\/02\/saglik-bakani-koca-28-subatta-1480-kisinin-atamasi-yapilacak_e53cf02.jpg?w=162&#038;h=108\" srcset=\"https:\/\/i0.wp.com\/www.tvturk.com\/wp-content\/uploads\/2019\/02\/saglik-bakani-koca-28-subatta-1480-kisinin-atamasi-yapilacak_e53cf02.jpg?w=1000 1000w, https:\/\/i0.wp.com\/www.tvturk.com\/wp-content\/uploads\/2019\/02\/saglik-bakani-koca-28-subatta-1480-kisinin-atamasi-yapilacak_e53cf02.jpg?resize=150%2C100 150w, https:\/\/i0.wp.com\/www.tvturk.com\/wp-content\/uploads\/2019\/02\/saglik-bakani-koca-28-subatta-1480-kisinin-atamasi-yapilacak_e53cf02.jpg?resize=300%2C200 300w, https:\/\/i0.wp.com\/www.tvturk.com\/wp-content\/uploads\/2019\/02\/saglik-bakani-koca-28-subatta-1480-kisinin-atamasi-yapilacak_e53cf02.jpg?resize=768%2C510 768w, https:\/\/i0.wp.com\/www.tvturk.com\/wp-content\/uploads\/2019\/02\/saglik-bakani-koca-28-subatta-1480-kisinin-atamasi-yapilacak_e53cf02.jpg?resize=170%2C113 170w, https:\/\/i0.wp.com\/www.tvturk.com\/wp-content\/uploads\/2019\/02\/saglik-bakani-koca-28-subatta-1480-kisinin-atamasi-yapilacak_e53cf02.jpg?resize=120%2C80 120w\" width=\"162\" height=\"108\" loading=\"lazy\" data-original-width=\"162\" data-original-height=\"108\" itemprop=\"http:\/\/schema.org\/image\" title=\"Sa\u011fl\u0131k Bakan\u0131 Koca: &quot;28 \u015eubat\u2019ta 1480 ki\u015finin atamas\u0131 yap\u0131lacak&quot;\" alt=\"Sa\u011fl\u0131k Bakan\u0131 Koca: &quot;28 \u015eubat\u2019ta 1480 ki\u015finin atamas\u0131 yap\u0131lacak&quot;\" style=\"width: 162px; height: 108px;\" \/> <\/a> <\/div> <div class=\"tiled-gallery-item tiled-gallery-item-small\" itemprop=\"associatedMedia\" itemscope itemtype=\"http:\/\/schema.org\/ImageObject\"> <a href=\"http:\/\/www.tvturk.com\/index.php\/saglik-bakani-koca-28-subatta-1480-kisinin-atamasi-yapilacak\/saglik-bakani-koca-28-subatta-1480-kisinin-atamasi-yapilacak-5\/\" border=\"0\" itemprop=\"url\"> <meta itemprop=\"width\" content=\"162\"> <meta itemprop=\"height\" content=\"107\"> <img decoding=\"async\" class=\"\" data-attachment-id=\"39810\" data-orig-file=\"http:\/\/www.tvturk.com\/wp-content\/uploads\/2019\/02\/saglik-bakani-koca-28-subatta-1480-kisinin-atamasi-yapilacak_af6add9.jpg\" data-orig-size=\"1000,664\" data-comments-opened=\"\" data-image-meta=\"{&quot;aperture&quot;:&quot;0&quot;,&quot;credit&quot;:&quot;IHA&quot;,&quot;camera&quot;:&quot;&quot;,&quot;caption&quot;:&quot;SA\\u011eLIK BAKANI KOCA:\\u201d 28 \\u015eUBAT\\u0027TA 1480 K\\u0130\\u015e\\u0130N\\u0130N ATAMASI YAPILACAK\\u201d (\\u0130HA\\\/A\\u011eRI-\\u0130HA)&quot;,&quot;created_timestamp&quot;:&quot;0&quot;,&quot;copyright&quot;:&quot;\\u0130HLAS HABER AJANSI, www.iha.com.tr&quot;,&quot;focal_length&quot;:&quot;0&quot;,&quot;iso&quot;:&quot;0&quot;,&quot;shutter_speed&quot;:&quot;0&quot;,&quot;title&quot;:&quot;SA\\u011eLIK BAKANI KOCA: \\u002228 \\u015eUBAT\\u0027TA 1480 K\\u0130\\u015e\\u0130N\\u0130N ATAMASI YAPILACAK\\u0022&quot;,&quot;orientation&quot;:&quot;0&quot;}\" data-image-title=\"Sa\u011fl\u0131k Bakan\u0131 Koca: &amp;#8220;28 \u015eubat\u2019ta 1480 ki\u015finin atamas\u0131 yap\u0131lacak&amp;#8221;\" data-image-description=\"&lt;p&gt;Sa\u011fl\u0131k Bakan\u0131 Koca: &amp;#8220;28 \u015eubat\u2019ta 1480 ki\u015finin atamas\u0131 yap\u0131lacak&amp;#8221;&lt;\/p&gt; \" data-medium-file=\"https:\/\/i0.wp.com\/www.tvturk.com\/wp-content\/uploads\/2019\/02\/saglik-bakani-koca-28-subatta-1480-kisinin-atamasi-yapilacak_af6add9.jpg?fit=300%2C199\" data-large-file=\"https:\/\/i0.wp.com\/www.tvturk.com\/wp-content\/uploads\/2019\/02\/saglik-bakani-koca-28-subatta-1480-kisinin-atamasi-yapilacak_af6add9.jpg?fit=1000%2C664\" src=\"https:\/\/i0.wp.com\/www.tvturk.com\/wp-content\/uploads\/2019\/02\/saglik-bakani-koca-28-subatta-1480-kisinin-atamasi-yapilacak_af6add9.jpg?w=162&#038;h=107\" srcset=\"https:\/\/i0.wp.com\/www.tvturk.com\/wp-content\/uploads\/2019\/02\/saglik-bakani-koca-28-subatta-1480-kisinin-atamasi-yapilacak_af6add9.jpg?w=1000 1000w, https:\/\/i0.wp.com\/www.tvturk.com\/wp-content\/uploads\/2019\/02\/saglik-bakani-koca-28-subatta-1480-kisinin-atamasi-yapilacak_af6add9.jpg?resize=150%2C100 150w, https:\/\/i0.wp.com\/www.tvturk.com\/wp-content\/uploads\/2019\/02\/saglik-bakani-koca-28-subatta-1480-kisinin-atamasi-yapilacak_af6add9.jpg?resize=300%2C200 300w, https:\/\/i0.wp.com\/www.tvturk.com\/wp-content\/uploads\/2019\/02\/saglik-bakani-koca-28-subatta-1480-kisinin-atamasi-yapilacak_af6add9.jpg?resize=768%2C510 768w, https:\/\/i0.wp.com\/www.tvturk.com\/wp-content\/uploads\/2019\/02\/saglik-bakani-koca-28-subatta-1480-kisinin-atamasi-yapilacak_af6add9.jpg?resize=170%2C113 170w, https:\/\/i0.wp.com\/www.tvturk.com\/wp-content\/uploads\/2019\/02\/saglik-bakani-koca-28-subatta-1480-kisinin-atamasi-yapilacak_af6add9.jpg?resize=120%2C80 120w\" width=\"162\" height=\"107\" loading=\"lazy\" data-original-width=\"162\" data-original-height=\"107\" itemprop=\"http:\/\/schema.org\/image\" title=\"Sa\u011fl\u0131k Bakan\u0131 Koca: &quot;28 \u015eubat\u2019ta 1480 ki\u015finin atamas\u0131 yap\u0131lacak&quot;\" alt=\"Sa\u011fl\u0131k Bakan\u0131 Koca: &quot;28 \u015eubat\u2019ta 1480 ki\u015finin atamas\u0131 yap\u0131lacak&quot;\" style=\"width: 162px; height: 107px;\" \/> <\/a> <\/div> <\/div> <!-- close group --> <\/div> <!-- close row --> <\/div><\/p>\n","protected":false},"excerpt":{"rendered":"<p>SA\u011eLIK BAKANI KOCA:\u201d 28 \u015eUBAT&#8217;TA 1480 K\u0130\u015e\u0130N\u0130N ATAMASI YAPILACAK\u201d<\/p>\n","protected":false},"author":1,"featured_media":39807,"comment_status":"closed","ping_status":"open","sticky":false,"template":"","format":"standard","meta":{"jetpack_post_was_ever_published":false,"_jetpack_newsletter_access":"","_jetpack_dont_email_post_to_subs":false,"_jetpack_newsletter_tier_id":0,"_jetpack_memberships_contains_paywalled_content":false,"_jetpack_memberships_contains_paid_content":false,"footnotes":"","jetpack_publicize_message":"","jetpack_publicize_feature_enabled":true,"jetpack_social_post_already_shared":false,"jetpack_social_options":{"image_generator_settings":{"template":"highway","default_image_id":0,"font":"","enabled":false},"version":2}},"categories":[9],"tags":[1145,14351,5809,933,6893,2154,734,1111,158],"class_list":["post-39806","post","type-post","status-publish","format-standard","has-post-thumbnail","hentry","category-siyaset","tag-1145","tag-14351","tag-atamasi","tag-bakani","tag-kisinin","tag-koca","tag-saglik","tag-subatta","tag-yapilacak"],"jetpack_publicize_connections":[],"jetpack_featured_media_url":"https:\/\/i0.wp.com\/www.tvturk.com\/wp-content\/uploads\/2019\/02\/saglik-bakani-koca-28-subatta-1480-kisinin-atamasi-yapilacak_1270668.jpg?fit=1000%2C664","jetpack_sharing_enabled":true,"jetpack_shortlink":"https:\/\/wp.me\/paKIfm-am2","_links":{"self":[{"href":"http:\/\/www.tvturk.com\/index.php\/wp-json\/wp\/v2\/posts\/39806","targetHints":{"allow":["GET"]}}],"collection":[{"href":"http:\/\/www.tvturk.com\/index.php\/wp-json\/wp\/v2\/posts"}],"about":[{"href":"http:\/\/www.tvturk.com\/index.php\/wp-json\/wp\/v2\/types\/post"}],"author":[{"embeddable":true,"href":"http:\/\/www.tvturk.com\/index.php\/wp-json\/wp\/v2\/users\/1"}],"replies":[{"embeddable":true,"href":"http:\/\/www.tvturk.com\/index.php\/wp-json\/wp\/v2\/comments?post=39806"}],"version-history":[{"count":1,"href":"http:\/\/www.tvturk.com\/index.php\/wp-json\/wp\/v2\/posts\/39806\/revisions"}],"predecessor-version":[{"id":39811,"href":"http:\/\/www.tvturk.com\/index.php\/wp-json\/wp\/v2\/posts\/39806\/revisions\/39811"}],"wp:featuredmedia":[{"embeddable":true,"href":"http:\/\/www.tvturk.com\/index.php\/wp-json\/wp\/v2\/media\/39807"}],"wp:attachment":[{"href":"http:\/\/www.tvturk.com\/index.php\/wp-json\/wp\/v2\/media?parent=39806"}],"wp:term":[{"taxonomy":"category","embeddable":true,"href":"http:\/\/www.tvturk.com\/index.php\/wp-json\/wp\/v2\/categories?post=39806"},{"taxonomy":"post_tag","embeddable":true,"href":"http:\/\/www.tvturk.com\/index.php\/wp-json\/wp\/v2\/tags?post=39806"}],"curies":[{"name":"wp","href":"https:\/\/api.w.org\/{rel}","templated":true}]}}