{"id":40140,"date":"2019-02-16T20:20:58","date_gmt":"2019-02-16T17:20:58","guid":{"rendered":"http:\/\/www.tvturk.com\/index.php\/baz-istasyonu-kulesinden-dusen-tekniker-agir-yaralandi\/"},"modified":"2019-02-16T20:20:59","modified_gmt":"2019-02-16T17:20:59","slug":"baz-istasyonu-kulesinden-dusen-tekniker-agir-yaralandi","status":"publish","type":"post","link":"http:\/\/www.tvturk.com\/index.php\/baz-istasyonu-kulesinden-dusen-tekniker-agir-yaralandi\/","title":{"rendered":"Baz istasyonu kulesinden d\u00fc\u015fen tekniker a\u011f\u0131r yaraland\u0131"},"content":{"rendered":"<p>Sivas\u2019\u0131n Hafik il\u00e7esinde onar\u0131m i\u00e7in \u00e7\u0131kt\u0131\u011f\u0131 baz istasyonunun kulesinden d\u00fc\u015fen tekniker a\u011f\u0131r yaraland\u0131.<\/p>\n<p>Olay saat 15.30 s\u0131ralar\u0131nda Sivas ile Tokat s\u0131n\u0131r\u0131nda bulunan Hafik il\u00e7esine 50 kilometre uzakl\u0131kta bulunan Adaml\u0131 k\u00f6y\u00fcnde meydana geldi. Edinilen bilgiye g\u00f6re, bir GSM firmas\u0131nda tekniker olarak \u00e7al\u0131\u015fan Abubekir K. (37) onar\u0131m i\u00e7in \u00e7\u0131kt\u0131\u011f\u0131 GSM baz istasyonu kulesinden dengesini kaybederek d\u00fc\u015ft\u00fc. Arkada\u015flar\u0131n\u0131n ihbar\u0131 \u00fczerine a\u011f\u0131r yaralanan tekniker i\u00e7in Sivas\u2019tan ambulans helikopter havaland\u0131. Ancak helikopter hava muhalefeti nedeniyle kazan\u0131n ya\u015fand\u0131\u011f\u0131 b\u00f6lgeye ini\u015f yapamad\u0131. Daha sonra kara ambulans\u0131 istendi. Olay yerine ula\u015fan sa\u011fl\u0131k ekipleri yaralanan teknikeri ambulansla Hafik Esma Kocac\u0131k Devlet Hastanesine kald\u0131rd\u0131. Burada yap\u0131lan ilk m\u00fcdahalesinin ard\u0131ndan Abubekir K. Cumhuriyet \u00dcniversitesi T\u0131p Fak\u00fcltesi Ara\u015ft\u0131rma ve Uygulama hastanesine sevk edilerek tedavi alt\u0131na al\u0131nd\u0131. Yaral\u0131n\u0131n v\u00fccudunda k\u0131r\u0131klar oldu\u011fu \u00f6\u011frenildi.<\/p>\n<p>Olayla ilgili inceleme ba\u015flat\u0131ld\u0131.<div class=\"tiled-gallery type-rectangular tiled-gallery-unresized\" data-original-width=\"500\" data-carousel-extra='null' itemscope itemtype=\"http:\/\/schema.org\/ImageGallery\" > <div class=\"gallery-row\" style=\"width: 500px; height: 328px;\" data-original-width=\"500\" data-original-height=\"328\" > <div class=\"gallery-group images-1\" style=\"width: 500px; height: 328px;\" data-original-width=\"500\" data-original-height=\"328\" > <div class=\"tiled-gallery-item tiled-gallery-item-large\" itemprop=\"associatedMedia\" itemscope itemtype=\"http:\/\/schema.org\/ImageObject\"> <a href=\"http:\/\/www.tvturk.com\/index.php\/baz-istasyonu-kulesinden-dusen-tekniker-agir-yaralandi\/baz-istasyonu-kulesinden-dusen-tekniker-agir-yaralandi-3\/\" border=\"0\" itemprop=\"url\"> <meta itemprop=\"width\" content=\"496\"> <meta itemprop=\"height\" content=\"324\"> <img decoding=\"async\" class=\"\" data-attachment-id=\"40142\" data-orig-file=\"http:\/\/www.tvturk.com\/wp-content\/uploads\/2019\/02\/baz-istasyonu-kulesinden-dusen-tekniker-agir-yaralandi_90b4568.jpg\" data-orig-size=\"1000,653\" data-comments-opened=\"\" data-image-meta=\"{&quot;aperture&quot;:&quot;0&quot;,&quot;credit&quot;:&quot;IHA&quot;,&quot;camera&quot;:&quot;&quot;,&quot;caption&quot;:&quot;S\\u0130VAS\\u0027IN HAF\\u0130K \\u0130L\\u00c7ES\\u0130NDE ONARIM \\u0130\\u00c7\\u0130N \\u00c7IKTI\\u011eI BAZ \\u0130STASYONUNUN KULES\\u0130NDEN D\\u00dc\\u015eEN TEKN\\u0130KER A\\u011eIR YARALANDI. (U\\u011eUR Y\\u0130\\u011e\\u0130T\\\/S\\u0130VAS-\\u0130HA)&quot;,&quot;created_timestamp&quot;:&quot;0&quot;,&quot;copyright&quot;:&quot;\\u0130HLAS HABER AJANSI, www.iha.com.tr&quot;,&quot;focal_length&quot;:&quot;0&quot;,&quot;iso&quot;:&quot;0&quot;,&quot;shutter_speed&quot;:&quot;0&quot;,&quot;title&quot;:&quot;BAZ \\u0130STASYONU KULES\\u0130NDEN D\\u00dc\\u015eEN TEKN\\u0130KER A\\u011eIR YARALANDI&quot;,&quot;orientation&quot;:&quot;0&quot;}\" data-image-title=\"Baz istasyonu kulesinden d\u00fc\u015fen tekniker a\u011f\u0131r yaraland\u0131\" data-image-description=\"&lt;p&gt;Baz istasyonu kulesinden d\u00fc\u015fen tekniker a\u011f\u0131r yaraland\u0131&lt;\/p&gt; \" data-medium-file=\"https:\/\/i0.wp.com\/www.tvturk.com\/wp-content\/uploads\/2019\/02\/baz-istasyonu-kulesinden-dusen-tekniker-agir-yaralandi_90b4568.jpg?fit=300%2C196\" data-large-file=\"https:\/\/i0.wp.com\/www.tvturk.com\/wp-content\/uploads\/2019\/02\/baz-istasyonu-kulesinden-dusen-tekniker-agir-yaralandi_90b4568.jpg?fit=1000%2C653\" src=\"https:\/\/i0.wp.com\/www.tvturk.com\/wp-content\/uploads\/2019\/02\/baz-istasyonu-kulesinden-dusen-tekniker-agir-yaralandi_90b4568.jpg?w=496&#038;h=324\" srcset=\"https:\/\/i0.wp.com\/www.tvturk.com\/wp-content\/uploads\/2019\/02\/baz-istasyonu-kulesinden-dusen-tekniker-agir-yaralandi_90b4568.jpg?w=1000 1000w, https:\/\/i0.wp.com\/www.tvturk.com\/wp-content\/uploads\/2019\/02\/baz-istasyonu-kulesinden-dusen-tekniker-agir-yaralandi_90b4568.jpg?resize=150%2C98 150w, https:\/\/i0.wp.com\/www.tvturk.com\/wp-content\/uploads\/2019\/02\/baz-istasyonu-kulesinden-dusen-tekniker-agir-yaralandi_90b4568.jpg?resize=300%2C196 300w, https:\/\/i0.wp.com\/www.tvturk.com\/wp-content\/uploads\/2019\/02\/baz-istasyonu-kulesinden-dusen-tekniker-agir-yaralandi_90b4568.jpg?resize=768%2C502 768w\" width=\"496\" height=\"324\" loading=\"lazy\" data-original-width=\"496\" data-original-height=\"324\" itemprop=\"http:\/\/schema.org\/image\" title=\"Baz istasyonu kulesinden d\u00fc\u015fen tekniker a\u011f\u0131r yaraland\u0131\" alt=\"Baz istasyonu kulesinden d\u00fc\u015fen tekniker a\u011f\u0131r yaraland\u0131\" style=\"width: 496px; height: 324px;\" \/> <\/a> <\/div> <\/div> <!-- close group --> <\/div> <!-- close row --> <\/div><\/p>\n","protected":false},"excerpt":{"rendered":"<p>S\u0130VAS&#8217;IN HAF\u0130K \u0130L\u00c7ES\u0130NDE ONARIM \u0130\u00c7\u0130N \u00c7IKTI\u011eI BAZ \u0130STASYONUNUN KULES\u0130NDEN D\u00dc\u015eEN TEKN\u0130KER A\u011eIR YARALANDI.<\/p>\n","protected":false},"author":1,"featured_media":40141,"comment_status":"closed","ping_status":"open","sticky":false,"template":"","format":"standard","meta":{"jetpack_post_was_ever_published":false,"_jetpack_newsletter_access":"","_jetpack_dont_email_post_to_subs":false,"_jetpack_newsletter_tier_id":0,"_jetpack_memberships_contains_paywalled_content":false,"_jetpack_memberships_contains_paid_content":false,"footnotes":"","jetpack_publicize_message":"","jetpack_publicize_feature_enabled":true,"jetpack_social_post_already_shared":false,"jetpack_social_options":{"image_generator_settings":{"template":"highway","default_image_id":0,"font":"","enabled":false},"version":2}},"categories":[655],"tags":[1001,14419,762,9498,14420,14421,6701],"class_list":["post-40140","post","type-post","status-publish","format-standard","has-post-thumbnail","hentry","category-son-dakika","tag-agir","tag-baz","tag-dusen","tag-istasyonu","tag-kulesinden","tag-tekniker","tag-yaralandi"],"jetpack_publicize_connections":[],"jetpack_featured_media_url":"https:\/\/i0.wp.com\/www.tvturk.com\/wp-content\/uploads\/2019\/02\/baz-istasyonu-kulesinden-dusen-tekniker-agir-yaralandi_aedab9b.jpg?fit=1000%2C674","jetpack_sharing_enabled":true,"jetpack_shortlink":"https:\/\/wp.me\/paKIfm-arq","_links":{"self":[{"href":"http:\/\/www.tvturk.com\/index.php\/wp-json\/wp\/v2\/posts\/40140","targetHints":{"allow":["GET"]}}],"collection":[{"href":"http:\/\/www.tvturk.com\/index.php\/wp-json\/wp\/v2\/posts"}],"about":[{"href":"http:\/\/www.tvturk.com\/index.php\/wp-json\/wp\/v2\/types\/post"}],"author":[{"embeddable":true,"href":"http:\/\/www.tvturk.com\/index.php\/wp-json\/wp\/v2\/users\/1"}],"replies":[{"embeddable":true,"href":"http:\/\/www.tvturk.com\/index.php\/wp-json\/wp\/v2\/comments?post=40140"}],"version-history":[{"count":1,"href":"http:\/\/www.tvturk.com\/index.php\/wp-json\/wp\/v2\/posts\/40140\/revisions"}],"predecessor-version":[{"id":40143,"href":"http:\/\/www.tvturk.com\/index.php\/wp-json\/wp\/v2\/posts\/40140\/revisions\/40143"}],"wp:featuredmedia":[{"embeddable":true,"href":"http:\/\/www.tvturk.com\/index.php\/wp-json\/wp\/v2\/media\/40141"}],"wp:attachment":[{"href":"http:\/\/www.tvturk.com\/index.php\/wp-json\/wp\/v2\/media?parent=40140"}],"wp:term":[{"taxonomy":"category","embeddable":true,"href":"http:\/\/www.tvturk.com\/index.php\/wp-json\/wp\/v2\/categories?post=40140"},{"taxonomy":"post_tag","embeddable":true,"href":"http:\/\/www.tvturk.com\/index.php\/wp-json\/wp\/v2\/tags?post=40140"}],"curies":[{"name":"wp","href":"https:\/\/api.w.org\/{rel}","templated":true}]}}