{"id":40754,"date":"2019-02-17T10:20:54","date_gmt":"2019-02-17T07:20:54","guid":{"rendered":"http:\/\/www.tvturk.com\/index.php\/vanda-turkiye-guven-huzur-uygulamasi\/"},"modified":"2019-02-17T10:20:58","modified_gmt":"2019-02-17T07:20:58","slug":"vanda-turkiye-guven-huzur-uygulamasi","status":"publish","type":"post","link":"http:\/\/www.tvturk.com\/index.php\/vanda-turkiye-guven-huzur-uygulamasi\/","title":{"rendered":"Van\u2019da \u2018T\u00fcrkiye G\u00fcven Huzur\u2019 uygulamas\u0131"},"content":{"rendered":"<p>Van Emniyet M\u00fcd\u00fcrl\u00fc\u011f\u00fc taraf\u0131ndan 109 ekiple yap\u0131lan \u2018T\u00fcrkiye G\u00fcven Huzur\u2019 uygulamas\u0131nda 2 bin 284 ki\u015fi sorgulan\u0131rken; 5 i\u015f yerine, 8 araca ve 5 aranan \u015fahsa i\u015flem yap\u0131ld\u0131.<\/p>\n<p>Van Emniyet M\u00fcd\u00fcrl\u00fc\u011f\u00fcnden yap\u0131lan a\u00e7\u0131klamada, genel asayi\u015fin ve kamu d\u00fczeninin sa\u011flanmas\u0131 ve ter\u00f6r \u00f6rg\u00fctlerinin muhtemel eylemlerinin engellenmesi amac\u0131yla T\u00fcrkiye genelinde, kamu kurum ve kurulu\u015flar\u0131, stratejik \u00f6neme haiz b\u00f6lgeler ile \u00f6zellikle vatanda\u015flar\u0131m\u0131z\u0131n yo\u011fun olarak bulunduklar\u0131 yerlerde (toplu ta\u015f\u0131ma ara\u00e7lar\u0131, duraklar, otogarlar, tren garlar\u0131, havaalanlar\u0131, deniz ula\u015f\u0131m\u0131, meydanlar, al\u0131\u015f veri\u015f merkezleri, park ve bah\u00e7eler vb.) huzur ve g\u00fcven ortam\u0131n\u0131n devam\u0131n\u0131n sa\u011flanmas\u0131 amac\u0131yla su\u00e7 i\u015fleme amac\u0131ndakilerin cayd\u0131r\u0131lmas\u0131, aranan \u015fah\u0131slar\u0131n yakalanmas\u0131, varsa su\u00e7 delillerinin ele ge\u00e7irilmesi i\u00e7in 16 \u015eubat 2019 g\u00fcn\u00fc 13.00-16.00 saatleri aras\u0131nda vatanda\u015flar\u0131n yo\u011fun olarak bulundu\u011fu al\u0131\u015fveri\u015f merkezleri (AVM) i\u00e7lerinde, e\u011flence ve etkinlik yap\u0131lan meydanlarda, fuar ve kutlama alanlar\u0131nda, metruk binalar, kamu binalar\u0131n\u0131n \u00e7evreleri, toplu ta\u015f\u0131ma yap\u0131lan gar\/istasyon, iskele\/liman, otogar\/terminal giri\u015fleri ile park ve bah\u00e7elerde, 20.00-23.00 saatleri aras\u0131nda \u00f6zellikle vatanda\u015flar\u0131m\u0131z\u0131n yo\u011funlukla bulunduklar\u0131 umuma a\u00e7\u0131k e\u011flence mekanlar\u0131 ve \u00e7evrelerinde \u201cT\u00fcrkiye G\u00fcven Huzur Uygulamas\u0131\u201d ger\u00e7ekle\u015ftirildi\u011fi belirtildi. A\u00e7\u0131klamada, \u201cMevcut huzur ve g\u00fcven ortam\u0131n\u0131n devam\u0131n\u0131n sa\u011flanmas\u0131, su\u00e7 i\u015fleme amac\u0131ndakilerin cayd\u0131r\u0131lmas\u0131, aranan \u015fah\u0131s ve ara\u00e7lar\u0131n yakalanmas\u0131 i\u00e7in ger\u00e7ekle\u015ftirilen uygulamaya Asayi\u015f, Ter\u00f6r, \u00c7evik Kuvvet, Ka\u00e7ak\u00e7\u0131l\u0131k ve Organize Su\u00e7larla M\u00fccadele, \u00d6zel Harek\u00e2t, Trafik, Narkotik Su\u00e7larla M\u00fccadele ve Havac\u0131l\u0131k \u015fubeleri ba\u015fta olmak \u00fczere di\u011fer birimlerimizden de personel takviyesi ile toplam 440 personel, 109 ekip, 1 helikopter, 1 dedekt\u00f6r polis k\u00f6pe\u011fi kat\u0131lm\u0131\u015ft\u0131r. Uygulama neticesinde; 38 umuma a\u00e7\u0131k i\u015f yeri, 188 ara\u00e7 \u00fczerinde yap\u0131lan uygulamada; 2 bin 284 ki\u015fi sorgulanm\u0131\u015f, 5 i\u015f yerine, 8 araca ve 5 aranan \u015fahsa i\u015flem yap\u0131lm\u0131\u015ft\u0131r. Mevcut huzur ve g\u00fcven ortam\u0131n\u0131n devam\u0131n\u0131n sa\u011flanmas\u0131 amac\u0131yla bu zamana kadar yapm\u0131\u015f oldu\u011fumuz \u00e7al\u0131\u015fmalar\u0131m\u0131z ayn\u0131 kararl\u0131l\u0131kla bundan b\u00f6ylede devam edecektir\u201d denildi.<div class=\"tiled-gallery type-rectangular tiled-gallery-unresized\" data-original-width=\"500\" data-carousel-extra='null' itemscope itemtype=\"http:\/\/schema.org\/ImageGallery\" > <div class=\"gallery-row\" style=\"width: 500px; height: 233px;\" data-original-width=\"500\" data-original-height=\"233\" > <div class=\"gallery-group images-1\" style=\"width: 348px; height: 233px;\" data-original-width=\"348\" data-original-height=\"233\" > <div class=\"tiled-gallery-item tiled-gallery-item-large\" itemprop=\"associatedMedia\" itemscope itemtype=\"http:\/\/schema.org\/ImageObject\"> <a href=\"http:\/\/www.tvturk.com\/index.php\/vanda-turkiye-guven-huzur-uygulamasi\/vanda-turkiye-guven-huzur-uygulamasi-3\/\" border=\"0\" itemprop=\"url\"> <meta itemprop=\"width\" content=\"344\"> <meta itemprop=\"height\" content=\"229\"> <img decoding=\"async\" class=\"\" data-attachment-id=\"40756\" data-orig-file=\"http:\/\/www.tvturk.com\/wp-content\/uploads\/2019\/02\/vanda-turkiye-guven-huzur-uygulamasi_9e90fa4.jpg\" data-orig-size=\"1000,666\" data-comments-opened=\"\" data-image-meta=\"{&quot;aperture&quot;:&quot;0&quot;,&quot;credit&quot;:&quot;IHA&quot;,&quot;camera&quot;:&quot;&quot;,&quot;caption&quot;:&quot;VAN EMN\\u0130YET M\\u00dcD\\u00dcRL\\u00dc\\u011e\\u00dc TARAFINDAN 109 EK\\u0130PLE YAPILAN \\u2018T\\u00dcRK\\u0130YE G\\u00dcVEN HUZUR\\u2019 UYGULAMASINDA 2 B\\u0130N 284 K\\u0130\\u015e\\u0130 SORGULANIRKEN; 5 \\u0130\\u015e YER\\u0130NE, 8 ARACA VE 5 ARANAN \\u015eAHSA \\u0130\\u015eLEM YAPILDI. (MEHMET SAL\\u0130H AKKU\\u015e\\\/VAN-\\u0130HA)&quot;,&quot;created_timestamp&quot;:&quot;0&quot;,&quot;copyright&quot;:&quot;\\u0130HLAS HABER AJANSI, www.iha.com.tr&quot;,&quot;focal_length&quot;:&quot;0&quot;,&quot;iso&quot;:&quot;0&quot;,&quot;shutter_speed&quot;:&quot;0&quot;,&quot;title&quot;:&quot;VAN\\u2019DA \\u2018T\\u00dcRK\\u0130YE G\\u00dcVEN HUZUR\\u2019 UYGULAMASI&quot;,&quot;orientation&quot;:&quot;0&quot;}\" data-image-title=\"Van\u2019da \u2018T\u00fcrkiye G\u00fcven Huzur\u2019 uygulamas\u0131\" data-image-description=\"&lt;p&gt;Van\u2019da \u2018T\u00fcrkiye G\u00fcven Huzur\u2019 uygulamas\u0131&lt;\/p&gt; \" data-medium-file=\"https:\/\/i0.wp.com\/www.tvturk.com\/wp-content\/uploads\/2019\/02\/vanda-turkiye-guven-huzur-uygulamasi_9e90fa4.jpg?fit=300%2C200\" data-large-file=\"https:\/\/i0.wp.com\/www.tvturk.com\/wp-content\/uploads\/2019\/02\/vanda-turkiye-guven-huzur-uygulamasi_9e90fa4.jpg?fit=1000%2C666\" src=\"https:\/\/i0.wp.com\/www.tvturk.com\/wp-content\/uploads\/2019\/02\/vanda-turkiye-guven-huzur-uygulamasi_9e90fa4.jpg?w=344&#038;h=229\" srcset=\"https:\/\/i0.wp.com\/www.tvturk.com\/wp-content\/uploads\/2019\/02\/vanda-turkiye-guven-huzur-uygulamasi_9e90fa4.jpg?w=1000 1000w, https:\/\/i0.wp.com\/www.tvturk.com\/wp-content\/uploads\/2019\/02\/vanda-turkiye-guven-huzur-uygulamasi_9e90fa4.jpg?resize=150%2C100 150w, https:\/\/i0.wp.com\/www.tvturk.com\/wp-content\/uploads\/2019\/02\/vanda-turkiye-guven-huzur-uygulamasi_9e90fa4.jpg?resize=300%2C200 300w, https:\/\/i0.wp.com\/www.tvturk.com\/wp-content\/uploads\/2019\/02\/vanda-turkiye-guven-huzur-uygulamasi_9e90fa4.jpg?resize=768%2C511 768w, https:\/\/i0.wp.com\/www.tvturk.com\/wp-content\/uploads\/2019\/02\/vanda-turkiye-guven-huzur-uygulamasi_9e90fa4.jpg?resize=170%2C113 170w, https:\/\/i0.wp.com\/www.tvturk.com\/wp-content\/uploads\/2019\/02\/vanda-turkiye-guven-huzur-uygulamasi_9e90fa4.jpg?resize=120%2C80 120w\" width=\"344\" height=\"229\" loading=\"lazy\" data-original-width=\"344\" data-original-height=\"229\" itemprop=\"http:\/\/schema.org\/image\" title=\"Van\u2019da \u2018T\u00fcrkiye G\u00fcven Huzur\u2019 uygulamas\u0131\" alt=\"Van\u2019da \u2018T\u00fcrkiye G\u00fcven Huzur\u2019 uygulamas\u0131\" style=\"width: 344px; height: 229px;\" \/> <\/a> <\/div> <\/div> <!-- close group --> <div class=\"gallery-group images-2\" style=\"width: 152px; height: 233px;\" data-original-width=\"152\" data-original-height=\"233\" > <div class=\"tiled-gallery-item tiled-gallery-item-small\" itemprop=\"associatedMedia\" itemscope itemtype=\"http:\/\/schema.org\/ImageObject\"> <a href=\"http:\/\/www.tvturk.com\/index.php\/vanda-turkiye-guven-huzur-uygulamasi\/vanda-turkiye-guven-huzur-uygulamasi-4\/\" border=\"0\" itemprop=\"url\"> <meta itemprop=\"width\" content=\"148\"> <meta itemprop=\"height\" content=\"99\"> <img decoding=\"async\" class=\"\" data-attachment-id=\"40757\" data-orig-file=\"http:\/\/www.tvturk.com\/wp-content\/uploads\/2019\/02\/vanda-turkiye-guven-huzur-uygulamasi_b5c6e93.jpg\" data-orig-size=\"1000,666\" data-comments-opened=\"\" data-image-meta=\"{&quot;aperture&quot;:&quot;0&quot;,&quot;credit&quot;:&quot;IHA&quot;,&quot;camera&quot;:&quot;&quot;,&quot;caption&quot;:&quot;VAN EMN\\u0130YET M\\u00dcD\\u00dcRL\\u00dc\\u011e\\u00dc TARAFINDAN 109 EK\\u0130PLE YAPILAN \\u2018T\\u00dcRK\\u0130YE G\\u00dcVEN HUZUR\\u2019 UYGULAMASINDA 2 B\\u0130N 284 K\\u0130\\u015e\\u0130 SORGULANIRKEN; 5 \\u0130\\u015e YER\\u0130NE, 8 ARACA VE 5 ARANAN \\u015eAHSA \\u0130\\u015eLEM YAPILDI. (MEHMET SAL\\u0130H AKKU\\u015e\\\/VAN-\\u0130HA)&quot;,&quot;created_timestamp&quot;:&quot;0&quot;,&quot;copyright&quot;:&quot;\\u0130HLAS HABER AJANSI, www.iha.com.tr&quot;,&quot;focal_length&quot;:&quot;0&quot;,&quot;iso&quot;:&quot;0&quot;,&quot;shutter_speed&quot;:&quot;0&quot;,&quot;title&quot;:&quot;VAN\\u2019DA \\u2018T\\u00dcRK\\u0130YE G\\u00dcVEN HUZUR\\u2019 UYGULAMASI&quot;,&quot;orientation&quot;:&quot;0&quot;}\" data-image-title=\"Van\u2019da \u2018T\u00fcrkiye G\u00fcven Huzur\u2019 uygulamas\u0131\" data-image-description=\"&lt;p&gt;Van\u2019da \u2018T\u00fcrkiye G\u00fcven Huzur\u2019 uygulamas\u0131&lt;\/p&gt; \" data-medium-file=\"https:\/\/i0.wp.com\/www.tvturk.com\/wp-content\/uploads\/2019\/02\/vanda-turkiye-guven-huzur-uygulamasi_b5c6e93.jpg?fit=300%2C200\" data-large-file=\"https:\/\/i0.wp.com\/www.tvturk.com\/wp-content\/uploads\/2019\/02\/vanda-turkiye-guven-huzur-uygulamasi_b5c6e93.jpg?fit=1000%2C666\" src=\"https:\/\/i0.wp.com\/www.tvturk.com\/wp-content\/uploads\/2019\/02\/vanda-turkiye-guven-huzur-uygulamasi_b5c6e93.jpg?w=148&#038;h=99\" srcset=\"https:\/\/i0.wp.com\/www.tvturk.com\/wp-content\/uploads\/2019\/02\/vanda-turkiye-guven-huzur-uygulamasi_b5c6e93.jpg?w=1000 1000w, https:\/\/i0.wp.com\/www.tvturk.com\/wp-content\/uploads\/2019\/02\/vanda-turkiye-guven-huzur-uygulamasi_b5c6e93.jpg?resize=150%2C100 150w, https:\/\/i0.wp.com\/www.tvturk.com\/wp-content\/uploads\/2019\/02\/vanda-turkiye-guven-huzur-uygulamasi_b5c6e93.jpg?resize=300%2C200 300w, https:\/\/i0.wp.com\/www.tvturk.com\/wp-content\/uploads\/2019\/02\/vanda-turkiye-guven-huzur-uygulamasi_b5c6e93.jpg?resize=768%2C511 768w, https:\/\/i0.wp.com\/www.tvturk.com\/wp-content\/uploads\/2019\/02\/vanda-turkiye-guven-huzur-uygulamasi_b5c6e93.jpg?resize=170%2C113 170w, https:\/\/i0.wp.com\/www.tvturk.com\/wp-content\/uploads\/2019\/02\/vanda-turkiye-guven-huzur-uygulamasi_b5c6e93.jpg?resize=120%2C80 120w, https:\/\/i0.wp.com\/www.tvturk.com\/wp-content\/uploads\/2019\/02\/vanda-turkiye-guven-huzur-uygulamasi_b5c6e93.jpg?resize=80%2C55 80w\" width=\"148\" height=\"99\" loading=\"lazy\" data-original-width=\"148\" data-original-height=\"99\" itemprop=\"http:\/\/schema.org\/image\" title=\"Van\u2019da \u2018T\u00fcrkiye G\u00fcven Huzur\u2019 uygulamas\u0131\" alt=\"Van\u2019da \u2018T\u00fcrkiye G\u00fcven Huzur\u2019 uygulamas\u0131\" style=\"width: 148px; height: 99px;\" \/> <\/a> <\/div> <div class=\"tiled-gallery-item tiled-gallery-item-small\" itemprop=\"associatedMedia\" itemscope itemtype=\"http:\/\/schema.org\/ImageObject\"> <a href=\"http:\/\/www.tvturk.com\/index.php\/vanda-turkiye-guven-huzur-uygulamasi\/vanda-turkiye-guven-huzur-uygulamasi-5\/\" border=\"0\" itemprop=\"url\"> <meta itemprop=\"width\" content=\"148\"> <meta itemprop=\"height\" content=\"126\"> <img decoding=\"async\" class=\"\" data-attachment-id=\"40758\" data-orig-file=\"http:\/\/www.tvturk.com\/wp-content\/uploads\/2019\/02\/vanda-turkiye-guven-huzur-uygulamasi_6d458ab.jpg\" data-orig-size=\"1000,855\" data-comments-opened=\"\" data-image-meta=\"{&quot;aperture&quot;:&quot;0&quot;,&quot;credit&quot;:&quot;IHA&quot;,&quot;camera&quot;:&quot;&quot;,&quot;caption&quot;:&quot;VAN EMN\\u0130YET M\\u00dcD\\u00dcRL\\u00dc\\u011e\\u00dc TARAFINDAN 109 EK\\u0130PLE YAPILAN \\u2018T\\u00dcRK\\u0130YE G\\u00dcVEN HUZUR\\u2019 UYGULAMASINDA 2 B\\u0130N 284 K\\u0130\\u015e\\u0130 SORGULANIRKEN; 5 \\u0130\\u015e YER\\u0130NE, 8 ARACA VE 5 ARANAN \\u015eAHSA \\u0130\\u015eLEM YAPILDI. (MEHMET SAL\\u0130H AKKU\\u015e\\\/VAN-\\u0130HA)&quot;,&quot;created_timestamp&quot;:&quot;0&quot;,&quot;copyright&quot;:&quot;\\u0130HLAS HABER AJANSI, www.iha.com.tr&quot;,&quot;focal_length&quot;:&quot;0&quot;,&quot;iso&quot;:&quot;0&quot;,&quot;shutter_speed&quot;:&quot;0&quot;,&quot;title&quot;:&quot;VAN\\u2019DA \\u2018T\\u00dcRK\\u0130YE G\\u00dcVEN HUZUR\\u2019 UYGULAMASI&quot;,&quot;orientation&quot;:&quot;0&quot;}\" data-image-title=\"Van\u2019da \u2018T\u00fcrkiye G\u00fcven Huzur\u2019 uygulamas\u0131\" data-image-description=\"&lt;p&gt;Van\u2019da \u2018T\u00fcrkiye G\u00fcven Huzur\u2019 uygulamas\u0131&lt;\/p&gt; \" data-medium-file=\"https:\/\/i0.wp.com\/www.tvturk.com\/wp-content\/uploads\/2019\/02\/vanda-turkiye-guven-huzur-uygulamasi_6d458ab.jpg?fit=300%2C257\" data-large-file=\"https:\/\/i0.wp.com\/www.tvturk.com\/wp-content\/uploads\/2019\/02\/vanda-turkiye-guven-huzur-uygulamasi_6d458ab.jpg?fit=1000%2C855\" src=\"https:\/\/i0.wp.com\/www.tvturk.com\/wp-content\/uploads\/2019\/02\/vanda-turkiye-guven-huzur-uygulamasi_6d458ab.jpg?w=148&#038;h=126\" srcset=\"https:\/\/i0.wp.com\/www.tvturk.com\/wp-content\/uploads\/2019\/02\/vanda-turkiye-guven-huzur-uygulamasi_6d458ab.jpg?w=1000 1000w, https:\/\/i0.wp.com\/www.tvturk.com\/wp-content\/uploads\/2019\/02\/vanda-turkiye-guven-huzur-uygulamasi_6d458ab.jpg?resize=150%2C128 150w, https:\/\/i0.wp.com\/www.tvturk.com\/wp-content\/uploads\/2019\/02\/vanda-turkiye-guven-huzur-uygulamasi_6d458ab.jpg?resize=300%2C257 300w, https:\/\/i0.wp.com\/www.tvturk.com\/wp-content\/uploads\/2019\/02\/vanda-turkiye-guven-huzur-uygulamasi_6d458ab.jpg?resize=768%2C657 768w\" width=\"148\" height=\"126\" loading=\"lazy\" data-original-width=\"148\" data-original-height=\"126\" itemprop=\"http:\/\/schema.org\/image\" title=\"Van\u2019da \u2018T\u00fcrkiye G\u00fcven Huzur\u2019 uygulamas\u0131\" alt=\"Van\u2019da \u2018T\u00fcrkiye G\u00fcven Huzur\u2019 uygulamas\u0131\" style=\"width: 148px; height: 126px;\" \/> <\/a> <\/div> <\/div> <!-- close group --> <\/div> <!-- close row --> <div class=\"gallery-row\" style=\"width: 500px; height: 334px;\" data-original-width=\"500\" data-original-height=\"334\" > <div class=\"gallery-group images-1\" style=\"width: 500px; height: 334px;\" data-original-width=\"500\" data-original-height=\"334\" > <div class=\"tiled-gallery-item tiled-gallery-item-large\" itemprop=\"associatedMedia\" itemscope itemtype=\"http:\/\/schema.org\/ImageObject\"> <a href=\"http:\/\/www.tvturk.com\/index.php\/vanda-turkiye-guven-huzur-uygulamasi\/vanda-turkiye-guven-huzur-uygulamasi-6\/\" border=\"0\" itemprop=\"url\"> <meta itemprop=\"width\" content=\"496\"> <meta itemprop=\"height\" content=\"330\"> <img decoding=\"async\" class=\"\" data-attachment-id=\"40759\" data-orig-file=\"http:\/\/www.tvturk.com\/wp-content\/uploads\/2019\/02\/vanda-turkiye-guven-huzur-uygulamasi_5079354.jpg\" data-orig-size=\"1000,666\" data-comments-opened=\"\" data-image-meta=\"{&quot;aperture&quot;:&quot;0&quot;,&quot;credit&quot;:&quot;IHA&quot;,&quot;camera&quot;:&quot;&quot;,&quot;caption&quot;:&quot;VAN EMN\\u0130YET M\\u00dcD\\u00dcRL\\u00dc\\u011e\\u00dc TARAFINDAN 109 EK\\u0130PLE YAPILAN \\u2018T\\u00dcRK\\u0130YE G\\u00dcVEN HUZUR\\u2019 UYGULAMASINDA 2 B\\u0130N 284 K\\u0130\\u015e\\u0130 SORGULANIRKEN; 5 \\u0130\\u015e YER\\u0130NE, 8 ARACA VE 5 ARANAN \\u015eAHSA \\u0130\\u015eLEM YAPILDI. (MEHMET SAL\\u0130H AKKU\\u015e\\\/VAN-\\u0130HA)&quot;,&quot;created_timestamp&quot;:&quot;0&quot;,&quot;copyright&quot;:&quot;\\u0130HLAS HABER AJANSI, www.iha.com.tr&quot;,&quot;focal_length&quot;:&quot;0&quot;,&quot;iso&quot;:&quot;0&quot;,&quot;shutter_speed&quot;:&quot;0&quot;,&quot;title&quot;:&quot;VAN\\u2019DA \\u2018T\\u00dcRK\\u0130YE G\\u00dcVEN HUZUR\\u2019 UYGULAMASI&quot;,&quot;orientation&quot;:&quot;0&quot;}\" data-image-title=\"Van\u2019da \u2018T\u00fcrkiye G\u00fcven Huzur\u2019 uygulamas\u0131\" data-image-description=\"&lt;p&gt;Van\u2019da \u2018T\u00fcrkiye G\u00fcven Huzur\u2019 uygulamas\u0131&lt;\/p&gt; \" data-medium-file=\"https:\/\/i0.wp.com\/www.tvturk.com\/wp-content\/uploads\/2019\/02\/vanda-turkiye-guven-huzur-uygulamasi_5079354.jpg?fit=300%2C200\" data-large-file=\"https:\/\/i0.wp.com\/www.tvturk.com\/wp-content\/uploads\/2019\/02\/vanda-turkiye-guven-huzur-uygulamasi_5079354.jpg?fit=1000%2C666\" src=\"https:\/\/i0.wp.com\/www.tvturk.com\/wp-content\/uploads\/2019\/02\/vanda-turkiye-guven-huzur-uygulamasi_5079354.jpg?w=496&#038;h=330\" srcset=\"https:\/\/i0.wp.com\/www.tvturk.com\/wp-content\/uploads\/2019\/02\/vanda-turkiye-guven-huzur-uygulamasi_5079354.jpg?w=1000 1000w, https:\/\/i0.wp.com\/www.tvturk.com\/wp-content\/uploads\/2019\/02\/vanda-turkiye-guven-huzur-uygulamasi_5079354.jpg?resize=150%2C100 150w, https:\/\/i0.wp.com\/www.tvturk.com\/wp-content\/uploads\/2019\/02\/vanda-turkiye-guven-huzur-uygulamasi_5079354.jpg?resize=300%2C200 300w, https:\/\/i0.wp.com\/www.tvturk.com\/wp-content\/uploads\/2019\/02\/vanda-turkiye-guven-huzur-uygulamasi_5079354.jpg?resize=768%2C511 768w, https:\/\/i0.wp.com\/www.tvturk.com\/wp-content\/uploads\/2019\/02\/vanda-turkiye-guven-huzur-uygulamasi_5079354.jpg?resize=170%2C113 170w, https:\/\/i0.wp.com\/www.tvturk.com\/wp-content\/uploads\/2019\/02\/vanda-turkiye-guven-huzur-uygulamasi_5079354.jpg?resize=120%2C80 120w\" width=\"496\" height=\"330\" loading=\"lazy\" data-original-width=\"496\" data-original-height=\"330\" itemprop=\"http:\/\/schema.org\/image\" title=\"Van\u2019da \u2018T\u00fcrkiye G\u00fcven Huzur\u2019 uygulamas\u0131\" alt=\"Van\u2019da \u2018T\u00fcrkiye G\u00fcven Huzur\u2019 uygulamas\u0131\" style=\"width: 496px; height: 330px;\" \/> <\/a> <\/div> <\/div> <!-- close group --> <\/div> <!-- close row --> <\/div><\/p>\n","protected":false},"excerpt":{"rendered":"<p>VAN EMN\u0130YET M\u00dcD\u00dcRL\u00dc\u011e\u00dc TARAFINDAN 109 EK\u0130PLE YAPILAN \u2018T\u00dcRK\u0130YE G\u00dcVEN HUZUR\u2019 UYGULAMASINDA 2 B\u0130N 284 K\u0130\u015e\u0130 SORGULANIRKEN; 5 \u0130\u015e YER\u0130NE, 8 ARACA VE 5 ARANAN \u015eAHSA \u0130\u015eLEM YAPILDI.<\/p>\n","protected":false},"author":1,"featured_media":40755,"comment_status":"closed","ping_status":"open","sticky":false,"template":"","format":"standard","meta":{"jetpack_post_was_ever_published":false,"_jetpack_newsletter_access":"","_jetpack_dont_email_post_to_subs":false,"_jetpack_newsletter_tier_id":0,"_jetpack_memberships_contains_paywalled_content":false,"_jetpack_memberships_contains_paid_content":false,"footnotes":"","jetpack_publicize_message":"","jetpack_publicize_feature_enabled":true,"jetpack_social_post_already_shared":false,"jetpack_social_options":{"image_generator_settings":{"template":"highway","default_image_id":0,"font":"","enabled":false},"version":2}},"categories":[655],"tags":[1707,1987,453,861,1203],"class_list":["post-40754","post","type-post","status-publish","format-standard","has-post-thumbnail","hentry","category-son-dakika","tag-guven","tag-huzur","tag-turkiye","tag-uygulamasi","tag-vanda"],"jetpack_publicize_connections":[],"jetpack_featured_media_url":"https:\/\/i0.wp.com\/www.tvturk.com\/wp-content\/uploads\/2019\/02\/vanda-turkiye-guven-huzur-uygulamasi_7fa078c.jpg?fit=1000%2C666","jetpack_sharing_enabled":true,"jetpack_shortlink":"https:\/\/wp.me\/paKIfm-aBk","_links":{"self":[{"href":"http:\/\/www.tvturk.com\/index.php\/wp-json\/wp\/v2\/posts\/40754","targetHints":{"allow":["GET"]}}],"collection":[{"href":"http:\/\/www.tvturk.com\/index.php\/wp-json\/wp\/v2\/posts"}],"about":[{"href":"http:\/\/www.tvturk.com\/index.php\/wp-json\/wp\/v2\/types\/post"}],"author":[{"embeddable":true,"href":"http:\/\/www.tvturk.com\/index.php\/wp-json\/wp\/v2\/users\/1"}],"replies":[{"embeddable":true,"href":"http:\/\/www.tvturk.com\/index.php\/wp-json\/wp\/v2\/comments?post=40754"}],"version-history":[{"count":1,"href":"http:\/\/www.tvturk.com\/index.php\/wp-json\/wp\/v2\/posts\/40754\/revisions"}],"predecessor-version":[{"id":40760,"href":"http:\/\/www.tvturk.com\/index.php\/wp-json\/wp\/v2\/posts\/40754\/revisions\/40760"}],"wp:featuredmedia":[{"embeddable":true,"href":"http:\/\/www.tvturk.com\/index.php\/wp-json\/wp\/v2\/media\/40755"}],"wp:attachment":[{"href":"http:\/\/www.tvturk.com\/index.php\/wp-json\/wp\/v2\/media?parent=40754"}],"wp:term":[{"taxonomy":"category","embeddable":true,"href":"http:\/\/www.tvturk.com\/index.php\/wp-json\/wp\/v2\/categories?post=40754"},{"taxonomy":"post_tag","embeddable":true,"href":"http:\/\/www.tvturk.com\/index.php\/wp-json\/wp\/v2\/tags?post=40754"}],"curies":[{"name":"wp","href":"https:\/\/api.w.org\/{rel}","templated":true}]}}