{"id":40796,"date":"2019-02-17T10:21:23","date_gmt":"2019-02-17T07:21:23","guid":{"rendered":"http:\/\/www.tvturk.com\/index.php\/trump-abden-deas-militanlarini-geri-alarak-yargilamalarini-istedi\/"},"modified":"2019-02-17T10:21:23","modified_gmt":"2019-02-17T07:21:23","slug":"trump-abden-deas-militanlarini-geri-alarak-yargilamalarini-istedi","status":"publish","type":"post","link":"http:\/\/www.tvturk.com\/index.php\/trump-abden-deas-militanlarini-geri-alarak-yargilamalarini-istedi\/","title":{"rendered":"Trump, AB\u2019den DEA\u015e militanlar\u0131n\u0131 geri alarak yarg\u0131lamalar\u0131n\u0131 istedi"},"content":{"rendered":"<p>ABD Ba\u015fkan\u0131 Donald Trump, DEA\u015e\u2019a kar\u015f\u0131 kazan\u0131lan zaferden sonra s\u0131ran\u0131n Avrupa \u00fclkelerine geldi\u011fini belirterek, yakalanan 800 DEA\u015e militan\u0131n\u0131 Avrupa\u2019n\u0131n geri alarak yarg\u0131lamalar\u0131n\u0131 istedi.<\/p>\n<p>ABD Ba\u015fkan\u0131 Donald Trump, Twitter hesab\u0131ndan yapt\u0131\u011f\u0131 a\u00e7\u0131klamada, ABD\u2019nin DEA\u015e\u2019a kar\u015f\u0131 kaz\u0131n\u0131lan y\u00fczde y\u00fczl\u00fck zaferden sonra Suriye\u2019den geri \u00e7ekilece\u011fini, bu konuda \u00e7ok \u015fey yap\u0131p \u00e7ok harcamada bulunduklar\u0131n\u0131, art\u0131k s\u0131ran\u0131n di\u011fer \u00fclkelere geldi\u011fini belirtti. ABD\u2019nin \u0130ngiltere, Fransa, Almanya ve di\u011fer Avrupa \u00fclkelerinden DEA\u015e militanlar\u0131n\u0131 geri alarak yarg\u0131lamas\u0131n\u0131 istedi\u011fini kaydeden Trump\u2019\u0131n tweeti \u015f\u00f6yle:<\/p>\n<p>\u201cABD, \u0130ngiltere, Fransa, Almanya ve di\u011fer Avrupal\u0131 m\u00fcttefiklerinden Suriye\u2019de yakalad\u0131\u011f\u0131m\u0131z 800 DEA\u015e sava\u015f\u00e7\u0131y\u0131 geri al\u0131p yarg\u0131lamas\u0131n\u0131 istiyor. DEA\u015e \u015fu an d\u00fc\u015fm\u00fc\u015f durumda. Di\u011fer alternatif ise bizim onlar\u0131 salmaya zorlanmam\u0131z ki bu hi\u00e7 de iyi bir \u015fey de\u011fil. Amerika, DEA\u015e sava\u015f\u00e7\u0131lar\u0131n\u0131n gitmesi beklenen yer olan Avrupa\u2019ya s\u0131zmas\u0131n\u0131 seyretmek istemiyor. Biz \u00e7ok \u015fey yap\u0131p, \u00e7ok para harcad\u0131k. Art\u0131k di\u011ferlerinin harekete ge\u00e7me ve ellerinden geleni yapma zaman\u0131 geldi. Biz, DEA\u015e\u2019a kar\u015f\u0131 y\u00fczde y\u00fcz zafer kazand\u0131ktan sonra  geri \u00e7ekiliyoruz.\u201d<\/p>\n","protected":false},"excerpt":{"rendered":"<p>DONALD TRUMP, AB&#8217;DEN DEA\u015e M\u0130L\u0130TANLARI GER\u0130 ALARAK YARGILAMALARINI \u0130STED\u0130<\/p>\n","protected":false},"author":1,"featured_media":40797,"comment_status":"closed","ping_status":"open","sticky":false,"template":"","format":"standard","meta":{"jetpack_post_was_ever_published":false,"_jetpack_newsletter_access":"","_jetpack_dont_email_post_to_subs":false,"_jetpack_newsletter_tier_id":0,"_jetpack_memberships_contains_paywalled_content":false,"_jetpack_memberships_contains_paid_content":false,"footnotes":"","jetpack_publicize_message":"","jetpack_publicize_feature_enabled":true,"jetpack_social_post_already_shared":false,"jetpack_social_options":{"image_generator_settings":{"template":"highway","default_image_id":0,"font":"","enabled":false},"version":2}},"categories":[9],"tags":[14562,8357,14563,592,2411,14564,12068,14565],"class_list":["post-40796","post","type-post","status-publish","format-standard","has-post-thumbnail","hentry","category-siyaset","tag-abden","tag-alarak","tag-deas","tag-geri","tag-istedi","tag-militanlarini","tag-trump","tag-yargilamalarini"],"jetpack_publicize_connections":[],"jetpack_featured_media_url":"https:\/\/i0.wp.com\/www.tvturk.com\/wp-content\/uploads\/2019\/02\/trump-abden-deas-militanlarini-geri-alarak-yargilamalarini-istedi_1111d2d.jpg?fit=640%2C287","jetpack_sharing_enabled":true,"jetpack_shortlink":"https:\/\/wp.me\/paKIfm-aC0","_links":{"self":[{"href":"http:\/\/www.tvturk.com\/index.php\/wp-json\/wp\/v2\/posts\/40796","targetHints":{"allow":["GET"]}}],"collection":[{"href":"http:\/\/www.tvturk.com\/index.php\/wp-json\/wp\/v2\/posts"}],"about":[{"href":"http:\/\/www.tvturk.com\/index.php\/wp-json\/wp\/v2\/types\/post"}],"author":[{"embeddable":true,"href":"http:\/\/www.tvturk.com\/index.php\/wp-json\/wp\/v2\/users\/1"}],"replies":[{"embeddable":true,"href":"http:\/\/www.tvturk.com\/index.php\/wp-json\/wp\/v2\/comments?post=40796"}],"version-history":[{"count":0,"href":"http:\/\/www.tvturk.com\/index.php\/wp-json\/wp\/v2\/posts\/40796\/revisions"}],"wp:featuredmedia":[{"embeddable":true,"href":"http:\/\/www.tvturk.com\/index.php\/wp-json\/wp\/v2\/media\/40797"}],"wp:attachment":[{"href":"http:\/\/www.tvturk.com\/index.php\/wp-json\/wp\/v2\/media?parent=40796"}],"wp:term":[{"taxonomy":"category","embeddable":true,"href":"http:\/\/www.tvturk.com\/index.php\/wp-json\/wp\/v2\/categories?post=40796"},{"taxonomy":"post_tag","embeddable":true,"href":"http:\/\/www.tvturk.com\/index.php\/wp-json\/wp\/v2\/tags?post=40796"}],"curies":[{"name":"wp","href":"https:\/\/api.w.org\/{rel}","templated":true}]}}