{"id":40812,"date":"2019-02-17T10:31:03","date_gmt":"2019-02-17T07:31:03","guid":{"rendered":"http:\/\/www.tvturk.com\/index.php\/kardan-yikilan-ahirdaki-hayvanlar-son-anda-kurtarildi\/"},"modified":"2019-02-17T10:31:03","modified_gmt":"2019-02-17T07:31:03","slug":"kardan-yikilan-ahirdaki-hayvanlar-son-anda-kurtarildi","status":"publish","type":"post","link":"http:\/\/www.tvturk.com\/index.php\/kardan-yikilan-ahirdaki-hayvanlar-son-anda-kurtarildi\/","title":{"rendered":"Kardan y\u0131k\u0131lan ah\u0131rdaki hayvanlar son anda kurtar\u0131ld\u0131"},"content":{"rendered":"<p>\u015e\u0131rnak\u2019\u0131n Beyt\u00fc\u015f\u015febap il\u00e7esinde a\u015f\u0131r\u0131 kar ya\u011f\u0131\u015f\u0131 nedeniyle bir ah\u0131r \u00e7\u00f6kt\u00fc. Ah\u0131rda bulunan onlarca hayvan, k\u00f6yl\u00fclerin gayretleri ile son anda kurtar\u0131ld\u0131.<\/p>\n<p>Olay, Beyt\u00fc\u015f\u015febap il\u00e7esine ba\u011fl\u0131 A\u015fa\u011f\u0131dere k\u00f6y\u00fcnde ya\u015fand\u0131. Edinilen bilgilere g\u00f6re, \u00f6nceki g\u00fcn ak\u015fam saatlerinde ba\u015flayan kar ya\u011f\u0131\u015f\u0131 nedeniyle bir ah\u0131r\u0131n dam\u0131 \u00e7\u00f6kt\u00fc. Hac\u0131 Turan\u2019a ait ah\u0131rdaki onlarca k\u00fc\u00e7\u00fckba\u015f hayvan, kar ve ta\u015f y\u0131\u011f\u0131nlar\u0131n\u0131n alt\u0131nda kald\u0131. Turan, kom\u015fular\u0131ndan yard\u0131m isteyerek hayvanlar\u0131n kurtar\u0131lmas\u0131 i\u00e7in enkaz\u0131n alt\u0131na girdi. Kom\u015fular\u0131n\u0131n da yard\u0131m\u0131 ile Turan, ah\u0131rda bulunan t\u00fcm hayvanlar\u0131n\u0131 canl\u0131 olarak kurtarmay\u0131 ba\u015fard\u0131.<\/p>\n<p>K\u00f6y\u00fcn \u00e7\u0131k\u0131\u015f\u0131nda bulunan ah\u0131rlar\u0131n\u0131n \u00fcst\u00fcnde yakla\u015f\u0131k 2 metrelik kar birikintisi oldu\u011funu kaydeden Turan, &#8220;Her g\u00fcn ah\u0131rda ke\u00e7ilerimi besliyordum. Allah\u2019tan o g\u00fcn gitmemi\u015ftim. Evden \u00e7\u0131k\u0131p ah\u0131r\u0131n bulundu\u011fu tarla ba\u015f\u0131na gidince bir bakt\u0131m ah\u0131r \u00e7\u00f6km\u00fc\u015f. Hemen k\u00f6yl\u00fcye haber verdim, herkes topland\u0131. T\u00fcm ke\u00e7ileri kurtard\u0131k, \u00e7ok \u015f\u00fck\u00fcr hi\u00e7birine bir \u015fey olmam\u0131\u015ft\u0131&#8221; dedi.<\/p>\n","protected":false},"excerpt":{"rendered":"<p>\u015eIRNAK&#8217;IN BEYT\u00dc\u015e\u015eEBAP \u0130L\u00c7ES\u0130NDE A\u015eIRI KAR YA\u011eI\u015eI NEDEN\u0130YLE B\u0130R AHIR \u00c7\u00d6KT\u00dc. AHIRDA BULUNAN ONLARCA HAYVAN, K\u00d6YL\u00dcLER\u0130N GAYRETLER\u0130 \u0130LE SON ANDA KURTARILDI.<\/p>\n","protected":false},"author":1,"featured_media":40813,"comment_status":"closed","ping_status":"open","sticky":false,"template":"","format":"standard","meta":{"jetpack_post_was_ever_published":false,"_jetpack_newsletter_access":"","_jetpack_dont_email_post_to_subs":false,"_jetpack_newsletter_tier_id":0,"_jetpack_memberships_contains_paywalled_content":false,"_jetpack_memberships_contains_paid_content":false,"footnotes":"","jetpack_publicize_message":"","jetpack_publicize_feature_enabled":true,"jetpack_social_post_already_shared":false,"jetpack_social_options":{"image_generator_settings":{"template":"highway","default_image_id":0,"font":"","enabled":false},"version":2}},"categories":[655],"tags":[3341,14572,1241,5052,4130,766,1240],"class_list":["post-40812","post","type-post","status-publish","format-standard","has-post-thumbnail","hentry","category-son-dakika","tag-yikilan","tag-ahirdaki","tag-anda","tag-hayvanlar","tag-kardan","tag-kurtarildi","tag-son"],"jetpack_publicize_connections":[],"jetpack_featured_media_url":"https:\/\/i0.wp.com\/www.tvturk.com\/wp-content\/uploads\/2019\/02\/kardan-yikilan-ahirdaki-hayvanlar-son-anda-kurtarildi_22f4556.jpg?fit=1000%2C750","jetpack_sharing_enabled":true,"jetpack_shortlink":"https:\/\/wp.me\/paKIfm-aCg","_links":{"self":[{"href":"http:\/\/www.tvturk.com\/index.php\/wp-json\/wp\/v2\/posts\/40812","targetHints":{"allow":["GET"]}}],"collection":[{"href":"http:\/\/www.tvturk.com\/index.php\/wp-json\/wp\/v2\/posts"}],"about":[{"href":"http:\/\/www.tvturk.com\/index.php\/wp-json\/wp\/v2\/types\/post"}],"author":[{"embeddable":true,"href":"http:\/\/www.tvturk.com\/index.php\/wp-json\/wp\/v2\/users\/1"}],"replies":[{"embeddable":true,"href":"http:\/\/www.tvturk.com\/index.php\/wp-json\/wp\/v2\/comments?post=40812"}],"version-history":[{"count":0,"href":"http:\/\/www.tvturk.com\/index.php\/wp-json\/wp\/v2\/posts\/40812\/revisions"}],"wp:featuredmedia":[{"embeddable":true,"href":"http:\/\/www.tvturk.com\/index.php\/wp-json\/wp\/v2\/media\/40813"}],"wp:attachment":[{"href":"http:\/\/www.tvturk.com\/index.php\/wp-json\/wp\/v2\/media?parent=40812"}],"wp:term":[{"taxonomy":"category","embeddable":true,"href":"http:\/\/www.tvturk.com\/index.php\/wp-json\/wp\/v2\/categories?post=40812"},{"taxonomy":"post_tag","embeddable":true,"href":"http:\/\/www.tvturk.com\/index.php\/wp-json\/wp\/v2\/tags?post=40812"}],"curies":[{"name":"wp","href":"https:\/\/api.w.org\/{rel}","templated":true}]}}