{"id":40836,"date":"2019-02-17T10:40:56","date_gmt":"2019-02-17T07:40:56","guid":{"rendered":"http:\/\/www.tvturk.com\/index.php\/palandokende-hafta-sonu-yogunlugu\/"},"modified":"2019-02-17T10:40:59","modified_gmt":"2019-02-17T07:40:59","slug":"palandokende-hafta-sonu-yogunlugu","status":"publish","type":"post","link":"http:\/\/www.tvturk.com\/index.php\/palandokende-hafta-sonu-yogunlugu\/","title":{"rendered":"Paland\u00f6ken\u2019de hafta sonu yo\u011funlu\u011fu"},"content":{"rendered":"<p>Paland\u00f6ken Kayak Merkezinde hafta sonu tatilini f\u0131rsat bilen yerli ve yabanc\u0131 turistler, g\u00fcne\u015fli havada kaya\u011f\u0131n keyfini \u00e7\u0131kartt\u0131.<\/p>\n<p>T\u00fcrkiye\u2019nin \u00f6nemli kayak merkezlerinden Paland\u00f6ken\u2019de hafta sonu yo\u011funluk ya\u015fan\u0131yor. D\u00fcnyaca \u00fcnl\u00fc Paland\u00f6ken ile Konakl\u0131 kayak merkezlerini b\u00fcnyesinde bar\u0131nd\u0131ran Erzurum, k\u0131\u015f aylar\u0131nda kayakseverlerin vazge\u00e7ilmez adresleri aras\u0131nda yer al\u0131yor.<\/p>\n<p>Kar kal\u0131nl\u0131\u011f\u0131n\u0131n 45 santimetreye ula\u015ft\u0131\u011f\u0131 Paland\u00f6ken Kayak Merkezi, \u00f6zellikle hafta sonlar\u0131 \u00e7ok say\u0131da kayaksevere ev sahipli\u011fi yap\u0131yor.<\/p>\n<p>Pistleri dolduran yerli ve yabanc\u0131 turistler, g\u00fcne\u015fli havada kayarak g\u00fczel vakit ge\u00e7irmeye \u00e7al\u0131\u015f\u0131yor. Baz\u0131 turistler de otellerin verandas\u0131nda g\u00fcne\u015flenerek hafta sonu keyfi ya\u015f\u0131yor.<div class=\"tiled-gallery type-rectangular tiled-gallery-unresized\" data-original-width=\"500\" data-carousel-extra='null' itemscope itemtype=\"http:\/\/schema.org\/ImageGallery\" > <div class=\"gallery-row\" style=\"width: 500px; height: 216px;\" data-original-width=\"500\" data-original-height=\"216\" > <div class=\"gallery-group images-1\" style=\"width: 323px; height: 216px;\" data-original-width=\"323\" data-original-height=\"216\" > <div class=\"tiled-gallery-item tiled-gallery-item-large\" itemprop=\"associatedMedia\" itemscope itemtype=\"http:\/\/schema.org\/ImageObject\"> <a href=\"http:\/\/www.tvturk.com\/index.php\/palandokende-hafta-sonu-yogunlugu\/palandokende-hafta-sonu-yogunlugu-3\/\" border=\"0\" itemprop=\"url\"> <meta itemprop=\"width\" content=\"319\"> <meta itemprop=\"height\" content=\"212\"> <img decoding=\"async\" class=\"\" data-attachment-id=\"40838\" data-orig-file=\"http:\/\/www.tvturk.com\/wp-content\/uploads\/2019\/02\/palandokende-hafta-sonu-yogunlugu_3c407f8.jpg\" data-orig-size=\"1000,666\" data-comments-opened=\"\" data-image-meta=\"{&quot;aperture&quot;:&quot;0&quot;,&quot;credit&quot;:&quot;IHA&quot;,&quot;camera&quot;:&quot;&quot;,&quot;caption&quot;:&quot;PALAND\\u00d6KEN KAYAK MERKEZ\\u0130NDE HAFTA SONU TAT\\u0130L\\u0130N\\u0130 FIRSAT B\\u0130LEN YERL\\u0130 VE YABANCI TUR\\u0130STLER, G\\u00dcNE\\u015eL\\u0130 HAVADA KAYA\\u011eIN KEYF\\u0130N\\u0130 \\u00c7IKARTTI (AHMET AKBU\\u011eA\\\/ERZURUM-\\u0130HA)&quot;,&quot;created_timestamp&quot;:&quot;0&quot;,&quot;copyright&quot;:&quot;\\u0130HLAS HABER AJANSI, www.iha.com.tr&quot;,&quot;focal_length&quot;:&quot;0&quot;,&quot;iso&quot;:&quot;0&quot;,&quot;shutter_speed&quot;:&quot;0&quot;,&quot;title&quot;:&quot;PALAND\\u00d6KEN\\u0027DE HAFTA SONU YO\\u011eUNLU\\u011eU&quot;,&quot;orientation&quot;:&quot;0&quot;}\" data-image-title=\"Paland\u00f6ken\u2019de hafta sonu yo\u011funlu\u011fu\" data-image-description=\"&lt;p&gt;Paland\u00f6ken\u2019de hafta sonu yo\u011funlu\u011fu&lt;\/p&gt; \" data-medium-file=\"https:\/\/i0.wp.com\/www.tvturk.com\/wp-content\/uploads\/2019\/02\/palandokende-hafta-sonu-yogunlugu_3c407f8.jpg?fit=300%2C200\" data-large-file=\"https:\/\/i0.wp.com\/www.tvturk.com\/wp-content\/uploads\/2019\/02\/palandokende-hafta-sonu-yogunlugu_3c407f8.jpg?fit=1000%2C666\" src=\"https:\/\/i0.wp.com\/www.tvturk.com\/wp-content\/uploads\/2019\/02\/palandokende-hafta-sonu-yogunlugu_3c407f8.jpg?w=319&#038;h=212\" srcset=\"https:\/\/i0.wp.com\/www.tvturk.com\/wp-content\/uploads\/2019\/02\/palandokende-hafta-sonu-yogunlugu_3c407f8.jpg?w=1000 1000w, https:\/\/i0.wp.com\/www.tvturk.com\/wp-content\/uploads\/2019\/02\/palandokende-hafta-sonu-yogunlugu_3c407f8.jpg?resize=150%2C100 150w, https:\/\/i0.wp.com\/www.tvturk.com\/wp-content\/uploads\/2019\/02\/palandokende-hafta-sonu-yogunlugu_3c407f8.jpg?resize=300%2C200 300w, https:\/\/i0.wp.com\/www.tvturk.com\/wp-content\/uploads\/2019\/02\/palandokende-hafta-sonu-yogunlugu_3c407f8.jpg?resize=768%2C511 768w, https:\/\/i0.wp.com\/www.tvturk.com\/wp-content\/uploads\/2019\/02\/palandokende-hafta-sonu-yogunlugu_3c407f8.jpg?resize=170%2C113 170w, https:\/\/i0.wp.com\/www.tvturk.com\/wp-content\/uploads\/2019\/02\/palandokende-hafta-sonu-yogunlugu_3c407f8.jpg?resize=120%2C80 120w\" width=\"319\" height=\"212\" loading=\"lazy\" data-original-width=\"319\" data-original-height=\"212\" itemprop=\"http:\/\/schema.org\/image\" title=\"Paland\u00f6ken\u2019de hafta sonu yo\u011funlu\u011fu\" alt=\"Paland\u00f6ken\u2019de hafta sonu yo\u011funlu\u011fu\" style=\"width: 319px; height: 212px;\" \/> <\/a> <\/div> <\/div> <!-- close group --> <div class=\"gallery-group images-2\" style=\"width: 177px; height: 216px;\" data-original-width=\"177\" data-original-height=\"216\" > <div class=\"tiled-gallery-item tiled-gallery-item-small\" itemprop=\"associatedMedia\" itemscope itemtype=\"http:\/\/schema.org\/ImageObject\"> <a href=\"http:\/\/www.tvturk.com\/index.php\/palandokende-hafta-sonu-yogunlugu\/palandokende-hafta-sonu-yogunlugu-4\/\" border=\"0\" itemprop=\"url\"> <meta itemprop=\"width\" content=\"173\"> <meta itemprop=\"height\" content=\"93\"> <img decoding=\"async\" class=\"\" data-attachment-id=\"40839\" data-orig-file=\"http:\/\/www.tvturk.com\/wp-content\/uploads\/2019\/02\/palandokende-hafta-sonu-yogunlugu_653e489.jpg\" data-orig-size=\"909,488\" data-comments-opened=\"\" data-image-meta=\"{&quot;aperture&quot;:&quot;0&quot;,&quot;credit&quot;:&quot;IHA&quot;,&quot;camera&quot;:&quot;&quot;,&quot;caption&quot;:&quot;PALAND\\u00d6KEN KAYAK MERKEZ\\u0130NDE HAFTA SONU TAT\\u0130L\\u0130N\\u0130 FIRSAT B\\u0130LEN YERL\\u0130 VE YABANCI TUR\\u0130STLER, G\\u00dcNE\\u015eL\\u0130 HAVADA KAYA\\u011eIN KEYF\\u0130N\\u0130 \\u00c7IKARTTI (AHMET AKBU\\u011eA\\\/ERZURUM-\\u0130HA)&quot;,&quot;created_timestamp&quot;:&quot;1550415000&quot;,&quot;copyright&quot;:&quot;\\u0130HLAS HABER AJANSI, www.iha.com.tr&quot;,&quot;focal_length&quot;:&quot;0&quot;,&quot;iso&quot;:&quot;0&quot;,&quot;shutter_speed&quot;:&quot;0&quot;,&quot;title&quot;:&quot;PALAND\\u00d6KEN\\u0027DE HAFTA SONU YO\\u011eUNLU\\u011eU&quot;,&quot;orientation&quot;:&quot;0&quot;}\" data-image-title=\"Paland\u00f6ken\u2019de hafta sonu yo\u011funlu\u011fu\" data-image-description=\"&lt;p&gt;Paland\u00f6ken\u2019de hafta sonu yo\u011funlu\u011fu&lt;\/p&gt; \" data-medium-file=\"https:\/\/i0.wp.com\/www.tvturk.com\/wp-content\/uploads\/2019\/02\/palandokende-hafta-sonu-yogunlugu_653e489.jpg?fit=300%2C161\" data-large-file=\"https:\/\/i0.wp.com\/www.tvturk.com\/wp-content\/uploads\/2019\/02\/palandokende-hafta-sonu-yogunlugu_653e489.jpg?fit=909%2C488\" src=\"https:\/\/i0.wp.com\/www.tvturk.com\/wp-content\/uploads\/2019\/02\/palandokende-hafta-sonu-yogunlugu_653e489.jpg?w=173&#038;h=93\" srcset=\"https:\/\/i0.wp.com\/www.tvturk.com\/wp-content\/uploads\/2019\/02\/palandokende-hafta-sonu-yogunlugu_653e489.jpg?w=909 909w, https:\/\/i0.wp.com\/www.tvturk.com\/wp-content\/uploads\/2019\/02\/palandokende-hafta-sonu-yogunlugu_653e489.jpg?resize=150%2C81 150w, https:\/\/i0.wp.com\/www.tvturk.com\/wp-content\/uploads\/2019\/02\/palandokende-hafta-sonu-yogunlugu_653e489.jpg?resize=300%2C161 300w, https:\/\/i0.wp.com\/www.tvturk.com\/wp-content\/uploads\/2019\/02\/palandokende-hafta-sonu-yogunlugu_653e489.jpg?resize=768%2C412 768w\" width=\"173\" height=\"93\" loading=\"lazy\" data-original-width=\"173\" data-original-height=\"93\" itemprop=\"http:\/\/schema.org\/image\" title=\"Paland\u00f6ken\u2019de hafta sonu yo\u011funlu\u011fu\" alt=\"Paland\u00f6ken\u2019de hafta sonu yo\u011funlu\u011fu\" style=\"width: 173px; height: 93px;\" \/> <\/a> <\/div> <div class=\"tiled-gallery-item tiled-gallery-item-small\" itemprop=\"associatedMedia\" itemscope itemtype=\"http:\/\/schema.org\/ImageObject\"> <a href=\"http:\/\/www.tvturk.com\/index.php\/palandokende-hafta-sonu-yogunlugu\/palandokende-hafta-sonu-yogunlugu-5\/\" border=\"0\" itemprop=\"url\"> <meta itemprop=\"width\" content=\"173\"> <meta itemprop=\"height\" content=\"115\"> <img decoding=\"async\" class=\"\" data-attachment-id=\"40840\" data-orig-file=\"http:\/\/www.tvturk.com\/wp-content\/uploads\/2019\/02\/palandokende-hafta-sonu-yogunlugu_e0c5cdc.jpg\" data-orig-size=\"1000,666\" data-comments-opened=\"\" data-image-meta=\"{&quot;aperture&quot;:&quot;0&quot;,&quot;credit&quot;:&quot;IHA&quot;,&quot;camera&quot;:&quot;&quot;,&quot;caption&quot;:&quot;PALAND\\u00d6KEN KAYAK MERKEZ\\u0130NDE HAFTA SONU TAT\\u0130L\\u0130N\\u0130 FIRSAT B\\u0130LEN YERL\\u0130 VE YABANCI TUR\\u0130STLER, G\\u00dcNE\\u015eL\\u0130 HAVADA KAYA\\u011eIN KEYF\\u0130N\\u0130 \\u00c7IKARTTI (AHMET AKBU\\u011eA\\\/ERZURUM-\\u0130HA)&quot;,&quot;created_timestamp&quot;:&quot;0&quot;,&quot;copyright&quot;:&quot;\\u0130HLAS HABER AJANSI, www.iha.com.tr&quot;,&quot;focal_length&quot;:&quot;0&quot;,&quot;iso&quot;:&quot;0&quot;,&quot;shutter_speed&quot;:&quot;0&quot;,&quot;title&quot;:&quot;PALAND\\u00d6KEN\\u0027DE HAFTA SONU YO\\u011eUNLU\\u011eU&quot;,&quot;orientation&quot;:&quot;0&quot;}\" data-image-title=\"Paland\u00f6ken\u2019de hafta sonu yo\u011funlu\u011fu\" data-image-description=\"&lt;p&gt;Paland\u00f6ken\u2019de hafta sonu yo\u011funlu\u011fu&lt;\/p&gt; \" data-medium-file=\"https:\/\/i0.wp.com\/www.tvturk.com\/wp-content\/uploads\/2019\/02\/palandokende-hafta-sonu-yogunlugu_e0c5cdc.jpg?fit=300%2C200\" data-large-file=\"https:\/\/i0.wp.com\/www.tvturk.com\/wp-content\/uploads\/2019\/02\/palandokende-hafta-sonu-yogunlugu_e0c5cdc.jpg?fit=1000%2C666\" src=\"https:\/\/i0.wp.com\/www.tvturk.com\/wp-content\/uploads\/2019\/02\/palandokende-hafta-sonu-yogunlugu_e0c5cdc.jpg?w=173&#038;h=115\" srcset=\"https:\/\/i0.wp.com\/www.tvturk.com\/wp-content\/uploads\/2019\/02\/palandokende-hafta-sonu-yogunlugu_e0c5cdc.jpg?w=1000 1000w, https:\/\/i0.wp.com\/www.tvturk.com\/wp-content\/uploads\/2019\/02\/palandokende-hafta-sonu-yogunlugu_e0c5cdc.jpg?resize=150%2C100 150w, https:\/\/i0.wp.com\/www.tvturk.com\/wp-content\/uploads\/2019\/02\/palandokende-hafta-sonu-yogunlugu_e0c5cdc.jpg?resize=300%2C200 300w, https:\/\/i0.wp.com\/www.tvturk.com\/wp-content\/uploads\/2019\/02\/palandokende-hafta-sonu-yogunlugu_e0c5cdc.jpg?resize=768%2C511 768w, https:\/\/i0.wp.com\/www.tvturk.com\/wp-content\/uploads\/2019\/02\/palandokende-hafta-sonu-yogunlugu_e0c5cdc.jpg?resize=170%2C113 170w, https:\/\/i0.wp.com\/www.tvturk.com\/wp-content\/uploads\/2019\/02\/palandokende-hafta-sonu-yogunlugu_e0c5cdc.jpg?resize=120%2C80 120w\" width=\"173\" height=\"115\" loading=\"lazy\" data-original-width=\"173\" data-original-height=\"115\" itemprop=\"http:\/\/schema.org\/image\" title=\"Paland\u00f6ken\u2019de hafta sonu yo\u011funlu\u011fu\" alt=\"Paland\u00f6ken\u2019de hafta sonu yo\u011funlu\u011fu\" style=\"width: 173px; height: 115px;\" \/> <\/a> <\/div> <\/div> <!-- close group --> <\/div> <!-- close row --> <\/div><\/p>\n","protected":false},"excerpt":{"rendered":"<p>PALAND\u00d6KEN KAYAK MERKEZ\u0130NDE HAFTA SONU TAT\u0130L\u0130N\u0130 FIRSAT B\u0130LEN YERL\u0130 VE YABANCI TUR\u0130STLER, G\u00dcNE\u015eL\u0130 HAVADA KAYA\u011eIN KEYF\u0130N\u0130 \u00c7IKARTTI<\/p>\n","protected":false},"author":1,"featured_media":40837,"comment_status":"closed","ping_status":"open","sticky":false,"template":"","format":"standard","meta":{"jetpack_post_was_ever_published":false,"_jetpack_newsletter_access":"","_jetpack_dont_email_post_to_subs":false,"_jetpack_newsletter_tier_id":0,"_jetpack_memberships_contains_paywalled_content":false,"_jetpack_memberships_contains_paid_content":false,"footnotes":"","jetpack_publicize_message":"","jetpack_publicize_feature_enabled":true,"jetpack_social_post_already_shared":false,"jetpack_social_options":{"image_generator_settings":{"template":"highway","default_image_id":0,"font":"","enabled":false},"version":2}},"categories":[655],"tags":[1178,5377,3535,10277],"class_list":["post-40836","post","type-post","status-publish","format-standard","has-post-thumbnail","hentry","category-son-dakika","tag-hafta","tag-palandokende","tag-sonu","tag-yogunlugu"],"jetpack_publicize_connections":[],"jetpack_featured_media_url":"https:\/\/i0.wp.com\/www.tvturk.com\/wp-content\/uploads\/2019\/02\/palandokende-hafta-sonu-yogunlugu_75a036d.jpg?fit=1000%2C696","jetpack_sharing_enabled":true,"jetpack_shortlink":"https:\/\/wp.me\/paKIfm-aCE","_links":{"self":[{"href":"http:\/\/www.tvturk.com\/index.php\/wp-json\/wp\/v2\/posts\/40836","targetHints":{"allow":["GET"]}}],"collection":[{"href":"http:\/\/www.tvturk.com\/index.php\/wp-json\/wp\/v2\/posts"}],"about":[{"href":"http:\/\/www.tvturk.com\/index.php\/wp-json\/wp\/v2\/types\/post"}],"author":[{"embeddable":true,"href":"http:\/\/www.tvturk.com\/index.php\/wp-json\/wp\/v2\/users\/1"}],"replies":[{"embeddable":true,"href":"http:\/\/www.tvturk.com\/index.php\/wp-json\/wp\/v2\/comments?post=40836"}],"version-history":[{"count":1,"href":"http:\/\/www.tvturk.com\/index.php\/wp-json\/wp\/v2\/posts\/40836\/revisions"}],"predecessor-version":[{"id":40841,"href":"http:\/\/www.tvturk.com\/index.php\/wp-json\/wp\/v2\/posts\/40836\/revisions\/40841"}],"wp:featuredmedia":[{"embeddable":true,"href":"http:\/\/www.tvturk.com\/index.php\/wp-json\/wp\/v2\/media\/40837"}],"wp:attachment":[{"href":"http:\/\/www.tvturk.com\/index.php\/wp-json\/wp\/v2\/media?parent=40836"}],"wp:term":[{"taxonomy":"category","embeddable":true,"href":"http:\/\/www.tvturk.com\/index.php\/wp-json\/wp\/v2\/categories?post=40836"},{"taxonomy":"post_tag","embeddable":true,"href":"http:\/\/www.tvturk.com\/index.php\/wp-json\/wp\/v2\/tags?post=40836"}],"curies":[{"name":"wp","href":"https:\/\/api.w.org\/{rel}","templated":true}]}}