{"id":40890,"date":"2019-02-17T11:01:28","date_gmt":"2019-02-17T08:01:28","guid":{"rendered":"http:\/\/www.tvturk.com\/index.php\/kepez-kitap-fuari-yeniliklerle-geliyor\/"},"modified":"2019-02-17T11:01:31","modified_gmt":"2019-02-17T08:01:31","slug":"kepez-kitap-fuari-yeniliklerle-geliyor","status":"publish","type":"post","link":"http:\/\/www.tvturk.com\/index.php\/kepez-kitap-fuari-yeniliklerle-geliyor\/","title":{"rendered":"Kepez Kitap Fuar\u0131 yeniliklerle geliyor"},"content":{"rendered":"<p>Kepez Belediyesi\u2019nin ge\u00e7ti\u011fimiz y\u0131l ilki d\u00fczenlenen ve 10 g\u00fcnde 380 bin ziyaret\u00e7i a\u011f\u0131rlayan Kepez Kitap Fuar\u0131\u2019n\u0131n \u00e7evreci ve sosyal proje i\u00e7erikli T\u00fcrkiye\u2019nin en b\u00fcy\u00fck kitap fuar\u0131 olma yolundaki ilk ad\u0131mlar\u0131 at\u0131ld\u0131.<\/p>\n<p>Kepez Belediye Ba\u015fkan\u0131 Hakan T\u00fct\u00fcnc\u00fc\u2019n\u00fcn daveti \u00fczerine toplanan il ve il\u00e7e Milli E\u011fitim M\u00fcd\u00fcrl\u00fc\u011f\u00fc ile \u00fcniversitelerin temsilcilerine bu y\u0131l ikinci kez d\u00fczenlenecek olan fuar\u0131n haz\u0131rl\u0131klar\u0131 ve fuar kapsam\u0131nda yap\u0131lacak etkinlikler anlat\u0131ld\u0131. Ge\u00e7en y\u0131l\u0131n Nisan ay\u0131nda 152 yay\u0131n evi ve 130 yazar kat\u0131l\u0131m\u0131yla 10 g\u00fcn s\u00fcren Kepez Kitap Fuar\u0131\u2019n\u0131n ikincisinin haz\u0131rl\u0131k toplant\u0131s\u0131nda, Antalya\u2019ya katk\u0131 sa\u011flayacak \u00f6nemli kararlar al\u0131nd\u0131. T\u00fcrkiye\u2019nin en b\u00fcy\u00fck kitap fuar\u0131 olma yolunda ad\u0131mlar at\u0131lan Kepez Kitap Fuar\u0131\u2019n\u0131n ilk \u00e7al\u0131\u015fma toplant\u0131s\u0131nda, kitap alanlar i\u00e7in portakal bah\u00e7esi kurulmas\u0131, k\u00f6y okullar\u0131na k\u00fct\u00fcphane ve g\u00f6rme engellilere sesli kitap kazand\u0131r\u0131laca\u011f\u0131 duyuruldu.<\/p>\n<p>Kepez Kitap Fuar\u0131\u2019na bu y\u0131l daha fazla \u00f6\u011frencinin kat\u0131l\u0131m\u0131n\u0131 sa\u011flamak \u00fczere bu toplant\u0131y\u0131 yapt\u0131klar\u0131n\u0131 belirten Ba\u015fkan T\u00fct\u00fcnc\u00fc, \u201cDaha b\u00fcy\u00fck heyecanla, daha fazla kurumsalla\u015farak fuar\u0131m\u0131z kap\u0131lar\u0131n\u0131 a\u00e7acak. Antalya\u2019ya kitapseverlere \u00f6nemli bir k\u00fclt\u00fcr kap\u0131s\u0131 a\u00e7\u0131yor olmaktan dolay\u0131 mutluyuz\u201d dedi.<\/p>\n<p>Hedef 200 yay\u0131nevi kat\u0131l\u0131m\u0131<\/p>\n<p>M\u00fc\u015fterek \u00e7al\u0131\u015fmalarla bu y\u0131l 180 ile 200 aras\u0131nda yay\u0131nevinin kat\u0131l\u0131m\u0131n\u0131 \u00f6n g\u00f6rd\u00fcklerini belirten T\u00fct\u00fcnc\u00fc, \u00e7e\u015fitli kampanyalar, etkinliklerle \u00fclkemizin en \u00f6nemli fuar\u0131 olma yolunda emin ad\u0131mlar att\u0131klar\u0131n\u0131 s\u00f6yledi.<\/p>\n<p>Portakal bah\u00e7esi kurulacak<\/p>\n<p>Bu y\u0131lki en \u00f6nemli yenili\u011fin ye\u015file duyarl\u0131l\u0131k g\u00f6sterilmesi oldu\u011funu belirten T\u00fct\u00fcnc\u00fc, belli say\u0131da kitap alanlar ad\u0131na birer fidan dikilerek portakal bah\u00e7esi olu\u015fturacaklar\u0131n\u0131 m\u00fcjdeledi. Dokuma Park b\u00fcnyesine kitapseverlerin kat\u0131l\u0131m\u0131yla portakal bah\u00e7esi kazand\u0131r\u0131laca\u011f\u0131n\u0131 belirten T\u00fct\u00fcnc\u00fc, Antalya\u2019n\u0131n sembol\u00fc olan portakal \u00e7i\u00e7e\u011finin kokusunun \u015fehre yay\u0131lmas\u0131n\u0131 \u00f6nemli bulduklar\u0131n\u0131 s\u00f6yledi.<\/p>\n<p>Her y\u0131l bir okula k\u00fct\u00fcphane<\/p>\n<p>Fuar b\u00fcnyesinde kurulacak ba\u011f\u0131\u015f stand\u0131yla k\u00f6y okullar\u0131 \u00f6nceli\u011fiyle her y\u0131l bir okula k\u00fct\u00fcphane kurulmas\u0131n\u0131 kararla\u015ft\u0131rd\u0131klar\u0131n\u0131 belirten T\u00fct\u00fcnc\u00fc, sosyal mesaj i\u00e7eren bu \u00e7al\u0131\u015fmaya ba\u011f\u0131\u015f severlerin deste\u011fini istedi.<\/p>\n<p>Engellilere sesli kitap<\/p>\n<p>G\u00f6rme engellilerin de kitaplara ula\u015fabilmesi i\u00e7in sesli kitap \u00fcretimine ge\u00e7eceklerini duyuran T\u00fct\u00fcnc\u00fc, \u201cK\u00fclt\u00fcr ve Turizm Bakanl\u0131\u011f\u0131\u2019na ba\u011fl\u0131 k\u00fct\u00fcphanelerimize verilmek \u00fczere, sesli kitap \u00fcretimi i\u00e7in \u00e7al\u0131\u015fma ba\u015flataca\u011f\u0131z. Mimar Sinan Kongre Merkezi\u2019nde y\u0131l boyunca a\u00e7\u0131k kalacak olan ses kay\u0131t st\u00fcdyolar\u0131nda, kitap okuyarak engellilerimize yard\u0131m etmek isteyenleri bekleyece\u011fiz\u201d diye konu\u015ftu. Ge\u00e7en y\u0131l 10 g\u00fcnde 380 bin ziyaret\u00e7iyle rekor k\u0131ran fuar\u0131n adresi, yine Mimar Sinan Kongre Merkezi\u2019ndeki fuar alan\u0131nda olacak.<div class=\"tiled-gallery type-rectangular tiled-gallery-unresized\" data-original-width=\"500\" data-carousel-extra='null' itemscope itemtype=\"http:\/\/schema.org\/ImageGallery\" > <div class=\"gallery-row\" style=\"width: 500px; height: 224px;\" data-original-width=\"500\" data-original-height=\"224\" > <div class=\"gallery-group images-1\" style=\"width: 334px; height: 224px;\" data-original-width=\"334\" data-original-height=\"224\" > <div class=\"tiled-gallery-item tiled-gallery-item-large\" itemprop=\"associatedMedia\" itemscope itemtype=\"http:\/\/schema.org\/ImageObject\"> <a href=\"http:\/\/www.tvturk.com\/index.php\/kepez-kitap-fuari-yeniliklerle-geliyor\/kepez-kitap-fuari-yeniliklerle-geliyor-3\/\" border=\"0\" itemprop=\"url\"> <meta itemprop=\"width\" content=\"330\"> <meta itemprop=\"height\" content=\"220\"> <img decoding=\"async\" class=\"\" data-attachment-id=\"40892\" data-orig-file=\"http:\/\/www.tvturk.com\/wp-content\/uploads\/2019\/02\/kepez-kitap-fuari-yeniliklerle-geliyor_075e997.jpg\" data-orig-size=\"1000,667\" data-comments-opened=\"\" data-image-meta=\"{&quot;aperture&quot;:&quot;0&quot;,&quot;credit&quot;:&quot;IHA&quot;,&quot;camera&quot;:&quot;&quot;,&quot;caption&quot;:&quot;GE\\u00c7EN YILIN N\\u0130SAN AYINDA 152 YAYIN EV\\u0130 VE 130 YAZAR KATILIMIYLA 10 G\\u00dcN S\\u00dcREN KEPEZ K\\u0130TAP FUARI\\u2019NIN \\u0130K\\u0130NC\\u0130S\\u0130N\\u0130N HAZIRLIK TOPLANTISINDA, ANTALYA\\u2019YA KATKI SA\\u011eLAYACAK \\u00d6NEML\\u0130 KARARLAR ALINDI. (\\u0130HA\\\/ANTALYA-\\u0130HA)&quot;,&quot;created_timestamp&quot;:&quot;0&quot;,&quot;copyright&quot;:&quot;\\u0130HLAS HABER AJANSI, www.iha.com.tr&quot;,&quot;focal_length&quot;:&quot;0&quot;,&quot;iso&quot;:&quot;0&quot;,&quot;shutter_speed&quot;:&quot;0&quot;,&quot;title&quot;:&quot;KEPEZ K\\u0130TAP FUARI YEN\\u0130L\\u0130KLERLE GEL\\u0130YOR&quot;,&quot;orientation&quot;:&quot;0&quot;}\" data-image-title=\"Kepez Kitap Fuar\u0131 yeniliklerle geliyor\" data-image-description=\"&lt;p&gt;Kepez Kitap Fuar\u0131 yeniliklerle geliyor&lt;\/p&gt; \" data-medium-file=\"https:\/\/i0.wp.com\/www.tvturk.com\/wp-content\/uploads\/2019\/02\/kepez-kitap-fuari-yeniliklerle-geliyor_075e997.jpg?fit=300%2C200\" data-large-file=\"https:\/\/i0.wp.com\/www.tvturk.com\/wp-content\/uploads\/2019\/02\/kepez-kitap-fuari-yeniliklerle-geliyor_075e997.jpg?fit=1000%2C667\" src=\"https:\/\/i0.wp.com\/www.tvturk.com\/wp-content\/uploads\/2019\/02\/kepez-kitap-fuari-yeniliklerle-geliyor_075e997.jpg?w=330&#038;h=220\" srcset=\"https:\/\/i0.wp.com\/www.tvturk.com\/wp-content\/uploads\/2019\/02\/kepez-kitap-fuari-yeniliklerle-geliyor_075e997.jpg?w=1000 1000w, https:\/\/i0.wp.com\/www.tvturk.com\/wp-content\/uploads\/2019\/02\/kepez-kitap-fuari-yeniliklerle-geliyor_075e997.jpg?resize=150%2C100 150w, https:\/\/i0.wp.com\/www.tvturk.com\/wp-content\/uploads\/2019\/02\/kepez-kitap-fuari-yeniliklerle-geliyor_075e997.jpg?resize=300%2C200 300w, https:\/\/i0.wp.com\/www.tvturk.com\/wp-content\/uploads\/2019\/02\/kepez-kitap-fuari-yeniliklerle-geliyor_075e997.jpg?resize=768%2C512 768w, https:\/\/i0.wp.com\/www.tvturk.com\/wp-content\/uploads\/2019\/02\/kepez-kitap-fuari-yeniliklerle-geliyor_075e997.jpg?resize=170%2C113 170w, https:\/\/i0.wp.com\/www.tvturk.com\/wp-content\/uploads\/2019\/02\/kepez-kitap-fuari-yeniliklerle-geliyor_075e997.jpg?resize=120%2C80 120w\" width=\"330\" height=\"220\" loading=\"lazy\" data-original-width=\"330\" data-original-height=\"220\" itemprop=\"http:\/\/schema.org\/image\" title=\"Kepez Kitap Fuar\u0131 yeniliklerle geliyor\" alt=\"Kepez Kitap Fuar\u0131 yeniliklerle geliyor\" style=\"width: 330px; height: 220px;\" \/> <\/a> <\/div> <\/div> <!-- close group --> <div class=\"gallery-group images-2\" style=\"width: 166px; height: 224px;\" data-original-width=\"166\" data-original-height=\"224\" > <div class=\"tiled-gallery-item tiled-gallery-item-small\" itemprop=\"associatedMedia\" itemscope itemtype=\"http:\/\/schema.org\/ImageObject\"> <a href=\"http:\/\/www.tvturk.com\/index.php\/kepez-kitap-fuari-yeniliklerle-geliyor\/kepez-kitap-fuari-yeniliklerle-geliyor-4\/\" border=\"0\" itemprop=\"url\"> <meta itemprop=\"width\" content=\"162\"> <meta itemprop=\"height\" content=\"108\"> <img decoding=\"async\" class=\"\" data-attachment-id=\"40893\" data-orig-file=\"http:\/\/www.tvturk.com\/wp-content\/uploads\/2019\/02\/kepez-kitap-fuari-yeniliklerle-geliyor_6b956a6.jpg\" data-orig-size=\"1000,667\" data-comments-opened=\"\" data-image-meta=\"{&quot;aperture&quot;:&quot;0&quot;,&quot;credit&quot;:&quot;IHA&quot;,&quot;camera&quot;:&quot;&quot;,&quot;caption&quot;:&quot;GE\\u00c7EN YILIN N\\u0130SAN AYINDA 152 YAYIN EV\\u0130 VE 130 YAZAR KATILIMIYLA 10 G\\u00dcN S\\u00dcREN KEPEZ K\\u0130TAP FUARI\\u2019NIN \\u0130K\\u0130NC\\u0130S\\u0130N\\u0130N HAZIRLIK TOPLANTISINDA, ANTALYA\\u2019YA KATKI SA\\u011eLAYACAK \\u00d6NEML\\u0130 KARARLAR ALINDI. (\\u0130HA\\\/ANTALYA-\\u0130HA)&quot;,&quot;created_timestamp&quot;:&quot;0&quot;,&quot;copyright&quot;:&quot;\\u0130HLAS HABER AJANSI, www.iha.com.tr&quot;,&quot;focal_length&quot;:&quot;0&quot;,&quot;iso&quot;:&quot;0&quot;,&quot;shutter_speed&quot;:&quot;0&quot;,&quot;title&quot;:&quot;KEPEZ K\\u0130TAP FUARI YEN\\u0130L\\u0130KLERLE GEL\\u0130YOR&quot;,&quot;orientation&quot;:&quot;0&quot;}\" data-image-title=\"Kepez Kitap Fuar\u0131 yeniliklerle geliyor\" data-image-description=\"&lt;p&gt;Kepez Kitap Fuar\u0131 yeniliklerle geliyor&lt;\/p&gt; \" data-medium-file=\"https:\/\/i0.wp.com\/www.tvturk.com\/wp-content\/uploads\/2019\/02\/kepez-kitap-fuari-yeniliklerle-geliyor_6b956a6.jpg?fit=300%2C200\" data-large-file=\"https:\/\/i0.wp.com\/www.tvturk.com\/wp-content\/uploads\/2019\/02\/kepez-kitap-fuari-yeniliklerle-geliyor_6b956a6.jpg?fit=1000%2C667\" src=\"https:\/\/i0.wp.com\/www.tvturk.com\/wp-content\/uploads\/2019\/02\/kepez-kitap-fuari-yeniliklerle-geliyor_6b956a6.jpg?w=162&#038;h=108\" srcset=\"https:\/\/i0.wp.com\/www.tvturk.com\/wp-content\/uploads\/2019\/02\/kepez-kitap-fuari-yeniliklerle-geliyor_6b956a6.jpg?w=1000 1000w, https:\/\/i0.wp.com\/www.tvturk.com\/wp-content\/uploads\/2019\/02\/kepez-kitap-fuari-yeniliklerle-geliyor_6b956a6.jpg?resize=150%2C100 150w, https:\/\/i0.wp.com\/www.tvturk.com\/wp-content\/uploads\/2019\/02\/kepez-kitap-fuari-yeniliklerle-geliyor_6b956a6.jpg?resize=300%2C200 300w, https:\/\/i0.wp.com\/www.tvturk.com\/wp-content\/uploads\/2019\/02\/kepez-kitap-fuari-yeniliklerle-geliyor_6b956a6.jpg?resize=768%2C512 768w, https:\/\/i0.wp.com\/www.tvturk.com\/wp-content\/uploads\/2019\/02\/kepez-kitap-fuari-yeniliklerle-geliyor_6b956a6.jpg?resize=170%2C113 170w, https:\/\/i0.wp.com\/www.tvturk.com\/wp-content\/uploads\/2019\/02\/kepez-kitap-fuari-yeniliklerle-geliyor_6b956a6.jpg?resize=120%2C80 120w\" width=\"162\" height=\"108\" loading=\"lazy\" data-original-width=\"162\" data-original-height=\"108\" itemprop=\"http:\/\/schema.org\/image\" title=\"Kepez Kitap Fuar\u0131 yeniliklerle geliyor\" alt=\"Kepez Kitap Fuar\u0131 yeniliklerle geliyor\" style=\"width: 162px; height: 108px;\" \/> <\/a> <\/div> <div class=\"tiled-gallery-item tiled-gallery-item-small\" itemprop=\"associatedMedia\" itemscope itemtype=\"http:\/\/schema.org\/ImageObject\"> <a href=\"http:\/\/www.tvturk.com\/index.php\/kepez-kitap-fuari-yeniliklerle-geliyor\/kepez-kitap-fuari-yeniliklerle-geliyor-5\/\" border=\"0\" itemprop=\"url\"> <meta itemprop=\"width\" content=\"162\"> <meta itemprop=\"height\" content=\"108\"> <img decoding=\"async\" class=\"\" data-attachment-id=\"40894\" data-orig-file=\"http:\/\/www.tvturk.com\/wp-content\/uploads\/2019\/02\/kepez-kitap-fuari-yeniliklerle-geliyor_ce5ac66.jpg\" data-orig-size=\"1000,667\" data-comments-opened=\"\" data-image-meta=\"{&quot;aperture&quot;:&quot;0&quot;,&quot;credit&quot;:&quot;IHA&quot;,&quot;camera&quot;:&quot;&quot;,&quot;caption&quot;:&quot;GE\\u00c7EN YILIN N\\u0130SAN AYINDA 152 YAYIN EV\\u0130 VE 130 YAZAR KATILIMIYLA 10 G\\u00dcN S\\u00dcREN KEPEZ K\\u0130TAP FUARI\\u2019NIN \\u0130K\\u0130NC\\u0130S\\u0130N\\u0130N HAZIRLIK TOPLANTISINDA, ANTALYA\\u2019YA KATKI SA\\u011eLAYACAK \\u00d6NEML\\u0130 KARARLAR ALINDI. (\\u0130HA\\\/ANTALYA-\\u0130HA)&quot;,&quot;created_timestamp&quot;:&quot;0&quot;,&quot;copyright&quot;:&quot;\\u0130HLAS HABER AJANSI, www.iha.com.tr&quot;,&quot;focal_length&quot;:&quot;0&quot;,&quot;iso&quot;:&quot;0&quot;,&quot;shutter_speed&quot;:&quot;0&quot;,&quot;title&quot;:&quot;KEPEZ K\\u0130TAP FUARI YEN\\u0130L\\u0130KLERLE GEL\\u0130YOR&quot;,&quot;orientation&quot;:&quot;0&quot;}\" data-image-title=\"Kepez Kitap Fuar\u0131 yeniliklerle geliyor\" data-image-description=\"&lt;p&gt;Kepez Kitap Fuar\u0131 yeniliklerle geliyor&lt;\/p&gt; \" data-medium-file=\"https:\/\/i0.wp.com\/www.tvturk.com\/wp-content\/uploads\/2019\/02\/kepez-kitap-fuari-yeniliklerle-geliyor_ce5ac66.jpg?fit=300%2C200\" data-large-file=\"https:\/\/i0.wp.com\/www.tvturk.com\/wp-content\/uploads\/2019\/02\/kepez-kitap-fuari-yeniliklerle-geliyor_ce5ac66.jpg?fit=1000%2C667\" src=\"https:\/\/i0.wp.com\/www.tvturk.com\/wp-content\/uploads\/2019\/02\/kepez-kitap-fuari-yeniliklerle-geliyor_ce5ac66.jpg?w=162&#038;h=108\" srcset=\"https:\/\/i0.wp.com\/www.tvturk.com\/wp-content\/uploads\/2019\/02\/kepez-kitap-fuari-yeniliklerle-geliyor_ce5ac66.jpg?w=1000 1000w, https:\/\/i0.wp.com\/www.tvturk.com\/wp-content\/uploads\/2019\/02\/kepez-kitap-fuari-yeniliklerle-geliyor_ce5ac66.jpg?resize=150%2C100 150w, https:\/\/i0.wp.com\/www.tvturk.com\/wp-content\/uploads\/2019\/02\/kepez-kitap-fuari-yeniliklerle-geliyor_ce5ac66.jpg?resize=300%2C200 300w, https:\/\/i0.wp.com\/www.tvturk.com\/wp-content\/uploads\/2019\/02\/kepez-kitap-fuari-yeniliklerle-geliyor_ce5ac66.jpg?resize=768%2C512 768w, https:\/\/i0.wp.com\/www.tvturk.com\/wp-content\/uploads\/2019\/02\/kepez-kitap-fuari-yeniliklerle-geliyor_ce5ac66.jpg?resize=170%2C113 170w, https:\/\/i0.wp.com\/www.tvturk.com\/wp-content\/uploads\/2019\/02\/kepez-kitap-fuari-yeniliklerle-geliyor_ce5ac66.jpg?resize=120%2C80 120w\" width=\"162\" height=\"108\" loading=\"lazy\" data-original-width=\"162\" data-original-height=\"108\" itemprop=\"http:\/\/schema.org\/image\" title=\"Kepez Kitap Fuar\u0131 yeniliklerle geliyor\" alt=\"Kepez Kitap Fuar\u0131 yeniliklerle geliyor\" style=\"width: 162px; height: 108px;\" \/> <\/a> <\/div> <\/div> <!-- close group --> <\/div> <!-- close row --> <\/div><\/p>\n","protected":false},"excerpt":{"rendered":"<p>KEPEZ BELED\u0130YE BA\u015eKANI HAKAN T\u00dcT\u00dcNC\u00dc\u2019N\u00dcN DAVET\u0130 \u00dcZER\u0130NE TOPLANAN \u0130L VE \u0130L\u00c7E M\u0130LL\u0130 E\u011e\u0130T\u0130M M\u00dcD\u00dcRL\u00dc\u011e\u00dc \u0130LE \u00dcN\u0130VERS\u0130TELER\u0130N TEMS\u0130LC\u0130LER\u0130NE BU YIL \u0130K\u0130NC\u0130 KEZ D\u00dcZENLENECEK OLAN FUARIN HAZIRLIKLARI VE FUAR KAPSAMINDA YAPILACAK ETK\u0130NL\u0130KLER ANLATILDI.<\/p>\n","protected":false},"author":1,"featured_media":40891,"comment_status":"closed","ping_status":"open","sticky":false,"template":"","format":"standard","meta":{"jetpack_post_was_ever_published":false,"_jetpack_newsletter_access":"","_jetpack_dont_email_post_to_subs":false,"_jetpack_newsletter_tier_id":0,"_jetpack_memberships_contains_paywalled_content":false,"_jetpack_memberships_contains_paid_content":false,"footnotes":"","jetpack_publicize_message":"","jetpack_publicize_feature_enabled":true,"jetpack_social_post_already_shared":false,"jetpack_social_options":{"image_generator_settings":{"template":"highway","default_image_id":0,"font":"","enabled":false},"version":2}},"categories":[656],"tags":[2924,3927,2050,4074,14588],"class_list":["post-40890","post","type-post","status-publish","format-standard","has-post-thumbnail","hentry","category-kultur-sanat","tag-fuari","tag-geliyor","tag-kepez","tag-kitap","tag-yeniliklerle"],"jetpack_publicize_connections":[],"jetpack_featured_media_url":"https:\/\/i0.wp.com\/www.tvturk.com\/wp-content\/uploads\/2019\/02\/kepez-kitap-fuari-yeniliklerle-geliyor_de74a8f.jpg?fit=1000%2C667","jetpack_sharing_enabled":true,"jetpack_shortlink":"https:\/\/wp.me\/paKIfm-aDw","_links":{"self":[{"href":"http:\/\/www.tvturk.com\/index.php\/wp-json\/wp\/v2\/posts\/40890","targetHints":{"allow":["GET"]}}],"collection":[{"href":"http:\/\/www.tvturk.com\/index.php\/wp-json\/wp\/v2\/posts"}],"about":[{"href":"http:\/\/www.tvturk.com\/index.php\/wp-json\/wp\/v2\/types\/post"}],"author":[{"embeddable":true,"href":"http:\/\/www.tvturk.com\/index.php\/wp-json\/wp\/v2\/users\/1"}],"replies":[{"embeddable":true,"href":"http:\/\/www.tvturk.com\/index.php\/wp-json\/wp\/v2\/comments?post=40890"}],"version-history":[{"count":1,"href":"http:\/\/www.tvturk.com\/index.php\/wp-json\/wp\/v2\/posts\/40890\/revisions"}],"predecessor-version":[{"id":40895,"href":"http:\/\/www.tvturk.com\/index.php\/wp-json\/wp\/v2\/posts\/40890\/revisions\/40895"}],"wp:featuredmedia":[{"embeddable":true,"href":"http:\/\/www.tvturk.com\/index.php\/wp-json\/wp\/v2\/media\/40891"}],"wp:attachment":[{"href":"http:\/\/www.tvturk.com\/index.php\/wp-json\/wp\/v2\/media?parent=40890"}],"wp:term":[{"taxonomy":"category","embeddable":true,"href":"http:\/\/www.tvturk.com\/index.php\/wp-json\/wp\/v2\/categories?post=40890"},{"taxonomy":"post_tag","embeddable":true,"href":"http:\/\/www.tvturk.com\/index.php\/wp-json\/wp\/v2\/tags?post=40890"}],"curies":[{"name":"wp","href":"https:\/\/api.w.org\/{rel}","templated":true}]}}