{"id":40910,"date":"2019-02-17T11:11:02","date_gmt":"2019-02-17T08:11:02","guid":{"rendered":"http:\/\/www.tvturk.com\/index.php\/kepsutta-yanan-ev-kullanilamaz-hale-geldi\/"},"modified":"2019-02-17T11:11:05","modified_gmt":"2019-02-17T08:11:05","slug":"kepsutta-yanan-ev-kullanilamaz-hale-geldi","status":"publish","type":"post","link":"http:\/\/www.tvturk.com\/index.php\/kepsutta-yanan-ev-kullanilamaz-hale-geldi\/","title":{"rendered":"Kepsut\u2019ta yanan ev kullan\u0131lamaz hale geldi"},"content":{"rendered":"<p>Kepsut il\u00e7esine ba\u011fl\u0131 \u0130saalan k\u00f6y\u00fcnde meydana gelen yang\u0131nda ev kullan\u0131lamaz hale geldi.<\/p>\n<p>Edinilen bilgiye g\u00f6re, yang\u0131n \u0130saalan k\u0131rsal mahallesinde bulunan Arif Sayar\u2019a ait evde bilinmeyen bir nedenle yang\u0131n \u00e7\u0131kt\u0131. Birden alev alan k\u00f6y evini mahalle sakinlerinin ihbar\u0131 \u00fczerine Bal\u0131kesir B\u00fcy\u00fck\u015fehir Belediyesi \u0130tfaiye Daire Ba\u015fkanl\u0131\u011f\u0131na ba\u011fl\u0131, Kepsut \u0130tfaiye Grup Amirli\u011fi k\u0131sa s\u00fcrede olay mahalline gelerek yang\u0131na m\u00fcdahale etti. Yakla\u015f\u0131k 2 saatlik \u00e7al\u0131\u015fman\u0131n ard\u0131ndan yang\u0131n b\u00fcy\u00fcmeden tamamen s\u00f6nd\u00fcr\u00fcld\u00fc. Bacadan \u00e7\u0131kan k\u0131v\u0131lc\u0131mdan kaynakland\u0131\u011f\u0131 tahmin edilen yang\u0131n i\u00e7in soru\u015fturma ba\u015flat\u0131ld\u0131.<div class=\"tiled-gallery type-rectangular tiled-gallery-unresized\" data-original-width=\"500\" data-carousel-extra='null' itemscope itemtype=\"http:\/\/schema.org\/ImageGallery\" > <div class=\"gallery-row\" style=\"width: 500px; height: 189px;\" data-original-width=\"500\" data-original-height=\"189\" > <div class=\"gallery-group images-1\" style=\"width: 250px; height: 189px;\" data-original-width=\"250\" data-original-height=\"189\" > <div class=\"tiled-gallery-item tiled-gallery-item-small\" itemprop=\"associatedMedia\" itemscope itemtype=\"http:\/\/schema.org\/ImageObject\"> <a href=\"http:\/\/www.tvturk.com\/index.php\/kepsutta-yanan-ev-kullanilamaz-hale-geldi\/kepsutta-yanan-ev-kullanilamaz-hale-geldi-3\/\" border=\"0\" itemprop=\"url\"> <meta itemprop=\"width\" content=\"246\"> <meta itemprop=\"height\" content=\"185\"> <img decoding=\"async\" class=\"\" data-attachment-id=\"40912\" data-orig-file=\"http:\/\/www.tvturk.com\/wp-content\/uploads\/2019\/02\/kepsutta-yanan-ev-kullanilamaz-hale-geldi_a56554f.jpg\" data-orig-size=\"1000,750\" data-comments-opened=\"\" data-image-meta=\"{&quot;aperture&quot;:&quot;0&quot;,&quot;credit&quot;:&quot;IHA&quot;,&quot;camera&quot;:&quot;&quot;,&quot;caption&quot;:&quot;KEPSUT\\u0027TA YANAN EV KULLANILAMAZ HALE GELD\\u0130 (ERDAL K\\u00dc\\u00c7\\u00dcK\\\/BALIKES\\u0130R-\\u0130HA)&quot;,&quot;created_timestamp&quot;:&quot;0&quot;,&quot;copyright&quot;:&quot;\\u0130HLAS HABER AJANSI, www.iha.com.tr&quot;,&quot;focal_length&quot;:&quot;0&quot;,&quot;iso&quot;:&quot;0&quot;,&quot;shutter_speed&quot;:&quot;0&quot;,&quot;title&quot;:&quot;KEPSUT\\u0027TA YANAN EV KULLANILAMAZ HALE GELD\\u0130&quot;,&quot;orientation&quot;:&quot;0&quot;}\" data-image-title=\"Kepsut\u2019ta yanan ev kullan\u0131lamaz hale geldi\" data-image-description=\"&lt;p&gt;Kepsut\u2019ta yanan ev kullan\u0131lamaz hale geldi&lt;\/p&gt; \" data-medium-file=\"https:\/\/i0.wp.com\/www.tvturk.com\/wp-content\/uploads\/2019\/02\/kepsutta-yanan-ev-kullanilamaz-hale-geldi_a56554f.jpg?fit=300%2C225\" data-large-file=\"https:\/\/i0.wp.com\/www.tvturk.com\/wp-content\/uploads\/2019\/02\/kepsutta-yanan-ev-kullanilamaz-hale-geldi_a56554f.jpg?fit=1000%2C750\" src=\"https:\/\/i0.wp.com\/www.tvturk.com\/wp-content\/uploads\/2019\/02\/kepsutta-yanan-ev-kullanilamaz-hale-geldi_a56554f.jpg?w=246&#038;h=185\" srcset=\"https:\/\/i0.wp.com\/www.tvturk.com\/wp-content\/uploads\/2019\/02\/kepsutta-yanan-ev-kullanilamaz-hale-geldi_a56554f.jpg?w=1000 1000w, https:\/\/i0.wp.com\/www.tvturk.com\/wp-content\/uploads\/2019\/02\/kepsutta-yanan-ev-kullanilamaz-hale-geldi_a56554f.jpg?resize=150%2C113 150w, https:\/\/i0.wp.com\/www.tvturk.com\/wp-content\/uploads\/2019\/02\/kepsutta-yanan-ev-kullanilamaz-hale-geldi_a56554f.jpg?resize=300%2C225 300w, https:\/\/i0.wp.com\/www.tvturk.com\/wp-content\/uploads\/2019\/02\/kepsutta-yanan-ev-kullanilamaz-hale-geldi_a56554f.jpg?resize=768%2C576 768w\" width=\"246\" height=\"185\" loading=\"lazy\" data-original-width=\"246\" data-original-height=\"185\" itemprop=\"http:\/\/schema.org\/image\" title=\"Kepsut\u2019ta yanan ev kullan\u0131lamaz hale geldi\" alt=\"Kepsut\u2019ta yanan ev kullan\u0131lamaz hale geldi\" style=\"width: 246px; height: 185px;\" \/> <\/a> <\/div> <\/div> <!-- close group --> <div class=\"gallery-group images-1\" style=\"width: 250px; height: 189px;\" data-original-width=\"250\" data-original-height=\"189\" > <div class=\"tiled-gallery-item tiled-gallery-item-small\" itemprop=\"associatedMedia\" itemscope itemtype=\"http:\/\/schema.org\/ImageObject\"> <a href=\"http:\/\/www.tvturk.com\/index.php\/kepsutta-yanan-ev-kullanilamaz-hale-geldi\/kepsutta-yanan-ev-kullanilamaz-hale-geldi-4\/\" border=\"0\" itemprop=\"url\"> <meta itemprop=\"width\" content=\"246\"> <meta itemprop=\"height\" content=\"185\"> <img decoding=\"async\" class=\"\" data-attachment-id=\"40913\" data-orig-file=\"http:\/\/www.tvturk.com\/wp-content\/uploads\/2019\/02\/kepsutta-yanan-ev-kullanilamaz-hale-geldi_227532d.jpg\" data-orig-size=\"1000,750\" data-comments-opened=\"\" data-image-meta=\"{&quot;aperture&quot;:&quot;0&quot;,&quot;credit&quot;:&quot;IHA&quot;,&quot;camera&quot;:&quot;&quot;,&quot;caption&quot;:&quot;KEPSUT\\u0027TA YANAN EV KULLANILAMAZ HALE GELD\\u0130 (ERDAL K\\u00dc\\u00c7\\u00dcK\\\/BALIKES\\u0130R-\\u0130HA)&quot;,&quot;created_timestamp&quot;:&quot;0&quot;,&quot;copyright&quot;:&quot;\\u0130HLAS HABER AJANSI, www.iha.com.tr&quot;,&quot;focal_length&quot;:&quot;0&quot;,&quot;iso&quot;:&quot;0&quot;,&quot;shutter_speed&quot;:&quot;0&quot;,&quot;title&quot;:&quot;KEPSUT\\u0027TA YANAN EV KULLANILAMAZ HALE GELD\\u0130&quot;,&quot;orientation&quot;:&quot;0&quot;}\" data-image-title=\"Kepsut\u2019ta yanan ev kullan\u0131lamaz hale geldi\" data-image-description=\"&lt;p&gt;Kepsut\u2019ta yanan ev kullan\u0131lamaz hale geldi&lt;\/p&gt; \" data-medium-file=\"https:\/\/i0.wp.com\/www.tvturk.com\/wp-content\/uploads\/2019\/02\/kepsutta-yanan-ev-kullanilamaz-hale-geldi_227532d.jpg?fit=300%2C225\" data-large-file=\"https:\/\/i0.wp.com\/www.tvturk.com\/wp-content\/uploads\/2019\/02\/kepsutta-yanan-ev-kullanilamaz-hale-geldi_227532d.jpg?fit=1000%2C750\" src=\"https:\/\/i0.wp.com\/www.tvturk.com\/wp-content\/uploads\/2019\/02\/kepsutta-yanan-ev-kullanilamaz-hale-geldi_227532d.jpg?w=246&#038;h=185\" srcset=\"https:\/\/i0.wp.com\/www.tvturk.com\/wp-content\/uploads\/2019\/02\/kepsutta-yanan-ev-kullanilamaz-hale-geldi_227532d.jpg?w=1000 1000w, https:\/\/i0.wp.com\/www.tvturk.com\/wp-content\/uploads\/2019\/02\/kepsutta-yanan-ev-kullanilamaz-hale-geldi_227532d.jpg?resize=150%2C113 150w, https:\/\/i0.wp.com\/www.tvturk.com\/wp-content\/uploads\/2019\/02\/kepsutta-yanan-ev-kullanilamaz-hale-geldi_227532d.jpg?resize=300%2C225 300w, https:\/\/i0.wp.com\/www.tvturk.com\/wp-content\/uploads\/2019\/02\/kepsutta-yanan-ev-kullanilamaz-hale-geldi_227532d.jpg?resize=768%2C576 768w\" width=\"246\" height=\"185\" loading=\"lazy\" data-original-width=\"246\" data-original-height=\"185\" itemprop=\"http:\/\/schema.org\/image\" title=\"Kepsut\u2019ta yanan ev kullan\u0131lamaz hale geldi\" alt=\"Kepsut\u2019ta yanan ev kullan\u0131lamaz hale geldi\" style=\"width: 246px; height: 185px;\" \/> <\/a> <\/div> <\/div> <!-- close group --> <\/div> <!-- close row --> <\/div><\/p>\n","protected":false},"excerpt":{"rendered":"<p>KEPSUT&#8217;TA YANAN EV KULLANILAMAZ HALE GELD\u0130<\/p>\n","protected":false},"author":1,"featured_media":40911,"comment_status":"closed","ping_status":"open","sticky":false,"template":"","format":"standard","meta":{"jetpack_post_was_ever_published":false,"_jetpack_newsletter_access":"","_jetpack_dont_email_post_to_subs":false,"_jetpack_newsletter_tier_id":0,"_jetpack_memberships_contains_paywalled_content":false,"_jetpack_memberships_contains_paid_content":false,"footnotes":"","jetpack_publicize_message":"","jetpack_publicize_feature_enabled":true,"jetpack_social_post_already_shared":false,"jetpack_social_options":{"image_generator_settings":{"template":"highway","default_image_id":0,"font":"","enabled":false},"version":2}},"categories":[655],"tags":[127,1355,11353,14591,5266],"class_list":["post-40910","post","type-post","status-publish","format-standard","has-post-thumbnail","hentry","category-son-dakika","tag-geldi","tag-hale","tag-kepsutta","tag-kullanilamaz","tag-yanan"],"jetpack_publicize_connections":[],"jetpack_featured_media_url":"https:\/\/i0.wp.com\/www.tvturk.com\/wp-content\/uploads\/2019\/02\/kepsutta-yanan-ev-kullanilamaz-hale-geldi_39bcaec.jpg?fit=1000%2C750","jetpack_sharing_enabled":true,"jetpack_shortlink":"https:\/\/wp.me\/paKIfm-aDQ","_links":{"self":[{"href":"http:\/\/www.tvturk.com\/index.php\/wp-json\/wp\/v2\/posts\/40910","targetHints":{"allow":["GET"]}}],"collection":[{"href":"http:\/\/www.tvturk.com\/index.php\/wp-json\/wp\/v2\/posts"}],"about":[{"href":"http:\/\/www.tvturk.com\/index.php\/wp-json\/wp\/v2\/types\/post"}],"author":[{"embeddable":true,"href":"http:\/\/www.tvturk.com\/index.php\/wp-json\/wp\/v2\/users\/1"}],"replies":[{"embeddable":true,"href":"http:\/\/www.tvturk.com\/index.php\/wp-json\/wp\/v2\/comments?post=40910"}],"version-history":[{"count":1,"href":"http:\/\/www.tvturk.com\/index.php\/wp-json\/wp\/v2\/posts\/40910\/revisions"}],"predecessor-version":[{"id":40914,"href":"http:\/\/www.tvturk.com\/index.php\/wp-json\/wp\/v2\/posts\/40910\/revisions\/40914"}],"wp:featuredmedia":[{"embeddable":true,"href":"http:\/\/www.tvturk.com\/index.php\/wp-json\/wp\/v2\/media\/40911"}],"wp:attachment":[{"href":"http:\/\/www.tvturk.com\/index.php\/wp-json\/wp\/v2\/media?parent=40910"}],"wp:term":[{"taxonomy":"category","embeddable":true,"href":"http:\/\/www.tvturk.com\/index.php\/wp-json\/wp\/v2\/categories?post=40910"},{"taxonomy":"post_tag","embeddable":true,"href":"http:\/\/www.tvturk.com\/index.php\/wp-json\/wp\/v2\/tags?post=40910"}],"curies":[{"name":"wp","href":"https:\/\/api.w.org\/{rel}","templated":true}]}}