{"id":40936,"date":"2019-02-17T11:20:56","date_gmt":"2019-02-17T08:20:56","guid":{"rendered":"http:\/\/www.tvturk.com\/index.php\/ozel-haber-hastaligi-nedeniyle-insan-icine-cikmak-istemiyor-tek-istegi-emekli-olabilmek\/"},"modified":"2019-02-17T11:20:59","modified_gmt":"2019-02-17T08:20:59","slug":"ozel-haber-hastaligi-nedeniyle-insan-icine-cikmak-istemiyor-tek-istegi-emekli-olabilmek","status":"publish","type":"post","link":"http:\/\/www.tvturk.com\/index.php\/ozel-haber-hastaligi-nedeniyle-insan-icine-cikmak-istemiyor-tek-istegi-emekli-olabilmek\/","title":{"rendered":"(\u00d6zel Haber) Hastal\u0131\u011f\u0131 nedeniyle insan i\u00e7ine \u00e7\u0131kmak istemiyor, tek iste\u011fi emekli olabilmek"},"content":{"rendered":"<p>Gaziantep\u2019te hastal\u0131\u011f\u0131 nedeniyle insan i\u00e7ine \u00e7\u0131kmaya utand\u0131\u011f\u0131n\u0131 belirten Fatih Ak\u0131n, kendisine verilecek y\u00fczde 45 engelli raporuyla malulen emekli olmak istiyor<\/p>\n<p>Gaziantep\u2019te ya\u015fayan Fatih Ak\u0131n\u2019\u0131n hayat\u0131 y\u0131llar \u00f6nce ge\u00e7irdi\u011fi trafik kazas\u0131 sonucu beynine ald\u0131\u011f\u0131 darbe ile karard\u0131. Kaza sonras\u0131 beyninde olu\u015fan hasarla epilepsi hastal\u0131\u011f\u0131na yakalanan Ak\u0131n, s\u0131k s\u0131k n\u00f6bet ge\u00e7irmeye ba\u015flad\u0131. A\u011fz\u0131ndan k\u00f6p\u00fckler \u00e7\u0131karan ve bay\u0131ltan hastal\u0131\u011f\u0131 nedeniyle insan i\u00e7ine \u00e7\u0131kmaya utanan Fatih Ak\u0131n, n\u00f6betler esnas\u0131nda ise v\u00fccudunun \u00e7e\u015fitli yerlerinden yaralanarak ac\u0131 \u00e7ekmeye ba\u015flad\u0131. Hastal\u0131\u011f\u0131 nedeniyle i\u015f bulamayan ve boyac\u0131l\u0131k yaparak ge\u00e7imini sa\u011flayan Fatih Ak\u0131n, kar\u0131s\u0131na ve 2 \u00e7ocu\u011funa bakabilmek i\u00e7in ise devletten kendisine y\u00fczde 45 oran\u0131nda engelli raporu verilmesini istiyor. Rapor verilmesi durumunda malulen emekli olabilece\u011fini belirten Ak\u0131n, ekmek paras\u0131 kazanmak i\u00e7in sa\u011fl\u0131\u011f\u0131 el verdik\u00e7e ayakkab\u0131 boyac\u0131l\u0131\u011f\u0131 yapmaya mecbur oldu\u011funu kaydetti.<\/p>\n<p>Hastal\u0131\u011f\u0131 ve fakirli\u011fi nedeniyle a\u015fa\u011f\u0131land\u0131\u011f\u0131n\u0131 belirten Fatih Ak\u0131n, \u201cBu rahats\u0131zl\u0131\u011f\u0131mdan dolay\u0131 oturdu\u011fum mahalle taraf\u0131ndan, beni tan\u0131yanlar taraf\u0131ndan a\u015fa\u011f\u0131lanmaktan g\u0131na geldim, a\u015fa\u011f\u0131lanmaktan b\u0131kt\u0131m. Ben sadece \u00e7oluk \u00e7ocu\u011fuma iyi bir gelecek istiyorum. Onlar i\u00e7in \u00e7\u0131rp\u0131n\u0131yorum, onlar i\u00e7in ayakkab\u0131 boyamaya gidiyorum. Yani bug\u00fcn sadece \u00fc\u00e7 tane ayakkab\u0131 boyad\u0131m. Bu da iki\u015fer liradan 6 lira eder. Bu alt\u0131 lira ailemin neyine yeter bilemiyorum yani var\u0131n bunu siz d\u00fc\u015f\u00fcn\u00fcn\u201d dedi.<\/p>\n<p>\u201cKimse i\u015f vermiyor\u201d<\/p>\n<p>\u00c7al\u0131\u015fmak istedi\u011fini ama kendisine kimsenin i\u015f vermedi\u011fini vurgulayan Ak\u0131n, \u201cBana kimse i\u015f vermiyor. O y\u00fczden ben sadece engelimden dolay\u0131 malulen emekli olmak istiyorum. Bunu \u00e7ok istiyorum, bunun i\u00e7in doktorlar\u0131n bana en az y\u00fczde 40 veya 45 rapor vermeleri gerekiyor. Ben buradan Cumhurba\u015fkan\u0131m\u0131za \u00e7a\u011fr\u0131da bulunmak istiyorum, \u00e7\u00fcnk\u00fc ne yaparsa o yapar. \u00c7\u00fcnk\u00fc ba\u015fka \u00e7arem yok\u201d ifadelerini kulland\u0131.<\/p>\n<p>Kocas\u0131n\u0131n rahats\u0131zl\u0131\u011f\u0131 nedeniyle zor g\u00fcnler ge\u00e7irdiklerini ve yard\u0131m beklediklerini vurgulayan \u00dcmm\u00fchan Ak\u0131n, \u201cE\u015fim zaman\u0131nda ge\u00e7irdi\u011fi kaza sonucu beyninden darbe alm\u0131\u015f ve epilepsi hastas\u0131 olmu\u015f. Rapor verilmesi i\u00e7in say\u0131s\u0131z kez doktorlara gittik ama rapor vermediler. Bize yard\u0131mc\u0131 olunmas\u0131n\u0131 istiyoruz. E\u015fimin s\u00fcrekli bay\u0131lma sorunu var hastal\u0131\u011f\u0131ndan dolay\u0131. Yani bir ilac\u0131 var o ilac\u0131n\u0131 kullanmazsa bu bay\u0131lmalar daha s\u0131k oluyor. Ayr\u0131ca e\u015fimin y\u00fcr\u00fcy\u00fc\u015f\u00fcnde de s\u0131k\u0131nt\u0131 var, ayaklar\u0131 birbirine dolan\u0131yor y\u00fcr\u00fcrken. O y\u00fczden \u00e7al\u0131\u015fam\u0131yor, i\u015f vermiyorlar. Kendi ba\u015f\u0131na ayakkab\u0131 boyac\u0131l\u0131\u011f\u0131 yap\u0131yor ama bu so\u011fuk havalarda da olmuyor o i\u015f. E\u015fim i\u00e7in engelli raporuna \u00e7o\u011fu kez ba\u015fvurduk. En son dokuzuncu ayda da bir ba\u015fvuru yapt\u0131k ama sonu\u00e7 alamad\u0131k hala. Malulen emekli olmas\u0131 i\u00e7in doktorlar\u0131m\u0131z bu raporu verirse iyi olur vermezse de \u00f6m\u00fcr boyu b\u00f6yle kalacak\u201d \u015feklinde konu\u015ftu.<\/p>\n<p>\u201cYa\u015fad\u0131\u011f\u0131m\u0131z s\u0131k\u0131nt\u0131lar nedeniyle \u00e7ocuklar\u0131m\u0131z\u0131n ihtiya\u00e7lar\u0131n\u0131 kar\u015f\u0131layam\u0131yoruz\u201d<\/p>\n<p>E\u015fiyle 16 y\u0131ld\u0131r evli olduklar\u0131n\u0131 ve y\u0131llard\u0131r ya\u015fad\u0131klar\u0131 s\u0131k\u0131nt\u0131larla bunald\u0131klar\u0131n\u0131, bu y\u00fczden e\u015fine rapor verilmesini yada kendisi i\u00e7in i\u015f istedi\u011fini s\u00f6yleyen \u00dcmm\u00fchan Ak\u0131n, \u201cBiz 16 y\u0131ll\u0131k evliyiz ve bu s\u0131k\u0131nt\u0131larla ya\u015famaya \u00e7al\u0131\u015f\u0131yoruz, biri sekizinci s\u0131n\u0131fa giden, biri de be\u015finci s\u0131n\u0131fa giden iki \u00e7ocu\u011fumuz var. Bu s\u0131k\u0131nt\u0131lardan dolay\u0131 onlar\u0131n ihtiya\u00e7lar\u0131n\u0131 kar\u015f\u0131layam\u0131yoruz. Hay\u0131rseverlimiz biz duysunlar, e\u015fim \u00e7al\u0131\u015fam\u0131yor ama ben \u00e7al\u0131\u015fmak istiyorum. O nedenle hem i\u015f konusunda hem de e\u015fimin durumuyla ilgili yard\u0131m istiyoruz\u201d diye konu\u015ftu.<\/p>\n<p>Ya\u015fad\u0131klar\u0131 s\u0131k\u0131nt\u0131lara her \u015feye ra\u011fmen g\u00f6\u011f\u00fcs geren Ak\u0131n ailesi, devletin uzataca\u011f\u0131 yard\u0131m elini bekliyor.<div class=\"tiled-gallery type-rectangular tiled-gallery-unresized\" data-original-width=\"500\" data-carousel-extra='null' itemscope itemtype=\"http:\/\/schema.org\/ImageGallery\" > <div class=\"gallery-row\" style=\"width: 500px; height: 224px;\" data-original-width=\"500\" data-original-height=\"224\" > <div class=\"gallery-group images-1\" style=\"width: 334px; height: 224px;\" data-original-width=\"334\" data-original-height=\"224\" > <div class=\"tiled-gallery-item tiled-gallery-item-large\" itemprop=\"associatedMedia\" itemscope itemtype=\"http:\/\/schema.org\/ImageObject\"> <a href=\"http:\/\/www.tvturk.com\/index.php\/ozel-haber-hastaligi-nedeniyle-insan-icine-cikmak-istemiyor-tek-istegi-emekli-olabilmek\/ozel-haber-hastaligi-nedeniyle-insan-icine-cikmak-istemiyor-tek-istegi-emekli-olabilmek-3\/\" border=\"0\" itemprop=\"url\"> <meta itemprop=\"width\" content=\"330\"> <meta itemprop=\"height\" content=\"220\"> <img decoding=\"async\" class=\"\" data-attachment-id=\"40938\" data-orig-file=\"http:\/\/www.tvturk.com\/wp-content\/uploads\/2019\/02\/ozel-haber-hastaligi-nedeniyle-insan-icine-cikmak-istemiyor-tek-istegi-emekli-olabilmek_524fbf3.jpg\" data-orig-size=\"1000,666\" data-comments-opened=\"\" data-image-meta=\"{&quot;aperture&quot;:&quot;0&quot;,&quot;credit&quot;:&quot;IHA&quot;,&quot;camera&quot;:&quot;&quot;,&quot;caption&quot;:&quot;GAZ\\u0130ANTEP\\u2019TE HASTALI\\u011eI NEDEN\\u0130YLE \\u0130NSAN \\u0130\\u00c7\\u0130NE \\u00c7IKMAYA UTANDI\\u011eINI BEL\\u0130RTEN FAT\\u0130H AKIN, KEND\\u0130S\\u0130NE VER\\u0130LECEK Y\\u00dcZDE 45 ENGELL\\u0130 RAPORUYLA MALULEN EMEKL\\u0130 OLMAK \\u0130ST\\u0130YOR. (\\u0130HA\\\/GAZ\\u0130ANTEP-\\u0130HA)&quot;,&quot;created_timestamp&quot;:&quot;0&quot;,&quot;copyright&quot;:&quot;\\u0130HLAS HABER AJANSI, www.iha.com.tr&quot;,&quot;focal_length&quot;:&quot;0&quot;,&quot;iso&quot;:&quot;0&quot;,&quot;shutter_speed&quot;:&quot;0&quot;,&quot;title&quot;:&quot;(\\u00d6ZEL HABER) HASTALI\\u011eI NEDEN\\u0130YLE \\u0130NSAN \\u0130\\u00c7\\u0130NE \\u00c7IKMAK \\u0130STEM\\u0130YOR, TEK \\u0130STE\\u011e\\u0130 EMEKL\\u0130 OLAB\\u0130LMEK EP\\u0130LEPS\\u0130 HASTASI FAT\\u0130H AKIN, \\u00c7ALI\\u015eAMADI\\u011eI \\u0130\\u00c7\\u0130N MALULEN EMEKL\\u0130 OLMAK \\u0130ST\\u0130YOR&quot;,&quot;orientation&quot;:&quot;0&quot;}\" data-image-title=\"(\u00d6zel Haber) Hastal\u0131\u011f\u0131 nedeniyle insan i\u00e7ine \u00e7\u0131kmak istemiyor, tek iste\u011fi emekli olabilmek\" data-image-description=\"&lt;p&gt;(\u00d6zel Haber) Hastal\u0131\u011f\u0131 nedeniyle insan i\u00e7ine \u00e7\u0131kmak istemiyor, tek iste\u011fi emekli olabilmek&lt;\/p&gt; \" data-medium-file=\"https:\/\/i0.wp.com\/www.tvturk.com\/wp-content\/uploads\/2019\/02\/ozel-haber-hastaligi-nedeniyle-insan-icine-cikmak-istemiyor-tek-istegi-emekli-olabilmek_524fbf3.jpg?fit=300%2C200\" data-large-file=\"https:\/\/i0.wp.com\/www.tvturk.com\/wp-content\/uploads\/2019\/02\/ozel-haber-hastaligi-nedeniyle-insan-icine-cikmak-istemiyor-tek-istegi-emekli-olabilmek_524fbf3.jpg?fit=1000%2C666\" src=\"https:\/\/i0.wp.com\/www.tvturk.com\/wp-content\/uploads\/2019\/02\/ozel-haber-hastaligi-nedeniyle-insan-icine-cikmak-istemiyor-tek-istegi-emekli-olabilmek_524fbf3.jpg?w=330&#038;h=220\" srcset=\"https:\/\/i0.wp.com\/www.tvturk.com\/wp-content\/uploads\/2019\/02\/ozel-haber-hastaligi-nedeniyle-insan-icine-cikmak-istemiyor-tek-istegi-emekli-olabilmek_524fbf3.jpg?w=1000 1000w, https:\/\/i0.wp.com\/www.tvturk.com\/wp-content\/uploads\/2019\/02\/ozel-haber-hastaligi-nedeniyle-insan-icine-cikmak-istemiyor-tek-istegi-emekli-olabilmek_524fbf3.jpg?resize=150%2C100 150w, https:\/\/i0.wp.com\/www.tvturk.com\/wp-content\/uploads\/2019\/02\/ozel-haber-hastaligi-nedeniyle-insan-icine-cikmak-istemiyor-tek-istegi-emekli-olabilmek_524fbf3.jpg?resize=300%2C200 300w, https:\/\/i0.wp.com\/www.tvturk.com\/wp-content\/uploads\/2019\/02\/ozel-haber-hastaligi-nedeniyle-insan-icine-cikmak-istemiyor-tek-istegi-emekli-olabilmek_524fbf3.jpg?resize=768%2C511 768w, https:\/\/i0.wp.com\/www.tvturk.com\/wp-content\/uploads\/2019\/02\/ozel-haber-hastaligi-nedeniyle-insan-icine-cikmak-istemiyor-tek-istegi-emekli-olabilmek_524fbf3.jpg?resize=170%2C113 170w, https:\/\/i0.wp.com\/www.tvturk.com\/wp-content\/uploads\/2019\/02\/ozel-haber-hastaligi-nedeniyle-insan-icine-cikmak-istemiyor-tek-istegi-emekli-olabilmek_524fbf3.jpg?resize=120%2C80 120w\" width=\"330\" height=\"220\" loading=\"lazy\" data-original-width=\"330\" data-original-height=\"220\" itemprop=\"http:\/\/schema.org\/image\" title=\"(\u00d6zel Haber) Hastal\u0131\u011f\u0131 nedeniyle insan i\u00e7ine \u00e7\u0131kmak istemiyor, tek iste\u011fi emekli olabilmek\" alt=\"(\u00d6zel Haber) Hastal\u0131\u011f\u0131 nedeniyle insan i\u00e7ine \u00e7\u0131kmak istemiyor, tek iste\u011fi emekli olabilmek\" style=\"width: 330px; height: 220px;\" \/> <\/a> <\/div> <\/div> <!-- close group --> <div class=\"gallery-group images-2\" style=\"width: 166px; height: 224px;\" data-original-width=\"166\" data-original-height=\"224\" > <div class=\"tiled-gallery-item tiled-gallery-item-small\" itemprop=\"associatedMedia\" itemscope itemtype=\"http:\/\/schema.org\/ImageObject\"> <a href=\"http:\/\/www.tvturk.com\/index.php\/ozel-haber-hastaligi-nedeniyle-insan-icine-cikmak-istemiyor-tek-istegi-emekli-olabilmek\/ozel-haber-hastaligi-nedeniyle-insan-icine-cikmak-istemiyor-tek-istegi-emekli-olabilmek-4\/\" border=\"0\" itemprop=\"url\"> <meta itemprop=\"width\" content=\"162\"> <meta itemprop=\"height\" content=\"108\"> <img decoding=\"async\" class=\"\" data-attachment-id=\"40939\" data-orig-file=\"http:\/\/www.tvturk.com\/wp-content\/uploads\/2019\/02\/ozel-haber-hastaligi-nedeniyle-insan-icine-cikmak-istemiyor-tek-istegi-emekli-olabilmek_033cf94.jpg\" data-orig-size=\"1000,666\" data-comments-opened=\"\" data-image-meta=\"{&quot;aperture&quot;:&quot;0&quot;,&quot;credit&quot;:&quot;IHA&quot;,&quot;camera&quot;:&quot;&quot;,&quot;caption&quot;:&quot;GAZ\\u0130ANTEP\\u2019TE HASTALI\\u011eI NEDEN\\u0130YLE \\u0130NSAN \\u0130\\u00c7\\u0130NE \\u00c7IKMAYA UTANDI\\u011eINI BEL\\u0130RTEN FAT\\u0130H AKIN, KEND\\u0130S\\u0130NE VER\\u0130LECEK Y\\u00dcZDE 45 ENGELL\\u0130 RAPORUYLA MALULEN EMEKL\\u0130 OLMAK \\u0130ST\\u0130YOR. (\\u0130HA\\\/GAZ\\u0130ANTEP-\\u0130HA)&quot;,&quot;created_timestamp&quot;:&quot;0&quot;,&quot;copyright&quot;:&quot;\\u0130HLAS HABER AJANSI, www.iha.com.tr&quot;,&quot;focal_length&quot;:&quot;0&quot;,&quot;iso&quot;:&quot;0&quot;,&quot;shutter_speed&quot;:&quot;0&quot;,&quot;title&quot;:&quot;(\\u00d6ZEL HABER) HASTALI\\u011eI NEDEN\\u0130YLE \\u0130NSAN \\u0130\\u00c7\\u0130NE \\u00c7IKMAK \\u0130STEM\\u0130YOR, TEK \\u0130STE\\u011e\\u0130 EMEKL\\u0130 OLAB\\u0130LMEK EP\\u0130LEPS\\u0130 HASTASI FAT\\u0130H AKIN, \\u00c7ALI\\u015eAMADI\\u011eI \\u0130\\u00c7\\u0130N MALULEN EMEKL\\u0130 OLMAK \\u0130ST\\u0130YOR&quot;,&quot;orientation&quot;:&quot;0&quot;}\" data-image-title=\"(\u00d6zel Haber) Hastal\u0131\u011f\u0131 nedeniyle insan i\u00e7ine \u00e7\u0131kmak istemiyor, tek iste\u011fi emekli olabilmek\" data-image-description=\"&lt;p&gt;(\u00d6zel Haber) Hastal\u0131\u011f\u0131 nedeniyle insan i\u00e7ine \u00e7\u0131kmak istemiyor, tek iste\u011fi emekli olabilmek&lt;\/p&gt; \" data-medium-file=\"https:\/\/i0.wp.com\/www.tvturk.com\/wp-content\/uploads\/2019\/02\/ozel-haber-hastaligi-nedeniyle-insan-icine-cikmak-istemiyor-tek-istegi-emekli-olabilmek_033cf94.jpg?fit=300%2C200\" data-large-file=\"https:\/\/i0.wp.com\/www.tvturk.com\/wp-content\/uploads\/2019\/02\/ozel-haber-hastaligi-nedeniyle-insan-icine-cikmak-istemiyor-tek-istegi-emekli-olabilmek_033cf94.jpg?fit=1000%2C666\" src=\"https:\/\/i0.wp.com\/www.tvturk.com\/wp-content\/uploads\/2019\/02\/ozel-haber-hastaligi-nedeniyle-insan-icine-cikmak-istemiyor-tek-istegi-emekli-olabilmek_033cf94.jpg?w=162&#038;h=108\" srcset=\"https:\/\/i0.wp.com\/www.tvturk.com\/wp-content\/uploads\/2019\/02\/ozel-haber-hastaligi-nedeniyle-insan-icine-cikmak-istemiyor-tek-istegi-emekli-olabilmek_033cf94.jpg?w=1000 1000w, https:\/\/i0.wp.com\/www.tvturk.com\/wp-content\/uploads\/2019\/02\/ozel-haber-hastaligi-nedeniyle-insan-icine-cikmak-istemiyor-tek-istegi-emekli-olabilmek_033cf94.jpg?resize=150%2C100 150w, https:\/\/i0.wp.com\/www.tvturk.com\/wp-content\/uploads\/2019\/02\/ozel-haber-hastaligi-nedeniyle-insan-icine-cikmak-istemiyor-tek-istegi-emekli-olabilmek_033cf94.jpg?resize=300%2C200 300w, https:\/\/i0.wp.com\/www.tvturk.com\/wp-content\/uploads\/2019\/02\/ozel-haber-hastaligi-nedeniyle-insan-icine-cikmak-istemiyor-tek-istegi-emekli-olabilmek_033cf94.jpg?resize=768%2C511 768w, https:\/\/i0.wp.com\/www.tvturk.com\/wp-content\/uploads\/2019\/02\/ozel-haber-hastaligi-nedeniyle-insan-icine-cikmak-istemiyor-tek-istegi-emekli-olabilmek_033cf94.jpg?resize=170%2C113 170w, https:\/\/i0.wp.com\/www.tvturk.com\/wp-content\/uploads\/2019\/02\/ozel-haber-hastaligi-nedeniyle-insan-icine-cikmak-istemiyor-tek-istegi-emekli-olabilmek_033cf94.jpg?resize=120%2C80 120w\" width=\"162\" height=\"108\" loading=\"lazy\" data-original-width=\"162\" data-original-height=\"108\" itemprop=\"http:\/\/schema.org\/image\" title=\"(\u00d6zel Haber) Hastal\u0131\u011f\u0131 nedeniyle insan i\u00e7ine \u00e7\u0131kmak istemiyor, tek iste\u011fi emekli olabilmek\" alt=\"(\u00d6zel Haber) Hastal\u0131\u011f\u0131 nedeniyle insan i\u00e7ine \u00e7\u0131kmak istemiyor, tek iste\u011fi emekli olabilmek\" style=\"width: 162px; height: 108px;\" \/> <\/a> <\/div> <div class=\"tiled-gallery-item tiled-gallery-item-small\" itemprop=\"associatedMedia\" itemscope itemtype=\"http:\/\/schema.org\/ImageObject\"> <a href=\"http:\/\/www.tvturk.com\/index.php\/ozel-haber-hastaligi-nedeniyle-insan-icine-cikmak-istemiyor-tek-istegi-emekli-olabilmek\/ozel-haber-hastaligi-nedeniyle-insan-icine-cikmak-istemiyor-tek-istegi-emekli-olabilmek-5\/\" border=\"0\" itemprop=\"url\"> <meta itemprop=\"width\" content=\"162\"> <meta itemprop=\"height\" content=\"108\"> <img decoding=\"async\" class=\"\" data-attachment-id=\"40940\" data-orig-file=\"http:\/\/www.tvturk.com\/wp-content\/uploads\/2019\/02\/ozel-haber-hastaligi-nedeniyle-insan-icine-cikmak-istemiyor-tek-istegi-emekli-olabilmek_450b76f.jpg\" data-orig-size=\"1000,666\" data-comments-opened=\"\" data-image-meta=\"{&quot;aperture&quot;:&quot;0&quot;,&quot;credit&quot;:&quot;IHA&quot;,&quot;camera&quot;:&quot;&quot;,&quot;caption&quot;:&quot;GAZ\\u0130ANTEP\\u2019TE HASTALI\\u011eI NEDEN\\u0130YLE \\u0130NSAN \\u0130\\u00c7\\u0130NE \\u00c7IKMAYA UTANDI\\u011eINI BEL\\u0130RTEN FAT\\u0130H AKIN, KEND\\u0130S\\u0130NE VER\\u0130LECEK Y\\u00dcZDE 45 ENGELL\\u0130 RAPORUYLA MALULEN EMEKL\\u0130 OLMAK \\u0130ST\\u0130YOR. (\\u0130HA\\\/GAZ\\u0130ANTEP-\\u0130HA)&quot;,&quot;created_timestamp&quot;:&quot;0&quot;,&quot;copyright&quot;:&quot;\\u0130HLAS HABER AJANSI, www.iha.com.tr&quot;,&quot;focal_length&quot;:&quot;0&quot;,&quot;iso&quot;:&quot;0&quot;,&quot;shutter_speed&quot;:&quot;0&quot;,&quot;title&quot;:&quot;(\\u00d6ZEL HABER) HASTALI\\u011eI NEDEN\\u0130YLE \\u0130NSAN \\u0130\\u00c7\\u0130NE \\u00c7IKMAK \\u0130STEM\\u0130YOR, TEK \\u0130STE\\u011e\\u0130 EMEKL\\u0130 OLAB\\u0130LMEK EP\\u0130LEPS\\u0130 HASTASI FAT\\u0130H AKIN, \\u00c7ALI\\u015eAMADI\\u011eI \\u0130\\u00c7\\u0130N MALULEN EMEKL\\u0130 OLMAK \\u0130ST\\u0130YOR&quot;,&quot;orientation&quot;:&quot;0&quot;}\" data-image-title=\"(\u00d6zel Haber) Hastal\u0131\u011f\u0131 nedeniyle insan i\u00e7ine \u00e7\u0131kmak istemiyor, tek iste\u011fi emekli olabilmek\" data-image-description=\"&lt;p&gt;(\u00d6zel Haber) Hastal\u0131\u011f\u0131 nedeniyle insan i\u00e7ine \u00e7\u0131kmak istemiyor, tek iste\u011fi emekli olabilmek&lt;\/p&gt; \" data-medium-file=\"https:\/\/i0.wp.com\/www.tvturk.com\/wp-content\/uploads\/2019\/02\/ozel-haber-hastaligi-nedeniyle-insan-icine-cikmak-istemiyor-tek-istegi-emekli-olabilmek_450b76f.jpg?fit=300%2C200\" data-large-file=\"https:\/\/i0.wp.com\/www.tvturk.com\/wp-content\/uploads\/2019\/02\/ozel-haber-hastaligi-nedeniyle-insan-icine-cikmak-istemiyor-tek-istegi-emekli-olabilmek_450b76f.jpg?fit=1000%2C666\" src=\"https:\/\/i0.wp.com\/www.tvturk.com\/wp-content\/uploads\/2019\/02\/ozel-haber-hastaligi-nedeniyle-insan-icine-cikmak-istemiyor-tek-istegi-emekli-olabilmek_450b76f.jpg?w=162&#038;h=108\" srcset=\"https:\/\/i0.wp.com\/www.tvturk.com\/wp-content\/uploads\/2019\/02\/ozel-haber-hastaligi-nedeniyle-insan-icine-cikmak-istemiyor-tek-istegi-emekli-olabilmek_450b76f.jpg?w=1000 1000w, https:\/\/i0.wp.com\/www.tvturk.com\/wp-content\/uploads\/2019\/02\/ozel-haber-hastaligi-nedeniyle-insan-icine-cikmak-istemiyor-tek-istegi-emekli-olabilmek_450b76f.jpg?resize=150%2C100 150w, https:\/\/i0.wp.com\/www.tvturk.com\/wp-content\/uploads\/2019\/02\/ozel-haber-hastaligi-nedeniyle-insan-icine-cikmak-istemiyor-tek-istegi-emekli-olabilmek_450b76f.jpg?resize=300%2C200 300w, https:\/\/i0.wp.com\/www.tvturk.com\/wp-content\/uploads\/2019\/02\/ozel-haber-hastaligi-nedeniyle-insan-icine-cikmak-istemiyor-tek-istegi-emekli-olabilmek_450b76f.jpg?resize=768%2C511 768w, https:\/\/i0.wp.com\/www.tvturk.com\/wp-content\/uploads\/2019\/02\/ozel-haber-hastaligi-nedeniyle-insan-icine-cikmak-istemiyor-tek-istegi-emekli-olabilmek_450b76f.jpg?resize=170%2C113 170w, https:\/\/i0.wp.com\/www.tvturk.com\/wp-content\/uploads\/2019\/02\/ozel-haber-hastaligi-nedeniyle-insan-icine-cikmak-istemiyor-tek-istegi-emekli-olabilmek_450b76f.jpg?resize=120%2C80 120w\" width=\"162\" height=\"108\" loading=\"lazy\" data-original-width=\"162\" data-original-height=\"108\" itemprop=\"http:\/\/schema.org\/image\" title=\"(\u00d6zel Haber) Hastal\u0131\u011f\u0131 nedeniyle insan i\u00e7ine \u00e7\u0131kmak istemiyor, tek iste\u011fi emekli olabilmek\" alt=\"(\u00d6zel Haber) Hastal\u0131\u011f\u0131 nedeniyle insan i\u00e7ine \u00e7\u0131kmak istemiyor, tek iste\u011fi emekli olabilmek\" style=\"width: 162px; height: 108px;\" \/> <\/a> <\/div> <\/div> <!-- close group --> <\/div> <!-- close row --> <div class=\"gallery-row\" style=\"width: 500px; height: 334px;\" data-original-width=\"500\" data-original-height=\"334\" > <div class=\"gallery-group images-1\" style=\"width: 500px; height: 334px;\" data-original-width=\"500\" data-original-height=\"334\" > <div class=\"tiled-gallery-item tiled-gallery-item-large\" itemprop=\"associatedMedia\" itemscope itemtype=\"http:\/\/schema.org\/ImageObject\"> <a href=\"http:\/\/www.tvturk.com\/index.php\/ozel-haber-hastaligi-nedeniyle-insan-icine-cikmak-istemiyor-tek-istegi-emekli-olabilmek\/ozel-haber-hastaligi-nedeniyle-insan-icine-cikmak-istemiyor-tek-istegi-emekli-olabilmek-6\/\" border=\"0\" itemprop=\"url\"> <meta itemprop=\"width\" content=\"496\"> <meta itemprop=\"height\" content=\"330\"> <img decoding=\"async\" class=\"\" data-attachment-id=\"40941\" data-orig-file=\"http:\/\/www.tvturk.com\/wp-content\/uploads\/2019\/02\/ozel-haber-hastaligi-nedeniyle-insan-icine-cikmak-istemiyor-tek-istegi-emekli-olabilmek_29b11be.jpg\" data-orig-size=\"1000,666\" data-comments-opened=\"\" data-image-meta=\"{&quot;aperture&quot;:&quot;0&quot;,&quot;credit&quot;:&quot;IHA&quot;,&quot;camera&quot;:&quot;&quot;,&quot;caption&quot;:&quot;GAZ\\u0130ANTEP\\u2019TE HASTALI\\u011eI NEDEN\\u0130YLE \\u0130NSAN \\u0130\\u00c7\\u0130NE \\u00c7IKMAYA UTANDI\\u011eINI BEL\\u0130RTEN FAT\\u0130H AKIN, KEND\\u0130S\\u0130NE VER\\u0130LECEK Y\\u00dcZDE 45 ENGELL\\u0130 RAPORUYLA MALULEN EMEKL\\u0130 OLMAK \\u0130ST\\u0130YOR. (\\u0130HA\\\/GAZ\\u0130ANTEP-\\u0130HA)&quot;,&quot;created_timestamp&quot;:&quot;0&quot;,&quot;copyright&quot;:&quot;\\u0130HLAS HABER AJANSI, www.iha.com.tr&quot;,&quot;focal_length&quot;:&quot;0&quot;,&quot;iso&quot;:&quot;0&quot;,&quot;shutter_speed&quot;:&quot;0&quot;,&quot;title&quot;:&quot;(\\u00d6ZEL HABER) HASTALI\\u011eI NEDEN\\u0130YLE \\u0130NSAN \\u0130\\u00c7\\u0130NE \\u00c7IKMAK \\u0130STEM\\u0130YOR, TEK \\u0130STE\\u011e\\u0130 EMEKL\\u0130 OLAB\\u0130LMEK EP\\u0130LEPS\\u0130 HASTASI FAT\\u0130H AKIN, \\u00c7ALI\\u015eAMADI\\u011eI \\u0130\\u00c7\\u0130N MALULEN EMEKL\\u0130 OLMAK \\u0130ST\\u0130YOR&quot;,&quot;orientation&quot;:&quot;0&quot;}\" data-image-title=\"(\u00d6zel Haber) Hastal\u0131\u011f\u0131 nedeniyle insan i\u00e7ine \u00e7\u0131kmak istemiyor, tek iste\u011fi emekli olabilmek\" data-image-description=\"&lt;p&gt;(\u00d6zel Haber) Hastal\u0131\u011f\u0131 nedeniyle insan i\u00e7ine \u00e7\u0131kmak istemiyor, tek iste\u011fi emekli olabilmek&lt;\/p&gt; \" data-medium-file=\"https:\/\/i0.wp.com\/www.tvturk.com\/wp-content\/uploads\/2019\/02\/ozel-haber-hastaligi-nedeniyle-insan-icine-cikmak-istemiyor-tek-istegi-emekli-olabilmek_29b11be.jpg?fit=300%2C200\" data-large-file=\"https:\/\/i0.wp.com\/www.tvturk.com\/wp-content\/uploads\/2019\/02\/ozel-haber-hastaligi-nedeniyle-insan-icine-cikmak-istemiyor-tek-istegi-emekli-olabilmek_29b11be.jpg?fit=1000%2C666\" src=\"https:\/\/i0.wp.com\/www.tvturk.com\/wp-content\/uploads\/2019\/02\/ozel-haber-hastaligi-nedeniyle-insan-icine-cikmak-istemiyor-tek-istegi-emekli-olabilmek_29b11be.jpg?w=496&#038;h=330\" srcset=\"https:\/\/i0.wp.com\/www.tvturk.com\/wp-content\/uploads\/2019\/02\/ozel-haber-hastaligi-nedeniyle-insan-icine-cikmak-istemiyor-tek-istegi-emekli-olabilmek_29b11be.jpg?w=1000 1000w, https:\/\/i0.wp.com\/www.tvturk.com\/wp-content\/uploads\/2019\/02\/ozel-haber-hastaligi-nedeniyle-insan-icine-cikmak-istemiyor-tek-istegi-emekli-olabilmek_29b11be.jpg?resize=150%2C100 150w, https:\/\/i0.wp.com\/www.tvturk.com\/wp-content\/uploads\/2019\/02\/ozel-haber-hastaligi-nedeniyle-insan-icine-cikmak-istemiyor-tek-istegi-emekli-olabilmek_29b11be.jpg?resize=300%2C200 300w, https:\/\/i0.wp.com\/www.tvturk.com\/wp-content\/uploads\/2019\/02\/ozel-haber-hastaligi-nedeniyle-insan-icine-cikmak-istemiyor-tek-istegi-emekli-olabilmek_29b11be.jpg?resize=768%2C511 768w, https:\/\/i0.wp.com\/www.tvturk.com\/wp-content\/uploads\/2019\/02\/ozel-haber-hastaligi-nedeniyle-insan-icine-cikmak-istemiyor-tek-istegi-emekli-olabilmek_29b11be.jpg?resize=170%2C113 170w, https:\/\/i0.wp.com\/www.tvturk.com\/wp-content\/uploads\/2019\/02\/ozel-haber-hastaligi-nedeniyle-insan-icine-cikmak-istemiyor-tek-istegi-emekli-olabilmek_29b11be.jpg?resize=120%2C80 120w\" width=\"496\" height=\"330\" loading=\"lazy\" data-original-width=\"496\" data-original-height=\"330\" itemprop=\"http:\/\/schema.org\/image\" title=\"(\u00d6zel Haber) Hastal\u0131\u011f\u0131 nedeniyle insan i\u00e7ine \u00e7\u0131kmak istemiyor, tek iste\u011fi emekli olabilmek\" alt=\"(\u00d6zel Haber) Hastal\u0131\u011f\u0131 nedeniyle insan i\u00e7ine \u00e7\u0131kmak istemiyor, tek iste\u011fi emekli olabilmek\" style=\"width: 496px; height: 330px;\" \/> <\/a> <\/div> <\/div> <!-- close group --> <\/div> <!-- close row --> <\/div><\/p>\n","protected":false},"excerpt":{"rendered":"<p>GAZ\u0130ANTEP\u2019TE HASTALI\u011eI NEDEN\u0130YLE \u0130NSAN \u0130\u00c7\u0130NE \u00c7IKMAYA UTANDI\u011eINI BEL\u0130RTEN FAT\u0130H AKIN, KEND\u0130S\u0130NE VER\u0130LECEK Y\u00dcZDE 45 ENGELL\u0130 RAPORUYLA MALULEN EMEKL\u0130 OLMAK \u0130ST\u0130YOR.<\/p>\n","protected":false},"author":1,"featured_media":40937,"comment_status":"closed","ping_status":"open","sticky":false,"template":"","format":"standard","meta":{"jetpack_post_was_ever_published":false,"_jetpack_newsletter_access":"","_jetpack_dont_email_post_to_subs":false,"_jetpack_newsletter_tier_id":0,"_jetpack_memberships_contains_paywalled_content":false,"_jetpack_memberships_contains_paid_content":false,"footnotes":"","jetpack_publicize_message":"","jetpack_publicize_feature_enabled":true,"jetpack_social_post_already_shared":false,"jetpack_social_options":{"image_generator_settings":{"template":"highway","default_image_id":0,"font":"","enabled":false},"version":2}},"categories":[655],"tags":[1073,3381,6907,1545,13970,14602,1381,9567,14598,413,3717,366],"class_list":["post-40936","post","type-post","status-publish","format-standard","has-post-thumbnail","hentry","category-son-dakika","tag-ozel","tag-cikmak","tag-emekli","tag-haber","tag-hastaligi","tag-icine","tag-insan","tag-istegi","tag-istemiyor","tag-nedeniyle","tag-olabilmek","tag-tek"],"jetpack_publicize_connections":[],"jetpack_featured_media_url":"https:\/\/i0.wp.com\/www.tvturk.com\/wp-content\/uploads\/2019\/02\/ozel-haber-hastaligi-nedeniyle-insan-icine-cikmak-istemiyor-tek-istegi-emekli-olabilmek_c28c52d.jpg?fit=1000%2C666","jetpack_sharing_enabled":true,"jetpack_shortlink":"https:\/\/wp.me\/paKIfm-aEg","_links":{"self":[{"href":"http:\/\/www.tvturk.com\/index.php\/wp-json\/wp\/v2\/posts\/40936","targetHints":{"allow":["GET"]}}],"collection":[{"href":"http:\/\/www.tvturk.com\/index.php\/wp-json\/wp\/v2\/posts"}],"about":[{"href":"http:\/\/www.tvturk.com\/index.php\/wp-json\/wp\/v2\/types\/post"}],"author":[{"embeddable":true,"href":"http:\/\/www.tvturk.com\/index.php\/wp-json\/wp\/v2\/users\/1"}],"replies":[{"embeddable":true,"href":"http:\/\/www.tvturk.com\/index.php\/wp-json\/wp\/v2\/comments?post=40936"}],"version-history":[{"count":1,"href":"http:\/\/www.tvturk.com\/index.php\/wp-json\/wp\/v2\/posts\/40936\/revisions"}],"predecessor-version":[{"id":40942,"href":"http:\/\/www.tvturk.com\/index.php\/wp-json\/wp\/v2\/posts\/40936\/revisions\/40942"}],"wp:featuredmedia":[{"embeddable":true,"href":"http:\/\/www.tvturk.com\/index.php\/wp-json\/wp\/v2\/media\/40937"}],"wp:attachment":[{"href":"http:\/\/www.tvturk.com\/index.php\/wp-json\/wp\/v2\/media?parent=40936"}],"wp:term":[{"taxonomy":"category","embeddable":true,"href":"http:\/\/www.tvturk.com\/index.php\/wp-json\/wp\/v2\/categories?post=40936"},{"taxonomy":"post_tag","embeddable":true,"href":"http:\/\/www.tvturk.com\/index.php\/wp-json\/wp\/v2\/tags?post=40936"}],"curies":[{"name":"wp","href":"https:\/\/api.w.org\/{rel}","templated":true}]}}