{"id":40943,"date":"2019-02-17T11:21:00","date_gmt":"2019-02-17T08:21:00","guid":{"rendered":"http:\/\/www.tvturk.com\/index.php\/karalar-mezbahayi-osbdeki-yeni-yerine-tasiyacagiz\/"},"modified":"2019-02-17T11:21:03","modified_gmt":"2019-02-17T08:21:03","slug":"karalar-mezbahayi-osbdeki-yeni-yerine-tasiyacagiz","status":"publish","type":"post","link":"http:\/\/www.tvturk.com\/index.php\/karalar-mezbahayi-osbdeki-yeni-yerine-tasiyacagiz\/","title":{"rendered":"Karalar: &#8220;Mezbahay\u0131 OSB\u2019deki yeni yerine ta\u015f\u0131yaca\u011f\u0131z&#8221;"},"content":{"rendered":"<p>Seyhan Belediye Ba\u015fkan\u0131 ve CHP Adana B\u00fcy\u00fck\u015fehir Belediye Ba\u015fkan Aday\u0131 Zeydan Karalar, babas\u0131 ile amcas\u0131n\u0131n y\u0131llarca \u00e7al\u0131\u015ft\u0131\u011f\u0131 mezbahay\u0131 ziyaret ederek i\u015f\u00e7i ve besicilerle bulu\u015ftu. Karalar, mezbahay\u0131 Organize Sanayi B\u00f6lgesi\u2019ne ta\u015f\u0131yacaklar\u0131n\u0131 s\u00f6yledi,<\/p>\n<p>Adana\u2019n\u0131n merkez il\u00e7esi Y\u00fcre\u011fir\u2019de bulunan mezbahay\u0131 CHP Y\u00fcre\u011fir Belediye Ba\u015fkan Aday\u0131 Kamuran Karaca ile birlikte ziyaret eden Ba\u015fkan Zeydan Karalar duygulu anlar ya\u015fad\u0131. Mezbahada \u00e7al\u0131\u015fan i\u015f\u00e7iler ve kesim i\u00e7in bulunan kasap ve besicilerle sohbet eden Ba\u015fkan Karalar, \u201cBabamla amcam burada \u00e7al\u0131\u015ft\u0131. \u00c7ocukken y\u0131llarca setin \u00fczerinden onlara sefer tas\u0131nda yemek ta\u015f\u0131d\u0131m.  Ne hissetti\u011finizi, sorunlar\u0131n\u0131z\u0131 en iyi ben bilirim\u201d dedi.<\/p>\n<p>\u015eehrin merkezinde kalan mezbahan\u0131n art\u0131k \u015fehir d\u0131\u015f\u0131na ta\u015f\u0131nma zaman\u0131n\u0131n geldi\u011fini ve ge\u00e7ti\u011fini ifade eden Ba\u015fkan Karalar, \u201cBu konuda \u00e7al\u0131\u015fmalar ba\u015flam\u0131\u015f ama tamamlanamam\u0131\u015f. Biz B\u00fcy\u00fck\u015fehir Belediye Ba\u015fkan\u0131 oldu\u011fumuzda \u00e7al\u0131\u015fmalar\u0131 h\u0131zland\u0131raca\u011f\u0131z ve mezbahay\u0131 OSB\u2019deki yeni yerine ta\u015f\u0131yaca\u011f\u0131z. Tabiki buras\u0131 ta\u015f\u0131n\u0131nca ah\u0131rlar\u0131n da ta\u015f\u0131nmas\u0131 gerekecek. Zaten uygun bir ortam de\u011fil. Ah\u0131rlar i\u00e7in de OSB\u2019ye yak\u0131n bir b\u00f6lgede sizlere ah\u0131rlar i\u00e7in yer tahsis edece\u011fiz\u201d diye konu\u015ftu.<\/p>\n<p>Seyhan\u2019da ba\u015flatt\u0131klar\u0131 de\u011fi\u015fim ve geli\u015fimin t\u00fcm Adana\u2019ya yay\u0131lmas\u0131 i\u00e7in \u00e7al\u0131\u015fmalar ger\u00e7ekle\u015ftireceklerini s\u00f6yleyen Ba\u015fkan Karalar, hizmette hi\u00e7 bir zaman siyasi ayr\u0131mc\u0131l\u0131k yapmad\u0131klar\u0131n\u0131 ve bundan sonra da yapmayacaklar\u0131n\u0131 kaydetti.<div class=\"tiled-gallery type-rectangular tiled-gallery-unresized\" data-original-width=\"500\" data-carousel-extra='null' itemscope itemtype=\"http:\/\/schema.org\/ImageGallery\" > <div class=\"gallery-row\" style=\"width: 500px; height: 223px;\" data-original-width=\"500\" data-original-height=\"223\" > <div class=\"gallery-group images-1\" style=\"width: 334px; height: 223px;\" data-original-width=\"334\" data-original-height=\"223\" > <div class=\"tiled-gallery-item tiled-gallery-item-large\" itemprop=\"associatedMedia\" itemscope itemtype=\"http:\/\/schema.org\/ImageObject\"> <a href=\"http:\/\/www.tvturk.com\/index.php\/karalar-mezbahayi-osbdeki-yeni-yerine-tasiyacagiz\/karalar-mezbahayi-osbdeki-yeni-yerine-tasiyacagiz-3\/\" border=\"0\" itemprop=\"url\"> <meta itemprop=\"width\" content=\"330\"> <meta itemprop=\"height\" content=\"219\"> <img decoding=\"async\" class=\"\" data-attachment-id=\"40945\" data-orig-file=\"http:\/\/www.tvturk.com\/wp-content\/uploads\/2019\/02\/karalar-mezbahayi-osbdeki-yeni-yerine-tasiyacagiz_59e8386.jpg\" data-orig-size=\"1000,665\" data-comments-opened=\"\" data-image-meta=\"{&quot;aperture&quot;:&quot;0&quot;,&quot;credit&quot;:&quot;IHA&quot;,&quot;camera&quot;:&quot;&quot;,&quot;caption&quot;:&quot;ZEYDAN KARALAR, BABASI \\u0130LE AMCASININ YILLARCA \\u00c7ALI\\u015eTI\\u011eI MEZBAHAYI Z\\u0130YARET EDEREK \\u0130\\u015e\\u00c7\\u0130 VE BES\\u0130C\\u0130LERLE BULU\\u015eTU, DUYGULU ANLAR YA\\u015eADI. (SERKAN \\u00c7ET\\u0130NKAYA\\\/ADANA-\\u0130HA)&quot;,&quot;created_timestamp&quot;:&quot;0&quot;,&quot;copyright&quot;:&quot;\\u0130HLAS HABER AJANSI, www.iha.com.tr&quot;,&quot;focal_length&quot;:&quot;0&quot;,&quot;iso&quot;:&quot;0&quot;,&quot;shutter_speed&quot;:&quot;0&quot;,&quot;title&quot;:&quot;KARALAR: \\u0022MEZBAHAYI OSB\\u2019DEK\\u0130 YEN\\u0130 YER\\u0130NE TA\\u015eIYACA\\u011eIZ\\u0022&quot;,&quot;orientation&quot;:&quot;0&quot;}\" data-image-title=\"Karalar: &amp;#8220;Mezbahay\u0131 OSB\u2019deki yeni yerine ta\u015f\u0131yaca\u011f\u0131z&amp;#8221;\" data-image-description=\"&lt;p&gt;Karalar: &amp;#8220;Mezbahay\u0131 OSB\u2019deki yeni yerine ta\u015f\u0131yaca\u011f\u0131z&amp;#8221;&lt;\/p&gt; \" data-medium-file=\"https:\/\/i0.wp.com\/www.tvturk.com\/wp-content\/uploads\/2019\/02\/karalar-mezbahayi-osbdeki-yeni-yerine-tasiyacagiz_59e8386.jpg?fit=300%2C200\" data-large-file=\"https:\/\/i0.wp.com\/www.tvturk.com\/wp-content\/uploads\/2019\/02\/karalar-mezbahayi-osbdeki-yeni-yerine-tasiyacagiz_59e8386.jpg?fit=1000%2C665\" src=\"https:\/\/i0.wp.com\/www.tvturk.com\/wp-content\/uploads\/2019\/02\/karalar-mezbahayi-osbdeki-yeni-yerine-tasiyacagiz_59e8386.jpg?w=330&#038;h=219\" srcset=\"https:\/\/i0.wp.com\/www.tvturk.com\/wp-content\/uploads\/2019\/02\/karalar-mezbahayi-osbdeki-yeni-yerine-tasiyacagiz_59e8386.jpg?w=1000 1000w, https:\/\/i0.wp.com\/www.tvturk.com\/wp-content\/uploads\/2019\/02\/karalar-mezbahayi-osbdeki-yeni-yerine-tasiyacagiz_59e8386.jpg?resize=150%2C100 150w, https:\/\/i0.wp.com\/www.tvturk.com\/wp-content\/uploads\/2019\/02\/karalar-mezbahayi-osbdeki-yeni-yerine-tasiyacagiz_59e8386.jpg?resize=300%2C200 300w, https:\/\/i0.wp.com\/www.tvturk.com\/wp-content\/uploads\/2019\/02\/karalar-mezbahayi-osbdeki-yeni-yerine-tasiyacagiz_59e8386.jpg?resize=768%2C511 768w, https:\/\/i0.wp.com\/www.tvturk.com\/wp-content\/uploads\/2019\/02\/karalar-mezbahayi-osbdeki-yeni-yerine-tasiyacagiz_59e8386.jpg?resize=170%2C113 170w, https:\/\/i0.wp.com\/www.tvturk.com\/wp-content\/uploads\/2019\/02\/karalar-mezbahayi-osbdeki-yeni-yerine-tasiyacagiz_59e8386.jpg?resize=120%2C80 120w\" width=\"330\" height=\"219\" loading=\"lazy\" data-original-width=\"330\" data-original-height=\"219\" itemprop=\"http:\/\/schema.org\/image\" title=\"Karalar: &quot;Mezbahay\u0131 OSB\u2019deki yeni yerine ta\u015f\u0131yaca\u011f\u0131z&quot;\" alt=\"Karalar: &quot;Mezbahay\u0131 OSB\u2019deki yeni yerine ta\u015f\u0131yaca\u011f\u0131z&quot;\" style=\"width: 330px; height: 219px;\" \/> <\/a> <\/div> <\/div> <!-- close group --> <div class=\"gallery-group images-2\" style=\"width: 166px; height: 223px;\" data-original-width=\"166\" data-original-height=\"223\" > <div class=\"tiled-gallery-item tiled-gallery-item-small\" itemprop=\"associatedMedia\" itemscope itemtype=\"http:\/\/schema.org\/ImageObject\"> <a href=\"http:\/\/www.tvturk.com\/index.php\/karalar-mezbahayi-osbdeki-yeni-yerine-tasiyacagiz\/karalar-mezbahayi-osbdeki-yeni-yerine-tasiyacagiz-4\/\" border=\"0\" itemprop=\"url\"> <meta itemprop=\"width\" content=\"162\"> <meta itemprop=\"height\" content=\"108\"> <img decoding=\"async\" class=\"\" data-attachment-id=\"40946\" data-orig-file=\"http:\/\/www.tvturk.com\/wp-content\/uploads\/2019\/02\/karalar-mezbahayi-osbdeki-yeni-yerine-tasiyacagiz_2f75bf1.jpg\" data-orig-size=\"1000,665\" data-comments-opened=\"\" data-image-meta=\"{&quot;aperture&quot;:&quot;0&quot;,&quot;credit&quot;:&quot;IHA&quot;,&quot;camera&quot;:&quot;&quot;,&quot;caption&quot;:&quot;ZEYDAN KARALAR, BABASI \\u0130LE AMCASININ YILLARCA \\u00c7ALI\\u015eTI\\u011eI MEZBAHAYI Z\\u0130YARET EDEREK \\u0130\\u015e\\u00c7\\u0130 VE BES\\u0130C\\u0130LERLE BULU\\u015eTU, DUYGULU ANLAR YA\\u015eADI.A\\u015eADI. (SERKAN \\u00c7ET\\u0130NKAYA\\\/ADANA-\\u0130HA)&quot;,&quot;created_timestamp&quot;:&quot;0&quot;,&quot;copyright&quot;:&quot;\\u0130HLAS HABER AJANSI, www.iha.com.tr&quot;,&quot;focal_length&quot;:&quot;0&quot;,&quot;iso&quot;:&quot;0&quot;,&quot;shutter_speed&quot;:&quot;0&quot;,&quot;title&quot;:&quot;KARALAR: \\u0022MEZBAHAYI OSB\\u2019DEK\\u0130 YEN\\u0130 YER\\u0130NE TA\\u015eIYACA\\u011eIZ\\u0022&quot;,&quot;orientation&quot;:&quot;0&quot;}\" data-image-title=\"Karalar: &amp;#8220;Mezbahay\u0131 OSB\u2019deki yeni yerine ta\u015f\u0131yaca\u011f\u0131z&amp;#8221;\" data-image-description=\"&lt;p&gt;Karalar: &amp;#8220;Mezbahay\u0131 OSB\u2019deki yeni yerine ta\u015f\u0131yaca\u011f\u0131z&amp;#8221;&lt;\/p&gt; \" data-medium-file=\"https:\/\/i0.wp.com\/www.tvturk.com\/wp-content\/uploads\/2019\/02\/karalar-mezbahayi-osbdeki-yeni-yerine-tasiyacagiz_2f75bf1.jpg?fit=300%2C200\" data-large-file=\"https:\/\/i0.wp.com\/www.tvturk.com\/wp-content\/uploads\/2019\/02\/karalar-mezbahayi-osbdeki-yeni-yerine-tasiyacagiz_2f75bf1.jpg?fit=1000%2C665\" src=\"https:\/\/i0.wp.com\/www.tvturk.com\/wp-content\/uploads\/2019\/02\/karalar-mezbahayi-osbdeki-yeni-yerine-tasiyacagiz_2f75bf1.jpg?w=162&#038;h=108\" srcset=\"https:\/\/i0.wp.com\/www.tvturk.com\/wp-content\/uploads\/2019\/02\/karalar-mezbahayi-osbdeki-yeni-yerine-tasiyacagiz_2f75bf1.jpg?w=1000 1000w, https:\/\/i0.wp.com\/www.tvturk.com\/wp-content\/uploads\/2019\/02\/karalar-mezbahayi-osbdeki-yeni-yerine-tasiyacagiz_2f75bf1.jpg?resize=150%2C100 150w, https:\/\/i0.wp.com\/www.tvturk.com\/wp-content\/uploads\/2019\/02\/karalar-mezbahayi-osbdeki-yeni-yerine-tasiyacagiz_2f75bf1.jpg?resize=300%2C200 300w, https:\/\/i0.wp.com\/www.tvturk.com\/wp-content\/uploads\/2019\/02\/karalar-mezbahayi-osbdeki-yeni-yerine-tasiyacagiz_2f75bf1.jpg?resize=768%2C511 768w, https:\/\/i0.wp.com\/www.tvturk.com\/wp-content\/uploads\/2019\/02\/karalar-mezbahayi-osbdeki-yeni-yerine-tasiyacagiz_2f75bf1.jpg?resize=170%2C113 170w, https:\/\/i0.wp.com\/www.tvturk.com\/wp-content\/uploads\/2019\/02\/karalar-mezbahayi-osbdeki-yeni-yerine-tasiyacagiz_2f75bf1.jpg?resize=120%2C80 120w\" width=\"162\" height=\"108\" loading=\"lazy\" data-original-width=\"162\" data-original-height=\"108\" itemprop=\"http:\/\/schema.org\/image\" title=\"Karalar: &quot;Mezbahay\u0131 OSB\u2019deki yeni yerine ta\u015f\u0131yaca\u011f\u0131z&quot;\" alt=\"Karalar: &quot;Mezbahay\u0131 OSB\u2019deki yeni yerine ta\u015f\u0131yaca\u011f\u0131z&quot;\" style=\"width: 162px; height: 108px;\" \/> <\/a> <\/div> <div class=\"tiled-gallery-item tiled-gallery-item-small\" itemprop=\"associatedMedia\" itemscope itemtype=\"http:\/\/schema.org\/ImageObject\"> <a href=\"http:\/\/www.tvturk.com\/index.php\/karalar-mezbahayi-osbdeki-yeni-yerine-tasiyacagiz\/karalar-mezbahayi-osbdeki-yeni-yerine-tasiyacagiz-5\/\" border=\"0\" itemprop=\"url\"> <meta itemprop=\"width\" content=\"162\"> <meta itemprop=\"height\" content=\"107\"> <img decoding=\"async\" class=\"\" data-attachment-id=\"40947\" data-orig-file=\"http:\/\/www.tvturk.com\/wp-content\/uploads\/2019\/02\/karalar-mezbahayi-osbdeki-yeni-yerine-tasiyacagiz_49d808e.jpg\" data-orig-size=\"1000,665\" data-comments-opened=\"\" data-image-meta=\"{&quot;aperture&quot;:&quot;0&quot;,&quot;credit&quot;:&quot;IHA&quot;,&quot;camera&quot;:&quot;&quot;,&quot;caption&quot;:&quot;ZEYDAN KARALAR, BABASI \\u0130LE AMCASININ YILLARCA \\u00c7ALI\\u015eTI\\u011eI MEZBAHAYI Z\\u0130YARET EDEREK \\u0130\\u015e\\u00c7\\u0130 VE BES\\u0130C\\u0130LERLE BULU\\u015eTU, DUYGULU ANLAR YA\\u015eADI. (SERKAN \\u00c7ET\\u0130NKAYA\\\/ADANA-\\u0130HA)&quot;,&quot;created_timestamp&quot;:&quot;0&quot;,&quot;copyright&quot;:&quot;\\u0130HLAS HABER AJANSI, www.iha.com.tr&quot;,&quot;focal_length&quot;:&quot;0&quot;,&quot;iso&quot;:&quot;0&quot;,&quot;shutter_speed&quot;:&quot;0&quot;,&quot;title&quot;:&quot;KARALAR: \\u0022MEZBAHAYI OSB\\u2019DEK\\u0130 YEN\\u0130 YER\\u0130NE TA\\u015eIYACA\\u011eIZ\\u0022&quot;,&quot;orientation&quot;:&quot;0&quot;}\" data-image-title=\"Karalar: &amp;#8220;Mezbahay\u0131 OSB\u2019deki yeni yerine ta\u015f\u0131yaca\u011f\u0131z&amp;#8221;\" data-image-description=\"&lt;p&gt;Karalar: &amp;#8220;Mezbahay\u0131 OSB\u2019deki yeni yerine ta\u015f\u0131yaca\u011f\u0131z&amp;#8221;&lt;\/p&gt; \" data-medium-file=\"https:\/\/i0.wp.com\/www.tvturk.com\/wp-content\/uploads\/2019\/02\/karalar-mezbahayi-osbdeki-yeni-yerine-tasiyacagiz_49d808e.jpg?fit=300%2C200\" data-large-file=\"https:\/\/i0.wp.com\/www.tvturk.com\/wp-content\/uploads\/2019\/02\/karalar-mezbahayi-osbdeki-yeni-yerine-tasiyacagiz_49d808e.jpg?fit=1000%2C665\" src=\"https:\/\/i0.wp.com\/www.tvturk.com\/wp-content\/uploads\/2019\/02\/karalar-mezbahayi-osbdeki-yeni-yerine-tasiyacagiz_49d808e.jpg?w=162&#038;h=107\" srcset=\"https:\/\/i0.wp.com\/www.tvturk.com\/wp-content\/uploads\/2019\/02\/karalar-mezbahayi-osbdeki-yeni-yerine-tasiyacagiz_49d808e.jpg?w=1000 1000w, https:\/\/i0.wp.com\/www.tvturk.com\/wp-content\/uploads\/2019\/02\/karalar-mezbahayi-osbdeki-yeni-yerine-tasiyacagiz_49d808e.jpg?resize=150%2C100 150w, https:\/\/i0.wp.com\/www.tvturk.com\/wp-content\/uploads\/2019\/02\/karalar-mezbahayi-osbdeki-yeni-yerine-tasiyacagiz_49d808e.jpg?resize=300%2C200 300w, https:\/\/i0.wp.com\/www.tvturk.com\/wp-content\/uploads\/2019\/02\/karalar-mezbahayi-osbdeki-yeni-yerine-tasiyacagiz_49d808e.jpg?resize=768%2C511 768w, https:\/\/i0.wp.com\/www.tvturk.com\/wp-content\/uploads\/2019\/02\/karalar-mezbahayi-osbdeki-yeni-yerine-tasiyacagiz_49d808e.jpg?resize=170%2C113 170w, https:\/\/i0.wp.com\/www.tvturk.com\/wp-content\/uploads\/2019\/02\/karalar-mezbahayi-osbdeki-yeni-yerine-tasiyacagiz_49d808e.jpg?resize=120%2C80 120w\" width=\"162\" height=\"107\" loading=\"lazy\" data-original-width=\"162\" data-original-height=\"107\" itemprop=\"http:\/\/schema.org\/image\" title=\"Karalar: &quot;Mezbahay\u0131 OSB\u2019deki yeni yerine ta\u015f\u0131yaca\u011f\u0131z&quot;\" alt=\"Karalar: &quot;Mezbahay\u0131 OSB\u2019deki yeni yerine ta\u015f\u0131yaca\u011f\u0131z&quot;\" style=\"width: 162px; height: 107px;\" \/> <\/a> <\/div> <\/div> <!-- close group --> <\/div> <!-- close row --> <\/div><\/p>\n","protected":false},"excerpt":{"rendered":"<p>ZEYDAN KARALAR, BABASI \u0130LE AMCASININ YILLARCA \u00c7ALI\u015eTI\u011eI MEZBAHAYI Z\u0130YARET EDEREK \u0130\u015e\u00c7\u0130 VE BES\u0130C\u0130LERLE BULU\u015eTU, DUYGULU ANLAR YA\u015eADI.<\/p>\n","protected":false},"author":1,"featured_media":40944,"comment_status":"closed","ping_status":"open","sticky":false,"template":"","format":"standard","meta":{"jetpack_post_was_ever_published":false,"_jetpack_newsletter_access":"","_jetpack_dont_email_post_to_subs":false,"_jetpack_newsletter_tier_id":0,"_jetpack_memberships_contains_paywalled_content":false,"_jetpack_memberships_contains_paid_content":false,"footnotes":"","jetpack_publicize_message":"","jetpack_publicize_feature_enabled":true,"jetpack_social_post_already_shared":false,"jetpack_social_options":{"image_generator_settings":{"template":"highway","default_image_id":0,"font":"","enabled":false},"version":2}},"categories":[655],"tags":[14604,14603,14605,14606,87,1794],"class_list":["post-40943","post","type-post","status-publish","format-standard","has-post-thumbnail","hentry","category-son-dakika","tag-mezbahayi","tag-karalar","tag-osbdeki","tag-tasiyacagiz","tag-yeni","tag-yerine"],"jetpack_publicize_connections":[],"jetpack_featured_media_url":"https:\/\/i0.wp.com\/www.tvturk.com\/wp-content\/uploads\/2019\/02\/karalar-mezbahayi-osbdeki-yeni-yerine-tasiyacagiz_17b5793.jpg?fit=1000%2C603","jetpack_sharing_enabled":true,"jetpack_shortlink":"https:\/\/wp.me\/paKIfm-aEn","_links":{"self":[{"href":"http:\/\/www.tvturk.com\/index.php\/wp-json\/wp\/v2\/posts\/40943","targetHints":{"allow":["GET"]}}],"collection":[{"href":"http:\/\/www.tvturk.com\/index.php\/wp-json\/wp\/v2\/posts"}],"about":[{"href":"http:\/\/www.tvturk.com\/index.php\/wp-json\/wp\/v2\/types\/post"}],"author":[{"embeddable":true,"href":"http:\/\/www.tvturk.com\/index.php\/wp-json\/wp\/v2\/users\/1"}],"replies":[{"embeddable":true,"href":"http:\/\/www.tvturk.com\/index.php\/wp-json\/wp\/v2\/comments?post=40943"}],"version-history":[{"count":1,"href":"http:\/\/www.tvturk.com\/index.php\/wp-json\/wp\/v2\/posts\/40943\/revisions"}],"predecessor-version":[{"id":40948,"href":"http:\/\/www.tvturk.com\/index.php\/wp-json\/wp\/v2\/posts\/40943\/revisions\/40948"}],"wp:featuredmedia":[{"embeddable":true,"href":"http:\/\/www.tvturk.com\/index.php\/wp-json\/wp\/v2\/media\/40944"}],"wp:attachment":[{"href":"http:\/\/www.tvturk.com\/index.php\/wp-json\/wp\/v2\/media?parent=40943"}],"wp:term":[{"taxonomy":"category","embeddable":true,"href":"http:\/\/www.tvturk.com\/index.php\/wp-json\/wp\/v2\/categories?post=40943"},{"taxonomy":"post_tag","embeddable":true,"href":"http:\/\/www.tvturk.com\/index.php\/wp-json\/wp\/v2\/tags?post=40943"}],"curies":[{"name":"wp","href":"https:\/\/api.w.org\/{rel}","templated":true}]}}