{"id":41110,"date":"2019-02-17T12:01:40","date_gmt":"2019-02-17T09:01:40","guid":{"rendered":"http:\/\/www.tvturk.com\/index.php\/chp-lideri-kilicdaroglu-izmirde\/"},"modified":"2019-02-17T12:01:40","modified_gmt":"2019-02-17T09:01:40","slug":"chp-lideri-kilicdaroglu-izmirde","status":"publish","type":"post","link":"http:\/\/www.tvturk.com\/index.php\/chp-lideri-kilicdaroglu-izmirde\/","title":{"rendered":"CHP lideri K\u0131l\u0131\u00e7daro\u011flu \u0130zmir\u2019de"},"content":{"rendered":"<p>CHP Genel Ba\u015fkan\u0131 Kemal K\u0131l\u0131\u00e7daro\u011flu, belediye ba\u015fkan adaylar\u0131n\u0131 kamuoyuna tan\u0131tmak ve a\u00e7\u0131l\u0131\u015fa kat\u0131lmak \u00fczere \u0130zmir\u2019e geldi.<\/p>\n<p>CHP Genel Ba\u015fkan\u0131 K\u0131l\u0131\u00e7daro\u011flu, Adnan Menderes Havaliman\u0131\u2019nda partililer taraf\u0131ndan kar\u015f\u0131land\u0131. VIP salonundan \u00e7\u0131kan K\u0131l\u0131\u00e7daro\u011flu, Halkap\u0131nar Spor Salonu\u2019nda d\u00fczenlenecek CHP \u0130zmir belediye ba\u015fkanlar\u0131 tan\u0131t\u0131m program\u0131na kat\u0131lmak \u00fczere havaalan\u0131ndan ayr\u0131ld\u0131. CHP lideri, adaylar\u0131 tan\u0131tt\u0131ktan sonra \u0130zmir B\u00fcy\u00fck\u015fehir Belediyesi taraf\u0131ndan Mithatpa\u015fa\u2019da yap\u0131m\u0131 tamamlanan 15 Temmuz Demokrasi \u015eehitleri Meydan\u0131\u2019n\u0131n a\u00e7\u0131l\u0131\u015f\u0131n\u0131 ger\u00e7ekle\u015ftirecek.<\/p>\n","protected":false},"excerpt":{"rendered":"<p>CHP GENEL BA\u015eKANI KEMAL KILI\u00c7DARO\u011eLU, BELED\u0130YE BA\u015eKAN ADAYLARINI KAMUOYUNA TANITMAK VE A\u00c7ILI\u015eA KATILMAK \u00dcZERE \u0130ZM\u0130R\u2019E GELD\u0130.<\/p>\n","protected":false},"author":1,"featured_media":41111,"comment_status":"closed","ping_status":"open","sticky":false,"template":"","format":"standard","meta":{"jetpack_post_was_ever_published":false,"_jetpack_newsletter_access":"","_jetpack_dont_email_post_to_subs":false,"_jetpack_newsletter_tier_id":0,"_jetpack_memberships_contains_paywalled_content":false,"_jetpack_memberships_contains_paid_content":false,"footnotes":"","jetpack_publicize_message":"","jetpack_publicize_feature_enabled":true,"jetpack_social_post_already_shared":false,"jetpack_social_options":{"image_generator_settings":{"template":"highway","default_image_id":0,"font":"","enabled":false},"version":2}},"categories":[9],"tags":[30,1554,170,1251],"class_list":["post-41110","post","type-post","status-publish","format-standard","has-post-thumbnail","hentry","category-siyaset","tag-chp","tag-izmirde","tag-kilicdaroglu","tag-lideri"],"jetpack_publicize_connections":[],"jetpack_featured_media_url":"https:\/\/i0.wp.com\/www.tvturk.com\/wp-content\/uploads\/2019\/02\/chp-lideri-kilicdaroglu-izmirde_a75f4ce.jpg?fit=1000%2C750","jetpack_sharing_enabled":true,"jetpack_shortlink":"https:\/\/wp.me\/paKIfm-aH4","_links":{"self":[{"href":"http:\/\/www.tvturk.com\/index.php\/wp-json\/wp\/v2\/posts\/41110","targetHints":{"allow":["GET"]}}],"collection":[{"href":"http:\/\/www.tvturk.com\/index.php\/wp-json\/wp\/v2\/posts"}],"about":[{"href":"http:\/\/www.tvturk.com\/index.php\/wp-json\/wp\/v2\/types\/post"}],"author":[{"embeddable":true,"href":"http:\/\/www.tvturk.com\/index.php\/wp-json\/wp\/v2\/users\/1"}],"replies":[{"embeddable":true,"href":"http:\/\/www.tvturk.com\/index.php\/wp-json\/wp\/v2\/comments?post=41110"}],"version-history":[{"count":0,"href":"http:\/\/www.tvturk.com\/index.php\/wp-json\/wp\/v2\/posts\/41110\/revisions"}],"wp:featuredmedia":[{"embeddable":true,"href":"http:\/\/www.tvturk.com\/index.php\/wp-json\/wp\/v2\/media\/41111"}],"wp:attachment":[{"href":"http:\/\/www.tvturk.com\/index.php\/wp-json\/wp\/v2\/media?parent=41110"}],"wp:term":[{"taxonomy":"category","embeddable":true,"href":"http:\/\/www.tvturk.com\/index.php\/wp-json\/wp\/v2\/categories?post=41110"},{"taxonomy":"post_tag","embeddable":true,"href":"http:\/\/www.tvturk.com\/index.php\/wp-json\/wp\/v2\/tags?post=41110"}],"curies":[{"name":"wp","href":"https:\/\/api.w.org\/{rel}","templated":true}]}}