{"id":41586,"date":"2019-02-17T14:41:06","date_gmt":"2019-02-17T11:41:06","guid":{"rendered":"http:\/\/www.tvturk.com\/index.php\/ogrencileri-kubra-ogretmen-cinayetini-protesto-etti\/"},"modified":"2019-02-17T14:41:10","modified_gmt":"2019-02-17T11:41:10","slug":"ogrencileri-kubra-ogretmen-cinayetini-protesto-etti","status":"publish","type":"post","link":"http:\/\/www.tvturk.com\/index.php\/ogrencileri-kubra-ogretmen-cinayetini-protesto-etti\/","title":{"rendered":"\u00d6\u011frencileri K\u00fcbra \u00f6\u011fretmen cinayetini protesto etti"},"content":{"rendered":"<p>Mersin\u2019de \u00c7aml\u0131bel K\u0131z Meslek Lisesi \u00f6\u011frencileri, okulun m\u00fcd\u00fcr yard\u0131mc\u0131s\u0131 K\u00fcbra A\u015fk\u0131n\u2019\u0131n bo\u015fand\u0131\u011f\u0131 eski e\u015fi taraf\u0131ndan \u00f6ld\u00fcr\u00fclmesini protesto etti.<\/p>\n<p>Cumhuriyet Alan\u0131\u2019nda ellerinde \u2019K\u00fcbra A\u015fk\u0131n isyan\u0131m\u0131z\u2019, \u2019Kad\u0131n insanl\u0131\u011f\u0131n kanatlar\u0131d\u0131r\u2019, \u2019\u00d6ld\u00fcren sevgi istemiyoruz\u2019, \u2019Sen ona sahip \u00e7\u0131kma, dokunma yeter\u2019 yaz\u0131l\u0131 pankart ve d\u00f6vizler ta\u015f\u0131yan \u00f6\u011frenciler, \u00c7aml\u0131bel K\u0131z Meslek Lisesi M\u00fcd\u00fcr Yard\u0131mc\u0131s\u0131 K\u00fcbra A\u015fk\u0131n\u2019\u0131n ayr\u0131ld\u0131\u011f\u0131 eski e\u015fi taraf\u0131ndan \u00f6ld\u00fcr\u00fclmesine tepkilerini dile getirdiler. Att\u0131klar\u0131 sloganlarla kad\u0131n cinayetlerini protesto eden \u00f6\u011frenciler, bu t\u00fcr cinayetlere a\u011f\u0131r cezalar getirilmesini talep ettiler. \u00d6\u011frencilerden Helin \u00c7elik, kad\u0131n cinayetlerinin son bulmas\u0131n\u0131 isteyerek, &#8220;Ba\u015fka canlar, ba\u015fka K\u00fcbralar yanmas\u0131n. Art\u0131k bu cinayetlerin \u00f6n\u00fc kesilsin. Adalet istiyoruz. Her  bo\u015fanan kad\u0131n \u00f6lmek zorunda de\u011fil. Biz art\u0131k haklar\u0131m\u0131z\u0131 istiyoruz. Kad\u0131nlar bo\u015fanabilmeli, bo\u015fand\u0131ktan sonra korkmamal\u0131. Taciz istemiyoruz, \u00f6l\u00fcm istemiyoruz, istismar istemiyoruz, can kaybolsun istemiyoruz&#8221; dedi.<\/p>\n<p>Bir ba\u015fka \u00f6\u011frenci ise \u00d6zgecen Arslan\u2019dan sonra kad\u0131n cinayetlerinin durmad\u0131\u011f\u0131n\u0131 belirterek, &#8220;Aradan 4 y\u0131l ge\u00e7ti, bir s\u00fcr\u00fc kad\u0131n katledildi. Art\u0131k buna bir \u2019dur\u2019 denilmesi gerekir. Her g\u00fcn bir\u00e7ok anne a\u011fl\u0131yor, feryat ediyor. Art\u0131k bu erkek \u015fiddeti son bulmal\u0131&#8221; diye konu\u015ftu.<\/p>\n<p>Protesto g\u00f6sterisini y\u00fcr\u00fcy\u00fc\u015fle devam ettirmek isteyen \u00f6\u011frenciler bu taleplerine izin verilmeyince \u00f6\u011fretmenleri i\u00e7in okutulacak mevlide kat\u0131lmak \u00fczere alandan ayr\u0131ld\u0131lar.<\/p>\n<p>\u00d6nceki gece merkez Yeni\u015fehir il\u00e7esi Mente\u015f Mahallesi \u0130stemihan Talay Bulvar\u0131 \u00fczerinde meydana gelen olayda, \u00c7aml\u0131bel K\u0131z Meslek Lisesi M\u00fcd\u00fcr Yard\u0131mc\u0131s\u0131 K\u00fcbra A\u015fk\u0131n, arac\u0131yla seyir halinde iken kendisini takip eden eski kocas\u0131 Davut D. taraf\u0131ndan ara\u00e7la \u00f6n\u00fc kesildikten sonra tabanca ile vurularak \u00f6ld\u00fcr\u00fclm\u00fc\u015ft\u00fc. Olaydan sonra ka\u00e7an cinayet zanl\u0131s\u0131 daha sonra polise teslim olmu\u015ftu.<div class=\"tiled-gallery type-rectangular tiled-gallery-unresized\" data-original-width=\"500\" data-carousel-extra='null' itemscope itemtype=\"http:\/\/schema.org\/ImageGallery\" > <div class=\"gallery-row\" style=\"width: 500px; height: 142px;\" data-original-width=\"500\" data-original-height=\"142\" > <div class=\"gallery-group images-1\" style=\"width: 250px; height: 142px;\" data-original-width=\"250\" data-original-height=\"142\" > <div class=\"tiled-gallery-item tiled-gallery-item-small\" itemprop=\"associatedMedia\" itemscope itemtype=\"http:\/\/schema.org\/ImageObject\"> <a href=\"http:\/\/www.tvturk.com\/index.php\/ogrencileri-kubra-ogretmen-cinayetini-protesto-etti\/ogrencileri-kubra-ogretmen-cinayetini-protesto-etti-3\/\" border=\"0\" itemprop=\"url\"> <meta itemprop=\"width\" content=\"246\"> <meta itemprop=\"height\" content=\"138\"> <img decoding=\"async\" class=\"\" data-attachment-id=\"41588\" data-orig-file=\"http:\/\/www.tvturk.com\/wp-content\/uploads\/2019\/02\/ogrencileri-kubra-ogretmen-cinayetini-protesto-etti_4ba287f.jpg\" data-orig-size=\"1000,562\" data-comments-opened=\"\" data-image-meta=\"{&quot;aperture&quot;:&quot;0&quot;,&quot;credit&quot;:&quot;IHA&quot;,&quot;camera&quot;:&quot;&quot;,&quot;caption&quot;:&quot;MERS\\u0130N\\u0027DE \\u00c7AMLIBEL KIZ MESLEK L\\u0130SES\\u0130 \\u00d6\\u011eRENC\\u0130LER\\u0130, OKULUN M\\u00dcD\\u00dcR YARDIMCISI K\\u00dcBRA A\\u015eKIN\\u0027IN BO\\u015eANDI\\u011eI ESK\\u0130 E\\u015e\\u0130 TARAFINDAN ARACI DURDURULARAK \\u00d6LD\\u00dcR\\u00dcLMES\\u0130 OLAYINI, D\\u00dcZENLED\\u0130KLER\\u0130 G\\u00d6STER\\u0130 \\u0130LE PROTESTO ETT\\u0130. (H\\u00dcSEY\\u0130N KAR - KIYMET G\\u00d6K\\u00c7E\\\/MERS\\u0130N-\\u0130HA)&quot;,&quot;created_timestamp&quot;:&quot;0&quot;,&quot;copyright&quot;:&quot;\\u0130HLAS HABER AJANSI, www.iha.com.tr&quot;,&quot;focal_length&quot;:&quot;0&quot;,&quot;iso&quot;:&quot;0&quot;,&quot;shutter_speed&quot;:&quot;0&quot;,&quot;title&quot;:&quot;\\u00d6\\u011eRENC\\u0130LER\\u0130 K\\u00dcBRA \\u00d6\\u011eRETMEN C\\u0130NAYET\\u0130N\\u0130 PROTESTO ETT\\u0130 MERS\\u0130N\\u0027DE \\u00c7AMLIBEL KIZ MESLEK L\\u0130SES\\u0130 \\u00d6\\u011eRENC\\u0130LER\\u0130, OKULUN M\\u00dcD\\u00dcR YARDIMCISI K\\u00dcBRA A\\u015eKIN\\u0027IN BO\\u015eANDI\\u011eI ESK\\u0130 E\\u015e\\u0130 TARAFINDAN \\u00d6LD\\u00dcR\\u00dcLMES\\u0130N\\u0130 PROTESTO ETT\\u0130 CUMHUR\\u0130YET ALANI\\u0027NDA SLOGAN ATARAK C\\u0130NAYET\\u0130 PROTESTO EDEN \\u00d6\\u011eRENC\\u0130LER\\u0130N Y\\u00dcR\\u00dcY\\u00dc\\u015e YAPMASINA \\u0130Z\\u0130N VER\\u0130LMED\\u0130&quot;,&quot;orientation&quot;:&quot;0&quot;}\" data-image-title=\"\u00d6\u011frencileri K\u00fcbra \u00f6\u011fretmen cinayetini protesto etti\" data-image-description=\"&lt;p&gt;\u00d6\u011frencileri K\u00fcbra \u00f6\u011fretmen cinayetini protesto etti&lt;\/p&gt; \" data-medium-file=\"https:\/\/i0.wp.com\/www.tvturk.com\/wp-content\/uploads\/2019\/02\/ogrencileri-kubra-ogretmen-cinayetini-protesto-etti_4ba287f.jpg?fit=300%2C169\" data-large-file=\"https:\/\/i0.wp.com\/www.tvturk.com\/wp-content\/uploads\/2019\/02\/ogrencileri-kubra-ogretmen-cinayetini-protesto-etti_4ba287f.jpg?fit=1000%2C562\" src=\"https:\/\/i0.wp.com\/www.tvturk.com\/wp-content\/uploads\/2019\/02\/ogrencileri-kubra-ogretmen-cinayetini-protesto-etti_4ba287f.jpg?w=246&#038;h=138\" srcset=\"https:\/\/i0.wp.com\/www.tvturk.com\/wp-content\/uploads\/2019\/02\/ogrencileri-kubra-ogretmen-cinayetini-protesto-etti_4ba287f.jpg?w=1000 1000w, https:\/\/i0.wp.com\/www.tvturk.com\/wp-content\/uploads\/2019\/02\/ogrencileri-kubra-ogretmen-cinayetini-protesto-etti_4ba287f.jpg?resize=150%2C84 150w, https:\/\/i0.wp.com\/www.tvturk.com\/wp-content\/uploads\/2019\/02\/ogrencileri-kubra-ogretmen-cinayetini-protesto-etti_4ba287f.jpg?resize=300%2C169 300w, https:\/\/i0.wp.com\/www.tvturk.com\/wp-content\/uploads\/2019\/02\/ogrencileri-kubra-ogretmen-cinayetini-protesto-etti_4ba287f.jpg?resize=768%2C432 768w, https:\/\/i0.wp.com\/www.tvturk.com\/wp-content\/uploads\/2019\/02\/ogrencileri-kubra-ogretmen-cinayetini-protesto-etti_4ba287f.jpg?resize=200%2C113 200w\" width=\"246\" height=\"138\" loading=\"lazy\" data-original-width=\"246\" data-original-height=\"138\" itemprop=\"http:\/\/schema.org\/image\" title=\"\u00d6\u011frencileri K\u00fcbra \u00f6\u011fretmen cinayetini protesto etti\" alt=\"\u00d6\u011frencileri K\u00fcbra \u00f6\u011fretmen cinayetini protesto etti\" style=\"width: 246px; height: 138px;\" \/> <\/a> <\/div> <\/div> <!-- close group --> <div class=\"gallery-group images-1\" style=\"width: 250px; height: 142px;\" data-original-width=\"250\" data-original-height=\"142\" > <div class=\"tiled-gallery-item tiled-gallery-item-small\" itemprop=\"associatedMedia\" itemscope itemtype=\"http:\/\/schema.org\/ImageObject\"> <a href=\"http:\/\/www.tvturk.com\/index.php\/ogrencileri-kubra-ogretmen-cinayetini-protesto-etti\/ogrencileri-kubra-ogretmen-cinayetini-protesto-etti-4\/\" border=\"0\" itemprop=\"url\"> <meta itemprop=\"width\" content=\"246\"> <meta itemprop=\"height\" content=\"138\"> <img decoding=\"async\" class=\"\" data-attachment-id=\"41589\" data-orig-file=\"http:\/\/www.tvturk.com\/wp-content\/uploads\/2019\/02\/ogrencileri-kubra-ogretmen-cinayetini-protesto-etti_dce2f3a.jpg\" data-orig-size=\"1000,562\" data-comments-opened=\"\" data-image-meta=\"{&quot;aperture&quot;:&quot;0&quot;,&quot;credit&quot;:&quot;IHA&quot;,&quot;camera&quot;:&quot;&quot;,&quot;caption&quot;:&quot;MERS\\u0130N\\u0027DE \\u00c7AMLIBEL KIZ MESLEK L\\u0130SES\\u0130 \\u00d6\\u011eRENC\\u0130LER\\u0130, OKULUN M\\u00dcD\\u00dcR YARDIMCISI K\\u00dcBRA A\\u015eKIN\\u0027IN BO\\u015eANDI\\u011eI ESK\\u0130 E\\u015e\\u0130 TARAFINDAN ARACI DURDURULARAK \\u00d6LD\\u00dcR\\u00dcLMES\\u0130 OLAYINI, D\\u00dcZENLED\\u0130KLER\\u0130 G\\u00d6STER\\u0130 \\u0130LE PROTESTO ETT\\u0130. (H\\u00dcSEY\\u0130N KAR - KIYMET G\\u00d6K\\u00c7E\\\/MERS\\u0130N-\\u0130HA)&quot;,&quot;created_timestamp&quot;:&quot;0&quot;,&quot;copyright&quot;:&quot;\\u0130HLAS HABER AJANSI, www.iha.com.tr&quot;,&quot;focal_length&quot;:&quot;0&quot;,&quot;iso&quot;:&quot;0&quot;,&quot;shutter_speed&quot;:&quot;0&quot;,&quot;title&quot;:&quot;\\u00d6\\u011eRENC\\u0130LER\\u0130 K\\u00dcBRA \\u00d6\\u011eRETMEN C\\u0130NAYET\\u0130N\\u0130 PROTESTO ETT\\u0130 MERS\\u0130N\\u0027DE \\u00c7AMLIBEL KIZ MESLEK L\\u0130SES\\u0130 \\u00d6\\u011eRENC\\u0130LER\\u0130, OKULUN M\\u00dcD\\u00dcR YARDIMCISI K\\u00dcBRA A\\u015eKIN\\u0027IN BO\\u015eANDI\\u011eI ESK\\u0130 E\\u015e\\u0130 TARAFINDAN \\u00d6LD\\u00dcR\\u00dcLMES\\u0130N\\u0130 PROTESTO ETT\\u0130 CUMHUR\\u0130YET ALANI\\u0027NDA SLOGAN ATARAK C\\u0130NAYET\\u0130 PROTESTO EDEN \\u00d6\\u011eRENC\\u0130LER\\u0130N Y\\u00dcR\\u00dcY\\u00dc\\u015e YAPMASINA \\u0130Z\\u0130N VER\\u0130LMED\\u0130&quot;,&quot;orientation&quot;:&quot;0&quot;}\" data-image-title=\"\u00d6\u011frencileri K\u00fcbra \u00f6\u011fretmen cinayetini protesto etti\" data-image-description=\"&lt;p&gt;\u00d6\u011frencileri K\u00fcbra \u00f6\u011fretmen cinayetini protesto etti&lt;\/p&gt; \" data-medium-file=\"https:\/\/i0.wp.com\/www.tvturk.com\/wp-content\/uploads\/2019\/02\/ogrencileri-kubra-ogretmen-cinayetini-protesto-etti_dce2f3a.jpg?fit=300%2C169\" data-large-file=\"https:\/\/i0.wp.com\/www.tvturk.com\/wp-content\/uploads\/2019\/02\/ogrencileri-kubra-ogretmen-cinayetini-protesto-etti_dce2f3a.jpg?fit=1000%2C562\" src=\"https:\/\/i0.wp.com\/www.tvturk.com\/wp-content\/uploads\/2019\/02\/ogrencileri-kubra-ogretmen-cinayetini-protesto-etti_dce2f3a.jpg?w=246&#038;h=138\" srcset=\"https:\/\/i0.wp.com\/www.tvturk.com\/wp-content\/uploads\/2019\/02\/ogrencileri-kubra-ogretmen-cinayetini-protesto-etti_dce2f3a.jpg?w=1000 1000w, https:\/\/i0.wp.com\/www.tvturk.com\/wp-content\/uploads\/2019\/02\/ogrencileri-kubra-ogretmen-cinayetini-protesto-etti_dce2f3a.jpg?resize=150%2C84 150w, https:\/\/i0.wp.com\/www.tvturk.com\/wp-content\/uploads\/2019\/02\/ogrencileri-kubra-ogretmen-cinayetini-protesto-etti_dce2f3a.jpg?resize=300%2C169 300w, https:\/\/i0.wp.com\/www.tvturk.com\/wp-content\/uploads\/2019\/02\/ogrencileri-kubra-ogretmen-cinayetini-protesto-etti_dce2f3a.jpg?resize=768%2C432 768w, https:\/\/i0.wp.com\/www.tvturk.com\/wp-content\/uploads\/2019\/02\/ogrencileri-kubra-ogretmen-cinayetini-protesto-etti_dce2f3a.jpg?resize=200%2C113 200w\" width=\"246\" height=\"138\" loading=\"lazy\" data-original-width=\"246\" data-original-height=\"138\" itemprop=\"http:\/\/schema.org\/image\" title=\"\u00d6\u011frencileri K\u00fcbra \u00f6\u011fretmen cinayetini protesto etti\" alt=\"\u00d6\u011frencileri K\u00fcbra \u00f6\u011fretmen cinayetini protesto etti\" style=\"width: 246px; height: 138px;\" \/> <\/a> <\/div> <\/div> <!-- close group --> <\/div> <!-- close row --> <div class=\"gallery-row\" style=\"width: 500px; height: 306px;\" data-original-width=\"500\" data-original-height=\"306\" > <div class=\"gallery-group images-2\" style=\"width: 195px; height: 306px;\" data-original-width=\"195\" data-original-height=\"306\" > <div class=\"tiled-gallery-item tiled-gallery-item-small\" itemprop=\"associatedMedia\" itemscope itemtype=\"http:\/\/schema.org\/ImageObject\"> <a href=\"http:\/\/www.tvturk.com\/index.php\/ogrencileri-kubra-ogretmen-cinayetini-protesto-etti\/ogrencileri-kubra-ogretmen-cinayetini-protesto-etti-5\/\" border=\"0\" itemprop=\"url\"> <meta itemprop=\"width\" content=\"191\"> <meta itemprop=\"height\" content=\"108\"> <img decoding=\"async\" class=\"\" data-attachment-id=\"41590\" data-orig-file=\"http:\/\/www.tvturk.com\/wp-content\/uploads\/2019\/02\/ogrencileri-kubra-ogretmen-cinayetini-protesto-etti_5e5f339.jpg\" data-orig-size=\"1000,562\" data-comments-opened=\"\" data-image-meta=\"{&quot;aperture&quot;:&quot;0&quot;,&quot;credit&quot;:&quot;IHA&quot;,&quot;camera&quot;:&quot;&quot;,&quot;caption&quot;:&quot;MERS\\u0130N\\u0027DE \\u00c7AMLIBEL KIZ MESLEK L\\u0130SES\\u0130 \\u00d6\\u011eRENC\\u0130LER\\u0130, OKULUN M\\u00dcD\\u00dcR YARDIMCISI K\\u00dcBRA A\\u015eKIN\\u0027IN BO\\u015eANDI\\u011eI ESK\\u0130 E\\u015e\\u0130 TARAFINDAN ARACI DURDURULARAK \\u00d6LD\\u00dcR\\u00dcLMES\\u0130 OLAYINI, D\\u00dcZENLED\\u0130KLER\\u0130 G\\u00d6STER\\u0130 \\u0130LE PROTESTO ETT\\u0130. (H\\u00dcSEY\\u0130N KAR - KIYMET G\\u00d6K\\u00c7E\\\/MERS\\u0130N-\\u0130HA)&quot;,&quot;created_timestamp&quot;:&quot;0&quot;,&quot;copyright&quot;:&quot;\\u0130HLAS HABER AJANSI, www.iha.com.tr&quot;,&quot;focal_length&quot;:&quot;0&quot;,&quot;iso&quot;:&quot;0&quot;,&quot;shutter_speed&quot;:&quot;0&quot;,&quot;title&quot;:&quot;\\u00d6\\u011eRENC\\u0130LER\\u0130 K\\u00dcBRA \\u00d6\\u011eRETMEN C\\u0130NAYET\\u0130N\\u0130 PROTESTO ETT\\u0130 MERS\\u0130N\\u0027DE \\u00c7AMLIBEL KIZ MESLEK L\\u0130SES\\u0130 \\u00d6\\u011eRENC\\u0130LER\\u0130, OKULUN M\\u00dcD\\u00dcR YARDIMCISI K\\u00dcBRA A\\u015eKIN\\u0027IN BO\\u015eANDI\\u011eI ESK\\u0130 E\\u015e\\u0130 TARAFINDAN \\u00d6LD\\u00dcR\\u00dcLMES\\u0130N\\u0130 PROTESTO ETT\\u0130 CUMHUR\\u0130YET ALANI\\u0027NDA SLOGAN ATARAK C\\u0130NAYET\\u0130 PROTESTO EDEN \\u00d6\\u011eRENC\\u0130LER\\u0130N Y\\u00dcR\\u00dcY\\u00dc\\u015e YAPMASINA \\u0130Z\\u0130N VER\\u0130LMED\\u0130&quot;,&quot;orientation&quot;:&quot;0&quot;}\" data-image-title=\"\u00d6\u011frencileri K\u00fcbra \u00f6\u011fretmen cinayetini protesto etti\" data-image-description=\"&lt;p&gt;\u00d6\u011frencileri K\u00fcbra \u00f6\u011fretmen cinayetini protesto etti&lt;\/p&gt; \" data-medium-file=\"https:\/\/i0.wp.com\/www.tvturk.com\/wp-content\/uploads\/2019\/02\/ogrencileri-kubra-ogretmen-cinayetini-protesto-etti_5e5f339.jpg?fit=300%2C169\" data-large-file=\"https:\/\/i0.wp.com\/www.tvturk.com\/wp-content\/uploads\/2019\/02\/ogrencileri-kubra-ogretmen-cinayetini-protesto-etti_5e5f339.jpg?fit=1000%2C562\" src=\"https:\/\/i0.wp.com\/www.tvturk.com\/wp-content\/uploads\/2019\/02\/ogrencileri-kubra-ogretmen-cinayetini-protesto-etti_5e5f339.jpg?w=191&#038;h=108\" srcset=\"https:\/\/i0.wp.com\/www.tvturk.com\/wp-content\/uploads\/2019\/02\/ogrencileri-kubra-ogretmen-cinayetini-protesto-etti_5e5f339.jpg?w=1000 1000w, https:\/\/i0.wp.com\/www.tvturk.com\/wp-content\/uploads\/2019\/02\/ogrencileri-kubra-ogretmen-cinayetini-protesto-etti_5e5f339.jpg?resize=150%2C84 150w, https:\/\/i0.wp.com\/www.tvturk.com\/wp-content\/uploads\/2019\/02\/ogrencileri-kubra-ogretmen-cinayetini-protesto-etti_5e5f339.jpg?resize=300%2C169 300w, https:\/\/i0.wp.com\/www.tvturk.com\/wp-content\/uploads\/2019\/02\/ogrencileri-kubra-ogretmen-cinayetini-protesto-etti_5e5f339.jpg?resize=768%2C432 768w, https:\/\/i0.wp.com\/www.tvturk.com\/wp-content\/uploads\/2019\/02\/ogrencileri-kubra-ogretmen-cinayetini-protesto-etti_5e5f339.jpg?resize=200%2C113 200w\" width=\"191\" height=\"108\" loading=\"lazy\" data-original-width=\"191\" data-original-height=\"108\" itemprop=\"http:\/\/schema.org\/image\" title=\"\u00d6\u011frencileri K\u00fcbra \u00f6\u011fretmen cinayetini protesto etti\" alt=\"\u00d6\u011frencileri K\u00fcbra \u00f6\u011fretmen cinayetini protesto etti\" style=\"width: 191px; height: 108px;\" \/> <\/a> <\/div> <div class=\"tiled-gallery-item tiled-gallery-item-small\" itemprop=\"associatedMedia\" itemscope itemtype=\"http:\/\/schema.org\/ImageObject\"> <a href=\"http:\/\/www.tvturk.com\/index.php\/ogrencileri-kubra-ogretmen-cinayetini-protesto-etti\/ogrencileri-kubra-ogretmen-cinayetini-protesto-etti-6\/\" border=\"0\" itemprop=\"url\"> <meta itemprop=\"width\" content=\"191\"> <meta itemprop=\"height\" content=\"190\"> <img decoding=\"async\" class=\"\" data-attachment-id=\"41591\" data-orig-file=\"http:\/\/www.tvturk.com\/wp-content\/uploads\/2019\/02\/ogrencileri-kubra-ogretmen-cinayetini-protesto-etti_2a253d1.jpg\" data-orig-size=\"778,775\" data-comments-opened=\"\" data-image-meta=\"{&quot;aperture&quot;:&quot;0&quot;,&quot;credit&quot;:&quot;IHA&quot;,&quot;camera&quot;:&quot;&quot;,&quot;caption&quot;:&quot;\\u00c7AMLIBEL KIZ MESLEK L\\u0130SES\\u0130 M\\u00dcD\\u00dcR YARDIMCISI K\\u00dcBRA A\\u015eKIN, \\u00d6NCEK\\u0130 GECE AYRILDI\\u011eI ESK\\u0130 KOCASI TARAFINDAN \\u00d6LD\\u00dcR\\u00dcLM\\u00dc\\u015eT\\u00dc. (H\\u00dcSEY\\u0130N KAR - KIYMET G\\u00d6K\\u00c7E\\\/MERS\\u0130N-\\u0130HA)&quot;,&quot;created_timestamp&quot;:&quot;1550439120&quot;,&quot;copyright&quot;:&quot;\\u0130HLAS HABER AJANSI, www.iha.com.tr&quot;,&quot;focal_length&quot;:&quot;0\\\/0&quot;,&quot;iso&quot;:&quot;0&quot;,&quot;shutter_speed&quot;:&quot;0\\\/0&quot;,&quot;title&quot;:&quot;\\u00d6\\u011eRENC\\u0130LER\\u0130 K\\u00dcBRA \\u00d6\\u011eRETMEN C\\u0130NAYET\\u0130N\\u0130 PROTESTO ETT\\u0130 MERS\\u0130N\\u0027DE \\u00c7AMLIBEL KIZ MESLEK L\\u0130SES\\u0130 \\u00d6\\u011eRENC\\u0130LER\\u0130, OKULUN M\\u00dcD\\u00dcR YARDIMCISI K\\u00dcBRA A\\u015eKIN\\u0027IN BO\\u015eANDI\\u011eI ESK\\u0130 E\\u015e\\u0130 TARAFINDAN \\u00d6LD\\u00dcR\\u00dcLMES\\u0130N\\u0130 PROTESTO ETT\\u0130 CUMHUR\\u0130YET ALANI\\u0027NDA SLOGAN ATARAK C\\u0130NAYET\\u0130 PROTESTO EDEN \\u00d6\\u011eRENC\\u0130LER\\u0130N Y\\u00dcR\\u00dcY\\u00dc\\u015e YAPMASINA \\u0130Z\\u0130N VER\\u0130LMED\\u0130&quot;,&quot;orientation&quot;:&quot;1&quot;}\" data-image-title=\"\u00d6\u011frencileri K\u00fcbra \u00f6\u011fretmen cinayetini protesto etti\" data-image-description=\"&lt;p&gt;\u00d6\u011frencileri K\u00fcbra \u00f6\u011fretmen cinayetini protesto etti&lt;\/p&gt; \" data-medium-file=\"https:\/\/i0.wp.com\/www.tvturk.com\/wp-content\/uploads\/2019\/02\/ogrencileri-kubra-ogretmen-cinayetini-protesto-etti_2a253d1.jpg?fit=300%2C300\" data-large-file=\"https:\/\/i0.wp.com\/www.tvturk.com\/wp-content\/uploads\/2019\/02\/ogrencileri-kubra-ogretmen-cinayetini-protesto-etti_2a253d1.jpg?fit=778%2C775\" src=\"https:\/\/i0.wp.com\/www.tvturk.com\/wp-content\/uploads\/2019\/02\/ogrencileri-kubra-ogretmen-cinayetini-protesto-etti_2a253d1.jpg?w=191&#038;h=190\" srcset=\"https:\/\/i0.wp.com\/www.tvturk.com\/wp-content\/uploads\/2019\/02\/ogrencileri-kubra-ogretmen-cinayetini-protesto-etti_2a253d1.jpg?w=778 778w, https:\/\/i0.wp.com\/www.tvturk.com\/wp-content\/uploads\/2019\/02\/ogrencileri-kubra-ogretmen-cinayetini-protesto-etti_2a253d1.jpg?resize=150%2C150 150w, https:\/\/i0.wp.com\/www.tvturk.com\/wp-content\/uploads\/2019\/02\/ogrencileri-kubra-ogretmen-cinayetini-protesto-etti_2a253d1.jpg?resize=300%2C300 300w, https:\/\/i0.wp.com\/www.tvturk.com\/wp-content\/uploads\/2019\/02\/ogrencileri-kubra-ogretmen-cinayetini-protesto-etti_2a253d1.jpg?resize=768%2C765 768w\" width=\"191\" height=\"190\" loading=\"lazy\" data-original-width=\"191\" data-original-height=\"190\" itemprop=\"http:\/\/schema.org\/image\" title=\"\u00d6\u011frencileri K\u00fcbra \u00f6\u011fretmen cinayetini protesto etti\" alt=\"\u00d6\u011frencileri K\u00fcbra \u00f6\u011fretmen cinayetini protesto etti\" style=\"width: 191px; height: 190px;\" \/> <\/a> <\/div> <\/div> <!-- close group --> <div class=\"gallery-group images-1\" style=\"width: 305px; height: 306px;\" data-original-width=\"305\" data-original-height=\"306\" > <div class=\"tiled-gallery-item tiled-gallery-item-large\" itemprop=\"associatedMedia\" itemscope itemtype=\"http:\/\/schema.org\/ImageObject\"> <a href=\"http:\/\/www.tvturk.com\/index.php\/ogrencileri-kubra-ogretmen-cinayetini-protesto-etti\/ogrencileri-kubra-ogretmen-cinayetini-protesto-etti-7\/\" border=\"0\" itemprop=\"url\"> <meta itemprop=\"width\" content=\"301\"> <meta itemprop=\"height\" content=\"302\"> <img decoding=\"async\" class=\"\" data-attachment-id=\"41592\" data-orig-file=\"http:\/\/www.tvturk.com\/wp-content\/uploads\/2019\/02\/ogrencileri-kubra-ogretmen-cinayetini-protesto-etti_b7362ef.jpg\" data-orig-size=\"640,642\" data-comments-opened=\"\" data-image-meta=\"{&quot;aperture&quot;:&quot;0&quot;,&quot;credit&quot;:&quot;IHA&quot;,&quot;camera&quot;:&quot;&quot;,&quot;caption&quot;:&quot;\\u00c7AMLIBEL KIZ MESLEK L\\u0130SES\\u0130 M\\u00dcD\\u00dcR YARDIMCISI K\\u00dcBRA A\\u015eKIN, \\u00d6NCEK\\u0130 GECE AYRILDI\\u011eI ESK\\u0130 KOCASI TARAFINDAN \\u00d6LD\\u00dcR\\u00dcLM\\u00dc\\u015eT\\u00dc. (H\\u00dcSEY\\u0130N KAR - KIYMET G\\u00d6K\\u00c7E\\\/MERS\\u0130N-\\u0130HA)&quot;,&quot;created_timestamp&quot;:&quot;1550437260&quot;,&quot;copyright&quot;:&quot;\\u0130HLAS HABER AJANSI, www.iha.com.tr&quot;,&quot;focal_length&quot;:&quot;0&quot;,&quot;iso&quot;:&quot;0&quot;,&quot;shutter_speed&quot;:&quot;0&quot;,&quot;title&quot;:&quot;\\u00d6\\u011eRENC\\u0130LER\\u0130 K\\u00dcBRA \\u00d6\\u011eRETMEN C\\u0130NAYET\\u0130N\\u0130 PROTESTO ETT\\u0130 MERS\\u0130N\\u0027DE \\u00c7AMLIBEL KIZ MESLEK L\\u0130SES\\u0130 \\u00d6\\u011eRENC\\u0130LER\\u0130, OKULUN M\\u00dcD\\u00dcR YARDIMCISI K\\u00dcBRA A\\u015eKIN\\u0027IN BO\\u015eANDI\\u011eI ESK\\u0130 E\\u015e\\u0130 TARAFINDAN \\u00d6LD\\u00dcR\\u00dcLMES\\u0130N\\u0130 PROTESTO ETT\\u0130 CUMHUR\\u0130YET ALANI\\u0027NDA SLOGAN ATARAK C\\u0130NAYET\\u0130 PROTESTO EDEN \\u00d6\\u011eRENC\\u0130LER\\u0130N Y\\u00dcR\\u00dcY\\u00dc\\u015e YAPMASINA \\u0130Z\\u0130N VER\\u0130LMED\\u0130&quot;,&quot;orientation&quot;:&quot;0&quot;}\" data-image-title=\"\u00d6\u011frencileri K\u00fcbra \u00f6\u011fretmen cinayetini protesto etti\" data-image-description=\"&lt;p&gt;\u00d6\u011frencileri K\u00fcbra \u00f6\u011fretmen cinayetini protesto etti&lt;\/p&gt; \" data-medium-file=\"https:\/\/i0.wp.com\/www.tvturk.com\/wp-content\/uploads\/2019\/02\/ogrencileri-kubra-ogretmen-cinayetini-protesto-etti_b7362ef.jpg?fit=300%2C300\" data-large-file=\"https:\/\/i0.wp.com\/www.tvturk.com\/wp-content\/uploads\/2019\/02\/ogrencileri-kubra-ogretmen-cinayetini-protesto-etti_b7362ef.jpg?fit=640%2C642\" src=\"https:\/\/i0.wp.com\/www.tvturk.com\/wp-content\/uploads\/2019\/02\/ogrencileri-kubra-ogretmen-cinayetini-protesto-etti_b7362ef.jpg?w=301&#038;h=302\" srcset=\"https:\/\/i0.wp.com\/www.tvturk.com\/wp-content\/uploads\/2019\/02\/ogrencileri-kubra-ogretmen-cinayetini-protesto-etti_b7362ef.jpg?w=640 640w, https:\/\/i0.wp.com\/www.tvturk.com\/wp-content\/uploads\/2019\/02\/ogrencileri-kubra-ogretmen-cinayetini-protesto-etti_b7362ef.jpg?resize=150%2C150 150w, https:\/\/i0.wp.com\/www.tvturk.com\/wp-content\/uploads\/2019\/02\/ogrencileri-kubra-ogretmen-cinayetini-protesto-etti_b7362ef.jpg?resize=300%2C300 300w\" width=\"301\" height=\"302\" loading=\"lazy\" data-original-width=\"301\" data-original-height=\"302\" itemprop=\"http:\/\/schema.org\/image\" title=\"\u00d6\u011frencileri K\u00fcbra \u00f6\u011fretmen cinayetini protesto etti\" alt=\"\u00d6\u011frencileri K\u00fcbra \u00f6\u011fretmen cinayetini protesto etti\" style=\"width: 301px; height: 302px;\" \/> <\/a> <\/div> <\/div> <!-- close group --> <\/div> <!-- close row --> <\/div><\/p>\n","protected":false},"excerpt":{"rendered":"<p>MERS\u0130N&#8217;DE \u00c7AMLIBEL KIZ MESLEK L\u0130SES\u0130 \u00d6\u011eRENC\u0130LER\u0130, OKULUN M\u00dcD\u00dcR  YARDIMCISI K\u00dcBRA A\u015eKIN&#8217;IN BO\u015eANDI\u011eI ESK\u0130 E\u015e\u0130 TARAFINDAN ARACI DURDURULARAK \u00d6LD\u00dcR\u00dcLMES\u0130  OLAYINI, D\u00dcZENLED\u0130KLER\u0130 G\u00d6STER\u0130 \u0130LE PROTESTO ETT\u0130.<\/p>\n","protected":false},"author":1,"featured_media":41587,"comment_status":"closed","ping_status":"open","sticky":false,"template":"","format":"standard","meta":{"jetpack_post_was_ever_published":false,"_jetpack_newsletter_access":"","_jetpack_dont_email_post_to_subs":false,"_jetpack_newsletter_tier_id":0,"_jetpack_memberships_contains_paywalled_content":false,"_jetpack_memberships_contains_paid_content":false,"footnotes":"","jetpack_publicize_message":"","jetpack_publicize_feature_enabled":true,"jetpack_social_post_already_shared":false,"jetpack_social_options":{"image_generator_settings":{"template":"highway","default_image_id":0,"font":"","enabled":false},"version":2}},"categories":[655],"tags":[14759,207,13710,1491,1904,831],"class_list":["post-41586","post","type-post","status-publish","format-standard","has-post-thumbnail","hentry","category-son-dakika","tag-cinayetini","tag-etti","tag-kubra","tag-ogrencileri","tag-ogretmen","tag-protesto"],"jetpack_publicize_connections":[],"jetpack_featured_media_url":"https:\/\/i0.wp.com\/www.tvturk.com\/wp-content\/uploads\/2019\/02\/ogrencileri-kubra-ogretmen-cinayetini-protesto-etti_8d6a2e2.jpg?fit=1000%2C562","jetpack_sharing_enabled":true,"jetpack_shortlink":"https:\/\/wp.me\/paKIfm-aOK","_links":{"self":[{"href":"http:\/\/www.tvturk.com\/index.php\/wp-json\/wp\/v2\/posts\/41586","targetHints":{"allow":["GET"]}}],"collection":[{"href":"http:\/\/www.tvturk.com\/index.php\/wp-json\/wp\/v2\/posts"}],"about":[{"href":"http:\/\/www.tvturk.com\/index.php\/wp-json\/wp\/v2\/types\/post"}],"author":[{"embeddable":true,"href":"http:\/\/www.tvturk.com\/index.php\/wp-json\/wp\/v2\/users\/1"}],"replies":[{"embeddable":true,"href":"http:\/\/www.tvturk.com\/index.php\/wp-json\/wp\/v2\/comments?post=41586"}],"version-history":[{"count":1,"href":"http:\/\/www.tvturk.com\/index.php\/wp-json\/wp\/v2\/posts\/41586\/revisions"}],"predecessor-version":[{"id":41593,"href":"http:\/\/www.tvturk.com\/index.php\/wp-json\/wp\/v2\/posts\/41586\/revisions\/41593"}],"wp:featuredmedia":[{"embeddable":true,"href":"http:\/\/www.tvturk.com\/index.php\/wp-json\/wp\/v2\/media\/41587"}],"wp:attachment":[{"href":"http:\/\/www.tvturk.com\/index.php\/wp-json\/wp\/v2\/media?parent=41586"}],"wp:term":[{"taxonomy":"category","embeddable":true,"href":"http:\/\/www.tvturk.com\/index.php\/wp-json\/wp\/v2\/categories?post=41586"},{"taxonomy":"post_tag","embeddable":true,"href":"http:\/\/www.tvturk.com\/index.php\/wp-json\/wp\/v2\/tags?post=41586"}],"curies":[{"name":"wp","href":"https:\/\/api.w.org\/{rel}","templated":true}]}}