{"id":41717,"date":"2019-02-17T15:21:01","date_gmt":"2019-02-17T12:21:01","guid":{"rendered":"http:\/\/www.tvturk.com\/index.php\/dogum-sonrasi-fenalasarak-hayatini-kaybeden-kadin-son-yolculuguna-ugurlandi\/"},"modified":"2019-02-17T15:21:03","modified_gmt":"2019-02-17T12:21:03","slug":"dogum-sonrasi-fenalasarak-hayatini-kaybeden-kadin-son-yolculuguna-ugurlandi","status":"publish","type":"post","link":"http:\/\/www.tvturk.com\/index.php\/dogum-sonrasi-fenalasarak-hayatini-kaybeden-kadin-son-yolculuguna-ugurlandi\/","title":{"rendered":"Do\u011fum sonras\u0131 fenala\u015farak hayat\u0131n\u0131 kaybeden kad\u0131n son yolculu\u011funa u\u011furland\u0131"},"content":{"rendered":"<p>Sakarya Valili\u011finde g\u00f6rev yapan ve do\u011fumdan sonra kanamas\u0131n\u0131n artmas\u0131yla fenala\u015farak hayat\u0131n\u0131 kaybeden Burcu \u0130ri, dualarla son yolculu\u011funa u\u011furland\u0131.<\/p>\n<p>Edinilen bilgilere g\u00f6re, Sakarya Valili\u011finde g\u00f6rev yapan Burcu \u0130ri (31), \u00f6nceki g\u00fcn Sakarya \u00dcniversitesi E\u011fitim ve Ara\u015ft\u0131rma Hastanesinde ad\u0131n\u0131 Ali verdikleri bir bebek d\u00fcnyaya getirdi. Do\u011fum sonras\u0131 Yeni Do\u011fan \u00dcnitesine al\u0131nan Burcu \u0130ri, do\u011fumdan yakla\u015f\u0131k 5 saat sonra kanamas\u0131n\u0131n artmas\u0131yla fenala\u015ft\u0131. Doktorlar taraf\u0131ndan hemen ameliyata al\u0131nan \u0130ri, yap\u0131lan t\u00fcm m\u00fcdahalelere ra\u011fmen kurtar\u0131lamayarak hayat\u0131n\u0131 kaybetti.<\/p>\n<p>Hayat\u0131n\u0131 kaybeden Burcu \u0130ri i\u00e7in Adapazar\u0131 il\u00e7esi Ya\u011fc\u0131lar Mahallesi Hidayet Camii\u2019nde bir cenaze t\u00f6reni d\u00fczenlendi. Cenaze namaz\u0131na Sakarya Valisi Ahmet Hamdi Nayir, Sakarya Vali Yard\u0131mc\u0131s\u0131 Mehmet Fatih \u00c7i\u00e7ekli, valilik personelleri ile \u00e7ok say\u0131da seveni kat\u0131ld\u0131. Gen\u00e7 kad\u0131n\u0131n cenazesi, k\u0131l\u0131nan cenaze namaz\u0131n\u0131n ard\u0131ndan G\u00fcne\u015fler Mezarl\u0131\u011f\u0131nda topra\u011fa verildi.<div class=\"tiled-gallery type-rectangular tiled-gallery-unresized\" data-original-width=\"500\" data-carousel-extra='null' itemscope itemtype=\"http:\/\/schema.org\/ImageGallery\" > <div class=\"gallery-row\" style=\"width: 500px; height: 334px;\" data-original-width=\"500\" data-original-height=\"334\" > <div class=\"gallery-group images-1\" style=\"width: 500px; height: 334px;\" data-original-width=\"500\" data-original-height=\"334\" > <div class=\"tiled-gallery-item tiled-gallery-item-large\" itemprop=\"associatedMedia\" itemscope itemtype=\"http:\/\/schema.org\/ImageObject\"> <a href=\"http:\/\/www.tvturk.com\/index.php\/dogum-sonrasi-fenalasarak-hayatini-kaybeden-kadin-son-yolculuguna-ugurlandi\/dogum-sonrasi-fenalasarak-hayatini-kaybeden-kadin-son-yolculuguna-ugurlandi-3\/\" border=\"0\" itemprop=\"url\"> <meta itemprop=\"width\" content=\"496\"> <meta itemprop=\"height\" content=\"330\"> <img decoding=\"async\" class=\"\" data-attachment-id=\"41719\" data-orig-file=\"http:\/\/www.tvturk.com\/wp-content\/uploads\/2019\/02\/dogum-sonrasi-fenalasarak-hayatini-kaybeden-kadin-son-yolculuguna-ugurlandi_3c407f8.jpg\" data-orig-size=\"1000,666\" data-comments-opened=\"\" data-image-meta=\"{&quot;aperture&quot;:&quot;0&quot;,&quot;credit&quot;:&quot;IHA&quot;,&quot;camera&quot;:&quot;&quot;,&quot;caption&quot;:&quot;SAKARYA VAL\\u0130L\\u0130\\u011e\\u0130NDE G\\u00d6REV YAPAN VE DO\\u011eUMDAN SONRA KANAMASININ ARTMASIYLA FENALA\\u015eARAK HAYATINI KAYBEDEN 31 YA\\u015eINDAK\\u0130 BURCU \\u0130R\\u0130, DUALARLA SON YOLCULU\\u011eUNA U\\u011eURLANDI. (BURAK CAN TOKY\\u00dcREK - REMZ\\u0130 \\u015e\\u0130M\\u015eEK\\\/SAKARYA-\\u0130HA)&quot;,&quot;created_timestamp&quot;:&quot;0&quot;,&quot;copyright&quot;:&quot;\\u0130HLAS HABER AJANSI, www.iha.com.tr&quot;,&quot;focal_length&quot;:&quot;0&quot;,&quot;iso&quot;:&quot;0&quot;,&quot;shutter_speed&quot;:&quot;0&quot;,&quot;title&quot;:&quot;DO\\u011eUM SONRASI FENALA\\u015eARAK HAYATINI KAYBEDEN KADIN SON YOLCULU\\u011eUNA U\\u011eURLANDI&quot;,&quot;orientation&quot;:&quot;0&quot;}\" data-image-title=\"Do\u011fum sonras\u0131 fenala\u015farak hayat\u0131n\u0131 kaybeden kad\u0131n son yolculu\u011funa u\u011furland\u0131\" data-image-description=\"&lt;p&gt;Do\u011fum sonras\u0131 fenala\u015farak hayat\u0131n\u0131 kaybeden kad\u0131n son yolculu\u011funa u\u011furland\u0131&lt;\/p&gt; \" data-medium-file=\"https:\/\/i0.wp.com\/www.tvturk.com\/wp-content\/uploads\/2019\/02\/dogum-sonrasi-fenalasarak-hayatini-kaybeden-kadin-son-yolculuguna-ugurlandi_3c407f8.jpg?fit=300%2C200\" data-large-file=\"https:\/\/i0.wp.com\/www.tvturk.com\/wp-content\/uploads\/2019\/02\/dogum-sonrasi-fenalasarak-hayatini-kaybeden-kadin-son-yolculuguna-ugurlandi_3c407f8.jpg?fit=1000%2C666\" src=\"https:\/\/i0.wp.com\/www.tvturk.com\/wp-content\/uploads\/2019\/02\/dogum-sonrasi-fenalasarak-hayatini-kaybeden-kadin-son-yolculuguna-ugurlandi_3c407f8.jpg?w=496&#038;h=330\" srcset=\"https:\/\/i0.wp.com\/www.tvturk.com\/wp-content\/uploads\/2019\/02\/dogum-sonrasi-fenalasarak-hayatini-kaybeden-kadin-son-yolculuguna-ugurlandi_3c407f8.jpg?w=1000 1000w, https:\/\/i0.wp.com\/www.tvturk.com\/wp-content\/uploads\/2019\/02\/dogum-sonrasi-fenalasarak-hayatini-kaybeden-kadin-son-yolculuguna-ugurlandi_3c407f8.jpg?resize=150%2C100 150w, https:\/\/i0.wp.com\/www.tvturk.com\/wp-content\/uploads\/2019\/02\/dogum-sonrasi-fenalasarak-hayatini-kaybeden-kadin-son-yolculuguna-ugurlandi_3c407f8.jpg?resize=300%2C200 300w, https:\/\/i0.wp.com\/www.tvturk.com\/wp-content\/uploads\/2019\/02\/dogum-sonrasi-fenalasarak-hayatini-kaybeden-kadin-son-yolculuguna-ugurlandi_3c407f8.jpg?resize=768%2C511 768w, https:\/\/i0.wp.com\/www.tvturk.com\/wp-content\/uploads\/2019\/02\/dogum-sonrasi-fenalasarak-hayatini-kaybeden-kadin-son-yolculuguna-ugurlandi_3c407f8.jpg?resize=170%2C113 170w, https:\/\/i0.wp.com\/www.tvturk.com\/wp-content\/uploads\/2019\/02\/dogum-sonrasi-fenalasarak-hayatini-kaybeden-kadin-son-yolculuguna-ugurlandi_3c407f8.jpg?resize=120%2C80 120w\" width=\"496\" height=\"330\" loading=\"lazy\" data-original-width=\"496\" data-original-height=\"330\" itemprop=\"http:\/\/schema.org\/image\" title=\"Do\u011fum sonras\u0131 fenala\u015farak hayat\u0131n\u0131 kaybeden kad\u0131n son yolculu\u011funa u\u011furland\u0131\" alt=\"Do\u011fum sonras\u0131 fenala\u015farak hayat\u0131n\u0131 kaybeden kad\u0131n son yolculu\u011funa u\u011furland\u0131\" style=\"width: 496px; height: 330px;\" \/> <\/a> <\/div> <\/div> <!-- close group --> <\/div> <!-- close row --> <\/div><\/p>\n","protected":false},"excerpt":{"rendered":"<p>SAKARYA VAL\u0130L\u0130\u011e\u0130NDE G\u00d6REV YAPAN VE DO\u011eUMDAN SONRA KANAMASININ ARTMASIYLA FENALA\u015eARAK HAYATINI KAYBEDEN 31 YA\u015eINDAK\u0130 BURCU \u0130R\u0130, DUALARLA SON YOLCULU\u011eUNA U\u011eURLANDI.<\/p>\n","protected":false},"author":1,"featured_media":41718,"comment_status":"closed","ping_status":"open","sticky":false,"template":"","format":"standard","meta":{"jetpack_post_was_ever_published":false,"_jetpack_newsletter_access":"","_jetpack_dont_email_post_to_subs":false,"_jetpack_newsletter_tier_id":0,"_jetpack_memberships_contains_paywalled_content":false,"_jetpack_memberships_contains_paid_content":false,"footnotes":"","jetpack_publicize_message":"","jetpack_publicize_feature_enabled":true,"jetpack_social_post_already_shared":false,"jetpack_social_options":{"image_generator_settings":{"template":"highway","default_image_id":0,"font":"","enabled":false},"version":2}},"categories":[655],"tags":[1068,14789,848,108,1211,1240,36,2516,2515],"class_list":["post-41717","post","type-post","status-publish","format-standard","has-post-thumbnail","hentry","category-son-dakika","tag-dogum","tag-fenalasarak","tag-hayatini","tag-kadin","tag-kaybeden","tag-son","tag-sonrasi","tag-ugurlandi","tag-yolculuguna"],"jetpack_publicize_connections":[],"jetpack_featured_media_url":"https:\/\/i0.wp.com\/www.tvturk.com\/wp-content\/uploads\/2019\/02\/dogum-sonrasi-fenalasarak-hayatini-kaybeden-kadin-son-yolculuguna-ugurlandi_1df2166.jpg?fit=1000%2C666","jetpack_sharing_enabled":true,"jetpack_shortlink":"https:\/\/wp.me\/paKIfm-aQR","_links":{"self":[{"href":"http:\/\/www.tvturk.com\/index.php\/wp-json\/wp\/v2\/posts\/41717","targetHints":{"allow":["GET"]}}],"collection":[{"href":"http:\/\/www.tvturk.com\/index.php\/wp-json\/wp\/v2\/posts"}],"about":[{"href":"http:\/\/www.tvturk.com\/index.php\/wp-json\/wp\/v2\/types\/post"}],"author":[{"embeddable":true,"href":"http:\/\/www.tvturk.com\/index.php\/wp-json\/wp\/v2\/users\/1"}],"replies":[{"embeddable":true,"href":"http:\/\/www.tvturk.com\/index.php\/wp-json\/wp\/v2\/comments?post=41717"}],"version-history":[{"count":1,"href":"http:\/\/www.tvturk.com\/index.php\/wp-json\/wp\/v2\/posts\/41717\/revisions"}],"predecessor-version":[{"id":41720,"href":"http:\/\/www.tvturk.com\/index.php\/wp-json\/wp\/v2\/posts\/41717\/revisions\/41720"}],"wp:featuredmedia":[{"embeddable":true,"href":"http:\/\/www.tvturk.com\/index.php\/wp-json\/wp\/v2\/media\/41718"}],"wp:attachment":[{"href":"http:\/\/www.tvturk.com\/index.php\/wp-json\/wp\/v2\/media?parent=41717"}],"wp:term":[{"taxonomy":"category","embeddable":true,"href":"http:\/\/www.tvturk.com\/index.php\/wp-json\/wp\/v2\/categories?post=41717"},{"taxonomy":"post_tag","embeddable":true,"href":"http:\/\/www.tvturk.com\/index.php\/wp-json\/wp\/v2\/tags?post=41717"}],"curies":[{"name":"wp","href":"https:\/\/api.w.org\/{rel}","templated":true}]}}