{"id":41746,"date":"2019-02-17T15:21:25","date_gmt":"2019-02-17T12:21:25","guid":{"rendered":"http:\/\/www.tvturk.com\/index.php\/yeni-seyhani-ortak-akilla-yonetecegiz\/"},"modified":"2019-02-17T15:21:27","modified_gmt":"2019-02-17T12:21:27","slug":"yeni-seyhani-ortak-akilla-yonetecegiz","status":"publish","type":"post","link":"http:\/\/www.tvturk.com\/index.php\/yeni-seyhani-ortak-akilla-yonetecegiz\/","title":{"rendered":"Yeni: &#8220;Seyhan\u2019\u0131 ortak ak\u0131lla y\u00f6netece\u011fiz&#8221;"},"content":{"rendered":"<p>AK Parti Seyhan Belediye Ba\u015fkan Aday\u0131 Fikret Yeni, \u2018\u2019Cumhur \u0130ttifak\u0131, devletin bekas\u0131n\u0131 ve milletin gelece\u011fini d\u00fc\u015f\u00fcnen bir ittifakt\u0131r\u2019\u2019 dedi.<\/p>\n<p>Fikret Yeni\u2019nin Baraj Yolu\u2019ndaki se\u00e7im ofisi a\u00e7\u0131l\u0131\u015f\u0131, AK Parti Adana \u0130l Ba\u015fkan\u0131 \u015eerif G\u00fcler, Seyhan \u0130l\u00e7e Ba\u015fkan\u0131 Ahmet Akan, il ve il\u00e7e y\u00f6neticileri, Cumhur \u0130ttifak\u0131 \u00c7ukurova Belediye Ba\u015fkan Aday\u0131 Yusuf Ba\u015f ile \u00e7ok say\u0131da vatanda\u015f\u0131n kat\u0131l\u0131m\u0131yla yap\u0131ld\u0131.<\/p>\n<p>Se\u00e7im ofisi \u00f6n\u00fcnde kurulan platforma e\u015fi Emine Yeni ile birlikte \u00e7\u0131karak a\u00e7\u0131l\u0131\u015fa kat\u0131lanlar\u0131 selamlayan Fikret Yeni, 31 Mart\u2019ta yap\u0131lacak se\u00e7imin, sadece belediye ba\u015fkan\u0131 se\u00e7mekten ibaret olmad\u0131\u011f\u0131n\u0131 belirterek, Cumhur \u0130ttifak\u0131\u2019n\u0131n \u00f6nemine de\u011findi.<\/p>\n<p>Cumhur \u0130ttifak\u0131\u2019n\u0131n, 15 Temmuz\u2019daki hain darbe giri\u015fimiyle devletin bekas\u0131na ve vatanda\u015flar\u0131n hayat\u0131na kasteden al\u00e7aklara kar\u015f\u0131 duru\u015fun bir iradesi oldu\u011funun alt\u0131na \u00e7izen Fikret Yeni, \u015f\u00f6yle konu\u015ftu:<\/p>\n<p>&#8220;15 Temmuz\u2019da milletimiz, \u00f6nlerinde y\u00fcr\u00fcyen liderleri de, televizyon \u00f6n\u00fcnde sanki film gibi darbe kalk\u0131\u015fmas\u0131n\u0131 izleyen liderleri de g\u00f6rd\u00fc. Cumhur \u0130ttifak\u0131, devletin bekas\u0131n\u0131 ve milletin gelece\u011fini d\u00fc\u015f\u00fcnen bir ittifakt\u0131r. Oysa di\u011fer tarafta kurulan ittifak\u0131, yani CHP, \u0130Y\u0130 Parti ve HDP\u2019nin kurmu\u015f oldu\u011fu ittifak\u0131 \u00e7ok daha iyi anlayabiliyoruz. Onlar, milletin ve halk\u0131n sesine kulak vererek kurduklar\u0131 ittifakla hareket etmiyorlar. Onlar, bu \u00fclke \u00fczerinde hesab\u0131 olan, bu \u00fclkenin gelece\u011fine bir \u015fekilde kendi hesaplar\u0131 do\u011frultusunda kastetmeye \u00e7al\u0131\u015fanlar\u0131n iradesiyle hareket ediyorlar. Vatanda\u015flar\u0131m\u0131z da, zaten Millet \u0130ttifak\u0131 \u00e7er\u00e7evesinde hangi pazarl\u0131klar\u0131n yap\u0131ld\u0131\u011f\u0131n\u0131 \u00e7ok iyi biliyor. Onun i\u00e7in, vatanda\u015flar\u0131m\u0131z\u0131n 31 Mart\u2019ta Cumhur \u0130ttifak\u0131\u2019na, Cumhurba\u015fkan\u0131m\u0131z Recep Tayyip Erdo\u011fan ve MHP Genel Ba\u015fkan\u0131 Devlet Bah\u00e7eli\u2019ye sahip \u00e7\u0131kacaklar\u0131na y\u00fcrekten inan\u0131yoruz.\u2019\u2019<\/p>\n<p>Fikret Yeni, Seyhan\u2019a hizmet etmek i\u00e7in \u00e7\u0131kt\u0131\u011f\u0131 yolun, Seyhanl\u0131 hem\u015ferileri ile birlikte y\u00fcr\u00fcyece\u011fi yol oldu\u011funu da s\u00f6yledi.<\/p>\n<p>Seyhan\u2019\u0131n, 800 bini a\u015fk\u0131n n\u00fcfusuyla T\u00fcrkiye\u2019nin en b\u00fcy\u00fck il\u00e7esi oldu\u011funu ifade eden Fikret Yeni, &#8220;Fakat ya\u015fad\u0131\u011f\u0131m\u0131z bu il\u00e7e, belediye hizmetlerindeki eksiklikler sonucu hak etti\u011fi yerde de\u011fil. Tespit etti\u011fimiz y\u00fczlerce sorun var. Bu sorunlar\u0131 giderip, yeni yeni projelerimizle Seyhan\u2019\u0131 sizlere lay\u0131k hale getirmeye gayret edece\u011fiz&#8221; dedi.<\/p>\n<p>Seyhan\u2019\u0131n bir marka \u015fehir konumunda olmas\u0131 gerekti\u011fini vurgulayan Fikret Yeni, \u015funlar\u0131 kaydetti:<\/p>\n<p>&#8220;Seyhan\u0131m\u0131z, 8 bin y\u0131ll\u0131k tarihini ya\u015fayan, k\u00fclt\u00fcr\u00fcyle \u00f6zde\u015fle\u015fmi\u015f ve sosyal ya\u015fant\u0131s\u0131n\u0131 hep beraber kucaklayaca\u011f\u0131m\u0131z bir il\u00e7e olmas\u0131 laz\u0131m. Biz, bunun i\u00e7in Seyhan\u2019a hizmet etmeye geldik. Benim, Seyhan\u2019\u0131m\u0131za ili\u015fkin bir hayalim var. Bu hayalim, huzur i\u00e7inde ya\u015fayaca\u011f\u0131m\u0131z, sosyal donat\u0131 alanlar\u0131yla, ye\u015fil alanlar\u0131yla, istihdam alanlar\u0131yla g\u00fczel il\u00e7emizi gelece\u011fe ta\u015f\u0131mak. Bunu da, sizlerin deste\u011fiyle ger\u00e7ekle\u015ftirece\u011fiz. Seyhan\u2019\u0131, Adana\u2019da t\u00fcm g\u00fczellikleriyle birinci il\u00e7e konumuna getirmek yetmez. Tarihsel zenginli\u011fini ya\u015fayabilece\u011fimiz, k\u00fclt\u00fcr\u00fcn\u00fcbirlikte idrak edebilece\u011fimiz, karde\u015fli\u011fimizi ortaya koyabilece\u011fimiz bir Seyhan\u2019\u0131 olu\u015fturup, sadece T\u00fcrkiye\u2019de de\u011fil, d\u00fcnya genelinde bir il\u00e7e haline getirece\u011fiz. Bunlar\u0131, her mahallede ya\u015fayan vatanda\u015flar\u0131m\u0131z, muhtarlar\u0131m\u0131z ve sivil toplum \u00f6rg\u00fctlerimizle isti\u015fare ederek ger\u00e7ekle\u015ftirece\u011fiz. Seyhan\u2019\u0131 ortak ak\u0131lla y\u00f6netece\u011fiz. \u2018Biz istedik oldu\u2019 demeyip, her bir mahallemizi, orada ya\u015fayanlarla birlikte her anlamda g\u00fczelliklerle donataca\u011f\u0131z.&#8221;<div class=\"tiled-gallery type-rectangular tiled-gallery-unresized\" data-original-width=\"500\" data-carousel-extra='null' itemscope itemtype=\"http:\/\/schema.org\/ImageGallery\" > <div class=\"gallery-row\" style=\"width: 500px; height: 242px;\" data-original-width=\"500\" data-original-height=\"242\" > <div class=\"gallery-group images-1\" style=\"width: 321px; height: 242px;\" data-original-width=\"321\" data-original-height=\"242\" > <div class=\"tiled-gallery-item tiled-gallery-item-large\" itemprop=\"associatedMedia\" itemscope itemtype=\"http:\/\/schema.org\/ImageObject\"> <a href=\"http:\/\/www.tvturk.com\/index.php\/yeni-seyhani-ortak-akilla-yonetecegiz\/yeni-seyhani-ortak-akilla-yonetecegiz-3\/\" border=\"0\" itemprop=\"url\"> <meta itemprop=\"width\" content=\"317\"> <meta itemprop=\"height\" content=\"238\"> <img decoding=\"async\" class=\"\" data-attachment-id=\"41748\" data-orig-file=\"http:\/\/www.tvturk.com\/wp-content\/uploads\/2019\/02\/yeni-seyhani-ortak-akilla-yonetecegiz_6bd6d8e.jpg\" data-orig-size=\"960,720\" data-comments-opened=\"\" data-image-meta=\"{&quot;aperture&quot;:&quot;0&quot;,&quot;credit&quot;:&quot;IHA&quot;,&quot;camera&quot;:&quot;&quot;,&quot;caption&quot;:&quot;F\\u0130KRET YEN\\u0130\\u2019N\\u0130N BARAJ YOLU\\u2019NDAK\\u0130 SE\\u00c7\\u0130M OF\\u0130S\\u0130 A\\u00c7ILI\\u015eI, AK PART\\u0130 ADANA \\u0130L BA\\u015eKANI \\u015eER\\u0130F G\\u00dcLER, SEYHAN \\u0130L\\u00c7E BA\\u015eKANI AHMET AKAN, \\u0130L VE \\u0130L\\u00c7E Y\\u00d6NET\\u0130C\\u0130LER\\u0130, CUMHUR \\u0130TT\\u0130FAKI \\u00c7UKUROVA BELED\\u0130YE BA\\u015eKAN ADAYI YUSUF BA\\u015e \\u0130LE \\u00c7OK SAYIDA VATANDA\\u015eIN KATILIMIYLA YAPILDI. (\\u0130HA\\\/ADANA-\\u0130HA)&quot;,&quot;created_timestamp&quot;:&quot;1550445360&quot;,&quot;copyright&quot;:&quot;\\u0130HLAS HABER AJANSI, www.iha.com.tr&quot;,&quot;focal_length&quot;:&quot;0&quot;,&quot;iso&quot;:&quot;0&quot;,&quot;shutter_speed&quot;:&quot;0&quot;,&quot;title&quot;:&quot;YEN\\u0130: \\u0022SEYHAN\\u0027I ORTAK AKILLA Y\\u00d6NETECE\\u011e\\u0130Z\\u0022 AK PART\\u0130 SEYHAN BELED\\u0130YE BA\\u015eKAN ADAYI F\\u0130KRET YEN\\u0130\\u2019N\\u0130N BARAJYOLU\\u2019NDAK\\u0130 SE\\u00c7\\u0130M OF\\u0130S\\u0130 A\\u00c7ILI\\u015eI, \\u00c7OK SAYIDA VATANDA\\u015eIN KATILIMIYLA GER\\u00c7EKLE\\u015eT\\u0130 F\\u0130KRET YEN\\u0130, A\\u00c7ILI\\u015e T\\u00d6REN\\u0130NDE, CUMHUR \\u0130TT\\u0130FAKI\\u2019NIN, 15 TEMMUZ\\u2019DAK\\u0130 HA\\u0130N DARBE G\\u0130R\\u0130\\u015e\\u0130M\\u0130YLE DEVLET\\u0130N BEKASINA VE VATANDA\\u015eLARIN HAYATINA KASTEDEN AL\\u00c7AKLARA KAR\\u015eI DURU\\u015eUN B\\u0130R \\u0130RADES\\u0130 OLDU\\u011eUNU S\\u00d6YLED\\u0130. YEN\\u0130: \\u0022CHP, \\u0130Y\\u0130 PART\\u0130 VE HDP\\u2019N\\u0130N KURMU\\u015e OLDU\\u011eU \\u0130TT\\u0130FAK, BU \\u00dcLKEN\\u0130N GELECE\\u011e\\u0130NE KASTETMEYE \\u00c7ALI\\u015eANLARIN \\u0130RADES\\u0130YLE HAREKET ED\\u0130YOR\\u0022&quot;,&quot;orientation&quot;:&quot;0&quot;}\" data-image-title=\"Yeni: &amp;#8220;Seyhan\u2019\u0131 ortak ak\u0131lla y\u00f6netece\u011fiz&amp;#8221;\" data-image-description=\"&lt;p&gt;Yeni: &amp;#8220;Seyhan\u2019\u0131 ortak ak\u0131lla y\u00f6netece\u011fiz&amp;#8221;&lt;\/p&gt; \" data-medium-file=\"https:\/\/i0.wp.com\/www.tvturk.com\/wp-content\/uploads\/2019\/02\/yeni-seyhani-ortak-akilla-yonetecegiz_6bd6d8e.jpg?fit=300%2C225\" data-large-file=\"https:\/\/i0.wp.com\/www.tvturk.com\/wp-content\/uploads\/2019\/02\/yeni-seyhani-ortak-akilla-yonetecegiz_6bd6d8e.jpg?fit=960%2C720\" src=\"https:\/\/i0.wp.com\/www.tvturk.com\/wp-content\/uploads\/2019\/02\/yeni-seyhani-ortak-akilla-yonetecegiz_6bd6d8e.jpg?w=317&#038;h=238\" srcset=\"https:\/\/i0.wp.com\/www.tvturk.com\/wp-content\/uploads\/2019\/02\/yeni-seyhani-ortak-akilla-yonetecegiz_6bd6d8e.jpg?w=960 960w, https:\/\/i0.wp.com\/www.tvturk.com\/wp-content\/uploads\/2019\/02\/yeni-seyhani-ortak-akilla-yonetecegiz_6bd6d8e.jpg?resize=150%2C113 150w, https:\/\/i0.wp.com\/www.tvturk.com\/wp-content\/uploads\/2019\/02\/yeni-seyhani-ortak-akilla-yonetecegiz_6bd6d8e.jpg?resize=300%2C225 300w, https:\/\/i0.wp.com\/www.tvturk.com\/wp-content\/uploads\/2019\/02\/yeni-seyhani-ortak-akilla-yonetecegiz_6bd6d8e.jpg?resize=768%2C576 768w\" width=\"317\" height=\"238\" loading=\"lazy\" data-original-width=\"317\" data-original-height=\"238\" itemprop=\"http:\/\/schema.org\/image\" title=\"Yeni: &quot;Seyhan\u2019\u0131 ortak ak\u0131lla y\u00f6netece\u011fiz&quot;\" alt=\"Yeni: &quot;Seyhan\u2019\u0131 ortak ak\u0131lla y\u00f6netece\u011fiz&quot;\" style=\"width: 317px; height: 238px;\" \/> <\/a> <\/div> <\/div> <!-- close group --> <div class=\"gallery-group images-2\" style=\"width: 179px; height: 242px;\" data-original-width=\"179\" data-original-height=\"242\" > <div class=\"tiled-gallery-item tiled-gallery-item-small\" itemprop=\"associatedMedia\" itemscope itemtype=\"http:\/\/schema.org\/ImageObject\"> <a href=\"http:\/\/www.tvturk.com\/index.php\/yeni-seyhani-ortak-akilla-yonetecegiz\/yeni-seyhani-ortak-akilla-yonetecegiz-4\/\" border=\"0\" itemprop=\"url\"> <meta itemprop=\"width\" content=\"175\"> <meta itemprop=\"height\" content=\"117\"> <img decoding=\"async\" class=\"\" data-attachment-id=\"41749\" data-orig-file=\"http:\/\/www.tvturk.com\/wp-content\/uploads\/2019\/02\/yeni-seyhani-ortak-akilla-yonetecegiz_2c7955c.jpg\" data-orig-size=\"1000,666\" data-comments-opened=\"\" data-image-meta=\"{&quot;aperture&quot;:&quot;0&quot;,&quot;credit&quot;:&quot;IHA&quot;,&quot;camera&quot;:&quot;&quot;,&quot;caption&quot;:&quot;F\\u0130KRET YEN\\u0130\\u2019N\\u0130N BARAJ YOLU\\u2019NDAK\\u0130 SE\\u00c7\\u0130M OF\\u0130S\\u0130 A\\u00c7ILI\\u015eI, AK PART\\u0130 ADANA \\u0130L BA\\u015eKANI \\u015eER\\u0130F G\\u00dcLER, SEYHAN \\u0130L\\u00c7E BA\\u015eKANI AHMET AKAN, \\u0130L VE \\u0130L\\u00c7E Y\\u00d6NET\\u0130C\\u0130LER\\u0130, CUMHUR \\u0130TT\\u0130FAKI \\u00c7UKUROVA BELED\\u0130YE BA\\u015eKAN ADAYI YUSUF BA\\u015e \\u0130LE \\u00c7OK SAYIDA VATANDA\\u015eIN KATILIMIYLA YAPILDI. (\\u0130HA\\\/ADANA-\\u0130HA)&quot;,&quot;created_timestamp&quot;:&quot;0&quot;,&quot;copyright&quot;:&quot;\\u0130HLAS HABER AJANSI, www.iha.com.tr&quot;,&quot;focal_length&quot;:&quot;0&quot;,&quot;iso&quot;:&quot;0&quot;,&quot;shutter_speed&quot;:&quot;0&quot;,&quot;title&quot;:&quot;YEN\\u0130: \\u0022SEYHAN\\u0027I ORTAK AKILLA Y\\u00d6NETECE\\u011e\\u0130Z\\u0022 AK PART\\u0130 SEYHAN BELED\\u0130YE BA\\u015eKAN ADAYI F\\u0130KRET YEN\\u0130\\u2019N\\u0130N BARAJYOLU\\u2019NDAK\\u0130 SE\\u00c7\\u0130M OF\\u0130S\\u0130 A\\u00c7ILI\\u015eI, \\u00c7OK SAYIDA VATANDA\\u015eIN KATILIMIYLA GER\\u00c7EKLE\\u015eT\\u0130 F\\u0130KRET YEN\\u0130, A\\u00c7ILI\\u015e T\\u00d6REN\\u0130NDE, CUMHUR \\u0130TT\\u0130FAKI\\u2019NIN, 15 TEMMUZ\\u2019DAK\\u0130 HA\\u0130N DARBE G\\u0130R\\u0130\\u015e\\u0130M\\u0130YLE DEVLET\\u0130N BEKASINA VE VATANDA\\u015eLARIN HAYATINA KASTEDEN AL\\u00c7AKLARA KAR\\u015eI DURU\\u015eUN B\\u0130R \\u0130RADES\\u0130 OLDU\\u011eUNU S\\u00d6YLED\\u0130. YEN\\u0130: \\u0022CHP, \\u0130Y\\u0130 PART\\u0130 VE HDP\\u2019N\\u0130N KURMU\\u015e OLDU\\u011eU \\u0130TT\\u0130FAK, BU \\u00dcLKEN\\u0130N GELECE\\u011e\\u0130NE KASTETMEYE \\u00c7ALI\\u015eANLARIN \\u0130RADES\\u0130YLE HAREKET ED\\u0130YOR\\u0022&quot;,&quot;orientation&quot;:&quot;0&quot;}\" data-image-title=\"Yeni: &amp;#8220;Seyhan\u2019\u0131 ortak ak\u0131lla y\u00f6netece\u011fiz&amp;#8221;\" data-image-description=\"&lt;p&gt;Yeni: &amp;#8220;Seyhan\u2019\u0131 ortak ak\u0131lla y\u00f6netece\u011fiz&amp;#8221;&lt;\/p&gt; \" data-medium-file=\"https:\/\/i0.wp.com\/www.tvturk.com\/wp-content\/uploads\/2019\/02\/yeni-seyhani-ortak-akilla-yonetecegiz_2c7955c.jpg?fit=300%2C200\" data-large-file=\"https:\/\/i0.wp.com\/www.tvturk.com\/wp-content\/uploads\/2019\/02\/yeni-seyhani-ortak-akilla-yonetecegiz_2c7955c.jpg?fit=1000%2C666\" src=\"https:\/\/i0.wp.com\/www.tvturk.com\/wp-content\/uploads\/2019\/02\/yeni-seyhani-ortak-akilla-yonetecegiz_2c7955c.jpg?w=175&#038;h=117\" srcset=\"https:\/\/i0.wp.com\/www.tvturk.com\/wp-content\/uploads\/2019\/02\/yeni-seyhani-ortak-akilla-yonetecegiz_2c7955c.jpg?w=1000 1000w, https:\/\/i0.wp.com\/www.tvturk.com\/wp-content\/uploads\/2019\/02\/yeni-seyhani-ortak-akilla-yonetecegiz_2c7955c.jpg?resize=150%2C100 150w, https:\/\/i0.wp.com\/www.tvturk.com\/wp-content\/uploads\/2019\/02\/yeni-seyhani-ortak-akilla-yonetecegiz_2c7955c.jpg?resize=300%2C200 300w, https:\/\/i0.wp.com\/www.tvturk.com\/wp-content\/uploads\/2019\/02\/yeni-seyhani-ortak-akilla-yonetecegiz_2c7955c.jpg?resize=768%2C511 768w, https:\/\/i0.wp.com\/www.tvturk.com\/wp-content\/uploads\/2019\/02\/yeni-seyhani-ortak-akilla-yonetecegiz_2c7955c.jpg?resize=170%2C113 170w, https:\/\/i0.wp.com\/www.tvturk.com\/wp-content\/uploads\/2019\/02\/yeni-seyhani-ortak-akilla-yonetecegiz_2c7955c.jpg?resize=120%2C80 120w\" width=\"175\" height=\"117\" loading=\"lazy\" data-original-width=\"175\" data-original-height=\"117\" itemprop=\"http:\/\/schema.org\/image\" title=\"Yeni: &quot;Seyhan\u2019\u0131 ortak ak\u0131lla y\u00f6netece\u011fiz&quot;\" alt=\"Yeni: &quot;Seyhan\u2019\u0131 ortak ak\u0131lla y\u00f6netece\u011fiz&quot;\" style=\"width: 175px; height: 117px;\" \/> <\/a> <\/div> <div class=\"tiled-gallery-item tiled-gallery-item-small\" itemprop=\"associatedMedia\" itemscope itemtype=\"http:\/\/schema.org\/ImageObject\"> <a href=\"http:\/\/www.tvturk.com\/index.php\/yeni-seyhani-ortak-akilla-yonetecegiz\/yeni-seyhani-ortak-akilla-yonetecegiz-5\/\" border=\"0\" itemprop=\"url\"> <meta itemprop=\"width\" content=\"175\"> <meta itemprop=\"height\" content=\"117\"> <img decoding=\"async\" class=\"\" data-attachment-id=\"41750\" data-orig-file=\"http:\/\/www.tvturk.com\/wp-content\/uploads\/2019\/02\/yeni-seyhani-ortak-akilla-yonetecegiz_15416f7.jpg\" data-orig-size=\"1000,666\" data-comments-opened=\"\" data-image-meta=\"{&quot;aperture&quot;:&quot;0&quot;,&quot;credit&quot;:&quot;IHA&quot;,&quot;camera&quot;:&quot;&quot;,&quot;caption&quot;:&quot;F\\u0130KRET YEN\\u0130\\u2019N\\u0130N BARAJ YOLU\\u2019NDAK\\u0130 SE\\u00c7\\u0130M OF\\u0130S\\u0130 A\\u00c7ILI\\u015eI, AK PART\\u0130 ADANA \\u0130L BA\\u015eKANI \\u015eER\\u0130F G\\u00dcLER, SEYHAN \\u0130L\\u00c7E BA\\u015eKANI AHMET AKAN, \\u0130L VE \\u0130L\\u00c7E Y\\u00d6NET\\u0130C\\u0130LER\\u0130, CUMHUR \\u0130TT\\u0130FAKI \\u00c7UKUROVA BELED\\u0130YE BA\\u015eKAN ADAYI YUSUF BA\\u015e \\u0130LE \\u00c7OK SAYIDA VATANDA\\u015eIN KATILIMIYLA YAPILDI. (\\u0130HA\\\/ADANA-\\u0130HA)&quot;,&quot;created_timestamp&quot;:&quot;0&quot;,&quot;copyright&quot;:&quot;\\u0130HLAS HABER AJANSI, www.iha.com.tr&quot;,&quot;focal_length&quot;:&quot;0&quot;,&quot;iso&quot;:&quot;0&quot;,&quot;shutter_speed&quot;:&quot;0&quot;,&quot;title&quot;:&quot;YEN\\u0130: \\u0022SEYHAN\\u0027I ORTAK AKILLA Y\\u00d6NETECE\\u011e\\u0130Z\\u0022 AK PART\\u0130 SEYHAN BELED\\u0130YE BA\\u015eKAN ADAYI F\\u0130KRET YEN\\u0130\\u2019N\\u0130N BARAJYOLU\\u2019NDAK\\u0130 SE\\u00c7\\u0130M OF\\u0130S\\u0130 A\\u00c7ILI\\u015eI, \\u00c7OK SAYIDA VATANDA\\u015eIN KATILIMIYLA GER\\u00c7EKLE\\u015eT\\u0130 F\\u0130KRET YEN\\u0130, A\\u00c7ILI\\u015e T\\u00d6REN\\u0130NDE, CUMHUR \\u0130TT\\u0130FAKI\\u2019NIN, 15 TEMMUZ\\u2019DAK\\u0130 HA\\u0130N DARBE G\\u0130R\\u0130\\u015e\\u0130M\\u0130YLE DEVLET\\u0130N BEKASINA VE VATANDA\\u015eLARIN HAYATINA KASTEDEN AL\\u00c7AKLARA KAR\\u015eI DURU\\u015eUN B\\u0130R \\u0130RADES\\u0130 OLDU\\u011eUNU S\\u00d6YLED\\u0130. YEN\\u0130: \\u0022CHP, \\u0130Y\\u0130 PART\\u0130 VE HDP\\u2019N\\u0130N KURMU\\u015e OLDU\\u011eU \\u0130TT\\u0130FAK, BU \\u00dcLKEN\\u0130N GELECE\\u011e\\u0130NE KASTETMEYE \\u00c7ALI\\u015eANLARIN \\u0130RADES\\u0130YLE HAREKET ED\\u0130YOR\\u0022&quot;,&quot;orientation&quot;:&quot;0&quot;}\" data-image-title=\"Yeni: &amp;#8220;Seyhan\u2019\u0131 ortak ak\u0131lla y\u00f6netece\u011fiz&amp;#8221;\" data-image-description=\"&lt;p&gt;Yeni: &amp;#8220;Seyhan\u2019\u0131 ortak ak\u0131lla y\u00f6netece\u011fiz&amp;#8221;&lt;\/p&gt; \" data-medium-file=\"https:\/\/i0.wp.com\/www.tvturk.com\/wp-content\/uploads\/2019\/02\/yeni-seyhani-ortak-akilla-yonetecegiz_15416f7.jpg?fit=300%2C200\" data-large-file=\"https:\/\/i0.wp.com\/www.tvturk.com\/wp-content\/uploads\/2019\/02\/yeni-seyhani-ortak-akilla-yonetecegiz_15416f7.jpg?fit=1000%2C666\" src=\"https:\/\/i0.wp.com\/www.tvturk.com\/wp-content\/uploads\/2019\/02\/yeni-seyhani-ortak-akilla-yonetecegiz_15416f7.jpg?w=175&#038;h=117\" srcset=\"https:\/\/i0.wp.com\/www.tvturk.com\/wp-content\/uploads\/2019\/02\/yeni-seyhani-ortak-akilla-yonetecegiz_15416f7.jpg?w=1000 1000w, https:\/\/i0.wp.com\/www.tvturk.com\/wp-content\/uploads\/2019\/02\/yeni-seyhani-ortak-akilla-yonetecegiz_15416f7.jpg?resize=150%2C100 150w, https:\/\/i0.wp.com\/www.tvturk.com\/wp-content\/uploads\/2019\/02\/yeni-seyhani-ortak-akilla-yonetecegiz_15416f7.jpg?resize=300%2C200 300w, https:\/\/i0.wp.com\/www.tvturk.com\/wp-content\/uploads\/2019\/02\/yeni-seyhani-ortak-akilla-yonetecegiz_15416f7.jpg?resize=768%2C511 768w, https:\/\/i0.wp.com\/www.tvturk.com\/wp-content\/uploads\/2019\/02\/yeni-seyhani-ortak-akilla-yonetecegiz_15416f7.jpg?resize=170%2C113 170w, https:\/\/i0.wp.com\/www.tvturk.com\/wp-content\/uploads\/2019\/02\/yeni-seyhani-ortak-akilla-yonetecegiz_15416f7.jpg?resize=120%2C80 120w\" width=\"175\" height=\"117\" loading=\"lazy\" data-original-width=\"175\" data-original-height=\"117\" itemprop=\"http:\/\/schema.org\/image\" title=\"Yeni: &quot;Seyhan\u2019\u0131 ortak ak\u0131lla y\u00f6netece\u011fiz&quot;\" alt=\"Yeni: &quot;Seyhan\u2019\u0131 ortak ak\u0131lla y\u00f6netece\u011fiz&quot;\" style=\"width: 175px; height: 117px;\" \/> <\/a> <\/div> <\/div> <!-- close group --> <\/div> <!-- close row --> <\/div><\/p>\n","protected":false},"excerpt":{"rendered":"<p>F\u0130KRET YEN\u0130\u2019N\u0130N BARAJ YOLU\u2019NDAK\u0130 SE\u00c7\u0130M OF\u0130S\u0130 A\u00c7ILI\u015eI, AK PART\u0130 ADANA \u0130L BA\u015eKANI \u015eER\u0130F G\u00dcLER, SEYHAN \u0130L\u00c7E BA\u015eKANI AHMET AKAN, \u0130L VE \u0130L\u00c7E Y\u00d6NET\u0130C\u0130LER\u0130, CUMHUR \u0130TT\u0130FAKI \u00c7UKUROVA BELED\u0130YE BA\u015eKAN ADAYI YUSUF BA\u015e \u0130LE \u00c7OK SAYIDA VATANDA\u015eIN KATILIMIYLA YAPILDI.<\/p>\n","protected":false},"author":1,"featured_media":41747,"comment_status":"closed","ping_status":"open","sticky":false,"template":"","format":"standard","meta":{"jetpack_post_was_ever_published":false,"_jetpack_newsletter_access":"","_jetpack_dont_email_post_to_subs":false,"_jetpack_newsletter_tier_id":0,"_jetpack_memberships_contains_paywalled_content":false,"_jetpack_memberships_contains_paid_content":false,"footnotes":"","jetpack_publicize_message":"","jetpack_publicize_feature_enabled":true,"jetpack_social_post_already_shared":false,"jetpack_social_options":{"image_generator_settings":{"template":"highway","default_image_id":0,"font":"","enabled":false},"version":2}},"categories":[9],"tags":[14799,14800,947,87,4437],"class_list":["post-41746","post","type-post","status-publish","format-standard","has-post-thumbnail","hentry","category-siyaset","tag-seyhani","tag-akilla","tag-ortak","tag-yeni","tag-yonetecegiz"],"jetpack_publicize_connections":[],"jetpack_featured_media_url":"https:\/\/i0.wp.com\/www.tvturk.com\/wp-content\/uploads\/2019\/02\/yeni-seyhani-ortak-akilla-yonetecegiz_1111d2d.jpg?fit=960%2C720","jetpack_sharing_enabled":true,"jetpack_shortlink":"https:\/\/wp.me\/paKIfm-aRk","_links":{"self":[{"href":"http:\/\/www.tvturk.com\/index.php\/wp-json\/wp\/v2\/posts\/41746","targetHints":{"allow":["GET"]}}],"collection":[{"href":"http:\/\/www.tvturk.com\/index.php\/wp-json\/wp\/v2\/posts"}],"about":[{"href":"http:\/\/www.tvturk.com\/index.php\/wp-json\/wp\/v2\/types\/post"}],"author":[{"embeddable":true,"href":"http:\/\/www.tvturk.com\/index.php\/wp-json\/wp\/v2\/users\/1"}],"replies":[{"embeddable":true,"href":"http:\/\/www.tvturk.com\/index.php\/wp-json\/wp\/v2\/comments?post=41746"}],"version-history":[{"count":1,"href":"http:\/\/www.tvturk.com\/index.php\/wp-json\/wp\/v2\/posts\/41746\/revisions"}],"predecessor-version":[{"id":41751,"href":"http:\/\/www.tvturk.com\/index.php\/wp-json\/wp\/v2\/posts\/41746\/revisions\/41751"}],"wp:featuredmedia":[{"embeddable":true,"href":"http:\/\/www.tvturk.com\/index.php\/wp-json\/wp\/v2\/media\/41747"}],"wp:attachment":[{"href":"http:\/\/www.tvturk.com\/index.php\/wp-json\/wp\/v2\/media?parent=41746"}],"wp:term":[{"taxonomy":"category","embeddable":true,"href":"http:\/\/www.tvturk.com\/index.php\/wp-json\/wp\/v2\/categories?post=41746"},{"taxonomy":"post_tag","embeddable":true,"href":"http:\/\/www.tvturk.com\/index.php\/wp-json\/wp\/v2\/tags?post=41746"}],"curies":[{"name":"wp","href":"https:\/\/api.w.org\/{rel}","templated":true}]}}