{"id":41756,"date":"2019-02-17T15:21:30","date_gmt":"2019-02-17T12:21:30","guid":{"rendered":"http:\/\/www.tvturk.com\/index.php\/mehmet-tosun-bodrum-belediye-personelinin-icini-rahatlatti\/"},"modified":"2019-02-17T15:21:35","modified_gmt":"2019-02-17T12:21:35","slug":"mehmet-tosun-bodrum-belediye-personelinin-icini-rahatlatti","status":"publish","type":"post","link":"http:\/\/www.tvturk.com\/index.php\/mehmet-tosun-bodrum-belediye-personelinin-icini-rahatlatti\/","title":{"rendered":"Mehmet Tosun, Bodrum Belediye personelinin i\u00e7ini rahatlatt\u0131"},"content":{"rendered":"<p>\u0130Y\u0130 Parti Bodrum Belediye Ba\u015fkan Aday\u0131 Mehmet Tosun, yo\u011fun bir tempo ile \u00e7al\u0131\u015fmalar\u0131na devam ediyor. Sabah erken saatlerde ba\u015flayarak gece ge\u00e7 saatlere kadar esnaf ve vatanda\u015flarla bir araya gelen Tosun, ziyaret etti\u011fi vatanda\u015flardan b\u00fcy\u00fck ilgi g\u00f6r\u00fcyor. G\u00f6reve geldikleri takdirde kamuoyuna yay\u0131lmaya \u00e7al\u0131\u015f\u0131lan dedikodular\u0131n aksine b\u00fct\u00fcn belediye personeline sahip \u00e7\u0131kacaklar\u0131n\u0131 ve i\u015f\u00e7i \u00e7\u0131karmayacaklar\u0131n\u0131 s\u00f6yleyen Tosun, kurumsalla\u015fm\u0131\u015f bir belediyede personelin de vatanda\u015flar\u0131n da daha mutlu olaca\u011f\u0131n\u0131 s\u00f6yledi.<\/p>\n<p>\u0130Y\u0130 Parti Bodrum Belediye Ba\u015fkan Aday\u0131 Mehmet Tosun, Yar\u0131mada genelinde ger\u00e7ekle\u015ftirdi\u011fi ziyaretlerine devam ediyor. Ger\u00e7ekle\u015ftirilen ziyaretler kapsam\u0131nda Bodrumlu kad\u0131nlar\u0131n kat\u0131ld\u0131\u011f\u0131 el sanatlar\u0131n\u0131 kursunu, Kumbah\u00e7e Mahallesi\u2019nde ya\u015fayan kad\u0131nlar\u0131n d\u00fczenledi\u011fi toplant\u0131ya kat\u0131lan Belediye Ba\u015fkan Aday\u0131 Mehmet Tosun, Bodrumspor Kul\u00fcp Ba\u015fkan\u0131 R\u0131za Karakaya ile y\u00f6netimini ziyaret etti.<\/p>\n<p>31 Mart\u2019ta yap\u0131lacak Belediye se\u00e7imleri \u00f6ncesinde \u00e7al\u0131\u015fmalar\u0131na ara vermeden devam eden \u0130Y\u0130 Parti Bodrum Belediye Ba\u015fkan Aday\u0131 Mehmet Tosun ve Belediye Meclis \u00dcyesi Aday Adaylar\u0131 ilk olarak Bodrumlu kad\u0131nlar\u0131n kat\u0131l\u0131m\u0131yla d\u00fczenlenen el sanatlar\u0131 kursunu ziyaret etti. Kursta kad\u0131nlar taraf\u0131ndan yap\u0131lan el i\u015flerini inceleyen Tosun, g\u00f6reve gelmeleri durumunda yar\u0131mada genelinde el sanatlar\u0131 kurs merkezlerinin ve el sanatlar\u0131 k\u00f6ylerinin Bodrumlular\u0131n hizmetine sunulaca\u011f\u0131n\u0131 belirtti.<\/p>\n<p>\u201cKad\u0131nlar\u0131m\u0131z\u0131n Sosyal Hayat\u0131n\u0131 \u0130yile\u015ftirece\u011fiz\u201d<\/p>\n<p>\u00d6ncelikli ama\u00e7lar\u0131n\u0131n Bodrum Yar\u0131madas\u0131nda ya\u015fayan kad\u0131nlar\u0131n sosyal hayatlar\u0131n\u0131 iyile\u015ftirmek oldu\u011funun alt\u0131n\u0131 \u00e7izen Tosun; \u201cB\u00fct\u00fcn amac\u0131m\u0131z sizin mutlulu\u011funuz. \u00d6nceli\u011fimiz kad\u0131nlar\u0131n mutlulu\u011fu. \u00c7\u00fcnk\u00fc kad\u0131nlar mutlu oldu\u011fu zaman \u00f6nce aileye sonra topluma yans\u0131yor. Sizleri mutlu edemedi\u011fimiz zaman maalesef toplum da mutsuz oluyor. G\u00f6reve geldi\u011fimiz takdirde kad\u0131nlar ve \u00e7ocuklar \u00f6nceli\u011fimiz olacak. Biz \u00e7ocuklar\u0131m\u0131z\u0131 do\u011fru yeti\u015ftirirsek, kad\u0131nlar\u0131m\u0131z\u0131n sosyal hayat\u0131n\u0131 iyile\u015ftirirsek toplum olarak da Bodrum olarak da iyi bir noktaya geliriz. Bodrum yar\u0131madam\u0131zda mevcut \u015fartlar\u0131m\u0131z ve hizmetlerimiz yetersiz, Bodrum\u2019un daha iyisini hak etti\u011fini d\u00fc\u015f\u00fcn\u00fcyoruz. Bu y\u00fczden kim ne yapt\u0131, nas\u0131l yapt\u0131, neyi eksik yapt\u0131\u011f\u0131na bakmadan bizim \u00f6nc\u00fcl\u00fc\u011f\u00fcm\u00fczde 31 Marttan sonra h\u0131zl\u0131 bir \u015fekilde \u00e7al\u0131\u015fmaya tabiyiz. Onun i\u00e7in de yerimizde oturmayaca\u011f\u0131z ve s\u00fcrekli halk\u0131n i\u00e7inde olaca\u011f\u0131z. \u015euanda projelerimizi, hedeflerimizi haz\u0131rlad\u0131k ve se\u00e7ildi\u011fimiz takdirde ise hemen d\u00fc\u011fmeye bas\u0131p, \u00e7al\u0131\u015fmaya ba\u015flayaca\u011f\u0131z. Art\u0131k Bodrum olarak kaybedecek zaman\u0131m\u0131z yok\u201d dedi.<\/p>\n<p>Daha sonra Kumbah\u00e7e Mahallesi\u2019nde kad\u0131nlar taraf\u0131ndan d\u00fczenlenen toplant\u0131ya kat\u0131larak burada kad\u0131nlara konu\u015fan Ba\u015fkan Aday\u0131 Mehmet Tosun; \u201c\u0130n\u015fallah 31 Marttan sonra g\u00f6reve geldi\u011fimiz takdirde Kumbah\u00e7e Mahallemize ayr\u0131 bir \u00f6nem verece\u011fiz. \u00c7\u00fcnk\u00fc bu mahallemiz Bodrum\u2019un kalbi konumunda. \u00c7ocuklu\u011fumuzda buralara gelir giderdik, benim babam pazarc\u0131l\u0131k yapard\u0131. O zamanlar Kumbah\u00e7e daha g\u00fczeldi. Bodrum\u2019un \u00f6zg\u00fc dokusuna daha uygundu. Bununla ilgili g\u00fczel bir ekibimizle \u00e7al\u0131\u015fma yap\u0131yoruz. Sadece Kumbah\u00e7e Mahallemizle ilgili de\u011fil, t\u00fcm Bodrum\u2019un eski sokaklar\u0131n\u0131 tekrar \u00e7al\u0131\u015faca\u011f\u0131z. Yine sokaklar\u0131m\u0131zda mavimiz, beyaz\u0131m\u0131z, begonvillerimiz olacak. Hep beraber siz de\u011ferli han\u0131mefendiler ile yitirdi\u011fimiz de\u011ferleri ve sokaklar\u0131 tekrar geri kazanaca\u011f\u0131z. 31 Mart se\u00e7imlerinden sonra dere \u0131slahlar\u0131m\u0131z\u0131 B\u00fcy\u00fck\u015fehir Belediyemizle birlikte yapaca\u011f\u0131z ve sel bask\u0131nlar\u0131 sizin kaderiniz olmayacak\u201d dedi.<\/p>\n<p>Tosun; \u201cBelediye Personeline Sahip \u00c7\u0131kaca\u011f\u0131z\u201d<\/p>\n<p>Bodrum Belediyesi\u2019nde \u00e7al\u0131\u015fan personellere de sahip \u00e7\u0131kacaklar\u0131n\u0131 belirten Tosun; \u201cBodrum Belediyesi bizim belediyemiz, oradaki g\u00f6rev yapan arkada\u015flar\u0131m\u0131z\u0131n tamam\u0131 bizim arkada\u015f\u0131m\u0131z. Onlarla birlikte, siz de\u011ferli vatanda\u015flar\u0131m\u0131zla birlikte Bodrum\u2019u gelece\u011fe ta\u015f\u0131yaca\u011f\u0131z. \u00d6nceli\u011fimiz belediyemizin kurumsalla\u015fmas\u0131 olacak. Kimseyi ma\u011fdur etmeden, kimseyle u\u011fra\u015fmadan, kimseyi kampla\u015ft\u0131rmadan, oradaki personelimize sonuna kadar sahip \u00e7\u0131karak ayn\u0131 personelle, ayn\u0131 kadroyla Konac\u0131k\u2019ta yapt\u0131\u011f\u0131m\u0131z gibi \u00e7al\u0131\u015farak, Bodrum\u2019u gelece\u011fe ta\u015f\u0131yaca\u011f\u0131z. Sizlerden ricam, sizler benim b\u00fcy\u00fc\u011f\u00fcms\u00fcn\u00fcz \u2018Mehmet Tosun gelirse \u015f\u00f6yle olacak, b\u00f6yle olacak\u2019 tarz\u0131 dedikodulara itibar etmeyin, belediye \u00e7al\u0131\u015fanlar\u0131m\u0131z da rahat olsun, hepsine sahip \u00e7\u0131kaca\u011f\u0131z. Sadece yeni bir y\u00f6netim anlay\u0131\u015f\u0131yla belediyemizi kurumsalla\u015ft\u0131raca\u011f\u0131z ve i\u015fe g\u00f6re personel \u00e7al\u0131\u015ft\u0131raca\u011f\u0131z. Belediyemiz daha \u00e7al\u0131\u015f\u0131r ve halkla i\u00e7 i\u00e7e olacak\u201d dedi.<\/p>\n<p>Soru cevap \u015feklinde ger\u00e7ekle\u015ftirilen toplant\u0131da Ba\u015fkan aday\u0131 Mehmet Tosun, Kumbah\u00e7eli kad\u0131nlar\u0131n sorular\u0131n\u0131 tek tek cevaplayarak, daha iyi bir Bodrum i\u00e7in yap\u0131lmas\u0131 gerekenler hakk\u0131nda fikir al\u0131\u015fveri\u015finde bulundu.<\/p>\n<p>Bodrumspor\u2019a Ziyaret<\/p>\n<p>Se\u00e7imlere az bir s\u00fcre kala her an\u0131n\u0131 dolu dolu, Bodrum i\u00e7in \u00e7al\u0131\u015farak ge\u00e7iren \u0130Y\u0130 Parti Bodrum Belediye Ba\u015fkan Aday\u0131 Mehmet Tosun son olarak Bodrumspor Kul\u00fcb\u00fc Ba\u015fkan\u0131 R\u0131za Karakaya ve y\u00f6netimini ziyaret etti. Bodrumspor G\u00fcmbet Tesislerinde ger\u00e7ekle\u015ftirilen ziyarette Tosun, kul\u00fcp ba\u015fkan\u0131 R\u0131za Karakaya\u2019dan Bodrumspor ile ilgili bilgiler ald\u0131. G\u00f6reve geldikleri takdirde Bodrumspor i\u00e7in desteklerinin s\u00fcrece\u011fini belirten Tosun, sporun sadece futbol olarak de\u011fil, t\u00fcm bran\u015flar\u0131 ile birlikte ele al\u0131narak hak etti\u011fi yere gelece\u011finin alt\u0131n\u0131 \u00e7izdi. Bodrumspor Kul\u00fcb\u00fc Ba\u015fkan\u0131 Karakaya ise \u0130Y\u0130 Parti Bodrum Belediye Ba\u015fkan Aday\u0131 Mehmet Tosun ve ekibine \u00e7al\u0131\u015fmalar\u0131nda ba\u015far\u0131lar diledi.<div class=\"tiled-gallery type-rectangular tiled-gallery-unresized\" data-original-width=\"500\" data-carousel-extra='null' itemscope itemtype=\"http:\/\/schema.org\/ImageGallery\" > <div class=\"gallery-row\" style=\"width: 500px; height: 224px;\" data-original-width=\"500\" data-original-height=\"224\" > <div class=\"gallery-group images-1\" style=\"width: 334px; height: 224px;\" data-original-width=\"334\" data-original-height=\"224\" > <div class=\"tiled-gallery-item tiled-gallery-item-large\" itemprop=\"associatedMedia\" itemscope itemtype=\"http:\/\/schema.org\/ImageObject\"> <a href=\"http:\/\/www.tvturk.com\/index.php\/mehmet-tosun-bodrum-belediye-personelinin-icini-rahatlatti\/mehmet-tosun-bodrum-belediye-personelinin-icini-rahatlatti-3\/\" border=\"0\" itemprop=\"url\"> <meta itemprop=\"width\" content=\"330\"> <meta itemprop=\"height\" content=\"220\"> <img decoding=\"async\" class=\"\" data-attachment-id=\"41758\" data-orig-file=\"http:\/\/www.tvturk.com\/wp-content\/uploads\/2019\/02\/mehmet-tosun-bodrum-belediye-personelinin-icini-rahatlatti_c289c3f.jpg\" data-orig-size=\"1000,666\" data-comments-opened=\"\" data-image-meta=\"{&quot;aperture&quot;:&quot;0&quot;,&quot;credit&quot;:&quot;IHA&quot;,&quot;camera&quot;:&quot;&quot;,&quot;caption&quot;:&quot;\\u0130Y\\u0130 PART\\u0130 BODRUM BELED\\u0130YE BA\\u015eKAN ADAYI MEHMET TOSUN, YO\\u011eUN B\\u0130R TEMPO \\u0130LE \\u00c7ALI\\u015eMALARINA DEVAM ED\\u0130YOR. SABAH ERKEN SAATLERDE BA\\u015eLAYARAK GECE GE\\u00c7 SAATLERE KADAR ESNAF VE VATANDA\\u015eLARLA B\\u0130R ARAYA GELEN TOSUN, Z\\u0130YARET ETT\\u0130\\u011e\\u0130 VATANDA\\u015eLARDAN B\\u00dcY\\u00dcK \\u0130LG\\u0130 G\\u00d6R\\u00dcYOR (EREN AYHAN\\\/MU\\u011eLA-\\u0130HA)&quot;,&quot;created_timestamp&quot;:&quot;0&quot;,&quot;copyright&quot;:&quot;\\u0130HLAS HABER AJANSI, www.iha.com.tr&quot;,&quot;focal_length&quot;:&quot;0&quot;,&quot;iso&quot;:&quot;0&quot;,&quot;shutter_speed&quot;:&quot;0&quot;,&quot;title&quot;:&quot;MEHMET TOSUN, BODRUM BELED\\u0130YE PERSONEL\\u0130N\\u0130N \\u0130\\u00c7\\u0130N\\u0130 RAHATLATTI MEHMET TOSUN; \\u201cHAYALLER\\u0130M\\u0130ZDEK\\u0130 BODRUM \\u0130\\u00c7\\u0130N \\u00c7ALI\\u015eACA\\u011eIZ\\u201d&quot;,&quot;orientation&quot;:&quot;0&quot;}\" data-image-title=\"Mehmet Tosun, Bodrum Belediye personelinin i\u00e7ini rahatlatt\u0131\" data-image-description=\"&lt;p&gt;Mehmet Tosun, Bodrum Belediye personelinin i\u00e7ini rahatlatt\u0131&lt;\/p&gt; \" data-medium-file=\"https:\/\/i0.wp.com\/www.tvturk.com\/wp-content\/uploads\/2019\/02\/mehmet-tosun-bodrum-belediye-personelinin-icini-rahatlatti_c289c3f.jpg?fit=300%2C200\" data-large-file=\"https:\/\/i0.wp.com\/www.tvturk.com\/wp-content\/uploads\/2019\/02\/mehmet-tosun-bodrum-belediye-personelinin-icini-rahatlatti_c289c3f.jpg?fit=1000%2C666\" src=\"https:\/\/i0.wp.com\/www.tvturk.com\/wp-content\/uploads\/2019\/02\/mehmet-tosun-bodrum-belediye-personelinin-icini-rahatlatti_c289c3f.jpg?w=330&#038;h=220\" srcset=\"https:\/\/i0.wp.com\/www.tvturk.com\/wp-content\/uploads\/2019\/02\/mehmet-tosun-bodrum-belediye-personelinin-icini-rahatlatti_c289c3f.jpg?w=1000 1000w, https:\/\/i0.wp.com\/www.tvturk.com\/wp-content\/uploads\/2019\/02\/mehmet-tosun-bodrum-belediye-personelinin-icini-rahatlatti_c289c3f.jpg?resize=150%2C100 150w, https:\/\/i0.wp.com\/www.tvturk.com\/wp-content\/uploads\/2019\/02\/mehmet-tosun-bodrum-belediye-personelinin-icini-rahatlatti_c289c3f.jpg?resize=300%2C200 300w, https:\/\/i0.wp.com\/www.tvturk.com\/wp-content\/uploads\/2019\/02\/mehmet-tosun-bodrum-belediye-personelinin-icini-rahatlatti_c289c3f.jpg?resize=768%2C511 768w, https:\/\/i0.wp.com\/www.tvturk.com\/wp-content\/uploads\/2019\/02\/mehmet-tosun-bodrum-belediye-personelinin-icini-rahatlatti_c289c3f.jpg?resize=170%2C113 170w, https:\/\/i0.wp.com\/www.tvturk.com\/wp-content\/uploads\/2019\/02\/mehmet-tosun-bodrum-belediye-personelinin-icini-rahatlatti_c289c3f.jpg?resize=120%2C80 120w\" width=\"330\" height=\"220\" loading=\"lazy\" data-original-width=\"330\" data-original-height=\"220\" itemprop=\"http:\/\/schema.org\/image\" title=\"Mehmet Tosun, Bodrum Belediye personelinin i\u00e7ini rahatlatt\u0131\" alt=\"Mehmet Tosun, Bodrum Belediye personelinin i\u00e7ini rahatlatt\u0131\" style=\"width: 330px; height: 220px;\" \/> <\/a> <\/div> <\/div> <!-- close group --> <div class=\"gallery-group images-2\" style=\"width: 166px; height: 224px;\" data-original-width=\"166\" data-original-height=\"224\" > <div class=\"tiled-gallery-item tiled-gallery-item-small\" itemprop=\"associatedMedia\" itemscope itemtype=\"http:\/\/schema.org\/ImageObject\"> <a href=\"http:\/\/www.tvturk.com\/index.php\/mehmet-tosun-bodrum-belediye-personelinin-icini-rahatlatti\/mehmet-tosun-bodrum-belediye-personelinin-icini-rahatlatti-4\/\" border=\"0\" itemprop=\"url\"> <meta itemprop=\"width\" content=\"162\"> <meta itemprop=\"height\" content=\"108\"> <img decoding=\"async\" class=\"\" data-attachment-id=\"41759\" data-orig-file=\"http:\/\/www.tvturk.com\/wp-content\/uploads\/2019\/02\/mehmet-tosun-bodrum-belediye-personelinin-icini-rahatlatti_97005c6.jpg\" data-orig-size=\"1000,666\" data-comments-opened=\"\" data-image-meta=\"{&quot;aperture&quot;:&quot;0&quot;,&quot;credit&quot;:&quot;IHA&quot;,&quot;camera&quot;:&quot;&quot;,&quot;caption&quot;:&quot;\\u0130Y\\u0130 PART\\u0130 BODRUM BELED\\u0130YE BA\\u015eKAN ADAYI MEHMET TOSUN, YO\\u011eUN B\\u0130R TEMPO \\u0130LE \\u00c7ALI\\u015eMALARINA DEVAM ED\\u0130YOR. SABAH ERKEN SAATLERDE BA\\u015eLAYARAK GECE GE\\u00c7 SAATLERE KADAR ESNAF VE VATANDA\\u015eLARLA B\\u0130R ARAYA GELEN TOSUN, Z\\u0130YARET ETT\\u0130\\u011e\\u0130 VATANDA\\u015eLARDAN B\\u00dcY\\u00dcK \\u0130LG\\u0130 G\\u00d6R\\u00dcYOR (EREN AYHAN\\\/MU\\u011eLA-\\u0130HA)&quot;,&quot;created_timestamp&quot;:&quot;0&quot;,&quot;copyright&quot;:&quot;\\u0130HLAS HABER AJANSI, www.iha.com.tr&quot;,&quot;focal_length&quot;:&quot;0&quot;,&quot;iso&quot;:&quot;0&quot;,&quot;shutter_speed&quot;:&quot;0&quot;,&quot;title&quot;:&quot;MEHMET TOSUN, BODRUM BELED\\u0130YE PERSONEL\\u0130N\\u0130N \\u0130\\u00c7\\u0130N\\u0130 RAHATLATTI MEHMET TOSUN; \\u201cHAYALLER\\u0130M\\u0130ZDEK\\u0130 BODRUM \\u0130\\u00c7\\u0130N \\u00c7ALI\\u015eACA\\u011eIZ\\u201d&quot;,&quot;orientation&quot;:&quot;0&quot;}\" data-image-title=\"Mehmet Tosun, Bodrum Belediye personelinin i\u00e7ini rahatlatt\u0131\" data-image-description=\"&lt;p&gt;Mehmet Tosun, Bodrum Belediye personelinin i\u00e7ini rahatlatt\u0131&lt;\/p&gt; \" data-medium-file=\"https:\/\/i0.wp.com\/www.tvturk.com\/wp-content\/uploads\/2019\/02\/mehmet-tosun-bodrum-belediye-personelinin-icini-rahatlatti_97005c6.jpg?fit=300%2C200\" data-large-file=\"https:\/\/i0.wp.com\/www.tvturk.com\/wp-content\/uploads\/2019\/02\/mehmet-tosun-bodrum-belediye-personelinin-icini-rahatlatti_97005c6.jpg?fit=1000%2C666\" src=\"https:\/\/i0.wp.com\/www.tvturk.com\/wp-content\/uploads\/2019\/02\/mehmet-tosun-bodrum-belediye-personelinin-icini-rahatlatti_97005c6.jpg?w=162&#038;h=108\" srcset=\"https:\/\/i0.wp.com\/www.tvturk.com\/wp-content\/uploads\/2019\/02\/mehmet-tosun-bodrum-belediye-personelinin-icini-rahatlatti_97005c6.jpg?w=1000 1000w, https:\/\/i0.wp.com\/www.tvturk.com\/wp-content\/uploads\/2019\/02\/mehmet-tosun-bodrum-belediye-personelinin-icini-rahatlatti_97005c6.jpg?resize=150%2C100 150w, https:\/\/i0.wp.com\/www.tvturk.com\/wp-content\/uploads\/2019\/02\/mehmet-tosun-bodrum-belediye-personelinin-icini-rahatlatti_97005c6.jpg?resize=300%2C200 300w, https:\/\/i0.wp.com\/www.tvturk.com\/wp-content\/uploads\/2019\/02\/mehmet-tosun-bodrum-belediye-personelinin-icini-rahatlatti_97005c6.jpg?resize=768%2C511 768w, https:\/\/i0.wp.com\/www.tvturk.com\/wp-content\/uploads\/2019\/02\/mehmet-tosun-bodrum-belediye-personelinin-icini-rahatlatti_97005c6.jpg?resize=170%2C113 170w, https:\/\/i0.wp.com\/www.tvturk.com\/wp-content\/uploads\/2019\/02\/mehmet-tosun-bodrum-belediye-personelinin-icini-rahatlatti_97005c6.jpg?resize=120%2C80 120w\" width=\"162\" height=\"108\" loading=\"lazy\" data-original-width=\"162\" data-original-height=\"108\" itemprop=\"http:\/\/schema.org\/image\" title=\"Mehmet Tosun, Bodrum Belediye personelinin i\u00e7ini rahatlatt\u0131\" alt=\"Mehmet Tosun, Bodrum Belediye personelinin i\u00e7ini rahatlatt\u0131\" style=\"width: 162px; height: 108px;\" \/> <\/a> <\/div> <div class=\"tiled-gallery-item tiled-gallery-item-small\" itemprop=\"associatedMedia\" itemscope itemtype=\"http:\/\/schema.org\/ImageObject\"> <a href=\"http:\/\/www.tvturk.com\/index.php\/mehmet-tosun-bodrum-belediye-personelinin-icini-rahatlatti\/mehmet-tosun-bodrum-belediye-personelinin-icini-rahatlatti-5\/\" border=\"0\" itemprop=\"url\"> <meta itemprop=\"width\" content=\"162\"> <meta itemprop=\"height\" content=\"108\"> <img decoding=\"async\" class=\"\" data-attachment-id=\"41760\" data-orig-file=\"http:\/\/www.tvturk.com\/wp-content\/uploads\/2019\/02\/mehmet-tosun-bodrum-belediye-personelinin-icini-rahatlatti_211fd4b.jpg\" data-orig-size=\"1000,666\" data-comments-opened=\"\" data-image-meta=\"{&quot;aperture&quot;:&quot;0&quot;,&quot;credit&quot;:&quot;IHA&quot;,&quot;camera&quot;:&quot;&quot;,&quot;caption&quot;:&quot;\\u0130Y\\u0130 PART\\u0130 BODRUM BELED\\u0130YE BA\\u015eKAN ADAYI MEHMET TOSUN, YO\\u011eUN B\\u0130R TEMPO \\u0130LE \\u00c7ALI\\u015eMALARINA DEVAM ED\\u0130YOR. SABAH ERKEN SAATLERDE BA\\u015eLAYARAK GECE GE\\u00c7 SAATLERE KADAR ESNAF VE VATANDA\\u015eLARLA B\\u0130R ARAYA GELEN TOSUN, Z\\u0130YARET ETT\\u0130\\u011e\\u0130 VATANDA\\u015eLARDAN B\\u00dcY\\u00dcK \\u0130LG\\u0130 G\\u00d6R\\u00dcYOR (EREN AYHAN\\\/MU\\u011eLA-\\u0130HA)&quot;,&quot;created_timestamp&quot;:&quot;0&quot;,&quot;copyright&quot;:&quot;\\u0130HLAS HABER AJANSI, www.iha.com.tr&quot;,&quot;focal_length&quot;:&quot;0&quot;,&quot;iso&quot;:&quot;0&quot;,&quot;shutter_speed&quot;:&quot;0&quot;,&quot;title&quot;:&quot;MEHMET TOSUN, BODRUM BELED\\u0130YE PERSONEL\\u0130N\\u0130N \\u0130\\u00c7\\u0130N\\u0130 RAHATLATTI MEHMET TOSUN; \\u201cHAYALLER\\u0130M\\u0130ZDEK\\u0130 BODRUM \\u0130\\u00c7\\u0130N \\u00c7ALI\\u015eACA\\u011eIZ\\u201d&quot;,&quot;orientation&quot;:&quot;0&quot;}\" data-image-title=\"Mehmet Tosun, Bodrum Belediye personelinin i\u00e7ini rahatlatt\u0131\" data-image-description=\"&lt;p&gt;Mehmet Tosun, Bodrum Belediye personelinin i\u00e7ini rahatlatt\u0131&lt;\/p&gt; \" data-medium-file=\"https:\/\/i0.wp.com\/www.tvturk.com\/wp-content\/uploads\/2019\/02\/mehmet-tosun-bodrum-belediye-personelinin-icini-rahatlatti_211fd4b.jpg?fit=300%2C200\" data-large-file=\"https:\/\/i0.wp.com\/www.tvturk.com\/wp-content\/uploads\/2019\/02\/mehmet-tosun-bodrum-belediye-personelinin-icini-rahatlatti_211fd4b.jpg?fit=1000%2C666\" src=\"https:\/\/i0.wp.com\/www.tvturk.com\/wp-content\/uploads\/2019\/02\/mehmet-tosun-bodrum-belediye-personelinin-icini-rahatlatti_211fd4b.jpg?w=162&#038;h=108\" srcset=\"https:\/\/i0.wp.com\/www.tvturk.com\/wp-content\/uploads\/2019\/02\/mehmet-tosun-bodrum-belediye-personelinin-icini-rahatlatti_211fd4b.jpg?w=1000 1000w, https:\/\/i0.wp.com\/www.tvturk.com\/wp-content\/uploads\/2019\/02\/mehmet-tosun-bodrum-belediye-personelinin-icini-rahatlatti_211fd4b.jpg?resize=150%2C100 150w, https:\/\/i0.wp.com\/www.tvturk.com\/wp-content\/uploads\/2019\/02\/mehmet-tosun-bodrum-belediye-personelinin-icini-rahatlatti_211fd4b.jpg?resize=300%2C200 300w, https:\/\/i0.wp.com\/www.tvturk.com\/wp-content\/uploads\/2019\/02\/mehmet-tosun-bodrum-belediye-personelinin-icini-rahatlatti_211fd4b.jpg?resize=768%2C511 768w, https:\/\/i0.wp.com\/www.tvturk.com\/wp-content\/uploads\/2019\/02\/mehmet-tosun-bodrum-belediye-personelinin-icini-rahatlatti_211fd4b.jpg?resize=170%2C113 170w, https:\/\/i0.wp.com\/www.tvturk.com\/wp-content\/uploads\/2019\/02\/mehmet-tosun-bodrum-belediye-personelinin-icini-rahatlatti_211fd4b.jpg?resize=120%2C80 120w\" width=\"162\" height=\"108\" loading=\"lazy\" data-original-width=\"162\" data-original-height=\"108\" itemprop=\"http:\/\/schema.org\/image\" title=\"Mehmet Tosun, Bodrum Belediye personelinin i\u00e7ini rahatlatt\u0131\" alt=\"Mehmet Tosun, Bodrum Belediye personelinin i\u00e7ini rahatlatt\u0131\" style=\"width: 162px; height: 108px;\" \/> <\/a> <\/div> <\/div> <!-- close group --> <\/div> <!-- close row --> <div class=\"gallery-row\" style=\"width: 500px; height: 112px;\" data-original-width=\"500\" data-original-height=\"112\" > <div class=\"gallery-group images-1\" style=\"width: 167px; height: 112px;\" data-original-width=\"167\" data-original-height=\"112\" > <div class=\"tiled-gallery-item tiled-gallery-item-small\" itemprop=\"associatedMedia\" itemscope itemtype=\"http:\/\/schema.org\/ImageObject\"> <a href=\"http:\/\/www.tvturk.com\/index.php\/mehmet-tosun-bodrum-belediye-personelinin-icini-rahatlatti\/mehmet-tosun-bodrum-belediye-personelinin-icini-rahatlatti-6\/\" border=\"0\" itemprop=\"url\"> <meta itemprop=\"width\" content=\"163\"> <meta itemprop=\"height\" content=\"108\"> <img decoding=\"async\" class=\"\" data-attachment-id=\"41761\" data-orig-file=\"http:\/\/www.tvturk.com\/wp-content\/uploads\/2019\/02\/mehmet-tosun-bodrum-belediye-personelinin-icini-rahatlatti_e3a1649.jpg\" data-orig-size=\"1000,666\" data-comments-opened=\"\" data-image-meta=\"{&quot;aperture&quot;:&quot;0&quot;,&quot;credit&quot;:&quot;IHA&quot;,&quot;camera&quot;:&quot;&quot;,&quot;caption&quot;:&quot;\\u0130Y\\u0130 PART\\u0130 BODRUM BELED\\u0130YE BA\\u015eKAN ADAYI MEHMET TOSUN, YO\\u011eUN B\\u0130R TEMPO \\u0130LE \\u00c7ALI\\u015eMALARINA DEVAM ED\\u0130YOR. SABAH ERKEN SAATLERDE BA\\u015eLAYARAK GECE GE\\u00c7 SAATLERE KADAR ESNAF VE VATANDA\\u015eLARLA B\\u0130R ARAYA GELEN TOSUN, Z\\u0130YARET ETT\\u0130\\u011e\\u0130 VATANDA\\u015eLARDAN B\\u00dcY\\u00dcK \\u0130LG\\u0130 G\\u00d6R\\u00dcYOR (EREN AYHAN\\\/MU\\u011eLA-\\u0130HA)&quot;,&quot;created_timestamp&quot;:&quot;0&quot;,&quot;copyright&quot;:&quot;\\u0130HLAS HABER AJANSI, www.iha.com.tr&quot;,&quot;focal_length&quot;:&quot;0&quot;,&quot;iso&quot;:&quot;0&quot;,&quot;shutter_speed&quot;:&quot;0&quot;,&quot;title&quot;:&quot;MEHMET TOSUN, BODRUM BELED\\u0130YE PERSONEL\\u0130N\\u0130N \\u0130\\u00c7\\u0130N\\u0130 RAHATLATTI MEHMET TOSUN; \\u201cHAYALLER\\u0130M\\u0130ZDEK\\u0130 BODRUM \\u0130\\u00c7\\u0130N \\u00c7ALI\\u015eACA\\u011eIZ\\u201d&quot;,&quot;orientation&quot;:&quot;0&quot;}\" data-image-title=\"Mehmet Tosun, Bodrum Belediye personelinin i\u00e7ini rahatlatt\u0131\" data-image-description=\"&lt;p&gt;Mehmet Tosun, Bodrum Belediye personelinin i\u00e7ini rahatlatt\u0131&lt;\/p&gt; \" data-medium-file=\"https:\/\/i0.wp.com\/www.tvturk.com\/wp-content\/uploads\/2019\/02\/mehmet-tosun-bodrum-belediye-personelinin-icini-rahatlatti_e3a1649.jpg?fit=300%2C200\" data-large-file=\"https:\/\/i0.wp.com\/www.tvturk.com\/wp-content\/uploads\/2019\/02\/mehmet-tosun-bodrum-belediye-personelinin-icini-rahatlatti_e3a1649.jpg?fit=1000%2C666\" src=\"https:\/\/i0.wp.com\/www.tvturk.com\/wp-content\/uploads\/2019\/02\/mehmet-tosun-bodrum-belediye-personelinin-icini-rahatlatti_e3a1649.jpg?w=163&#038;h=108\" srcset=\"https:\/\/i0.wp.com\/www.tvturk.com\/wp-content\/uploads\/2019\/02\/mehmet-tosun-bodrum-belediye-personelinin-icini-rahatlatti_e3a1649.jpg?w=1000 1000w, https:\/\/i0.wp.com\/www.tvturk.com\/wp-content\/uploads\/2019\/02\/mehmet-tosun-bodrum-belediye-personelinin-icini-rahatlatti_e3a1649.jpg?resize=150%2C100 150w, https:\/\/i0.wp.com\/www.tvturk.com\/wp-content\/uploads\/2019\/02\/mehmet-tosun-bodrum-belediye-personelinin-icini-rahatlatti_e3a1649.jpg?resize=300%2C200 300w, https:\/\/i0.wp.com\/www.tvturk.com\/wp-content\/uploads\/2019\/02\/mehmet-tosun-bodrum-belediye-personelinin-icini-rahatlatti_e3a1649.jpg?resize=768%2C511 768w, https:\/\/i0.wp.com\/www.tvturk.com\/wp-content\/uploads\/2019\/02\/mehmet-tosun-bodrum-belediye-personelinin-icini-rahatlatti_e3a1649.jpg?resize=170%2C113 170w, https:\/\/i0.wp.com\/www.tvturk.com\/wp-content\/uploads\/2019\/02\/mehmet-tosun-bodrum-belediye-personelinin-icini-rahatlatti_e3a1649.jpg?resize=120%2C80 120w\" width=\"163\" height=\"108\" loading=\"lazy\" data-original-width=\"163\" data-original-height=\"108\" itemprop=\"http:\/\/schema.org\/image\" title=\"Mehmet Tosun, Bodrum Belediye personelinin i\u00e7ini rahatlatt\u0131\" alt=\"Mehmet Tosun, Bodrum Belediye personelinin i\u00e7ini rahatlatt\u0131\" style=\"width: 163px; height: 108px;\" \/> <\/a> <\/div> <\/div> <!-- close group --> <div class=\"gallery-group images-1\" style=\"width: 167px; height: 112px;\" data-original-width=\"167\" data-original-height=\"112\" > <div class=\"tiled-gallery-item tiled-gallery-item-small\" itemprop=\"associatedMedia\" itemscope itemtype=\"http:\/\/schema.org\/ImageObject\"> <a href=\"http:\/\/www.tvturk.com\/index.php\/mehmet-tosun-bodrum-belediye-personelinin-icini-rahatlatti\/mehmet-tosun-bodrum-belediye-personelinin-icini-rahatlatti-7\/\" border=\"0\" itemprop=\"url\"> <meta itemprop=\"width\" content=\"163\"> <meta itemprop=\"height\" content=\"108\"> <img decoding=\"async\" class=\"\" data-attachment-id=\"41762\" data-orig-file=\"http:\/\/www.tvturk.com\/wp-content\/uploads\/2019\/02\/mehmet-tosun-bodrum-belediye-personelinin-icini-rahatlatti_66c6b73.jpg\" data-orig-size=\"1000,666\" data-comments-opened=\"\" data-image-meta=\"{&quot;aperture&quot;:&quot;0&quot;,&quot;credit&quot;:&quot;IHA&quot;,&quot;camera&quot;:&quot;&quot;,&quot;caption&quot;:&quot;\\u0130Y\\u0130 PART\\u0130 BODRUM BELED\\u0130YE BA\\u015eKAN ADAYI MEHMET TOSUN, YO\\u011eUN B\\u0130R TEMPO \\u0130LE \\u00c7ALI\\u015eMALARINA DEVAM ED\\u0130YOR. SABAH ERKEN SAATLERDE BA\\u015eLAYARAK GECE GE\\u00c7 SAATLERE KADAR ESNAF VE VATANDA\\u015eLARLA B\\u0130R ARAYA GELEN TOSUN, Z\\u0130YARET ETT\\u0130\\u011e\\u0130 VATANDA\\u015eLARDAN B\\u00dcY\\u00dcK \\u0130LG\\u0130 G\\u00d6R\\u00dcYOR (EREN AYHAN\\\/MU\\u011eLA-\\u0130HA)&quot;,&quot;created_timestamp&quot;:&quot;0&quot;,&quot;copyright&quot;:&quot;\\u0130HLAS HABER AJANSI, www.iha.com.tr&quot;,&quot;focal_length&quot;:&quot;0&quot;,&quot;iso&quot;:&quot;0&quot;,&quot;shutter_speed&quot;:&quot;0&quot;,&quot;title&quot;:&quot;MEHMET TOSUN, BODRUM BELED\\u0130YE PERSONEL\\u0130N\\u0130N \\u0130\\u00c7\\u0130N\\u0130 RAHATLATTI MEHMET TOSUN; \\u201cHAYALLER\\u0130M\\u0130ZDEK\\u0130 BODRUM \\u0130\\u00c7\\u0130N \\u00c7ALI\\u015eACA\\u011eIZ\\u201d&quot;,&quot;orientation&quot;:&quot;0&quot;}\" data-image-title=\"Mehmet Tosun, Bodrum Belediye personelinin i\u00e7ini rahatlatt\u0131\" data-image-description=\"&lt;p&gt;Mehmet Tosun, Bodrum Belediye personelinin i\u00e7ini rahatlatt\u0131&lt;\/p&gt; \" data-medium-file=\"https:\/\/i0.wp.com\/www.tvturk.com\/wp-content\/uploads\/2019\/02\/mehmet-tosun-bodrum-belediye-personelinin-icini-rahatlatti_66c6b73.jpg?fit=300%2C200\" data-large-file=\"https:\/\/i0.wp.com\/www.tvturk.com\/wp-content\/uploads\/2019\/02\/mehmet-tosun-bodrum-belediye-personelinin-icini-rahatlatti_66c6b73.jpg?fit=1000%2C666\" src=\"https:\/\/i0.wp.com\/www.tvturk.com\/wp-content\/uploads\/2019\/02\/mehmet-tosun-bodrum-belediye-personelinin-icini-rahatlatti_66c6b73.jpg?w=163&#038;h=108\" srcset=\"https:\/\/i0.wp.com\/www.tvturk.com\/wp-content\/uploads\/2019\/02\/mehmet-tosun-bodrum-belediye-personelinin-icini-rahatlatti_66c6b73.jpg?w=1000 1000w, https:\/\/i0.wp.com\/www.tvturk.com\/wp-content\/uploads\/2019\/02\/mehmet-tosun-bodrum-belediye-personelinin-icini-rahatlatti_66c6b73.jpg?resize=150%2C100 150w, https:\/\/i0.wp.com\/www.tvturk.com\/wp-content\/uploads\/2019\/02\/mehmet-tosun-bodrum-belediye-personelinin-icini-rahatlatti_66c6b73.jpg?resize=300%2C200 300w, https:\/\/i0.wp.com\/www.tvturk.com\/wp-content\/uploads\/2019\/02\/mehmet-tosun-bodrum-belediye-personelinin-icini-rahatlatti_66c6b73.jpg?resize=768%2C511 768w, https:\/\/i0.wp.com\/www.tvturk.com\/wp-content\/uploads\/2019\/02\/mehmet-tosun-bodrum-belediye-personelinin-icini-rahatlatti_66c6b73.jpg?resize=170%2C113 170w, https:\/\/i0.wp.com\/www.tvturk.com\/wp-content\/uploads\/2019\/02\/mehmet-tosun-bodrum-belediye-personelinin-icini-rahatlatti_66c6b73.jpg?resize=120%2C80 120w\" width=\"163\" height=\"108\" loading=\"lazy\" data-original-width=\"163\" data-original-height=\"108\" itemprop=\"http:\/\/schema.org\/image\" title=\"Mehmet Tosun, Bodrum Belediye personelinin i\u00e7ini rahatlatt\u0131\" alt=\"Mehmet Tosun, Bodrum Belediye personelinin i\u00e7ini rahatlatt\u0131\" style=\"width: 163px; height: 108px;\" \/> <\/a> <\/div> <\/div> <!-- close group --> <div class=\"gallery-group images-1\" style=\"width: 166px; height: 112px;\" data-original-width=\"166\" data-original-height=\"112\" > <div class=\"tiled-gallery-item tiled-gallery-item-small\" itemprop=\"associatedMedia\" itemscope itemtype=\"http:\/\/schema.org\/ImageObject\"> <a href=\"http:\/\/www.tvturk.com\/index.php\/mehmet-tosun-bodrum-belediye-personelinin-icini-rahatlatti\/mehmet-tosun-bodrum-belediye-personelinin-icini-rahatlatti-8\/\" border=\"0\" itemprop=\"url\"> <meta itemprop=\"width\" content=\"162\"> <meta itemprop=\"height\" content=\"108\"> <img decoding=\"async\" class=\"\" data-attachment-id=\"41763\" data-orig-file=\"http:\/\/www.tvturk.com\/wp-content\/uploads\/2019\/02\/mehmet-tosun-bodrum-belediye-personelinin-icini-rahatlatti_836712c.jpg\" data-orig-size=\"1000,666\" data-comments-opened=\"\" data-image-meta=\"{&quot;aperture&quot;:&quot;0&quot;,&quot;credit&quot;:&quot;IHA&quot;,&quot;camera&quot;:&quot;&quot;,&quot;caption&quot;:&quot;\\u0130Y\\u0130 PART\\u0130 BODRUM BELED\\u0130YE BA\\u015eKAN ADAYI MEHMET TOSUN, YO\\u011eUN B\\u0130R TEMPO \\u0130LE \\u00c7ALI\\u015eMALARINA DEVAM ED\\u0130YOR. SABAH ERKEN SAATLERDE BA\\u015eLAYARAK GECE GE\\u00c7 SAATLERE KADAR ESNAF VE VATANDA\\u015eLARLA B\\u0130R ARAYA GELEN TOSUN, Z\\u0130YARET ETT\\u0130\\u011e\\u0130 VATANDA\\u015eLARDAN B\\u00dcY\\u00dcK \\u0130LG\\u0130 G\\u00d6R\\u00dcYOR (EREN AYHAN\\\/MU\\u011eLA-\\u0130HA)&quot;,&quot;created_timestamp&quot;:&quot;0&quot;,&quot;copyright&quot;:&quot;\\u0130HLAS HABER AJANSI, www.iha.com.tr&quot;,&quot;focal_length&quot;:&quot;0&quot;,&quot;iso&quot;:&quot;0&quot;,&quot;shutter_speed&quot;:&quot;0&quot;,&quot;title&quot;:&quot;MEHMET TOSUN, BODRUM BELED\\u0130YE PERSONEL\\u0130N\\u0130N \\u0130\\u00c7\\u0130N\\u0130 RAHATLATTI MEHMET TOSUN; \\u201cHAYALLER\\u0130M\\u0130ZDEK\\u0130 BODRUM \\u0130\\u00c7\\u0130N \\u00c7ALI\\u015eACA\\u011eIZ\\u201d&quot;,&quot;orientation&quot;:&quot;0&quot;}\" data-image-title=\"Mehmet Tosun, Bodrum Belediye personelinin i\u00e7ini rahatlatt\u0131\" data-image-description=\"&lt;p&gt;Mehmet Tosun, Bodrum Belediye personelinin i\u00e7ini rahatlatt\u0131&lt;\/p&gt; \" data-medium-file=\"https:\/\/i0.wp.com\/www.tvturk.com\/wp-content\/uploads\/2019\/02\/mehmet-tosun-bodrum-belediye-personelinin-icini-rahatlatti_836712c.jpg?fit=300%2C200\" data-large-file=\"https:\/\/i0.wp.com\/www.tvturk.com\/wp-content\/uploads\/2019\/02\/mehmet-tosun-bodrum-belediye-personelinin-icini-rahatlatti_836712c.jpg?fit=1000%2C666\" src=\"https:\/\/i0.wp.com\/www.tvturk.com\/wp-content\/uploads\/2019\/02\/mehmet-tosun-bodrum-belediye-personelinin-icini-rahatlatti_836712c.jpg?w=162&#038;h=108\" srcset=\"https:\/\/i0.wp.com\/www.tvturk.com\/wp-content\/uploads\/2019\/02\/mehmet-tosun-bodrum-belediye-personelinin-icini-rahatlatti_836712c.jpg?w=1000 1000w, https:\/\/i0.wp.com\/www.tvturk.com\/wp-content\/uploads\/2019\/02\/mehmet-tosun-bodrum-belediye-personelinin-icini-rahatlatti_836712c.jpg?resize=150%2C100 150w, https:\/\/i0.wp.com\/www.tvturk.com\/wp-content\/uploads\/2019\/02\/mehmet-tosun-bodrum-belediye-personelinin-icini-rahatlatti_836712c.jpg?resize=300%2C200 300w, https:\/\/i0.wp.com\/www.tvturk.com\/wp-content\/uploads\/2019\/02\/mehmet-tosun-bodrum-belediye-personelinin-icini-rahatlatti_836712c.jpg?resize=768%2C511 768w, https:\/\/i0.wp.com\/www.tvturk.com\/wp-content\/uploads\/2019\/02\/mehmet-tosun-bodrum-belediye-personelinin-icini-rahatlatti_836712c.jpg?resize=170%2C113 170w, https:\/\/i0.wp.com\/www.tvturk.com\/wp-content\/uploads\/2019\/02\/mehmet-tosun-bodrum-belediye-personelinin-icini-rahatlatti_836712c.jpg?resize=120%2C80 120w\" width=\"162\" height=\"108\" loading=\"lazy\" data-original-width=\"162\" data-original-height=\"108\" itemprop=\"http:\/\/schema.org\/image\" title=\"Mehmet Tosun, Bodrum Belediye personelinin i\u00e7ini rahatlatt\u0131\" alt=\"Mehmet Tosun, Bodrum Belediye personelinin i\u00e7ini rahatlatt\u0131\" style=\"width: 162px; height: 108px;\" \/> <\/a> <\/div> <\/div> <!-- close group --> <\/div> <!-- close row --> <\/div><\/p>\n","protected":false},"excerpt":{"rendered":"<p>\u0130Y\u0130 PART\u0130 BODRUM BELED\u0130YE BA\u015eKAN ADAYI MEHMET TOSUN, YO\u011eUN B\u0130R TEMPO \u0130LE \u00c7ALI\u015eMALARINA DEVAM ED\u0130YOR. SABAH ERKEN SAATLERDE BA\u015eLAYARAK GECE GE\u00c7 SAATLERE KADAR ESNAF VE VATANDA\u015eLARLA B\u0130R ARAYA GELEN TOSUN, Z\u0130YARET ETT\u0130\u011e\u0130 VATANDA\u015eLARDAN B\u00dcY\u00dcK \u0130LG\u0130 G\u00d6R\u00dcYOR<\/p>\n","protected":false},"author":1,"featured_media":41757,"comment_status":"closed","ping_status":"open","sticky":false,"template":"","format":"standard","meta":{"jetpack_post_was_ever_published":false,"_jetpack_newsletter_access":"","_jetpack_dont_email_post_to_subs":false,"_jetpack_newsletter_tier_id":0,"_jetpack_memberships_contains_paywalled_content":false,"_jetpack_memberships_contains_paid_content":false,"footnotes":"","jetpack_publicize_message":"","jetpack_publicize_feature_enabled":true,"jetpack_social_post_already_shared":false,"jetpack_social_options":{"image_generator_settings":{"template":"highway","default_image_id":0,"font":"","enabled":false},"version":2}},"categories":[9],"tags":[134,708,11679,2570,14802,14803,14801],"class_list":["post-41756","post","type-post","status-publish","format-standard","has-post-thumbnail","hentry","category-siyaset","tag-belediye","tag-bodrum","tag-icini","tag-mehmet","tag-personelinin","tag-rahatlatti","tag-tosun"],"jetpack_publicize_connections":[],"jetpack_featured_media_url":"https:\/\/i0.wp.com\/www.tvturk.com\/wp-content\/uploads\/2019\/02\/mehmet-tosun-bodrum-belediye-personelinin-icini-rahatlatti_4c5173c.jpg?fit=1000%2C666","jetpack_sharing_enabled":true,"jetpack_shortlink":"https:\/\/wp.me\/paKIfm-aRu","_links":{"self":[{"href":"http:\/\/www.tvturk.com\/index.php\/wp-json\/wp\/v2\/posts\/41756","targetHints":{"allow":["GET"]}}],"collection":[{"href":"http:\/\/www.tvturk.com\/index.php\/wp-json\/wp\/v2\/posts"}],"about":[{"href":"http:\/\/www.tvturk.com\/index.php\/wp-json\/wp\/v2\/types\/post"}],"author":[{"embeddable":true,"href":"http:\/\/www.tvturk.com\/index.php\/wp-json\/wp\/v2\/users\/1"}],"replies":[{"embeddable":true,"href":"http:\/\/www.tvturk.com\/index.php\/wp-json\/wp\/v2\/comments?post=41756"}],"version-history":[{"count":1,"href":"http:\/\/www.tvturk.com\/index.php\/wp-json\/wp\/v2\/posts\/41756\/revisions"}],"predecessor-version":[{"id":41764,"href":"http:\/\/www.tvturk.com\/index.php\/wp-json\/wp\/v2\/posts\/41756\/revisions\/41764"}],"wp:featuredmedia":[{"embeddable":true,"href":"http:\/\/www.tvturk.com\/index.php\/wp-json\/wp\/v2\/media\/41757"}],"wp:attachment":[{"href":"http:\/\/www.tvturk.com\/index.php\/wp-json\/wp\/v2\/media?parent=41756"}],"wp:term":[{"taxonomy":"category","embeddable":true,"href":"http:\/\/www.tvturk.com\/index.php\/wp-json\/wp\/v2\/categories?post=41756"},{"taxonomy":"post_tag","embeddable":true,"href":"http:\/\/www.tvturk.com\/index.php\/wp-json\/wp\/v2\/tags?post=41756"}],"curies":[{"name":"wp","href":"https:\/\/api.w.org\/{rel}","templated":true}]}}