{"id":41765,"date":"2019-02-17T15:21:36","date_gmt":"2019-02-17T12:21:36","guid":{"rendered":"http:\/\/www.tvturk.com\/index.php\/saruhan-secim-calismalarina-hizli-basladi\/"},"modified":"2019-02-17T15:21:38","modified_gmt":"2019-02-17T12:21:38","slug":"saruhan-secim-calismalarina-hizli-basladi","status":"publish","type":"post","link":"http:\/\/www.tvturk.com\/index.php\/saruhan-secim-calismalarina-hizli-basladi\/","title":{"rendered":"Saruhan se\u00e7im \u00e7al\u0131\u015fmalar\u0131na h\u0131zl\u0131 ba\u015flad\u0131"},"content":{"rendered":"<p>31 Mart se\u00e7imlerinde Bodrum Belediye Ba\u015fkanl\u0131\u011f\u0131\u2019na Cumhuriyet Halk Partisi\u2019nden aday olan Mustafa Saruhan, se\u00e7im \u00e7al\u0131\u015fmalar\u0131 kapsam\u0131nda gece g\u00fcnd\u00fcz demeden halkla bulu\u015fuyor. Karaba\u011f Mahalle sakinleriyle bulu\u015fan Saruhan \u201cdaha mutlu, daha umutlu bir Bodrum\u201d slogan\u0131yla yola \u00e7\u0131kt\u0131klar\u0131n\u0131 a\u00e7\u0131klad\u0131.<\/p>\n<p>Turgutreis\u2019in do\u011fdu\u011fu yer olarak da bilinen Karaba\u011f mahalle muhtar\u0131 taraf\u0131ndan sosyal tesiste ger\u00e7ekle\u015fen bulu\u015fmaya vatanda\u015flar b\u00fcy\u00fck ilgi g\u00f6sterdi. Toplat\u0131ya CHP Bodrum \u0130l\u00e7e Ba\u015fkan\u0131 Halil Karahan, CHP Bodrum Kad\u0131n Kollar\u0131 Ba\u015fkan\u0131 Emel \u00c7akalo\u011flu\u2019nun da kat\u0131ld\u0131\u011f\u0131 sohbet toplant\u0131s\u0131nda vatanda\u015flar \u015fikayet, \u00f6neri ve isteklerini dile getirdi.<\/p>\n<p>Toplant\u0131da bir konu\u015fma yapan Bodrum Belediye Ba\u015fkan Aday\u0131 Mustafa Saruhan, \u201cbirlikte el ele, g\u00f6n\u00fcl g\u00f6n\u00fcle, y\u0131lmadan, yorulmadan hep birlikte \u00e7al\u0131\u015faca\u011f\u0131z.\u201d Dedi.<\/p>\n<p>Saruhan a\u00e7\u0131klamas\u0131nda \u015funlar\u0131 s\u00f6yledi;<\/p>\n<p>\u201cG\u00f6r\u00fcyorum ki, hepimiz ayn\u0131 dertlerden mustaribiz. Ama sak\u0131n ola ki, \u00fcmitsizli\u011fe kap\u0131lmay\u0131n. Kiminizden duyuyorum. \u201cSahipsiz b\u0131rak\u0131ld\u0131k, \u00f6ks\u00fcz, ilgisiz kald\u0131k.\u201d diyorsunuz. Sak\u0131n b\u00f6yle bir d\u00fc\u015f\u00fcnceye esir olmay\u0131n.<\/p>\n<p>Zira ben, hepimizin arzulad\u0131\u011f\u0131, hayallerini s\u00fcsleyen, i\u00e7erisinde k\u00fclt\u00fcr\u00fcn, sanat\u0131n, ye\u015filin, do\u011fan\u0131n, p\u0131r\u0131l p\u0131r\u0131l bir denizin oldu\u011fu, yollar\u0131n\u0131n d\u00fczg\u00fcn, ya\u015faman\u0131n muhte\u015fem oldu\u011fu bir Bodrum\u2019u hep birlikte ya\u015fayaca\u011f\u0131m\u0131z\u0131n garantisini sizlere veriyorum. Bunu yapmak i\u00e7in her zaman sizinle ayn\u0131 yolda y\u00fcr\u00fcyece\u011fime, sizlerin sorunlar\u0131n\u0131 dinlemek, istek ve \u00f6nerilerinizi \u00f6\u011frenmek i\u00e7in her 3 ayda bir bu ak\u015fam oldu\u011fu gibi burada bulu\u015faca\u011f\u0131m\u0131z\u0131n s\u00f6z\u00fcn\u00fc size veriyorum. Yeter ki siz de isteyin. Destek verin. Bu hayali birlikte ger\u00e7ekle\u015ftirelim.\u201d<\/p>\n<p>Yap\u0131lan konu\u015fmalar\u0131n ard\u0131ndan, Turgutreis b\u00f6lgesinde yapt\u0131\u011f\u0131 gezinin analizini de Karaba\u011f ya\u015fayanlar\u0131yla payla\u015fan Saruhan, \u201cKad\u0131nlar\u0131m\u0131z\u0131n bu b\u00f6lgede ne kadar faal ve sosyal bir hayat ya\u015fad\u0131klar\u0131n\u0131 g\u00f6rd\u00fcm.\u201d Diyerek c\u00fcmlesine ba\u015flad\u0131\u011f\u0131 konu\u015fmas\u0131nda Mustafa Saruhan \u015funlar\u0131 s\u00f6yledi; \u201cBug\u00fcn Turgutreis pazar\u0131nda olsun, Pazar yeri etraf\u0131ndaki, yolumun \u00fczerindeki esnaflar olsun, i\u015fletmelerin sahiplerinin b\u00fcy\u00fck k\u0131sm\u0131n\u0131n kad\u0131nlar oldu\u011funa \u015fahit oldum. Hepsi ile yapt\u0131\u011f\u0131m sohbetler, ald\u0131\u011f\u0131m yorumlar \u00f6ylesine g\u00fczeldi ki, Bodrum\u2019da ya\u015faman\u0131n, Bodrum\u2019da kad\u0131n olman\u0131n ayr\u0131cal\u0131\u011f\u0131n\u0131 bir kez daha g\u00f6rd\u00fcm. Yuvay\u0131 di\u015fi ku\u015f yapar s\u00f6z art\u0131k geride kald\u0131. G\u00fcn\u00fcm\u00fczde kad\u0131nlar sadece evinin han\u0131m\u0131 de\u011fil, i\u015f kuran y\u00f6neten, kazanan toplumda sosyal birer birey olarak ba\u015f tac\u0131m\u0131z olmu\u015flard\u0131r. \u0130\u015fte Bodrum\u2019un fark\u0131, Bodrum\u2019un ayr\u0131cal\u0131kl\u0131 ya\u015fam\u0131 da bu. Bize d\u00fc\u015fen bu fark\u0131 daha da \u00fcst bir noktaya ta\u015f\u0131mak, \u00fcreten \u00e7al\u0131\u015fan, evinin han\u0131m\u0131 olan kad\u0131nlar\u0131 sosyal hayatlar\u0131ndan kopartmadan, Bodrum\u2019a bu g\u00fczelli\u011fi ya\u015fatmaya devam etmeleri olacakt\u0131r\u201d dedi.<\/p>\n<p>Karaba\u011f Mahalle Muhtar\u0131 Ali Sayg\u0131 \u00f6nderli\u011finde toplanan mahalle ya\u015fayanlar\u0131yla 1 saat kadar sohbet eden Mustafa Saruhan, mahalle ya\u015fayanlar\u0131n\u0131n \u201cBizi Unutma\u201d demeleri \u00fczerinede her 3 ayda bir Bodrum\u2019da her mahalleyi ziyaret edece\u011finin ve dileyen herkesin de Ba\u015fkanl\u0131k makam\u0131nda kendisini istedi\u011fi zaman ziyaret edebilece\u011finin s\u00f6z\u00fcn\u00fc verdi.<div class=\"tiled-gallery type-rectangular tiled-gallery-unresized\" data-original-width=\"500\" data-carousel-extra='null' itemscope itemtype=\"http:\/\/schema.org\/ImageGallery\" > <div class=\"gallery-row\" style=\"width: 500px; height: 170px;\" data-original-width=\"500\" data-original-height=\"170\" > <div class=\"gallery-group images-1\" style=\"width: 243px; height: 170px;\" data-original-width=\"243\" data-original-height=\"170\" > <div class=\"tiled-gallery-item tiled-gallery-item-small\" itemprop=\"associatedMedia\" itemscope itemtype=\"http:\/\/schema.org\/ImageObject\"> <a href=\"http:\/\/www.tvturk.com\/index.php\/saruhan-secim-calismalarina-hizli-basladi\/saruhan-secim-calismalarina-hizli-basladi-3\/\" border=\"0\" itemprop=\"url\"> <meta itemprop=\"width\" content=\"239\"> <meta itemprop=\"height\" content=\"166\"> <img decoding=\"async\" class=\"\" data-attachment-id=\"41767\" data-orig-file=\"http:\/\/www.tvturk.com\/wp-content\/uploads\/2019\/02\/saruhan-secim-calismalarina-hizli-basladi_19251a1.jpg\" data-orig-size=\"1000,693\" data-comments-opened=\"\" data-image-meta=\"{&quot;aperture&quot;:&quot;0&quot;,&quot;credit&quot;:&quot;IHA&quot;,&quot;camera&quot;:&quot;&quot;,&quot;caption&quot;:&quot;31 MART SE\\u00c7\\u0130MLER\\u0130NDE BODRUM BELED\\u0130YE BA\\u015eKANLI\\u011eI\\u2019NA CUMHUR\\u0130YET HALK PART\\u0130S\\u0130\\u2019NDEN ADAY OLAN MUSTAFA SARUHAN, SE\\u00c7\\u0130M \\u00c7ALI\\u015eMALARI KAPSAMINDA GECE G\\u00dcND\\u00dcZ DEMEDEN HALKLA BULU\\u015eUYOR (EREN AYHAN\\\/MU\\u011eLA-\\u0130HA)&quot;,&quot;created_timestamp&quot;:&quot;0&quot;,&quot;copyright&quot;:&quot;\\u0130HLAS HABER AJANSI, www.iha.com.tr&quot;,&quot;focal_length&quot;:&quot;0&quot;,&quot;iso&quot;:&quot;0&quot;,&quot;shutter_speed&quot;:&quot;0&quot;,&quot;title&quot;:&quot;SARUHAN SE\\u00c7\\u0130M \\u00c7ALI\\u015eMALARINA HIZLI BA\\u015eLADI SARUHAN B\\u00dcY\\u00dcK B\\u0130R CO\\u015eKU \\u0130LE KAR\\u015eILANDI&quot;,&quot;orientation&quot;:&quot;0&quot;}\" data-image-title=\"Saruhan se\u00e7im \u00e7al\u0131\u015fmalar\u0131na h\u0131zl\u0131 ba\u015flad\u0131\" data-image-description=\"&lt;p&gt;Saruhan se\u00e7im \u00e7al\u0131\u015fmalar\u0131na h\u0131zl\u0131 ba\u015flad\u0131&lt;\/p&gt; \" data-medium-file=\"https:\/\/i0.wp.com\/www.tvturk.com\/wp-content\/uploads\/2019\/02\/saruhan-secim-calismalarina-hizli-basladi_19251a1.jpg?fit=300%2C208\" data-large-file=\"https:\/\/i0.wp.com\/www.tvturk.com\/wp-content\/uploads\/2019\/02\/saruhan-secim-calismalarina-hizli-basladi_19251a1.jpg?fit=1000%2C693\" src=\"https:\/\/i0.wp.com\/www.tvturk.com\/wp-content\/uploads\/2019\/02\/saruhan-secim-calismalarina-hizli-basladi_19251a1.jpg?w=239&#038;h=166\" srcset=\"https:\/\/i0.wp.com\/www.tvturk.com\/wp-content\/uploads\/2019\/02\/saruhan-secim-calismalarina-hizli-basladi_19251a1.jpg?w=1000 1000w, https:\/\/i0.wp.com\/www.tvturk.com\/wp-content\/uploads\/2019\/02\/saruhan-secim-calismalarina-hizli-basladi_19251a1.jpg?resize=150%2C104 150w, https:\/\/i0.wp.com\/www.tvturk.com\/wp-content\/uploads\/2019\/02\/saruhan-secim-calismalarina-hizli-basladi_19251a1.jpg?resize=300%2C208 300w, https:\/\/i0.wp.com\/www.tvturk.com\/wp-content\/uploads\/2019\/02\/saruhan-secim-calismalarina-hizli-basladi_19251a1.jpg?resize=768%2C532 768w, https:\/\/i0.wp.com\/www.tvturk.com\/wp-content\/uploads\/2019\/02\/saruhan-secim-calismalarina-hizli-basladi_19251a1.jpg?resize=80%2C55 80w\" width=\"239\" height=\"166\" loading=\"lazy\" data-original-width=\"239\" data-original-height=\"166\" itemprop=\"http:\/\/schema.org\/image\" title=\"Saruhan se\u00e7im \u00e7al\u0131\u015fmalar\u0131na h\u0131zl\u0131 ba\u015flad\u0131\" alt=\"Saruhan se\u00e7im \u00e7al\u0131\u015fmalar\u0131na h\u0131zl\u0131 ba\u015flad\u0131\" style=\"width: 239px; height: 166px;\" \/> <\/a> <\/div> <\/div> <!-- close group --> <div class=\"gallery-group images-1\" style=\"width: 257px; height: 170px;\" data-original-width=\"257\" data-original-height=\"170\" > <div class=\"tiled-gallery-item tiled-gallery-item-large\" itemprop=\"associatedMedia\" itemscope itemtype=\"http:\/\/schema.org\/ImageObject\"> <a href=\"http:\/\/www.tvturk.com\/index.php\/saruhan-secim-calismalarina-hizli-basladi\/saruhan-secim-calismalarina-hizli-basladi-4\/\" border=\"0\" itemprop=\"url\"> <meta itemprop=\"width\" content=\"253\"> <meta itemprop=\"height\" content=\"166\"> <img decoding=\"async\" class=\"\" data-attachment-id=\"41768\" data-orig-file=\"http:\/\/www.tvturk.com\/wp-content\/uploads\/2019\/02\/saruhan-secim-calismalarina-hizli-basladi_70efcfa.jpg\" data-orig-size=\"1000,657\" data-comments-opened=\"\" data-image-meta=\"{&quot;aperture&quot;:&quot;0&quot;,&quot;credit&quot;:&quot;IHA&quot;,&quot;camera&quot;:&quot;&quot;,&quot;caption&quot;:&quot;31 MART SE\\u00c7\\u0130MLER\\u0130NDE BODRUM BELED\\u0130YE BA\\u015eKANLI\\u011eI\\u2019NA CUMHUR\\u0130YET HALK PART\\u0130S\\u0130\\u2019NDEN ADAY OLAN MUSTAFA SARUHAN, SE\\u00c7\\u0130M \\u00c7ALI\\u015eMALARI KAPSAMINDA GECE G\\u00dcND\\u00dcZ DEMEDEN HALKLA BULU\\u015eUYOR (EREN AYHAN\\\/MU\\u011eLA-\\u0130HA)&quot;,&quot;created_timestamp&quot;:&quot;0&quot;,&quot;copyright&quot;:&quot;\\u0130HLAS HABER AJANSI, www.iha.com.tr&quot;,&quot;focal_length&quot;:&quot;0&quot;,&quot;iso&quot;:&quot;0&quot;,&quot;shutter_speed&quot;:&quot;0&quot;,&quot;title&quot;:&quot;SARUHAN SE\\u00c7\\u0130M \\u00c7ALI\\u015eMALARINA HIZLI BA\\u015eLADI SARUHAN B\\u00dcY\\u00dcK B\\u0130R CO\\u015eKU \\u0130LE KAR\\u015eILANDI&quot;,&quot;orientation&quot;:&quot;0&quot;}\" data-image-title=\"Saruhan se\u00e7im \u00e7al\u0131\u015fmalar\u0131na h\u0131zl\u0131 ba\u015flad\u0131\" data-image-description=\"&lt;p&gt;Saruhan se\u00e7im \u00e7al\u0131\u015fmalar\u0131na h\u0131zl\u0131 ba\u015flad\u0131&lt;\/p&gt; \" data-medium-file=\"https:\/\/i0.wp.com\/www.tvturk.com\/wp-content\/uploads\/2019\/02\/saruhan-secim-calismalarina-hizli-basladi_70efcfa.jpg?fit=300%2C197\" data-large-file=\"https:\/\/i0.wp.com\/www.tvturk.com\/wp-content\/uploads\/2019\/02\/saruhan-secim-calismalarina-hizli-basladi_70efcfa.jpg?fit=1000%2C657\" src=\"https:\/\/i0.wp.com\/www.tvturk.com\/wp-content\/uploads\/2019\/02\/saruhan-secim-calismalarina-hizli-basladi_70efcfa.jpg?w=253&#038;h=166\" srcset=\"https:\/\/i0.wp.com\/www.tvturk.com\/wp-content\/uploads\/2019\/02\/saruhan-secim-calismalarina-hizli-basladi_70efcfa.jpg?w=1000 1000w, https:\/\/i0.wp.com\/www.tvturk.com\/wp-content\/uploads\/2019\/02\/saruhan-secim-calismalarina-hizli-basladi_70efcfa.jpg?resize=150%2C99 150w, https:\/\/i0.wp.com\/www.tvturk.com\/wp-content\/uploads\/2019\/02\/saruhan-secim-calismalarina-hizli-basladi_70efcfa.jpg?resize=300%2C197 300w, https:\/\/i0.wp.com\/www.tvturk.com\/wp-content\/uploads\/2019\/02\/saruhan-secim-calismalarina-hizli-basladi_70efcfa.jpg?resize=768%2C505 768w, https:\/\/i0.wp.com\/www.tvturk.com\/wp-content\/uploads\/2019\/02\/saruhan-secim-calismalarina-hizli-basladi_70efcfa.jpg?resize=170%2C113 170w, https:\/\/i0.wp.com\/www.tvturk.com\/wp-content\/uploads\/2019\/02\/saruhan-secim-calismalarina-hizli-basladi_70efcfa.jpg?resize=120%2C80 120w\" width=\"253\" height=\"166\" loading=\"lazy\" data-original-width=\"253\" data-original-height=\"166\" itemprop=\"http:\/\/schema.org\/image\" title=\"Saruhan se\u00e7im \u00e7al\u0131\u015fmalar\u0131na h\u0131zl\u0131 ba\u015flad\u0131\" alt=\"Saruhan se\u00e7im \u00e7al\u0131\u015fmalar\u0131na h\u0131zl\u0131 ba\u015flad\u0131\" style=\"width: 253px; height: 166px;\" \/> <\/a> <\/div> <\/div> <!-- close group --> <\/div> <!-- close row --> <\/div><\/p>\n","protected":false},"excerpt":{"rendered":"<p>31 MART SE\u00c7\u0130MLER\u0130NDE BODRUM BELED\u0130YE BA\u015eKANLI\u011eI\u2019NA CUMHUR\u0130YET HALK PART\u0130S\u0130\u2019NDEN ADAY OLAN MUSTAFA SARUHAN, SE\u00c7\u0130M \u00c7ALI\u015eMALARI KAPSAMINDA GECE G\u00dcND\u00dcZ DEMEDEN HALKLA BULU\u015eUYOR<\/p>\n","protected":false},"author":1,"featured_media":41766,"comment_status":"closed","ping_status":"open","sticky":false,"template":"","format":"standard","meta":{"jetpack_post_was_ever_published":false,"_jetpack_newsletter_access":"","_jetpack_dont_email_post_to_subs":false,"_jetpack_newsletter_tier_id":0,"_jetpack_memberships_contains_paywalled_content":false,"_jetpack_memberships_contains_paid_content":false,"footnotes":"","jetpack_publicize_message":"","jetpack_publicize_feature_enabled":true,"jetpack_social_post_already_shared":false,"jetpack_social_options":{"image_generator_settings":{"template":"highway","default_image_id":0,"font":"","enabled":false},"version":2}},"categories":[9],"tags":[55,58,5043,14804,402],"class_list":["post-41765","post","type-post","status-publish","format-standard","has-post-thumbnail","hentry","category-siyaset","tag-basladi","tag-calismalarina","tag-hizli","tag-saruhan","tag-secim"],"jetpack_publicize_connections":[],"jetpack_featured_media_url":"https:\/\/i0.wp.com\/www.tvturk.com\/wp-content\/uploads\/2019\/02\/saruhan-secim-calismalarina-hizli-basladi_e9225fc.jpg?fit=1000%2C674","jetpack_sharing_enabled":true,"jetpack_shortlink":"https:\/\/wp.me\/paKIfm-aRD","_links":{"self":[{"href":"http:\/\/www.tvturk.com\/index.php\/wp-json\/wp\/v2\/posts\/41765","targetHints":{"allow":["GET"]}}],"collection":[{"href":"http:\/\/www.tvturk.com\/index.php\/wp-json\/wp\/v2\/posts"}],"about":[{"href":"http:\/\/www.tvturk.com\/index.php\/wp-json\/wp\/v2\/types\/post"}],"author":[{"embeddable":true,"href":"http:\/\/www.tvturk.com\/index.php\/wp-json\/wp\/v2\/users\/1"}],"replies":[{"embeddable":true,"href":"http:\/\/www.tvturk.com\/index.php\/wp-json\/wp\/v2\/comments?post=41765"}],"version-history":[{"count":1,"href":"http:\/\/www.tvturk.com\/index.php\/wp-json\/wp\/v2\/posts\/41765\/revisions"}],"predecessor-version":[{"id":41769,"href":"http:\/\/www.tvturk.com\/index.php\/wp-json\/wp\/v2\/posts\/41765\/revisions\/41769"}],"wp:featuredmedia":[{"embeddable":true,"href":"http:\/\/www.tvturk.com\/index.php\/wp-json\/wp\/v2\/media\/41766"}],"wp:attachment":[{"href":"http:\/\/www.tvturk.com\/index.php\/wp-json\/wp\/v2\/media?parent=41765"}],"wp:term":[{"taxonomy":"category","embeddable":true,"href":"http:\/\/www.tvturk.com\/index.php\/wp-json\/wp\/v2\/categories?post=41765"},{"taxonomy":"post_tag","embeddable":true,"href":"http:\/\/www.tvturk.com\/index.php\/wp-json\/wp\/v2\/tags?post=41765"}],"curies":[{"name":"wp","href":"https:\/\/api.w.org\/{rel}","templated":true}]}}