{"id":41868,"date":"2019-02-17T15:50:55","date_gmt":"2019-02-17T12:50:55","guid":{"rendered":"http:\/\/www.tvturk.com\/index.php\/tirin-bictigi-kadin-hayatini-kaybetti\/"},"modified":"2019-02-17T15:50:57","modified_gmt":"2019-02-17T12:50:57","slug":"tirin-bictigi-kadin-hayatini-kaybetti","status":"publish","type":"post","link":"http:\/\/www.tvturk.com\/index.php\/tirin-bictigi-kadin-hayatini-kaybetti\/","title":{"rendered":"T\u0131r\u0131n bi\u00e7ti\u011fi kad\u0131n hayat\u0131n\u0131 kaybetti"},"content":{"rendered":"<p>Mardin\u2019in K\u0131z\u0131ltepe il\u00e7esinde, t\u0131r\u0131n \u00e7arpt\u0131\u011f\u0131 kad\u0131n feci \u015fekilde can verdi. Kaza sonras\u0131 t\u0131r s\u00fcr\u00fcc\u00fcs\u00fc olay yerinden ka\u00e7t\u0131.<\/p>\n<p>Olay, \u00f6\u011flen saatlerinde K\u0131z\u0131ltepe il\u00e7esi \u00e7evre yolunda ya\u015fand\u0131. \u0130ddiaya g\u00f6re, kar\u015f\u0131dan kar\u015f\u0131ya ge\u00e7meye \u00e7al\u0131\u015fan bir kad\u0131n, yolda s\u00fcratle ilerleyen t\u0131r\u0131n alt\u0131nda kald\u0131. T\u0131r s\u00fcr\u00fcc\u00fcs\u00fc olay yerinden ka\u00e7arken, \u00e7evredeki vatanda\u015flar durumu 112 acil servisine bildirdi. K\u0131sa s\u00fcrede olay yerine gelen sa\u011fl\u0131k ekipleri, kad\u0131n\u0131n olay yerinde hayat\u0131n\u0131 kaybetti\u011fini belirledi.<\/p>\n<p>Talihsiz kad\u0131n\u0131n cans\u0131z bedeni morga kald\u0131r\u0131l\u0131rken, polis ka\u00e7an s\u00fcr\u00fcc\u00fcn\u00fcn yakalanmas\u0131 i\u00e7in \u00e7al\u0131\u015fma ba\u015flatt\u0131.<div class=\"tiled-gallery type-rectangular tiled-gallery-unresized\" data-original-width=\"500\" data-carousel-extra='null' itemscope itemtype=\"http:\/\/schema.org\/ImageGallery\" > <div class=\"gallery-row\" style=\"width: 500px; height: 332px;\" data-original-width=\"500\" data-original-height=\"332\" > <div class=\"gallery-group images-1\" style=\"width: 250px; height: 332px;\" data-original-width=\"250\" data-original-height=\"332\" > <div class=\"tiled-gallery-item tiled-gallery-item-small\" itemprop=\"associatedMedia\" itemscope itemtype=\"http:\/\/schema.org\/ImageObject\"> <a href=\"http:\/\/www.tvturk.com\/index.php\/tirin-bictigi-kadin-hayatini-kaybetti\/tirin-bictigi-kadin-hayatini-kaybetti-3\/\" border=\"0\" itemprop=\"url\"> <meta itemprop=\"width\" content=\"246\"> <meta itemprop=\"height\" content=\"328\"> <img decoding=\"async\" class=\"\" data-attachment-id=\"41870\" data-orig-file=\"http:\/\/www.tvturk.com\/wp-content\/uploads\/2019\/02\/tirin-bictigi-kadin-hayatini-kaybetti_67d2f8e.jpg\" data-orig-size=\"750,1000\" data-comments-opened=\"\" data-image-meta=\"{&quot;aperture&quot;:&quot;0&quot;,&quot;credit&quot;:&quot;IHA&quot;,&quot;camera&quot;:&quot;&quot;,&quot;caption&quot;:&quot;MARD\\u0130N\\u2019\\u0130N KIZILTEPE \\u0130L\\u00c7ES\\u0130NDE, TIRIN \\u00c7ARPTI\\u011eI KADIN FEC\\u0130 \\u015eEK\\u0130LDE CAN VERD\\u0130. KAZA SONRASI TIR S\\u00dcR\\u00dcC\\u00dcS\\u00dc OLAY YER\\u0130NDEN KA\\u00c7TI. (BER\\u0130L SOLMU\\u015eG\\u00dcL\\\/MARD\\u0130N-\\u0130HA)&quot;,&quot;created_timestamp&quot;:&quot;0&quot;,&quot;copyright&quot;:&quot;\\u0130HLAS HABER AJANSI, www.iha.com.tr&quot;,&quot;focal_length&quot;:&quot;0&quot;,&quot;iso&quot;:&quot;0&quot;,&quot;shutter_speed&quot;:&quot;0&quot;,&quot;title&quot;:&quot;TIRIN B\\u0130\\u00c7T\\u0130\\u011e\\u0130 KADIN HAYATINI KAYBETT\\u0130 KADINA \\u00c7ARPIP \\u00d6L\\u00dcM\\u00dcNE NEDEN OLAN S\\u00dcR\\u00dcC\\u00dc, OLAY YER\\u0130NDEN KA\\u00c7TI&quot;,&quot;orientation&quot;:&quot;0&quot;}\" data-image-title=\"T\u0131r\u0131n bi\u00e7ti\u011fi kad\u0131n hayat\u0131n\u0131 kaybetti\" data-image-description=\"&lt;p&gt;T\u0131r\u0131n bi\u00e7ti\u011fi kad\u0131n hayat\u0131n\u0131 kaybetti&lt;\/p&gt; \" data-medium-file=\"https:\/\/i0.wp.com\/www.tvturk.com\/wp-content\/uploads\/2019\/02\/tirin-bictigi-kadin-hayatini-kaybetti_67d2f8e.jpg?fit=225%2C300\" data-large-file=\"https:\/\/i0.wp.com\/www.tvturk.com\/wp-content\/uploads\/2019\/02\/tirin-bictigi-kadin-hayatini-kaybetti_67d2f8e.jpg?fit=750%2C1000\" src=\"https:\/\/i0.wp.com\/www.tvturk.com\/wp-content\/uploads\/2019\/02\/tirin-bictigi-kadin-hayatini-kaybetti_67d2f8e.jpg?w=246&#038;h=328\" srcset=\"https:\/\/i0.wp.com\/www.tvturk.com\/wp-content\/uploads\/2019\/02\/tirin-bictigi-kadin-hayatini-kaybetti_67d2f8e.jpg?w=750 750w, https:\/\/i0.wp.com\/www.tvturk.com\/wp-content\/uploads\/2019\/02\/tirin-bictigi-kadin-hayatini-kaybetti_67d2f8e.jpg?resize=113%2C150 113w, https:\/\/i0.wp.com\/www.tvturk.com\/wp-content\/uploads\/2019\/02\/tirin-bictigi-kadin-hayatini-kaybetti_67d2f8e.jpg?resize=225%2C300 225w\" width=\"246\" height=\"328\" loading=\"lazy\" data-original-width=\"246\" data-original-height=\"328\" itemprop=\"http:\/\/schema.org\/image\" title=\"T\u0131r\u0131n bi\u00e7ti\u011fi kad\u0131n hayat\u0131n\u0131 kaybetti\" alt=\"T\u0131r\u0131n bi\u00e7ti\u011fi kad\u0131n hayat\u0131n\u0131 kaybetti\" style=\"width: 246px; height: 328px;\" \/> <\/a> <\/div> <\/div> <!-- close group --> <div class=\"gallery-group images-1\" style=\"width: 250px; height: 332px;\" data-original-width=\"250\" data-original-height=\"332\" > <div class=\"tiled-gallery-item tiled-gallery-item-small\" itemprop=\"associatedMedia\" itemscope itemtype=\"http:\/\/schema.org\/ImageObject\"> <a href=\"http:\/\/www.tvturk.com\/index.php\/tirin-bictigi-kadin-hayatini-kaybetti\/tirin-bictigi-kadin-hayatini-kaybetti-4\/\" border=\"0\" itemprop=\"url\"> <meta itemprop=\"width\" content=\"246\"> <meta itemprop=\"height\" content=\"328\"> <img decoding=\"async\" class=\"\" data-attachment-id=\"41871\" data-orig-file=\"http:\/\/www.tvturk.com\/wp-content\/uploads\/2019\/02\/tirin-bictigi-kadin-hayatini-kaybetti_2172834.jpg\" data-orig-size=\"750,1000\" data-comments-opened=\"\" data-image-meta=\"{&quot;aperture&quot;:&quot;0&quot;,&quot;credit&quot;:&quot;IHA&quot;,&quot;camera&quot;:&quot;&quot;,&quot;caption&quot;:&quot;MARD\\u0130N\\u2019\\u0130N KIZILTEPE \\u0130L\\u00c7ES\\u0130NDE, TIRIN \\u00c7ARPTI\\u011eI KADIN FEC\\u0130 \\u015eEK\\u0130LDE CAN VERD\\u0130. KAZA SONRASI TIR S\\u00dcR\\u00dcC\\u00dcS\\u00dc OLAY YER\\u0130NDEN KA\\u00c7TI. (BER\\u0130L SOLMU\\u015eG\\u00dcL\\\/MARD\\u0130N-\\u0130HA)&quot;,&quot;created_timestamp&quot;:&quot;0&quot;,&quot;copyright&quot;:&quot;\\u0130HLAS HABER AJANSI, www.iha.com.tr&quot;,&quot;focal_length&quot;:&quot;0&quot;,&quot;iso&quot;:&quot;0&quot;,&quot;shutter_speed&quot;:&quot;0&quot;,&quot;title&quot;:&quot;TIRIN B\\u0130\\u00c7T\\u0130\\u011e\\u0130 KADIN HAYATINI KAYBETT\\u0130 KADINA \\u00c7ARPIP \\u00d6L\\u00dcM\\u00dcNE NEDEN OLAN S\\u00dcR\\u00dcC\\u00dc, OLAY YER\\u0130NDEN KA\\u00c7TI&quot;,&quot;orientation&quot;:&quot;0&quot;}\" data-image-title=\"T\u0131r\u0131n bi\u00e7ti\u011fi kad\u0131n hayat\u0131n\u0131 kaybetti\" data-image-description=\"&lt;p&gt;T\u0131r\u0131n bi\u00e7ti\u011fi kad\u0131n hayat\u0131n\u0131 kaybetti&lt;\/p&gt; \" data-medium-file=\"https:\/\/i0.wp.com\/www.tvturk.com\/wp-content\/uploads\/2019\/02\/tirin-bictigi-kadin-hayatini-kaybetti_2172834.jpg?fit=225%2C300\" data-large-file=\"https:\/\/i0.wp.com\/www.tvturk.com\/wp-content\/uploads\/2019\/02\/tirin-bictigi-kadin-hayatini-kaybetti_2172834.jpg?fit=750%2C1000\" src=\"https:\/\/i0.wp.com\/www.tvturk.com\/wp-content\/uploads\/2019\/02\/tirin-bictigi-kadin-hayatini-kaybetti_2172834.jpg?w=246&#038;h=328\" srcset=\"https:\/\/i0.wp.com\/www.tvturk.com\/wp-content\/uploads\/2019\/02\/tirin-bictigi-kadin-hayatini-kaybetti_2172834.jpg?w=750 750w, https:\/\/i0.wp.com\/www.tvturk.com\/wp-content\/uploads\/2019\/02\/tirin-bictigi-kadin-hayatini-kaybetti_2172834.jpg?resize=113%2C150 113w, https:\/\/i0.wp.com\/www.tvturk.com\/wp-content\/uploads\/2019\/02\/tirin-bictigi-kadin-hayatini-kaybetti_2172834.jpg?resize=225%2C300 225w\" width=\"246\" height=\"328\" loading=\"lazy\" data-original-width=\"246\" data-original-height=\"328\" itemprop=\"http:\/\/schema.org\/image\" title=\"T\u0131r\u0131n bi\u00e7ti\u011fi kad\u0131n hayat\u0131n\u0131 kaybetti\" alt=\"T\u0131r\u0131n bi\u00e7ti\u011fi kad\u0131n hayat\u0131n\u0131 kaybetti\" style=\"width: 246px; height: 328px;\" \/> <\/a> <\/div> <\/div> <!-- close group --> <\/div> <!-- close row --> <\/div><\/p>\n","protected":false},"excerpt":{"rendered":"<p>MARD\u0130N\u2019\u0130N KIZILTEPE \u0130L\u00c7ES\u0130NDE, TIRIN \u00c7ARPTI\u011eI KADIN FEC\u0130 \u015eEK\u0130LDE CAN VERD\u0130. KAZA SONRASI TIR S\u00dcR\u00dcC\u00dcS\u00dc OLAY YER\u0130NDEN KA\u00c7TI.<\/p>\n","protected":false},"author":1,"featured_media":41869,"comment_status":"closed","ping_status":"open","sticky":false,"template":"","format":"standard","meta":{"jetpack_post_was_ever_published":false,"_jetpack_newsletter_access":"","_jetpack_dont_email_post_to_subs":false,"_jetpack_newsletter_tier_id":0,"_jetpack_memberships_contains_paywalled_content":false,"_jetpack_memberships_contains_paid_content":false,"footnotes":"","jetpack_publicize_message":"","jetpack_publicize_feature_enabled":true,"jetpack_social_post_already_shared":false,"jetpack_social_options":{"image_generator_settings":{"template":"highway","default_image_id":0,"font":"","enabled":false},"version":2}},"categories":[655],"tags":[14827,848,108,849,6895],"class_list":["post-41868","post","type-post","status-publish","format-standard","has-post-thumbnail","hentry","category-son-dakika","tag-bictigi","tag-hayatini","tag-kadin","tag-kaybetti","tag-tirin"],"jetpack_publicize_connections":[],"jetpack_featured_media_url":"https:\/\/i0.wp.com\/www.tvturk.com\/wp-content\/uploads\/2019\/02\/tirin-bictigi-kadin-hayatini-kaybetti_938ba2c.jpg?fit=750%2C1000","jetpack_sharing_enabled":true,"jetpack_shortlink":"https:\/\/wp.me\/paKIfm-aTi","_links":{"self":[{"href":"http:\/\/www.tvturk.com\/index.php\/wp-json\/wp\/v2\/posts\/41868","targetHints":{"allow":["GET"]}}],"collection":[{"href":"http:\/\/www.tvturk.com\/index.php\/wp-json\/wp\/v2\/posts"}],"about":[{"href":"http:\/\/www.tvturk.com\/index.php\/wp-json\/wp\/v2\/types\/post"}],"author":[{"embeddable":true,"href":"http:\/\/www.tvturk.com\/index.php\/wp-json\/wp\/v2\/users\/1"}],"replies":[{"embeddable":true,"href":"http:\/\/www.tvturk.com\/index.php\/wp-json\/wp\/v2\/comments?post=41868"}],"version-history":[{"count":1,"href":"http:\/\/www.tvturk.com\/index.php\/wp-json\/wp\/v2\/posts\/41868\/revisions"}],"predecessor-version":[{"id":41872,"href":"http:\/\/www.tvturk.com\/index.php\/wp-json\/wp\/v2\/posts\/41868\/revisions\/41872"}],"wp:featuredmedia":[{"embeddable":true,"href":"http:\/\/www.tvturk.com\/index.php\/wp-json\/wp\/v2\/media\/41869"}],"wp:attachment":[{"href":"http:\/\/www.tvturk.com\/index.php\/wp-json\/wp\/v2\/media?parent=41868"}],"wp:term":[{"taxonomy":"category","embeddable":true,"href":"http:\/\/www.tvturk.com\/index.php\/wp-json\/wp\/v2\/categories?post=41868"},{"taxonomy":"post_tag","embeddable":true,"href":"http:\/\/www.tvturk.com\/index.php\/wp-json\/wp\/v2\/tags?post=41868"}],"curies":[{"name":"wp","href":"https:\/\/api.w.org\/{rel}","templated":true}]}}