{"id":41970,"date":"2019-02-17T16:10:51","date_gmt":"2019-02-17T13:10:51","guid":{"rendered":"http:\/\/www.tvturk.com\/index.php\/malatyadaki-yangin-son-anda-onlendi\/"},"modified":"2019-02-17T16:10:54","modified_gmt":"2019-02-17T13:10:54","slug":"malatyadaki-yangin-son-anda-onlendi","status":"publish","type":"post","link":"http:\/\/www.tvturk.com\/index.php\/malatyadaki-yangin-son-anda-onlendi\/","title":{"rendered":"Malatya\u2019daki yang\u0131n son anda \u00f6nlendi"},"content":{"rendered":"<p>Malatya\u2019da bir evin balkonunda \u00e7\u0131kan yang\u0131n\u0131 itfaiye ekipleri son anda \u00f6nledi. \u015eans eseri can kayb\u0131n\u0131n olmad\u0131\u011f\u0131 yang\u0131nda maddi hasar meydana geldi.<\/p>\n<p>Edinilen bilgilere g\u00f6re yang\u0131n,  Alacakap\u0131 Mahallesi \u015eehit Erdal Alpk\u0131l\u0131\u00e7 Sokak \u00fczerindeki bir evde meydana geldi.<\/p>\n<p>Hen\u00fcz hangi sebeple \u00e7\u0131kt\u0131\u011f\u0131 \u00f6\u011frenilemeyen yang\u0131n\u0131 g\u00f6ren vatanda\u015flar durumu itfaiyeye bildirdi. K\u0131sa s\u00fcrede olay yerine gelen ekipler yang\u0131na 3 ara\u00e7 ve 8 personel ile m\u00fcdahale etti.<\/p>\n<p>Evde kimsenin olmad\u0131\u011f\u0131 s\u0131rada meydana gelen yang\u0131na merdivenli ara\u00e7 yard\u0131m\u0131 ile d\u0131\u015far\u0131dan m\u00fcdahale edilirken ekipler yang\u0131n\u0131 balkon k\u0131sm\u0131nda bast\u0131rarak eve ula\u015fmadan kontrol alt\u0131na al\u0131nd\u0131.<\/p>\n<p>\u015eans eseri can kayb\u0131n\u0131n ya\u015fanmad\u0131\u011f\u0131 yang\u0131nda evde maddi hasar meydana geldi.<div class=\"tiled-gallery type-rectangular tiled-gallery-unresized\" data-original-width=\"500\" data-carousel-extra='null' itemscope itemtype=\"http:\/\/schema.org\/ImageGallery\" > <div class=\"gallery-row\" style=\"width: 500px; height: 241px;\" data-original-width=\"500\" data-original-height=\"241\" > <div class=\"gallery-group images-1\" style=\"width: 182px; height: 241px;\" data-original-width=\"182\" data-original-height=\"241\" > <div class=\"tiled-gallery-item tiled-gallery-item-small\" itemprop=\"associatedMedia\" itemscope itemtype=\"http:\/\/schema.org\/ImageObject\"> <a href=\"http:\/\/www.tvturk.com\/index.php\/malatyadaki-yangin-son-anda-onlendi\/malatyadaki-yangin-son-anda-onlendi-3\/\" border=\"0\" itemprop=\"url\"> <meta itemprop=\"width\" content=\"178\"> <meta itemprop=\"height\" content=\"237\"> <img decoding=\"async\" class=\"\" data-attachment-id=\"41972\" data-orig-file=\"http:\/\/www.tvturk.com\/wp-content\/uploads\/2019\/02\/malatyadaki-yangin-son-anda-onlendi_c6e83f0.jpg\" data-orig-size=\"750,1000\" data-comments-opened=\"\" data-image-meta=\"{&quot;aperture&quot;:&quot;0&quot;,&quot;credit&quot;:&quot;IHA&quot;,&quot;camera&quot;:&quot;&quot;,&quot;caption&quot;:&quot;MALATYA\\u2019DA B\\u0130R EV\\u0130N BALKONUNDA \\u00c7IKAN YANGINI \\u0130TFA\\u0130YE EK\\u0130PLER\\u0130 SON ANDA \\u00d6NLED\\u0130. \\u015eANS ESER\\u0130 CAN KAYBININ OLMADI\\u011eI YANGINDA MADD\\u0130 HASAR MEYDANA GELD\\u0130. (\\u0130HA\\\/MALATYA-\\u0130HA)&quot;,&quot;created_timestamp&quot;:&quot;0&quot;,&quot;copyright&quot;:&quot;\\u0130HLAS HABER AJANSI, www.iha.com.tr&quot;,&quot;focal_length&quot;:&quot;0&quot;,&quot;iso&quot;:&quot;0&quot;,&quot;shutter_speed&quot;:&quot;0&quot;,&quot;title&quot;:&quot;MALATYA\\u2019DAK\\u0130 YANGIN SON ANDA \\u00d6NLEND\\u0130&quot;,&quot;orientation&quot;:&quot;0&quot;}\" data-image-title=\"Malatya\u2019daki yang\u0131n son anda \u00f6nlendi\" data-image-description=\"&lt;p&gt;Malatya\u2019daki yang\u0131n son anda \u00f6nlendi&lt;\/p&gt; \" data-medium-file=\"https:\/\/i0.wp.com\/www.tvturk.com\/wp-content\/uploads\/2019\/02\/malatyadaki-yangin-son-anda-onlendi_c6e83f0.jpg?fit=225%2C300\" data-large-file=\"https:\/\/i0.wp.com\/www.tvturk.com\/wp-content\/uploads\/2019\/02\/malatyadaki-yangin-son-anda-onlendi_c6e83f0.jpg?fit=750%2C1000\" src=\"https:\/\/i0.wp.com\/www.tvturk.com\/wp-content\/uploads\/2019\/02\/malatyadaki-yangin-son-anda-onlendi_c6e83f0.jpg?w=178&#038;h=237\" srcset=\"https:\/\/i0.wp.com\/www.tvturk.com\/wp-content\/uploads\/2019\/02\/malatyadaki-yangin-son-anda-onlendi_c6e83f0.jpg?w=750 750w, https:\/\/i0.wp.com\/www.tvturk.com\/wp-content\/uploads\/2019\/02\/malatyadaki-yangin-son-anda-onlendi_c6e83f0.jpg?resize=113%2C150 113w, https:\/\/i0.wp.com\/www.tvturk.com\/wp-content\/uploads\/2019\/02\/malatyadaki-yangin-son-anda-onlendi_c6e83f0.jpg?resize=225%2C300 225w\" width=\"178\" height=\"237\" loading=\"lazy\" data-original-width=\"178\" data-original-height=\"237\" itemprop=\"http:\/\/schema.org\/image\" title=\"Malatya\u2019daki yang\u0131n son anda \u00f6nlendi\" alt=\"Malatya\u2019daki yang\u0131n son anda \u00f6nlendi\" style=\"width: 178px; height: 237px;\" \/> <\/a> <\/div> <\/div> <!-- close group --> <div class=\"gallery-group images-1\" style=\"width: 181px; height: 241px;\" data-original-width=\"181\" data-original-height=\"241\" > <div class=\"tiled-gallery-item tiled-gallery-item-small\" itemprop=\"associatedMedia\" itemscope itemtype=\"http:\/\/schema.org\/ImageObject\"> <a href=\"http:\/\/www.tvturk.com\/index.php\/malatyadaki-yangin-son-anda-onlendi\/malatyadaki-yangin-son-anda-onlendi-4\/\" border=\"0\" itemprop=\"url\"> <meta itemprop=\"width\" content=\"177\"> <meta itemprop=\"height\" content=\"237\"> <img decoding=\"async\" class=\"\" data-attachment-id=\"41973\" data-orig-file=\"http:\/\/www.tvturk.com\/wp-content\/uploads\/2019\/02\/malatyadaki-yangin-son-anda-onlendi_9ba1151.jpg\" data-orig-size=\"750,1000\" data-comments-opened=\"\" data-image-meta=\"{&quot;aperture&quot;:&quot;0&quot;,&quot;credit&quot;:&quot;IHA&quot;,&quot;camera&quot;:&quot;&quot;,&quot;caption&quot;:&quot;MALATYA\\u2019DA B\\u0130R EV\\u0130N BALKONUNDA \\u00c7IKAN YANGINI \\u0130TFA\\u0130YE EK\\u0130PLER\\u0130 SON ANDA \\u00d6NLED\\u0130. \\u015eANS ESER\\u0130 CAN KAYBININ OLMADI\\u011eI YANGINDA MADD\\u0130 HASAR MEYDANA GELD\\u0130. (\\u0130HA\\\/MALATYA-\\u0130HA)&quot;,&quot;created_timestamp&quot;:&quot;0&quot;,&quot;copyright&quot;:&quot;\\u0130HLAS HABER AJANSI, www.iha.com.tr&quot;,&quot;focal_length&quot;:&quot;0&quot;,&quot;iso&quot;:&quot;0&quot;,&quot;shutter_speed&quot;:&quot;0&quot;,&quot;title&quot;:&quot;MALATYA\\u2019DAK\\u0130 YANGIN SON ANDA \\u00d6NLEND\\u0130&quot;,&quot;orientation&quot;:&quot;0&quot;}\" data-image-title=\"Malatya\u2019daki yang\u0131n son anda \u00f6nlendi\" data-image-description=\"&lt;p&gt;Malatya\u2019daki yang\u0131n son anda \u00f6nlendi&lt;\/p&gt; \" data-medium-file=\"https:\/\/i0.wp.com\/www.tvturk.com\/wp-content\/uploads\/2019\/02\/malatyadaki-yangin-son-anda-onlendi_9ba1151.jpg?fit=225%2C300\" data-large-file=\"https:\/\/i0.wp.com\/www.tvturk.com\/wp-content\/uploads\/2019\/02\/malatyadaki-yangin-son-anda-onlendi_9ba1151.jpg?fit=750%2C1000\" src=\"https:\/\/i0.wp.com\/www.tvturk.com\/wp-content\/uploads\/2019\/02\/malatyadaki-yangin-son-anda-onlendi_9ba1151.jpg?w=177&#038;h=237\" srcset=\"https:\/\/i0.wp.com\/www.tvturk.com\/wp-content\/uploads\/2019\/02\/malatyadaki-yangin-son-anda-onlendi_9ba1151.jpg?w=750 750w, https:\/\/i0.wp.com\/www.tvturk.com\/wp-content\/uploads\/2019\/02\/malatyadaki-yangin-son-anda-onlendi_9ba1151.jpg?resize=113%2C150 113w, https:\/\/i0.wp.com\/www.tvturk.com\/wp-content\/uploads\/2019\/02\/malatyadaki-yangin-son-anda-onlendi_9ba1151.jpg?resize=225%2C300 225w\" width=\"177\" height=\"237\" loading=\"lazy\" data-original-width=\"177\" data-original-height=\"237\" itemprop=\"http:\/\/schema.org\/image\" title=\"Malatya\u2019daki yang\u0131n son anda \u00f6nlendi\" alt=\"Malatya\u2019daki yang\u0131n son anda \u00f6nlendi\" style=\"width: 177px; height: 237px;\" \/> <\/a> <\/div> <\/div> <!-- close group --> <div class=\"gallery-group images-1\" style=\"width: 137px; height: 241px;\" data-original-width=\"137\" data-original-height=\"241\" > <div class=\"tiled-gallery-item tiled-gallery-item-small\" itemprop=\"associatedMedia\" itemscope itemtype=\"http:\/\/schema.org\/ImageObject\"> <a href=\"http:\/\/www.tvturk.com\/index.php\/malatyadaki-yangin-son-anda-onlendi\/malatyadaki-yangin-son-anda-onlendi-5\/\" border=\"0\" itemprop=\"url\"> <meta itemprop=\"width\" content=\"133\"> <meta itemprop=\"height\" content=\"237\"> <img decoding=\"async\" class=\"\" data-attachment-id=\"41974\" data-orig-file=\"http:\/\/www.tvturk.com\/wp-content\/uploads\/2019\/02\/malatyadaki-yangin-son-anda-onlendi_e040464.jpg\" data-orig-size=\"562,1000\" data-comments-opened=\"\" data-image-meta=\"{&quot;aperture&quot;:&quot;0&quot;,&quot;credit&quot;:&quot;IHA&quot;,&quot;camera&quot;:&quot;&quot;,&quot;caption&quot;:&quot;MALATYA\\u2019DA B\\u0130R EV\\u0130N BALKONUNDA \\u00c7IKAN YANGINI \\u0130TFA\\u0130YE EK\\u0130PLER\\u0130 SON ANDA \\u00d6NLED\\u0130. \\u015eANS ESER\\u0130 CAN KAYBININ OLMADI\\u011eI YANGINDA MADD\\u0130 HASAR MEYDANA GELD\\u0130. (\\u0130HA\\\/MALATYA-\\u0130HA)&quot;,&quot;created_timestamp&quot;:&quot;0&quot;,&quot;copyright&quot;:&quot;\\u0130HLAS HABER AJANSI, www.iha.com.tr&quot;,&quot;focal_length&quot;:&quot;0&quot;,&quot;iso&quot;:&quot;0&quot;,&quot;shutter_speed&quot;:&quot;0&quot;,&quot;title&quot;:&quot;MALATYA\\u2019DAK\\u0130 YANGIN SON ANDA \\u00d6NLEND\\u0130&quot;,&quot;orientation&quot;:&quot;0&quot;}\" data-image-title=\"Malatya\u2019daki yang\u0131n son anda \u00f6nlendi\" data-image-description=\"&lt;p&gt;Malatya\u2019daki yang\u0131n son anda \u00f6nlendi&lt;\/p&gt; \" data-medium-file=\"https:\/\/i0.wp.com\/www.tvturk.com\/wp-content\/uploads\/2019\/02\/malatyadaki-yangin-son-anda-onlendi_e040464.jpg?fit=169%2C300\" data-large-file=\"https:\/\/i0.wp.com\/www.tvturk.com\/wp-content\/uploads\/2019\/02\/malatyadaki-yangin-son-anda-onlendi_e040464.jpg?fit=562%2C1000\" src=\"https:\/\/i0.wp.com\/www.tvturk.com\/wp-content\/uploads\/2019\/02\/malatyadaki-yangin-son-anda-onlendi_e040464.jpg?w=133&#038;h=237\" srcset=\"https:\/\/i0.wp.com\/www.tvturk.com\/wp-content\/uploads\/2019\/02\/malatyadaki-yangin-son-anda-onlendi_e040464.jpg?w=562 562w, https:\/\/i0.wp.com\/www.tvturk.com\/wp-content\/uploads\/2019\/02\/malatyadaki-yangin-son-anda-onlendi_e040464.jpg?resize=84%2C150 84w, https:\/\/i0.wp.com\/www.tvturk.com\/wp-content\/uploads\/2019\/02\/malatyadaki-yangin-son-anda-onlendi_e040464.jpg?resize=169%2C300 169w\" width=\"133\" height=\"237\" loading=\"lazy\" data-original-width=\"133\" data-original-height=\"237\" itemprop=\"http:\/\/schema.org\/image\" title=\"Malatya\u2019daki yang\u0131n son anda \u00f6nlendi\" alt=\"Malatya\u2019daki yang\u0131n son anda \u00f6nlendi\" style=\"width: 133px; height: 237px;\" \/> <\/a> <\/div> <\/div> <!-- close group --> <\/div> <!-- close row --> <\/div><\/p>\n","protected":false},"excerpt":{"rendered":"<p>MALATYA\u2019DA B\u0130R EV\u0130N BALKONUNDA \u00c7IKAN YANGINI \u0130TFA\u0130YE EK\u0130PLER\u0130 SON ANDA \u00d6NLED\u0130. \u015eANS ESER\u0130 CAN KAYBININ OLMADI\u011eI YANGINDA MADD\u0130 HASAR MEYDANA GELD\u0130.<\/p>\n","protected":false},"author":1,"featured_media":41971,"comment_status":"closed","ping_status":"open","sticky":false,"template":"","format":"standard","meta":{"jetpack_post_was_ever_published":false,"_jetpack_newsletter_access":"","_jetpack_dont_email_post_to_subs":false,"_jetpack_newsletter_tier_id":0,"_jetpack_memberships_contains_paywalled_content":false,"_jetpack_memberships_contains_paid_content":false,"footnotes":"","jetpack_publicize_message":"","jetpack_publicize_feature_enabled":true,"jetpack_social_post_already_shared":false,"jetpack_social_options":{"image_generator_settings":{"template":"highway","default_image_id":0,"font":"","enabled":false},"version":2}},"categories":[655],"tags":[1241,5856,14842,1240,1617],"class_list":["post-41970","post","type-post","status-publish","format-standard","has-post-thumbnail","hentry","category-son-dakika","tag-anda","tag-malatyadaki","tag-onlendi","tag-son","tag-yangin"],"jetpack_publicize_connections":[],"jetpack_featured_media_url":"https:\/\/i0.wp.com\/www.tvturk.com\/wp-content\/uploads\/2019\/02\/malatyadaki-yangin-son-anda-onlendi_ebd0f4b.jpg?fit=1000%2C562","jetpack_sharing_enabled":true,"jetpack_shortlink":"https:\/\/wp.me\/paKIfm-aUW","_links":{"self":[{"href":"http:\/\/www.tvturk.com\/index.php\/wp-json\/wp\/v2\/posts\/41970","targetHints":{"allow":["GET"]}}],"collection":[{"href":"http:\/\/www.tvturk.com\/index.php\/wp-json\/wp\/v2\/posts"}],"about":[{"href":"http:\/\/www.tvturk.com\/index.php\/wp-json\/wp\/v2\/types\/post"}],"author":[{"embeddable":true,"href":"http:\/\/www.tvturk.com\/index.php\/wp-json\/wp\/v2\/users\/1"}],"replies":[{"embeddable":true,"href":"http:\/\/www.tvturk.com\/index.php\/wp-json\/wp\/v2\/comments?post=41970"}],"version-history":[{"count":1,"href":"http:\/\/www.tvturk.com\/index.php\/wp-json\/wp\/v2\/posts\/41970\/revisions"}],"predecessor-version":[{"id":41975,"href":"http:\/\/www.tvturk.com\/index.php\/wp-json\/wp\/v2\/posts\/41970\/revisions\/41975"}],"wp:featuredmedia":[{"embeddable":true,"href":"http:\/\/www.tvturk.com\/index.php\/wp-json\/wp\/v2\/media\/41971"}],"wp:attachment":[{"href":"http:\/\/www.tvturk.com\/index.php\/wp-json\/wp\/v2\/media?parent=41970"}],"wp:term":[{"taxonomy":"category","embeddable":true,"href":"http:\/\/www.tvturk.com\/index.php\/wp-json\/wp\/v2\/categories?post=41970"},{"taxonomy":"post_tag","embeddable":true,"href":"http:\/\/www.tvturk.com\/index.php\/wp-json\/wp\/v2\/tags?post=41970"}],"curies":[{"name":"wp","href":"https:\/\/api.w.org\/{rel}","templated":true}]}}