{"id":42082,"date":"2019-02-17T16:31:31","date_gmt":"2019-02-17T13:31:31","guid":{"rendered":"http:\/\/www.tvturk.com\/index.php\/bb-erzurumspor-dg-sivasspor-macinin-ardindan\/"},"modified":"2019-02-17T16:31:34","modified_gmt":"2019-02-17T13:31:34","slug":"bb-erzurumspor-dg-sivasspor-macinin-ardindan","status":"publish","type":"post","link":"http:\/\/www.tvturk.com\/index.php\/bb-erzurumspor-dg-sivasspor-macinin-ardindan\/","title":{"rendered":"BB. Erzurumspor &#8211; DG. Sivasspor ma\u00e7\u0131n\u0131n ard\u0131ndan"},"content":{"rendered":"<p>Spor Toto S\u00fcper Lig\u2019in 22. haftas\u0131nda B\u00fcy\u00fck\u015fehir Belediye Erzurumspor evinde Demir Grup Sivasspor\u2019u 4-2\u2019lik skorla yenerek 3 puan\u0131n sahibi oldu. Ma\u00e7\u0131n ard\u0131ndan iki tak\u0131m\u0131n teknik adam\u0131 a\u00e7\u0131klamada bulundu.<\/p>\n<p>\u0130lk olarak a\u00e7\u0131klama yapan DG. Sivasspor Teknik Sorumlusu Ersel Uz\u011fur, \u201c\u00d6ncelikle ma\u00e7ta erken yedi\u011fimiz gol bizi etkiledi. Bug\u00fcn bizim i\u00e7im yapt\u0131\u011f\u0131m\u0131z basit hatalar iyi olmad\u0131. Kendi ad\u0131m\u0131za bunlar\u0131 d\u00fczeltip yukar\u0131 hedeflere ilerleyece\u011fiz\u201d dedi.<\/p>\n<p>BB. Erzurumspor Teknik Direkt\u00f6r\u00fc Mehmet \u00d6zdilek ise \u201cOyuncular\u0131m\u0131 tebrik ederim. \u00c7ok zor bir s\u00fcre\u00e7teyiz. Her ma\u00e7 \u00e7ok \u00f6nemli. 3 puan\u0131n \u00e7ok \u00f6tesinde bir kar\u015f\u0131la\u015fmayd\u0131 bizim i\u00e7in. Hak etti\u011fimiz bir oyunu sahaya yans\u0131tt\u0131k. 4- 2 \u00f6nemli skor. Zaman zaman oyuncular\u0131m\u0131n \u00fczerinde ciddi bask\u0131 vard\u0131. 2 tane enteresan gol yedik. Yeni oyuncular\u0131m\u0131z\u0131n performans\u0131 pozitifti. Her puan \u00e7ok k\u0131ymetli. Taraftar\u0131m\u0131za te\u015fekk\u00fcr ediyorum. \u0130lklerin haftas\u0131 oldu, kendi evimizde 4 gol att\u0131k mutlu olduk\u201d diye konu\u015ftu. \u00d6te yandan \u00d6zdilek, k\u0131z arkada\u015f\u0131n\u0131 trafik kazas\u0131nda kaybeden Erzurumsporlu Frans\u0131z futbolcu Rashad Muhammed\u2019e ba\u015fsa\u011fl\u0131\u011f\u0131nda bulunarak, \u201cGalibiyet birazda olsa ona moral olsun\u201d dedi.<div class=\"tiled-gallery type-rectangular tiled-gallery-unresized\" data-original-width=\"500\" data-carousel-extra='null' itemscope itemtype=\"http:\/\/schema.org\/ImageGallery\" > <div class=\"gallery-row\" style=\"width: 500px; height: 239px;\" data-original-width=\"500\" data-original-height=\"239\" > <div class=\"gallery-group images-1\" style=\"width: 348px; height: 239px;\" data-original-width=\"348\" data-original-height=\"239\" > <div class=\"tiled-gallery-item tiled-gallery-item-large\" itemprop=\"associatedMedia\" itemscope itemtype=\"http:\/\/schema.org\/ImageObject\"> <a href=\"http:\/\/www.tvturk.com\/index.php\/bb-erzurumspor-dg-sivasspor-macinin-ardindan\/bb-erzurumspor-dg-sivasspor-macinin-ardindan-3\/\" border=\"0\" itemprop=\"url\"> <meta itemprop=\"width\" content=\"344\"> <meta itemprop=\"height\" content=\"235\"> <img decoding=\"async\" class=\"\" data-attachment-id=\"42084\" data-orig-file=\"http:\/\/www.tvturk.com\/wp-content\/uploads\/2019\/02\/bb-erzurumspor-dg-sivasspor-macinin-ardindan_0de1de8.jpg\" data-orig-size=\"1000,684\" data-comments-opened=\"\" data-image-meta=\"{&quot;aperture&quot;:&quot;0&quot;,&quot;credit&quot;:&quot;IHA&quot;,&quot;camera&quot;:&quot;&quot;,&quot;caption&quot;:&quot;B\\u00dcY\\u00dcK\\u015eEH\\u0130R BELED\\u0130YE ERZURUMSPORLU FRANSIZ FUTBOLCU RASHAD MUHAMMED\\u2019\\u0130N KIZ ARKADA\\u015eI BUG\\u00dcN NORVE\\u00c7\\u2019TE TRAF\\u0130K KAZASINDA HAYATINI KAYBETT\\u0130. KIZ ARKADA\\u015eININ \\u00d6L\\u00dcM HABER\\u0130N\\u0130 MA\\u00c7TAN KISA B\\u0130R S\\u00dcRE \\u00d6NCE ALAN RASHAD MUHAMMED, TAKIM ARKADA\\u015eLARINI YALNIZ BIRAKMADI KAR\\u015eILA\\u015eMADA OYNADI (AHMET AKBU\\u011eA - \\u015eAHAP G\\u00dcRLER\\\/ERZURUM-\\u0130HA)&quot;,&quot;created_timestamp&quot;:&quot;0&quot;,&quot;copyright&quot;:&quot;\\u0130HLAS HABER AJANSI, www.iha.com.tr&quot;,&quot;focal_length&quot;:&quot;0&quot;,&quot;iso&quot;:&quot;0&quot;,&quot;shutter_speed&quot;:&quot;0&quot;,&quot;title&quot;:&quot;BB. ERZURUMSPOR - DG. S\\u0130VASSPOR MA\\u00c7ININ ARDINDAN DG. S\\u0130VASSPOR TEKN\\u0130K SORUMLUSU ERSEL UZ\\u011eUR: \\u201cBUG\\u00dcN B\\u0130Z\\u0130M \\u0130\\u00c7\\u0130M YAPTI\\u011eIMIZ BAS\\u0130T HATALAR \\u0130Y\\u0130 OLMADI\\u201d BB. ERZURUMSPOR TEKN\\u0130K D\\u0130REKT\\u00d6R\\u00dc MEHMET \\u00d6ZD\\u0130LEK:&quot;,&quot;orientation&quot;:&quot;0&quot;}\" data-image-title=\"BB. Erzurumspor &amp;#8211; DG. Sivasspor ma\u00e7\u0131n\u0131n ard\u0131ndan\" data-image-description=\"&lt;p&gt;BB. Erzurumspor &amp;#8211; DG. Sivasspor ma\u00e7\u0131n\u0131n ard\u0131ndan&lt;\/p&gt; \" data-medium-file=\"https:\/\/i0.wp.com\/www.tvturk.com\/wp-content\/uploads\/2019\/02\/bb-erzurumspor-dg-sivasspor-macinin-ardindan_0de1de8.jpg?fit=300%2C205\" data-large-file=\"https:\/\/i0.wp.com\/www.tvturk.com\/wp-content\/uploads\/2019\/02\/bb-erzurumspor-dg-sivasspor-macinin-ardindan_0de1de8.jpg?fit=1000%2C684\" src=\"https:\/\/i0.wp.com\/www.tvturk.com\/wp-content\/uploads\/2019\/02\/bb-erzurumspor-dg-sivasspor-macinin-ardindan_0de1de8.jpg?w=344&#038;h=235\" srcset=\"https:\/\/i0.wp.com\/www.tvturk.com\/wp-content\/uploads\/2019\/02\/bb-erzurumspor-dg-sivasspor-macinin-ardindan_0de1de8.jpg?w=1000 1000w, https:\/\/i0.wp.com\/www.tvturk.com\/wp-content\/uploads\/2019\/02\/bb-erzurumspor-dg-sivasspor-macinin-ardindan_0de1de8.jpg?resize=150%2C103 150w, https:\/\/i0.wp.com\/www.tvturk.com\/wp-content\/uploads\/2019\/02\/bb-erzurumspor-dg-sivasspor-macinin-ardindan_0de1de8.jpg?resize=300%2C205 300w, https:\/\/i0.wp.com\/www.tvturk.com\/wp-content\/uploads\/2019\/02\/bb-erzurumspor-dg-sivasspor-macinin-ardindan_0de1de8.jpg?resize=768%2C525 768w, https:\/\/i0.wp.com\/www.tvturk.com\/wp-content\/uploads\/2019\/02\/bb-erzurumspor-dg-sivasspor-macinin-ardindan_0de1de8.jpg?resize=80%2C55 80w\" width=\"344\" height=\"235\" loading=\"lazy\" data-original-width=\"344\" data-original-height=\"235\" itemprop=\"http:\/\/schema.org\/image\" title=\"BB. Erzurumspor - DG. Sivasspor ma\u00e7\u0131n\u0131n ard\u0131ndan\" alt=\"BB. Erzurumspor - DG. Sivasspor ma\u00e7\u0131n\u0131n ard\u0131ndan\" style=\"width: 344px; height: 235px;\" \/> <\/a> <\/div> <\/div> <!-- close group --> <div class=\"gallery-group images-2\" style=\"width: 152px; height: 239px;\" data-original-width=\"152\" data-original-height=\"239\" > <div class=\"tiled-gallery-item tiled-gallery-item-small\" itemprop=\"associatedMedia\" itemscope itemtype=\"http:\/\/schema.org\/ImageObject\"> <a href=\"http:\/\/www.tvturk.com\/index.php\/bb-erzurumspor-dg-sivasspor-macinin-ardindan\/bb-erzurumspor-dg-sivasspor-macinin-ardindan-4\/\" border=\"0\" itemprop=\"url\"> <meta itemprop=\"width\" content=\"148\"> <meta itemprop=\"height\" content=\"121\"> <img decoding=\"async\" class=\"\" data-attachment-id=\"42085\" data-orig-file=\"http:\/\/www.tvturk.com\/wp-content\/uploads\/2019\/02\/bb-erzurumspor-dg-sivasspor-macinin-ardindan_76ce894.jpg\" data-orig-size=\"1000,821\" data-comments-opened=\"\" data-image-meta=\"{&quot;aperture&quot;:&quot;0&quot;,&quot;credit&quot;:&quot;IHA&quot;,&quot;camera&quot;:&quot;&quot;,&quot;caption&quot;:&quot;B\\u00dcY\\u00dcK\\u015eEH\\u0130R BELED\\u0130YE ERZURUMSPORLU FRANSIZ FUTBOLCU RASHAD MUHAMMED\\u2019\\u0130N KIZ ARKADA\\u015eI BUG\\u00dcN NORVE\\u00c7\\u2019TE TRAF\\u0130K KAZASINDA HAYATINI KAYBETT\\u0130. KIZ ARKADA\\u015eININ \\u00d6L\\u00dcM HABER\\u0130N\\u0130 MA\\u00c7TAN KISA B\\u0130R S\\u00dcRE \\u00d6NCE ALAN RASHAD MUHAMMED, TAKIM ARKADA\\u015eLARINI YALNIZ BIRAKMADI KAR\\u015eILA\\u015eMADA OYNADI (AHMET AKBU\\u011eA - \\u015eAHAP G\\u00dcRLER\\\/ERZURUM-\\u0130HA)&quot;,&quot;created_timestamp&quot;:&quot;0&quot;,&quot;copyright&quot;:&quot;\\u0130HLAS HABER AJANSI, www.iha.com.tr&quot;,&quot;focal_length&quot;:&quot;0&quot;,&quot;iso&quot;:&quot;0&quot;,&quot;shutter_speed&quot;:&quot;0&quot;,&quot;title&quot;:&quot;BB. ERZURUMSPOR - DG. S\\u0130VASSPOR MA\\u00c7ININ ARDINDAN DG. S\\u0130VASSPOR TEKN\\u0130K SORUMLUSU ERSEL UZ\\u011eUR: \\u201cBUG\\u00dcN B\\u0130Z\\u0130M \\u0130\\u00c7\\u0130M YAPTI\\u011eIMIZ BAS\\u0130T HATALAR \\u0130Y\\u0130 OLMADI\\u201d BB. ERZURUMSPOR TEKN\\u0130K D\\u0130REKT\\u00d6R\\u00dc MEHMET \\u00d6ZD\\u0130LEK:&quot;,&quot;orientation&quot;:&quot;0&quot;}\" data-image-title=\"BB. Erzurumspor &amp;#8211; DG. Sivasspor ma\u00e7\u0131n\u0131n ard\u0131ndan\" data-image-description=\"&lt;p&gt;BB. Erzurumspor &amp;#8211; DG. Sivasspor ma\u00e7\u0131n\u0131n ard\u0131ndan&lt;\/p&gt; \" data-medium-file=\"https:\/\/i0.wp.com\/www.tvturk.com\/wp-content\/uploads\/2019\/02\/bb-erzurumspor-dg-sivasspor-macinin-ardindan_76ce894.jpg?fit=300%2C246\" data-large-file=\"https:\/\/i0.wp.com\/www.tvturk.com\/wp-content\/uploads\/2019\/02\/bb-erzurumspor-dg-sivasspor-macinin-ardindan_76ce894.jpg?fit=1000%2C821\" src=\"https:\/\/i0.wp.com\/www.tvturk.com\/wp-content\/uploads\/2019\/02\/bb-erzurumspor-dg-sivasspor-macinin-ardindan_76ce894.jpg?w=148&#038;h=121\" srcset=\"https:\/\/i0.wp.com\/www.tvturk.com\/wp-content\/uploads\/2019\/02\/bb-erzurumspor-dg-sivasspor-macinin-ardindan_76ce894.jpg?w=1000 1000w, https:\/\/i0.wp.com\/www.tvturk.com\/wp-content\/uploads\/2019\/02\/bb-erzurumspor-dg-sivasspor-macinin-ardindan_76ce894.jpg?resize=150%2C123 150w, https:\/\/i0.wp.com\/www.tvturk.com\/wp-content\/uploads\/2019\/02\/bb-erzurumspor-dg-sivasspor-macinin-ardindan_76ce894.jpg?resize=300%2C246 300w, https:\/\/i0.wp.com\/www.tvturk.com\/wp-content\/uploads\/2019\/02\/bb-erzurumspor-dg-sivasspor-macinin-ardindan_76ce894.jpg?resize=768%2C631 768w\" width=\"148\" height=\"121\" loading=\"lazy\" data-original-width=\"148\" data-original-height=\"121\" itemprop=\"http:\/\/schema.org\/image\" title=\"BB. Erzurumspor - DG. Sivasspor ma\u00e7\u0131n\u0131n ard\u0131ndan\" alt=\"BB. Erzurumspor - DG. Sivasspor ma\u00e7\u0131n\u0131n ard\u0131ndan\" style=\"width: 148px; height: 121px;\" \/> <\/a> <\/div> <div class=\"tiled-gallery-item tiled-gallery-item-small\" itemprop=\"associatedMedia\" itemscope itemtype=\"http:\/\/schema.org\/ImageObject\"> <a href=\"http:\/\/www.tvturk.com\/index.php\/bb-erzurumspor-dg-sivasspor-macinin-ardindan\/bb-erzurumspor-dg-sivasspor-macinin-ardindan-5\/\" border=\"0\" itemprop=\"url\"> <meta itemprop=\"width\" content=\"148\"> <meta itemprop=\"height\" content=\"110\"> <img decoding=\"async\" class=\"\" data-attachment-id=\"42086\" data-orig-file=\"http:\/\/www.tvturk.com\/wp-content\/uploads\/2019\/02\/bb-erzurumspor-dg-sivasspor-macinin-ardindan_f66ddb7.jpg\" data-orig-size=\"1000,745\" data-comments-opened=\"\" data-image-meta=\"{&quot;aperture&quot;:&quot;0&quot;,&quot;credit&quot;:&quot;IHA&quot;,&quot;camera&quot;:&quot;&quot;,&quot;caption&quot;:&quot;DG. S\\u0130VASSPOR TEKN\\u0130K SORUMLUSU ERSEL UZ\\u011eUR (AHMET AKBU\\u011eA - \\u015eAHAP G\\u00dcRLER\\\/ERZURUM-\\u0130HA)&quot;,&quot;created_timestamp&quot;:&quot;0&quot;,&quot;copyright&quot;:&quot;\\u0130HLAS HABER AJANSI, www.iha.com.tr&quot;,&quot;focal_length&quot;:&quot;0&quot;,&quot;iso&quot;:&quot;0&quot;,&quot;shutter_speed&quot;:&quot;0&quot;,&quot;title&quot;:&quot;BB. ERZURUMSPOR - DG. S\\u0130VASSPOR MA\\u00c7ININ ARDINDAN DG. S\\u0130VASSPOR TEKN\\u0130K SORUMLUSU ERSEL UZ\\u011eUR: \\u201cBUG\\u00dcN B\\u0130Z\\u0130M \\u0130\\u00c7\\u0130M YAPTI\\u011eIMIZ BAS\\u0130T HATALAR \\u0130Y\\u0130 OLMADI\\u201d BB. ERZURUMSPOR TEKN\\u0130K D\\u0130REKT\\u00d6R\\u00dc MEHMET \\u00d6ZD\\u0130LEK:&quot;,&quot;orientation&quot;:&quot;0&quot;}\" data-image-title=\"BB. Erzurumspor &amp;#8211; DG. Sivasspor ma\u00e7\u0131n\u0131n ard\u0131ndan\" data-image-description=\"&lt;p&gt;BB. Erzurumspor &amp;#8211; DG. Sivasspor ma\u00e7\u0131n\u0131n ard\u0131ndan&lt;\/p&gt; \" data-medium-file=\"https:\/\/i0.wp.com\/www.tvturk.com\/wp-content\/uploads\/2019\/02\/bb-erzurumspor-dg-sivasspor-macinin-ardindan_f66ddb7.jpg?fit=300%2C224\" data-large-file=\"https:\/\/i0.wp.com\/www.tvturk.com\/wp-content\/uploads\/2019\/02\/bb-erzurumspor-dg-sivasspor-macinin-ardindan_f66ddb7.jpg?fit=1000%2C745\" src=\"https:\/\/i0.wp.com\/www.tvturk.com\/wp-content\/uploads\/2019\/02\/bb-erzurumspor-dg-sivasspor-macinin-ardindan_f66ddb7.jpg?w=148&#038;h=110\" srcset=\"https:\/\/i0.wp.com\/www.tvturk.com\/wp-content\/uploads\/2019\/02\/bb-erzurumspor-dg-sivasspor-macinin-ardindan_f66ddb7.jpg?w=1000 1000w, https:\/\/i0.wp.com\/www.tvturk.com\/wp-content\/uploads\/2019\/02\/bb-erzurumspor-dg-sivasspor-macinin-ardindan_f66ddb7.jpg?resize=150%2C112 150w, https:\/\/i0.wp.com\/www.tvturk.com\/wp-content\/uploads\/2019\/02\/bb-erzurumspor-dg-sivasspor-macinin-ardindan_f66ddb7.jpg?resize=300%2C224 300w, https:\/\/i0.wp.com\/www.tvturk.com\/wp-content\/uploads\/2019\/02\/bb-erzurumspor-dg-sivasspor-macinin-ardindan_f66ddb7.jpg?resize=768%2C572 768w\" width=\"148\" height=\"110\" loading=\"lazy\" data-original-width=\"148\" data-original-height=\"110\" itemprop=\"http:\/\/schema.org\/image\" title=\"BB. Erzurumspor - DG. Sivasspor ma\u00e7\u0131n\u0131n ard\u0131ndan\" alt=\"BB. Erzurumspor - DG. Sivasspor ma\u00e7\u0131n\u0131n ard\u0131ndan\" style=\"width: 148px; height: 110px;\" \/> <\/a> <\/div> <\/div> <!-- close group --> <\/div> <!-- close row --> <div class=\"gallery-row\" style=\"width: 500px; height: 389px;\" data-original-width=\"500\" data-original-height=\"389\" > <div class=\"gallery-group images-1\" style=\"width: 500px; height: 389px;\" data-original-width=\"500\" data-original-height=\"389\" > <div class=\"tiled-gallery-item tiled-gallery-item-large\" itemprop=\"associatedMedia\" itemscope itemtype=\"http:\/\/schema.org\/ImageObject\"> <a href=\"http:\/\/www.tvturk.com\/index.php\/bb-erzurumspor-dg-sivasspor-macinin-ardindan\/bb-erzurumspor-dg-sivasspor-macinin-ardindan-6\/\" border=\"0\" itemprop=\"url\"> <meta itemprop=\"width\" content=\"496\"> <meta itemprop=\"height\" content=\"385\"> <img decoding=\"async\" class=\"\" data-attachment-id=\"42087\" data-orig-file=\"http:\/\/www.tvturk.com\/wp-content\/uploads\/2019\/02\/bb-erzurumspor-dg-sivasspor-macinin-ardindan_846348a.jpg\" data-orig-size=\"1000,776\" data-comments-opened=\"\" data-image-meta=\"{&quot;aperture&quot;:&quot;0&quot;,&quot;credit&quot;:&quot;IHA&quot;,&quot;camera&quot;:&quot;&quot;,&quot;caption&quot;:&quot;BB. ERZURUMSPOR TEKN\\u0130K D\\u0130REKT\\u00d6R\\u00dc MEHMET \\u00d6ZD\\u0130LEK (AHMET AKBU\\u011eA - \\u015eAHAP G\\u00dcRLER\\\/ERZURUM-\\u0130HA)&quot;,&quot;created_timestamp&quot;:&quot;0&quot;,&quot;copyright&quot;:&quot;\\u0130HLAS HABER AJANSI, www.iha.com.tr&quot;,&quot;focal_length&quot;:&quot;0&quot;,&quot;iso&quot;:&quot;0&quot;,&quot;shutter_speed&quot;:&quot;0&quot;,&quot;title&quot;:&quot;BB. ERZURUMSPOR - DG. S\\u0130VASSPOR MA\\u00c7ININ ARDINDAN DG. S\\u0130VASSPOR TEKN\\u0130K SORUMLUSU ERSEL UZ\\u011eUR: \\u201cBUG\\u00dcN B\\u0130Z\\u0130M \\u0130\\u00c7\\u0130M YAPTI\\u011eIMIZ BAS\\u0130T HATALAR \\u0130Y\\u0130 OLMADI\\u201d BB. ERZURUMSPOR TEKN\\u0130K D\\u0130REKT\\u00d6R\\u00dc MEHMET \\u00d6ZD\\u0130LEK:&quot;,&quot;orientation&quot;:&quot;0&quot;}\" data-image-title=\"BB. Erzurumspor &amp;#8211; DG. Sivasspor ma\u00e7\u0131n\u0131n ard\u0131ndan\" data-image-description=\"&lt;p&gt;BB. Erzurumspor &amp;#8211; DG. Sivasspor ma\u00e7\u0131n\u0131n ard\u0131ndan&lt;\/p&gt; \" data-medium-file=\"https:\/\/i0.wp.com\/www.tvturk.com\/wp-content\/uploads\/2019\/02\/bb-erzurumspor-dg-sivasspor-macinin-ardindan_846348a.jpg?fit=300%2C233\" data-large-file=\"https:\/\/i0.wp.com\/www.tvturk.com\/wp-content\/uploads\/2019\/02\/bb-erzurumspor-dg-sivasspor-macinin-ardindan_846348a.jpg?fit=1000%2C776\" src=\"https:\/\/i0.wp.com\/www.tvturk.com\/wp-content\/uploads\/2019\/02\/bb-erzurumspor-dg-sivasspor-macinin-ardindan_846348a.jpg?w=496&#038;h=385\" srcset=\"https:\/\/i0.wp.com\/www.tvturk.com\/wp-content\/uploads\/2019\/02\/bb-erzurumspor-dg-sivasspor-macinin-ardindan_846348a.jpg?w=1000 1000w, https:\/\/i0.wp.com\/www.tvturk.com\/wp-content\/uploads\/2019\/02\/bb-erzurumspor-dg-sivasspor-macinin-ardindan_846348a.jpg?resize=150%2C116 150w, https:\/\/i0.wp.com\/www.tvturk.com\/wp-content\/uploads\/2019\/02\/bb-erzurumspor-dg-sivasspor-macinin-ardindan_846348a.jpg?resize=300%2C233 300w, https:\/\/i0.wp.com\/www.tvturk.com\/wp-content\/uploads\/2019\/02\/bb-erzurumspor-dg-sivasspor-macinin-ardindan_846348a.jpg?resize=768%2C596 768w\" width=\"496\" height=\"385\" loading=\"lazy\" data-original-width=\"496\" data-original-height=\"385\" itemprop=\"http:\/\/schema.org\/image\" title=\"BB. Erzurumspor - DG. Sivasspor ma\u00e7\u0131n\u0131n ard\u0131ndan\" alt=\"BB. Erzurumspor - DG. Sivasspor ma\u00e7\u0131n\u0131n ard\u0131ndan\" style=\"width: 496px; height: 385px;\" \/> <\/a> <\/div> <\/div> <!-- close group --> <\/div> <!-- close row --> <\/div><\/p>\n","protected":false},"excerpt":{"rendered":"<p>B\u00dcY\u00dcK\u015eEH\u0130R BELED\u0130YE ERZURUMSPORLU FRANSIZ FUTBOLCU RASHAD MUHAMMED\u2019\u0130N KIZ ARKADA\u015eI BUG\u00dcN NORVE\u00c7\u2019TE TRAF\u0130K KAZASINDA HAYATINI KAYBETT\u0130. KIZ ARKADA\u015eININ \u00d6L\u00dcM HABER\u0130N\u0130 MA\u00c7TAN KISA B\u0130R S\u00dcRE \u00d6NCE ALAN RASHAD MUHAMMED, TAKIM ARKADA\u015eLARINI YALNIZ BIRAKMADI KAR\u015eILA\u015eMADA OYNADI<\/p>\n","protected":false},"author":1,"featured_media":42083,"comment_status":"closed","ping_status":"open","sticky":false,"template":"","format":"standard","meta":{"jetpack_post_was_ever_published":false,"_jetpack_newsletter_access":"","_jetpack_dont_email_post_to_subs":false,"_jetpack_newsletter_tier_id":0,"_jetpack_memberships_contains_paywalled_content":false,"_jetpack_memberships_contains_paid_content":false,"footnotes":"","jetpack_publicize_message":"","jetpack_publicize_feature_enabled":true,"jetpack_social_post_already_shared":false,"jetpack_social_options":{"image_generator_settings":{"template":"highway","default_image_id":0,"font":"","enabled":false},"version":2}},"categories":[657],"tags":[3678,3469,14861,14862,3468,8011],"class_list":["post-42082","post","type-post","status-publish","format-standard","has-post-thumbnail","hentry","category-spor","tag-erzurumspor","tag-ardindan","tag-bb","tag-dg","tag-macinin","tag-sivasspor"],"jetpack_publicize_connections":[],"jetpack_featured_media_url":"https:\/\/i0.wp.com\/www.tvturk.com\/wp-content\/uploads\/2019\/02\/bb-erzurumspor-dg-sivasspor-macinin-ardindan_5079354.jpg?fit=1000%2C708","jetpack_sharing_enabled":true,"jetpack_shortlink":"https:\/\/wp.me\/paKIfm-aWK","_links":{"self":[{"href":"http:\/\/www.tvturk.com\/index.php\/wp-json\/wp\/v2\/posts\/42082","targetHints":{"allow":["GET"]}}],"collection":[{"href":"http:\/\/www.tvturk.com\/index.php\/wp-json\/wp\/v2\/posts"}],"about":[{"href":"http:\/\/www.tvturk.com\/index.php\/wp-json\/wp\/v2\/types\/post"}],"author":[{"embeddable":true,"href":"http:\/\/www.tvturk.com\/index.php\/wp-json\/wp\/v2\/users\/1"}],"replies":[{"embeddable":true,"href":"http:\/\/www.tvturk.com\/index.php\/wp-json\/wp\/v2\/comments?post=42082"}],"version-history":[{"count":1,"href":"http:\/\/www.tvturk.com\/index.php\/wp-json\/wp\/v2\/posts\/42082\/revisions"}],"predecessor-version":[{"id":42088,"href":"http:\/\/www.tvturk.com\/index.php\/wp-json\/wp\/v2\/posts\/42082\/revisions\/42088"}],"wp:featuredmedia":[{"embeddable":true,"href":"http:\/\/www.tvturk.com\/index.php\/wp-json\/wp\/v2\/media\/42083"}],"wp:attachment":[{"href":"http:\/\/www.tvturk.com\/index.php\/wp-json\/wp\/v2\/media?parent=42082"}],"wp:term":[{"taxonomy":"category","embeddable":true,"href":"http:\/\/www.tvturk.com\/index.php\/wp-json\/wp\/v2\/categories?post=42082"},{"taxonomy":"post_tag","embeddable":true,"href":"http:\/\/www.tvturk.com\/index.php\/wp-json\/wp\/v2\/tags?post=42082"}],"curies":[{"name":"wp","href":"https:\/\/api.w.org\/{rel}","templated":true}]}}