{"id":42100,"date":"2019-02-17T16:40:57","date_gmt":"2019-02-17T13:40:57","guid":{"rendered":"http:\/\/www.tvturk.com\/index.php\/1-hafta-once-nisanlanan-genc-evde-olu-bulundu\/"},"modified":"2019-02-17T16:41:00","modified_gmt":"2019-02-17T13:41:00","slug":"1-hafta-once-nisanlanan-genc-evde-olu-bulundu","status":"publish","type":"post","link":"http:\/\/www.tvturk.com\/index.php\/1-hafta-once-nisanlanan-genc-evde-olu-bulundu\/","title":{"rendered":"1 Hafta \u00f6nce ni\u015fanlanan gen\u00e7 evde \u00f6l\u00fc bulundu"},"content":{"rendered":"<p>Ad\u0131yaman\u2019da, yakla\u015f\u0131k 1 hafta \u00f6nce ni\u015fanlanan 20 ya\u015f\u0131ndaki gen\u00e7 evde \u00f6l\u00fc bulundu.<\/p>\n<p>Edinilen bilgilere g\u00f6re, Varl\u0131k Mahallesi, 1506 Sokak i\u00e7erisinde ikamet eden Emrah Polat (20), yak\u0131nlar\u0131 taraf\u0131ndan evde \u00f6l\u00fc bulundu. Polat\u2019\u0131 \u00f6l\u00fc bulan yak\u0131nlar\u0131 durumu 112 Acil Sa\u011f\u0131k ekipleri ile polis ekiplerine bildirdi. K\u0131sa s\u00fcrede olay yerine gelen sa\u011fl\u0131k ekipleri 1 hafta ni\u015fanlanan Emrah Polat\u2019\u0131n hayat\u0131n\u0131 kaybetti\u011fini belirledi.<\/p>\n<p>Olay yerine gelen polis ekipleri ise ev i\u00e7erisin de ve \u00e7evresinde incelemelerde bulundu. Yap\u0131lan incelemelerin ard\u0131ndan Emrah Polat\u2019\u0131n cenazesi Ad\u0131yaman E\u011fitim ve Ara\u015ft\u0131rma Hastanesi morguna kald\u0131r\u0131ld\u0131.<div class=\"tiled-gallery type-rectangular tiled-gallery-unresized\" data-original-width=\"500\" data-carousel-extra='null' itemscope itemtype=\"http:\/\/schema.org\/ImageGallery\" > <div class=\"gallery-row\" style=\"width: 500px; height: 295px;\" data-original-width=\"500\" data-original-height=\"295\" > <div class=\"gallery-group images-2\" style=\"width: 259px; height: 295px;\" data-original-width=\"259\" data-original-height=\"295\" > <div class=\"tiled-gallery-item tiled-gallery-item-large\" itemprop=\"associatedMedia\" itemscope itemtype=\"http:\/\/schema.org\/ImageObject\"> <a href=\"http:\/\/www.tvturk.com\/index.php\/1-hafta-once-nisanlanan-genc-evde-olu-bulundu\/1-hafta-once-nisanlanan-genc-evde-olu-bulundu-3\/\" border=\"0\" itemprop=\"url\"> <meta itemprop=\"width\" content=\"255\"> <meta itemprop=\"height\" content=\"144\"> <img decoding=\"async\" class=\"\" data-attachment-id=\"42102\" data-orig-file=\"http:\/\/www.tvturk.com\/wp-content\/uploads\/2019\/02\/1-hafta-once-nisanlanan-genc-evde-olu-bulundu_19f20be.jpg\" data-orig-size=\"1000,562\" data-comments-opened=\"\" data-image-meta=\"{&quot;aperture&quot;:&quot;0&quot;,&quot;credit&quot;:&quot;IHA&quot;,&quot;camera&quot;:&quot;&quot;,&quot;caption&quot;:&quot;ADIYAMAN\\u2019DA, YAKLA\\u015eIK 1 HAFTA \\u00d6NCE N\\u0130\\u015eANLANAN 20 YA\\u015eINDAK\\u0130 GEN\\u00c7 EVDE \\u00d6L\\u00dc BULUNDU. (C\\u0130HAN K\\u0130Z\\u0130R\\\/ADIYAMAN-\\u0130HA)&quot;,&quot;created_timestamp&quot;:&quot;0&quot;,&quot;copyright&quot;:&quot;\\u0130HLAS HABER AJANSI, www.iha.com.tr&quot;,&quot;focal_length&quot;:&quot;0&quot;,&quot;iso&quot;:&quot;0&quot;,&quot;shutter_speed&quot;:&quot;0&quot;,&quot;title&quot;:&quot;1 HAFTA \\u00d6NCE N\\u0130\\u015eANLANAN GEN\\u00c7 EVDE \\u00d6L\\u00dc BULUNDU&quot;,&quot;orientation&quot;:&quot;0&quot;}\" data-image-title=\"1 Hafta \u00f6nce ni\u015fanlanan gen\u00e7 evde \u00f6l\u00fc bulundu\" data-image-description=\"&lt;p&gt;1 Hafta \u00f6nce ni\u015fanlanan gen\u00e7 evde \u00f6l\u00fc bulundu&lt;\/p&gt; \" data-medium-file=\"https:\/\/i0.wp.com\/www.tvturk.com\/wp-content\/uploads\/2019\/02\/1-hafta-once-nisanlanan-genc-evde-olu-bulundu_19f20be.jpg?fit=300%2C169\" data-large-file=\"https:\/\/i0.wp.com\/www.tvturk.com\/wp-content\/uploads\/2019\/02\/1-hafta-once-nisanlanan-genc-evde-olu-bulundu_19f20be.jpg?fit=1000%2C562\" src=\"https:\/\/i0.wp.com\/www.tvturk.com\/wp-content\/uploads\/2019\/02\/1-hafta-once-nisanlanan-genc-evde-olu-bulundu_19f20be.jpg?w=255&#038;h=144\" srcset=\"https:\/\/i0.wp.com\/www.tvturk.com\/wp-content\/uploads\/2019\/02\/1-hafta-once-nisanlanan-genc-evde-olu-bulundu_19f20be.jpg?w=1000 1000w, https:\/\/i0.wp.com\/www.tvturk.com\/wp-content\/uploads\/2019\/02\/1-hafta-once-nisanlanan-genc-evde-olu-bulundu_19f20be.jpg?resize=150%2C84 150w, https:\/\/i0.wp.com\/www.tvturk.com\/wp-content\/uploads\/2019\/02\/1-hafta-once-nisanlanan-genc-evde-olu-bulundu_19f20be.jpg?resize=300%2C169 300w, https:\/\/i0.wp.com\/www.tvturk.com\/wp-content\/uploads\/2019\/02\/1-hafta-once-nisanlanan-genc-evde-olu-bulundu_19f20be.jpg?resize=768%2C432 768w, https:\/\/i0.wp.com\/www.tvturk.com\/wp-content\/uploads\/2019\/02\/1-hafta-once-nisanlanan-genc-evde-olu-bulundu_19f20be.jpg?resize=200%2C113 200w\" width=\"255\" height=\"144\" loading=\"lazy\" data-original-width=\"255\" data-original-height=\"144\" itemprop=\"http:\/\/schema.org\/image\" title=\"1 Hafta \u00f6nce ni\u015fanlanan gen\u00e7 evde \u00f6l\u00fc bulundu\" alt=\"1 Hafta \u00f6nce ni\u015fanlanan gen\u00e7 evde \u00f6l\u00fc bulundu\" style=\"width: 255px; height: 144px;\" \/> <\/a> <\/div> <div class=\"tiled-gallery-item tiled-gallery-item-large\" itemprop=\"associatedMedia\" itemscope itemtype=\"http:\/\/schema.org\/ImageObject\"> <a href=\"http:\/\/www.tvturk.com\/index.php\/1-hafta-once-nisanlanan-genc-evde-olu-bulundu\/1-hafta-once-nisanlanan-genc-evde-olu-bulundu-4\/\" border=\"0\" itemprop=\"url\"> <meta itemprop=\"width\" content=\"255\"> <meta itemprop=\"height\" content=\"143\"> <img decoding=\"async\" class=\"\" data-attachment-id=\"42103\" data-orig-file=\"http:\/\/www.tvturk.com\/wp-content\/uploads\/2019\/02\/1-hafta-once-nisanlanan-genc-evde-olu-bulundu_0a250ab.jpg\" data-orig-size=\"1000,562\" data-comments-opened=\"\" data-image-meta=\"{&quot;aperture&quot;:&quot;0&quot;,&quot;credit&quot;:&quot;IHA&quot;,&quot;camera&quot;:&quot;&quot;,&quot;caption&quot;:&quot;ADIYAMAN\\u2019DA, YAKLA\\u015eIK 1 HAFTA \\u00d6NCE N\\u0130\\u015eANLANAN 20 YA\\u015eINDAK\\u0130 GEN\\u00c7 EVDE \\u00d6L\\u00dc BULUNDU. (C\\u0130HAN K\\u0130Z\\u0130R\\\/ADIYAMAN-\\u0130HA)&quot;,&quot;created_timestamp&quot;:&quot;0&quot;,&quot;copyright&quot;:&quot;\\u0130HLAS HABER AJANSI, www.iha.com.tr&quot;,&quot;focal_length&quot;:&quot;0&quot;,&quot;iso&quot;:&quot;0&quot;,&quot;shutter_speed&quot;:&quot;0&quot;,&quot;title&quot;:&quot;1 HAFTA \\u00d6NCE N\\u0130\\u015eANLANAN GEN\\u00c7 EVDE \\u00d6L\\u00dc BULUNDU&quot;,&quot;orientation&quot;:&quot;0&quot;}\" data-image-title=\"1 Hafta \u00f6nce ni\u015fanlanan gen\u00e7 evde \u00f6l\u00fc bulundu\" data-image-description=\"&lt;p&gt;1 Hafta \u00f6nce ni\u015fanlanan gen\u00e7 evde \u00f6l\u00fc bulundu&lt;\/p&gt; \" data-medium-file=\"https:\/\/i0.wp.com\/www.tvturk.com\/wp-content\/uploads\/2019\/02\/1-hafta-once-nisanlanan-genc-evde-olu-bulundu_0a250ab.jpg?fit=300%2C169\" data-large-file=\"https:\/\/i0.wp.com\/www.tvturk.com\/wp-content\/uploads\/2019\/02\/1-hafta-once-nisanlanan-genc-evde-olu-bulundu_0a250ab.jpg?fit=1000%2C562\" src=\"https:\/\/i0.wp.com\/www.tvturk.com\/wp-content\/uploads\/2019\/02\/1-hafta-once-nisanlanan-genc-evde-olu-bulundu_0a250ab.jpg?w=255&#038;h=143\" srcset=\"https:\/\/i0.wp.com\/www.tvturk.com\/wp-content\/uploads\/2019\/02\/1-hafta-once-nisanlanan-genc-evde-olu-bulundu_0a250ab.jpg?w=1000 1000w, https:\/\/i0.wp.com\/www.tvturk.com\/wp-content\/uploads\/2019\/02\/1-hafta-once-nisanlanan-genc-evde-olu-bulundu_0a250ab.jpg?resize=150%2C84 150w, https:\/\/i0.wp.com\/www.tvturk.com\/wp-content\/uploads\/2019\/02\/1-hafta-once-nisanlanan-genc-evde-olu-bulundu_0a250ab.jpg?resize=300%2C169 300w, https:\/\/i0.wp.com\/www.tvturk.com\/wp-content\/uploads\/2019\/02\/1-hafta-once-nisanlanan-genc-evde-olu-bulundu_0a250ab.jpg?resize=768%2C432 768w, https:\/\/i0.wp.com\/www.tvturk.com\/wp-content\/uploads\/2019\/02\/1-hafta-once-nisanlanan-genc-evde-olu-bulundu_0a250ab.jpg?resize=200%2C113 200w\" width=\"255\" height=\"143\" loading=\"lazy\" data-original-width=\"255\" data-original-height=\"143\" itemprop=\"http:\/\/schema.org\/image\" title=\"1 Hafta \u00f6nce ni\u015fanlanan gen\u00e7 evde \u00f6l\u00fc bulundu\" alt=\"1 Hafta \u00f6nce ni\u015fanlanan gen\u00e7 evde \u00f6l\u00fc bulundu\" style=\"width: 255px; height: 143px;\" \/> <\/a> <\/div> <\/div> <!-- close group --> <div class=\"gallery-group images-1\" style=\"width: 241px; height: 295px;\" data-original-width=\"241\" data-original-height=\"295\" > <div class=\"tiled-gallery-item tiled-gallery-item-small\" itemprop=\"associatedMedia\" itemscope itemtype=\"http:\/\/schema.org\/ImageObject\"> <a href=\"http:\/\/www.tvturk.com\/index.php\/1-hafta-once-nisanlanan-genc-evde-olu-bulundu\/1-hafta-once-nisanlanan-genc-evde-olu-bulundu-5\/\" border=\"0\" itemprop=\"url\"> <meta itemprop=\"width\" content=\"237\"> <meta itemprop=\"height\" content=\"291\"> <img decoding=\"async\" class=\"\" data-attachment-id=\"42104\" data-orig-file=\"http:\/\/www.tvturk.com\/wp-content\/uploads\/2019\/02\/1-hafta-once-nisanlanan-genc-evde-olu-bulundu_c409ec9.jpg\" data-orig-size=\"424,520\" data-comments-opened=\"\" data-image-meta=\"{&quot;aperture&quot;:&quot;0&quot;,&quot;credit&quot;:&quot;IHA&quot;,&quot;camera&quot;:&quot;&quot;,&quot;caption&quot;:&quot;ADIYAMAN\\u2019DA, YAKLA\\u015eIK 1 HAFTA \\u00d6NCE N\\u0130\\u015eANLANAN 20 YA\\u015eINDAK\\u0130 GEN\\u00c7 EVDE \\u00d6L\\u00dc BULUNDU. (C\\u0130HAN K\\u0130Z\\u0130R\\\/ADIYAMAN-\\u0130HA)&quot;,&quot;created_timestamp&quot;:&quot;0&quot;,&quot;copyright&quot;:&quot;\\u0130HLAS HABER AJANSI, www.iha.com.tr&quot;,&quot;focal_length&quot;:&quot;0&quot;,&quot;iso&quot;:&quot;0&quot;,&quot;shutter_speed&quot;:&quot;0&quot;,&quot;title&quot;:&quot;1 HAFTA \\u00d6NCE N\\u0130\\u015eANLANAN GEN\\u00c7 EVDE \\u00d6L\\u00dc BULUNDU&quot;,&quot;orientation&quot;:&quot;1&quot;}\" data-image-title=\"1 Hafta \u00f6nce ni\u015fanlanan gen\u00e7 evde \u00f6l\u00fc bulundu\" data-image-description=\"&lt;p&gt;1 Hafta \u00f6nce ni\u015fanlanan gen\u00e7 evde \u00f6l\u00fc bulundu&lt;\/p&gt; \" data-medium-file=\"https:\/\/i0.wp.com\/www.tvturk.com\/wp-content\/uploads\/2019\/02\/1-hafta-once-nisanlanan-genc-evde-olu-bulundu_c409ec9.jpg?fit=245%2C300\" data-large-file=\"https:\/\/i0.wp.com\/www.tvturk.com\/wp-content\/uploads\/2019\/02\/1-hafta-once-nisanlanan-genc-evde-olu-bulundu_c409ec9.jpg?fit=424%2C520\" src=\"https:\/\/i0.wp.com\/www.tvturk.com\/wp-content\/uploads\/2019\/02\/1-hafta-once-nisanlanan-genc-evde-olu-bulundu_c409ec9.jpg?w=237&#038;h=291\" srcset=\"https:\/\/i0.wp.com\/www.tvturk.com\/wp-content\/uploads\/2019\/02\/1-hafta-once-nisanlanan-genc-evde-olu-bulundu_c409ec9.jpg?w=424 424w, https:\/\/i0.wp.com\/www.tvturk.com\/wp-content\/uploads\/2019\/02\/1-hafta-once-nisanlanan-genc-evde-olu-bulundu_c409ec9.jpg?resize=122%2C150 122w, https:\/\/i0.wp.com\/www.tvturk.com\/wp-content\/uploads\/2019\/02\/1-hafta-once-nisanlanan-genc-evde-olu-bulundu_c409ec9.jpg?resize=245%2C300 245w\" width=\"237\" height=\"291\" loading=\"lazy\" data-original-width=\"237\" data-original-height=\"291\" itemprop=\"http:\/\/schema.org\/image\" title=\"1 Hafta \u00f6nce ni\u015fanlanan gen\u00e7 evde \u00f6l\u00fc bulundu\" alt=\"1 Hafta \u00f6nce ni\u015fanlanan gen\u00e7 evde \u00f6l\u00fc bulundu\" style=\"width: 237px; height: 291px;\" \/> <\/a> <\/div> <\/div> <!-- close group --> <\/div> <!-- close row --> <\/div><\/p>\n","protected":false},"excerpt":{"rendered":"<p>ADIYAMAN\u2019DA, YAKLA\u015eIK 1 HAFTA \u00d6NCE N\u0130\u015eANLANAN 20 YA\u015eINDAK\u0130 GEN\u00c7 EVDE \u00d6L\u00dc BULUNDU.<\/p>\n","protected":false},"author":1,"featured_media":42101,"comment_status":"closed","ping_status":"open","sticky":false,"template":"","format":"standard","meta":{"jetpack_post_was_ever_published":false,"_jetpack_newsletter_access":"","_jetpack_dont_email_post_to_subs":false,"_jetpack_newsletter_tier_id":0,"_jetpack_memberships_contains_paywalled_content":false,"_jetpack_memberships_contains_paid_content":false,"footnotes":"","jetpack_publicize_message":"","jetpack_publicize_feature_enabled":true,"jetpack_social_post_already_shared":false,"jetpack_social_options":{"image_generator_settings":{"template":"highway","default_image_id":0,"font":"","enabled":false},"version":2}},"categories":[655],"tags":[4714,204,803,1178,14865,1664,232],"class_list":["post-42100","post","type-post","status-publish","format-standard","has-post-thumbnail","hentry","category-son-dakika","tag-evde","tag-bulundu","tag-genc","tag-hafta","tag-nisanlanan","tag-olu","tag-once"],"jetpack_publicize_connections":[],"jetpack_featured_media_url":"https:\/\/i0.wp.com\/www.tvturk.com\/wp-content\/uploads\/2019\/02\/1-hafta-once-nisanlanan-genc-evde-olu-bulundu_a5b6365.jpg?fit=1000%2C562","jetpack_sharing_enabled":true,"jetpack_shortlink":"https:\/\/wp.me\/paKIfm-aX2","_links":{"self":[{"href":"http:\/\/www.tvturk.com\/index.php\/wp-json\/wp\/v2\/posts\/42100","targetHints":{"allow":["GET"]}}],"collection":[{"href":"http:\/\/www.tvturk.com\/index.php\/wp-json\/wp\/v2\/posts"}],"about":[{"href":"http:\/\/www.tvturk.com\/index.php\/wp-json\/wp\/v2\/types\/post"}],"author":[{"embeddable":true,"href":"http:\/\/www.tvturk.com\/index.php\/wp-json\/wp\/v2\/users\/1"}],"replies":[{"embeddable":true,"href":"http:\/\/www.tvturk.com\/index.php\/wp-json\/wp\/v2\/comments?post=42100"}],"version-history":[{"count":1,"href":"http:\/\/www.tvturk.com\/index.php\/wp-json\/wp\/v2\/posts\/42100\/revisions"}],"predecessor-version":[{"id":42105,"href":"http:\/\/www.tvturk.com\/index.php\/wp-json\/wp\/v2\/posts\/42100\/revisions\/42105"}],"wp:featuredmedia":[{"embeddable":true,"href":"http:\/\/www.tvturk.com\/index.php\/wp-json\/wp\/v2\/media\/42101"}],"wp:attachment":[{"href":"http:\/\/www.tvturk.com\/index.php\/wp-json\/wp\/v2\/media?parent=42100"}],"wp:term":[{"taxonomy":"category","embeddable":true,"href":"http:\/\/www.tvturk.com\/index.php\/wp-json\/wp\/v2\/categories?post=42100"},{"taxonomy":"post_tag","embeddable":true,"href":"http:\/\/www.tvturk.com\/index.php\/wp-json\/wp\/v2\/tags?post=42100"}],"curies":[{"name":"wp","href":"https:\/\/api.w.org\/{rel}","templated":true}]}}