{"id":42152,"date":"2019-02-17T16:51:06","date_gmt":"2019-02-17T13:51:06","guid":{"rendered":"http:\/\/www.tvturk.com\/index.php\/viransehirdeki-bombali-saldirida-sehit-olanlar-icin-anma-programi\/"},"modified":"2019-02-17T16:51:10","modified_gmt":"2019-02-17T13:51:10","slug":"viransehirdeki-bombali-saldirida-sehit-olanlar-icin-anma-programi","status":"publish","type":"post","link":"http:\/\/www.tvturk.com\/index.php\/viransehirdeki-bombali-saldirida-sehit-olanlar-icin-anma-programi\/","title":{"rendered":"Viran\u015fehir\u2019deki bombal\u0131 sald\u0131r\u0131da \u015fehit olanlar i\u00e7in anma program\u0131"},"content":{"rendered":"<p>\u015eanl\u0131urfa\u2019n\u0131n Viran\u015fehir il\u00e7esinde 17 \u015eubat 2017 Tarihinde Yeni\u015fehir Mahallesinde Hakim ve Savc\u0131lar lojman\u0131na d\u00fczenlenen bombal\u0131 ter\u00f6r sald\u0131r\u0131s\u0131nda \u015fehit olan Bek\u00e7i \u0130brahim Kete ve 10 ya\u015f\u0131ndaki Ahmet Oktay G\u00fcnak i\u00e7in anma program\u0131 d\u00fczenlendi.<\/p>\n<p>Kaymakaml\u0131k, \u0130l\u00e7e Belediyesi ve Cumhuriyet Ba\u015fsavc\u0131l\u0131\u011f\u0131n\u0131n birlikte organize etti\u011fi anma program\u0131na, \u015eanl\u0131urfa Valisi Abdullah Erin, Vali yard\u0131mc\u0131s\u0131 Selam\u0131 I\u015f\u0131k, \u015eanl\u0131urfa Jandarma Komutan\u0131 K\u0131demli Albay Ey\u00fcp Sabri Kiri\u015f\u00e7i, Viran\u015fehir Kaymakam\u0131 \u00d6mer Dereci, Harran Kaymakam\u0131 \u00d6mer Faruk \u00c7elik, Cumhuriyet Ba\u015fsavc\u0131s\u0131 Ufuk Mustafa S\u00fcren, Viran\u015fehir Belediye Ba\u015fkan yard\u0131mc\u0131lar\u0131 Arslan \u00c7ift\u00e7i, Mahmut \u015e\u0131k, AK Parti Viran\u015fehir \u0130l\u00e7e Ba\u015fkan\u0131 Ali Tekin, bombal\u0131 sald\u0131r\u0131da e\u015fi ile birlikte yaralanan Viran\u015fehir Eski Cumhuriyet Ba\u015fsavc\u0131s\u0131 Zekerya Alper \u0130nan\u00e7, \u015eanl\u0131urfa \u0130l Emniyet M\u00fcd\u00fcr\u00fc Veysel Tipio\u011flu, \u0130l\u00e7e Jandarma Komutan\u0131 Y\u00fczba\u015f\u0131 Ramazan Onurcan, Hastane Ba\u015fhekimi Dr. \u0130lhan Erkan, Viran\u015fehir M\u00fcft\u00fcs\u00fc Kamil Oktay,Viran\u015fehir \u015eehit Aileler Derne\u011fi Ba\u015fkan\u0131 Fethi Ekinci,AK Parti Viran\u015fehir Belediye Ba\u015fkan Aday\u0131 Salih Ekinci, \u015eehit Aileleri, Kurum ve Daire Amirleri, STK Temsilcileri, Muhtarlar ve \u00e7ok say\u0131da ki\u015fi kat\u0131ld\u0131. Anma program\u0131, \u015eehit \u0130brahim Kete\u2019nin Karatepe K\u0131rsal Mahallesinde bulunan kabrinin ziyareti ile ba\u015flad\u0131. Kabri ba\u015f\u0131nda an\u0131lan \u015eehit Kete \u0130\u00e7in dualar okundu. Kabir ziyaretinin ard\u0131ndan Viran\u015fehir Adalet Saray\u0131nda \u0130ki \u015fehit i\u00e7in a\u00e7\u0131lan ve resimlerinin bulundu\u011fu k\u00f6\u015feye protokol \u00fcyeleri taraf\u0131ndan karanfiller b\u0131rak\u0131ld\u0131. Burada k\u0131sa bir a\u00e7\u0131klama yapan Viran\u015fehir Cumhuriyet Ba\u015fsavc\u0131s\u0131 Ufuk Mustafa S\u00fcren, 2 y\u0131l \u00f6nce ya\u015fanan bombal\u0131 ter\u00f6r sald\u0131r\u0131s\u0131n\u0131 k\u0131nayarak, \u015fehitleri rahmet ne minnetle and\u0131\u011f\u0131n\u0131 s\u00f6yledi.<\/p>\n<p>Buradaki program\u0131n ard\u0131ndan, 17 \u015eubat \u015eehitleri i\u00e7in Yeni\u015fehir Mahallesinde bulunan Tepret Camisinde \u015fehitler i\u00e7in mevlit okutuldu. Yakla\u015f\u0131k 4 saat s\u00fcren Anma program\u0131 verilen yeme\u011fin ard\u0131ndan son buldu.<div class=\"tiled-gallery type-rectangular tiled-gallery-unresized\" data-original-width=\"500\" data-carousel-extra='null' itemscope itemtype=\"http:\/\/schema.org\/ImageGallery\" > <div class=\"gallery-row\" style=\"width: 500px; height: 224px;\" data-original-width=\"500\" data-original-height=\"224\" > <div class=\"gallery-group images-1\" style=\"width: 334px; height: 224px;\" data-original-width=\"334\" data-original-height=\"224\" > <div class=\"tiled-gallery-item tiled-gallery-item-large\" itemprop=\"associatedMedia\" itemscope itemtype=\"http:\/\/schema.org\/ImageObject\"> <a href=\"http:\/\/www.tvturk.com\/index.php\/viransehirdeki-bombali-saldirida-sehit-olanlar-icin-anma-programi\/viransehirdeki-bombali-saldirida-sehit-olanlar-icin-anma-programi-3\/\" border=\"0\" itemprop=\"url\"> <meta itemprop=\"width\" content=\"330\"> <meta itemprop=\"height\" content=\"220\"> <img decoding=\"async\" class=\"\" data-attachment-id=\"42154\" data-orig-file=\"http:\/\/www.tvturk.com\/wp-content\/uploads\/2019\/02\/viransehirdeki-bombali-saldirida-sehit-olanlar-icin-anma-programi_39bcaec.jpg\" data-orig-size=\"1000,667\" data-comments-opened=\"\" data-image-meta=\"{&quot;aperture&quot;:&quot;0&quot;,&quot;credit&quot;:&quot;IHA&quot;,&quot;camera&quot;:&quot;&quot;,&quot;caption&quot;:&quot;\\u015eANLIURFA\\u2019NIN V\\u0130RAN\\u015eEH\\u0130R \\u0130L\\u00c7ES\\u0130NDE 17 \\u015eUBAT 2017 TAR\\u0130H\\u0130NDE YEN\\u0130\\u015eEH\\u0130R MAHALLES\\u0130NDE HAK\\u0130M VE SAVCILAR LOJMANINA D\\u00dcZENLENEN BOMBALI TER\\u00d6R SALDIRISINDA \\u015eEH\\u0130T OLAN BEK\\u00c7\\u0130 \\u0130BRAH\\u0130M KETE VE 10 YA\\u015eINDAK\\u0130 AHMET OKTAY G\\u00dcNAK \\u0130\\u00c7\\u0130N ANMA PROGRAMI D\\u00dcZENLEND\\u0130. (ENVER ZENC\\u0130RC\\u0130\\\/\\u015eANLIURFA-\\u0130HA)&quot;,&quot;created_timestamp&quot;:&quot;0&quot;,&quot;copyright&quot;:&quot;\\u0130HLAS HABER AJANSI, www.iha.com.tr&quot;,&quot;focal_length&quot;:&quot;0&quot;,&quot;iso&quot;:&quot;0&quot;,&quot;shutter_speed&quot;:&quot;0&quot;,&quot;title&quot;:&quot;V\\u0130RAN\\u015eEH\\u0130R\\u0027DEK\\u0130 BOMBALI SALDIRIDA \\u015eEH\\u0130T OLANLAR \\u0130\\u00c7\\u0130N ANMA PROGRAMI&quot;,&quot;orientation&quot;:&quot;0&quot;}\" data-image-title=\"Viran\u015fehir\u2019deki bombal\u0131 sald\u0131r\u0131da \u015fehit olanlar i\u00e7in anma program\u0131\" data-image-description=\"&lt;p&gt;Viran\u015fehir\u2019deki bombal\u0131 sald\u0131r\u0131da \u015fehit olanlar i\u00e7in anma program\u0131&lt;\/p&gt; \" data-medium-file=\"https:\/\/i0.wp.com\/www.tvturk.com\/wp-content\/uploads\/2019\/02\/viransehirdeki-bombali-saldirida-sehit-olanlar-icin-anma-programi_39bcaec.jpg?fit=300%2C200\" data-large-file=\"https:\/\/i0.wp.com\/www.tvturk.com\/wp-content\/uploads\/2019\/02\/viransehirdeki-bombali-saldirida-sehit-olanlar-icin-anma-programi_39bcaec.jpg?fit=1000%2C667\" src=\"https:\/\/i0.wp.com\/www.tvturk.com\/wp-content\/uploads\/2019\/02\/viransehirdeki-bombali-saldirida-sehit-olanlar-icin-anma-programi_39bcaec.jpg?w=330&#038;h=220\" srcset=\"https:\/\/i0.wp.com\/www.tvturk.com\/wp-content\/uploads\/2019\/02\/viransehirdeki-bombali-saldirida-sehit-olanlar-icin-anma-programi_39bcaec.jpg?w=1000 1000w, https:\/\/i0.wp.com\/www.tvturk.com\/wp-content\/uploads\/2019\/02\/viransehirdeki-bombali-saldirida-sehit-olanlar-icin-anma-programi_39bcaec.jpg?resize=150%2C100 150w, https:\/\/i0.wp.com\/www.tvturk.com\/wp-content\/uploads\/2019\/02\/viransehirdeki-bombali-saldirida-sehit-olanlar-icin-anma-programi_39bcaec.jpg?resize=300%2C200 300w, https:\/\/i0.wp.com\/www.tvturk.com\/wp-content\/uploads\/2019\/02\/viransehirdeki-bombali-saldirida-sehit-olanlar-icin-anma-programi_39bcaec.jpg?resize=768%2C512 768w, https:\/\/i0.wp.com\/www.tvturk.com\/wp-content\/uploads\/2019\/02\/viransehirdeki-bombali-saldirida-sehit-olanlar-icin-anma-programi_39bcaec.jpg?resize=170%2C113 170w, https:\/\/i0.wp.com\/www.tvturk.com\/wp-content\/uploads\/2019\/02\/viransehirdeki-bombali-saldirida-sehit-olanlar-icin-anma-programi_39bcaec.jpg?resize=120%2C80 120w\" width=\"330\" height=\"220\" loading=\"lazy\" data-original-width=\"330\" data-original-height=\"220\" itemprop=\"http:\/\/schema.org\/image\" title=\"Viran\u015fehir\u2019deki bombal\u0131 sald\u0131r\u0131da \u015fehit olanlar i\u00e7in anma program\u0131\" alt=\"Viran\u015fehir\u2019deki bombal\u0131 sald\u0131r\u0131da \u015fehit olanlar i\u00e7in anma program\u0131\" style=\"width: 330px; height: 220px;\" \/> <\/a> <\/div> <\/div> <!-- close group --> <div class=\"gallery-group images-2\" style=\"width: 166px; height: 224px;\" data-original-width=\"166\" data-original-height=\"224\" > <div class=\"tiled-gallery-item tiled-gallery-item-small\" itemprop=\"associatedMedia\" itemscope itemtype=\"http:\/\/schema.org\/ImageObject\"> <a href=\"http:\/\/www.tvturk.com\/index.php\/viransehirdeki-bombali-saldirida-sehit-olanlar-icin-anma-programi\/viransehirdeki-bombali-saldirida-sehit-olanlar-icin-anma-programi-4\/\" border=\"0\" itemprop=\"url\"> <meta itemprop=\"width\" content=\"162\"> <meta itemprop=\"height\" content=\"108\"> <img decoding=\"async\" class=\"\" data-attachment-id=\"42155\" data-orig-file=\"http:\/\/www.tvturk.com\/wp-content\/uploads\/2019\/02\/viransehirdeki-bombali-saldirida-sehit-olanlar-icin-anma-programi_453e28e.jpg\" data-orig-size=\"1000,667\" data-comments-opened=\"\" data-image-meta=\"{&quot;aperture&quot;:&quot;0&quot;,&quot;credit&quot;:&quot;IHA&quot;,&quot;camera&quot;:&quot;&quot;,&quot;caption&quot;:&quot;\\u015eANLIURFA\\u2019NIN V\\u0130RAN\\u015eEH\\u0130R \\u0130L\\u00c7ES\\u0130NDE 17 \\u015eUBAT 2017 TAR\\u0130H\\u0130NDE YEN\\u0130\\u015eEH\\u0130R MAHALLES\\u0130NDE HAK\\u0130M VE SAVCILAR LOJMANINA D\\u00dcZENLENEN BOMBALI TER\\u00d6R SALDIRISINDA \\u015eEH\\u0130T OLAN BEK\\u00c7\\u0130 \\u0130BRAH\\u0130M KETE VE 10 YA\\u015eINDAK\\u0130 AHMET OKTAY G\\u00dcNAK \\u0130\\u00c7\\u0130N ANMA PROGRAMI D\\u00dcZENLEND\\u0130. (ENVER ZENC\\u0130RC\\u0130\\\/\\u015eANLIURFA-\\u0130HA)&quot;,&quot;created_timestamp&quot;:&quot;0&quot;,&quot;copyright&quot;:&quot;\\u0130HLAS HABER AJANSI, www.iha.com.tr&quot;,&quot;focal_length&quot;:&quot;0&quot;,&quot;iso&quot;:&quot;0&quot;,&quot;shutter_speed&quot;:&quot;0&quot;,&quot;title&quot;:&quot;V\\u0130RAN\\u015eEH\\u0130R\\u0027DEK\\u0130 BOMBALI SALDIRIDA \\u015eEH\\u0130T OLANLAR \\u0130\\u00c7\\u0130N ANMA PROGRAMI&quot;,&quot;orientation&quot;:&quot;0&quot;}\" data-image-title=\"Viran\u015fehir\u2019deki bombal\u0131 sald\u0131r\u0131da \u015fehit olanlar i\u00e7in anma program\u0131\" data-image-description=\"&lt;p&gt;Viran\u015fehir\u2019deki bombal\u0131 sald\u0131r\u0131da \u015fehit olanlar i\u00e7in anma program\u0131&lt;\/p&gt; \" data-medium-file=\"https:\/\/i0.wp.com\/www.tvturk.com\/wp-content\/uploads\/2019\/02\/viransehirdeki-bombali-saldirida-sehit-olanlar-icin-anma-programi_453e28e.jpg?fit=300%2C200\" data-large-file=\"https:\/\/i0.wp.com\/www.tvturk.com\/wp-content\/uploads\/2019\/02\/viransehirdeki-bombali-saldirida-sehit-olanlar-icin-anma-programi_453e28e.jpg?fit=1000%2C667\" src=\"https:\/\/i0.wp.com\/www.tvturk.com\/wp-content\/uploads\/2019\/02\/viransehirdeki-bombali-saldirida-sehit-olanlar-icin-anma-programi_453e28e.jpg?w=162&#038;h=108\" srcset=\"https:\/\/i0.wp.com\/www.tvturk.com\/wp-content\/uploads\/2019\/02\/viransehirdeki-bombali-saldirida-sehit-olanlar-icin-anma-programi_453e28e.jpg?w=1000 1000w, https:\/\/i0.wp.com\/www.tvturk.com\/wp-content\/uploads\/2019\/02\/viransehirdeki-bombali-saldirida-sehit-olanlar-icin-anma-programi_453e28e.jpg?resize=150%2C100 150w, https:\/\/i0.wp.com\/www.tvturk.com\/wp-content\/uploads\/2019\/02\/viransehirdeki-bombali-saldirida-sehit-olanlar-icin-anma-programi_453e28e.jpg?resize=300%2C200 300w, https:\/\/i0.wp.com\/www.tvturk.com\/wp-content\/uploads\/2019\/02\/viransehirdeki-bombali-saldirida-sehit-olanlar-icin-anma-programi_453e28e.jpg?resize=768%2C512 768w, https:\/\/i0.wp.com\/www.tvturk.com\/wp-content\/uploads\/2019\/02\/viransehirdeki-bombali-saldirida-sehit-olanlar-icin-anma-programi_453e28e.jpg?resize=170%2C113 170w, https:\/\/i0.wp.com\/www.tvturk.com\/wp-content\/uploads\/2019\/02\/viransehirdeki-bombali-saldirida-sehit-olanlar-icin-anma-programi_453e28e.jpg?resize=120%2C80 120w\" width=\"162\" height=\"108\" loading=\"lazy\" data-original-width=\"162\" data-original-height=\"108\" itemprop=\"http:\/\/schema.org\/image\" title=\"Viran\u015fehir\u2019deki bombal\u0131 sald\u0131r\u0131da \u015fehit olanlar i\u00e7in anma program\u0131\" alt=\"Viran\u015fehir\u2019deki bombal\u0131 sald\u0131r\u0131da \u015fehit olanlar i\u00e7in anma program\u0131\" style=\"width: 162px; height: 108px;\" \/> <\/a> <\/div> <div class=\"tiled-gallery-item tiled-gallery-item-small\" itemprop=\"associatedMedia\" itemscope itemtype=\"http:\/\/schema.org\/ImageObject\"> <a href=\"http:\/\/www.tvturk.com\/index.php\/viransehirdeki-bombali-saldirida-sehit-olanlar-icin-anma-programi\/viransehirdeki-bombali-saldirida-sehit-olanlar-icin-anma-programi-5\/\" border=\"0\" itemprop=\"url\"> <meta itemprop=\"width\" content=\"162\"> <meta itemprop=\"height\" content=\"108\"> <img decoding=\"async\" class=\"\" data-attachment-id=\"42156\" data-orig-file=\"http:\/\/www.tvturk.com\/wp-content\/uploads\/2019\/02\/viransehirdeki-bombali-saldirida-sehit-olanlar-icin-anma-programi_afea49e.jpg\" data-orig-size=\"1000,667\" data-comments-opened=\"\" data-image-meta=\"{&quot;aperture&quot;:&quot;0&quot;,&quot;credit&quot;:&quot;IHA&quot;,&quot;camera&quot;:&quot;&quot;,&quot;caption&quot;:&quot;\\u015eANLIURFA\\u2019NIN V\\u0130RAN\\u015eEH\\u0130R \\u0130L\\u00c7ES\\u0130NDE 17 \\u015eUBAT 2017 TAR\\u0130H\\u0130NDE YEN\\u0130\\u015eEH\\u0130R MAHALLES\\u0130NDE HAK\\u0130M VE SAVCILAR LOJMANINA D\\u00dcZENLENEN BOMBALI TER\\u00d6R SALDIRISINDA \\u015eEH\\u0130T OLAN BEK\\u00c7\\u0130 \\u0130BRAH\\u0130M KETE VE 10 YA\\u015eINDAK\\u0130 AHMET OKTAY G\\u00dcNAK \\u0130\\u00c7\\u0130N ANMA PROGRAMI D\\u00dcZENLEND\\u0130. (ENVER ZENC\\u0130RC\\u0130\\\/\\u015eANLIURFA-\\u0130HA)&quot;,&quot;created_timestamp&quot;:&quot;0&quot;,&quot;copyright&quot;:&quot;\\u0130HLAS HABER AJANSI, www.iha.com.tr&quot;,&quot;focal_length&quot;:&quot;0&quot;,&quot;iso&quot;:&quot;0&quot;,&quot;shutter_speed&quot;:&quot;0&quot;,&quot;title&quot;:&quot;V\\u0130RAN\\u015eEH\\u0130R\\u0027DEK\\u0130 BOMBALI SALDIRIDA \\u015eEH\\u0130T OLANLAR \\u0130\\u00c7\\u0130N ANMA PROGRAMI&quot;,&quot;orientation&quot;:&quot;0&quot;}\" data-image-title=\"Viran\u015fehir\u2019deki bombal\u0131 sald\u0131r\u0131da \u015fehit olanlar i\u00e7in anma program\u0131\" data-image-description=\"&lt;p&gt;Viran\u015fehir\u2019deki bombal\u0131 sald\u0131r\u0131da \u015fehit olanlar i\u00e7in anma program\u0131&lt;\/p&gt; \" data-medium-file=\"https:\/\/i0.wp.com\/www.tvturk.com\/wp-content\/uploads\/2019\/02\/viransehirdeki-bombali-saldirida-sehit-olanlar-icin-anma-programi_afea49e.jpg?fit=300%2C200\" data-large-file=\"https:\/\/i0.wp.com\/www.tvturk.com\/wp-content\/uploads\/2019\/02\/viransehirdeki-bombali-saldirida-sehit-olanlar-icin-anma-programi_afea49e.jpg?fit=1000%2C667\" src=\"https:\/\/i0.wp.com\/www.tvturk.com\/wp-content\/uploads\/2019\/02\/viransehirdeki-bombali-saldirida-sehit-olanlar-icin-anma-programi_afea49e.jpg?w=162&#038;h=108\" srcset=\"https:\/\/i0.wp.com\/www.tvturk.com\/wp-content\/uploads\/2019\/02\/viransehirdeki-bombali-saldirida-sehit-olanlar-icin-anma-programi_afea49e.jpg?w=1000 1000w, https:\/\/i0.wp.com\/www.tvturk.com\/wp-content\/uploads\/2019\/02\/viransehirdeki-bombali-saldirida-sehit-olanlar-icin-anma-programi_afea49e.jpg?resize=150%2C100 150w, https:\/\/i0.wp.com\/www.tvturk.com\/wp-content\/uploads\/2019\/02\/viransehirdeki-bombali-saldirida-sehit-olanlar-icin-anma-programi_afea49e.jpg?resize=300%2C200 300w, https:\/\/i0.wp.com\/www.tvturk.com\/wp-content\/uploads\/2019\/02\/viransehirdeki-bombali-saldirida-sehit-olanlar-icin-anma-programi_afea49e.jpg?resize=768%2C512 768w, https:\/\/i0.wp.com\/www.tvturk.com\/wp-content\/uploads\/2019\/02\/viransehirdeki-bombali-saldirida-sehit-olanlar-icin-anma-programi_afea49e.jpg?resize=170%2C113 170w, https:\/\/i0.wp.com\/www.tvturk.com\/wp-content\/uploads\/2019\/02\/viransehirdeki-bombali-saldirida-sehit-olanlar-icin-anma-programi_afea49e.jpg?resize=120%2C80 120w\" width=\"162\" height=\"108\" loading=\"lazy\" data-original-width=\"162\" data-original-height=\"108\" itemprop=\"http:\/\/schema.org\/image\" title=\"Viran\u015fehir\u2019deki bombal\u0131 sald\u0131r\u0131da \u015fehit olanlar i\u00e7in anma program\u0131\" alt=\"Viran\u015fehir\u2019deki bombal\u0131 sald\u0131r\u0131da \u015fehit olanlar i\u00e7in anma program\u0131\" style=\"width: 162px; height: 108px;\" \/> <\/a> <\/div> <\/div> <!-- close group --> <\/div> <!-- close row --> <div class=\"gallery-row\" style=\"width: 500px; height: 168px;\" data-original-width=\"500\" data-original-height=\"168\" > <div class=\"gallery-group images-1\" style=\"width: 250px; height: 168px;\" data-original-width=\"250\" data-original-height=\"168\" > <div class=\"tiled-gallery-item tiled-gallery-item-small\" itemprop=\"associatedMedia\" itemscope itemtype=\"http:\/\/schema.org\/ImageObject\"> <a href=\"http:\/\/www.tvturk.com\/index.php\/viransehirdeki-bombali-saldirida-sehit-olanlar-icin-anma-programi\/viransehirdeki-bombali-saldirida-sehit-olanlar-icin-anma-programi-6\/\" border=\"0\" itemprop=\"url\"> <meta itemprop=\"width\" content=\"246\"> <meta itemprop=\"height\" content=\"164\"> <img decoding=\"async\" class=\"\" data-attachment-id=\"42157\" data-orig-file=\"http:\/\/www.tvturk.com\/wp-content\/uploads\/2019\/02\/viransehirdeki-bombali-saldirida-sehit-olanlar-icin-anma-programi_28de075.jpg\" data-orig-size=\"1000,667\" data-comments-opened=\"\" data-image-meta=\"{&quot;aperture&quot;:&quot;0&quot;,&quot;credit&quot;:&quot;IHA&quot;,&quot;camera&quot;:&quot;&quot;,&quot;caption&quot;:&quot;\\u015eANLIURFA\\u2019NIN V\\u0130RAN\\u015eEH\\u0130R \\u0130L\\u00c7ES\\u0130NDE 17 \\u015eUBAT 2017 TAR\\u0130H\\u0130NDE YEN\\u0130\\u015eEH\\u0130R MAHALLES\\u0130NDE HAK\\u0130M VE SAVCILAR LOJMANINA D\\u00dcZENLENEN BOMBALI TER\\u00d6R SALDIRISINDA \\u015eEH\\u0130T OLAN BEK\\u00c7\\u0130 \\u0130BRAH\\u0130M KETE VE 10 YA\\u015eINDAK\\u0130 AHMET OKTAY G\\u00dcNAK \\u0130\\u00c7\\u0130N ANMA PROGRAMI D\\u00dcZENLEND\\u0130. (ENVER ZENC\\u0130RC\\u0130\\\/\\u015eANLIURFA-\\u0130HA)&quot;,&quot;created_timestamp&quot;:&quot;0&quot;,&quot;copyright&quot;:&quot;\\u0130HLAS HABER AJANSI, www.iha.com.tr&quot;,&quot;focal_length&quot;:&quot;0&quot;,&quot;iso&quot;:&quot;0&quot;,&quot;shutter_speed&quot;:&quot;0&quot;,&quot;title&quot;:&quot;V\\u0130RAN\\u015eEH\\u0130R\\u0027DEK\\u0130 BOMBALI SALDIRIDA \\u015eEH\\u0130T OLANLAR \\u0130\\u00c7\\u0130N ANMA PROGRAMI&quot;,&quot;orientation&quot;:&quot;0&quot;}\" data-image-title=\"Viran\u015fehir\u2019deki bombal\u0131 sald\u0131r\u0131da \u015fehit olanlar i\u00e7in anma program\u0131\" data-image-description=\"&lt;p&gt;Viran\u015fehir\u2019deki bombal\u0131 sald\u0131r\u0131da \u015fehit olanlar i\u00e7in anma program\u0131&lt;\/p&gt; \" data-medium-file=\"https:\/\/i0.wp.com\/www.tvturk.com\/wp-content\/uploads\/2019\/02\/viransehirdeki-bombali-saldirida-sehit-olanlar-icin-anma-programi_28de075.jpg?fit=300%2C200\" data-large-file=\"https:\/\/i0.wp.com\/www.tvturk.com\/wp-content\/uploads\/2019\/02\/viransehirdeki-bombali-saldirida-sehit-olanlar-icin-anma-programi_28de075.jpg?fit=1000%2C667\" src=\"https:\/\/i0.wp.com\/www.tvturk.com\/wp-content\/uploads\/2019\/02\/viransehirdeki-bombali-saldirida-sehit-olanlar-icin-anma-programi_28de075.jpg?w=246&#038;h=164\" srcset=\"https:\/\/i0.wp.com\/www.tvturk.com\/wp-content\/uploads\/2019\/02\/viransehirdeki-bombali-saldirida-sehit-olanlar-icin-anma-programi_28de075.jpg?w=1000 1000w, https:\/\/i0.wp.com\/www.tvturk.com\/wp-content\/uploads\/2019\/02\/viransehirdeki-bombali-saldirida-sehit-olanlar-icin-anma-programi_28de075.jpg?resize=150%2C100 150w, https:\/\/i0.wp.com\/www.tvturk.com\/wp-content\/uploads\/2019\/02\/viransehirdeki-bombali-saldirida-sehit-olanlar-icin-anma-programi_28de075.jpg?resize=300%2C200 300w, https:\/\/i0.wp.com\/www.tvturk.com\/wp-content\/uploads\/2019\/02\/viransehirdeki-bombali-saldirida-sehit-olanlar-icin-anma-programi_28de075.jpg?resize=768%2C512 768w, https:\/\/i0.wp.com\/www.tvturk.com\/wp-content\/uploads\/2019\/02\/viransehirdeki-bombali-saldirida-sehit-olanlar-icin-anma-programi_28de075.jpg?resize=170%2C113 170w, https:\/\/i0.wp.com\/www.tvturk.com\/wp-content\/uploads\/2019\/02\/viransehirdeki-bombali-saldirida-sehit-olanlar-icin-anma-programi_28de075.jpg?resize=120%2C80 120w\" width=\"246\" height=\"164\" loading=\"lazy\" data-original-width=\"246\" data-original-height=\"164\" itemprop=\"http:\/\/schema.org\/image\" title=\"Viran\u015fehir\u2019deki bombal\u0131 sald\u0131r\u0131da \u015fehit olanlar i\u00e7in anma program\u0131\" alt=\"Viran\u015fehir\u2019deki bombal\u0131 sald\u0131r\u0131da \u015fehit olanlar i\u00e7in anma program\u0131\" style=\"width: 246px; height: 164px;\" \/> <\/a> <\/div> <\/div> <!-- close group --> <div class=\"gallery-group images-1\" style=\"width: 250px; height: 168px;\" data-original-width=\"250\" data-original-height=\"168\" > <div class=\"tiled-gallery-item tiled-gallery-item-small\" itemprop=\"associatedMedia\" itemscope itemtype=\"http:\/\/schema.org\/ImageObject\"> <a href=\"http:\/\/www.tvturk.com\/index.php\/viransehirdeki-bombali-saldirida-sehit-olanlar-icin-anma-programi\/viransehirdeki-bombali-saldirida-sehit-olanlar-icin-anma-programi-7\/\" border=\"0\" itemprop=\"url\"> <meta itemprop=\"width\" content=\"246\"> <meta itemprop=\"height\" content=\"164\"> <img decoding=\"async\" class=\"\" data-attachment-id=\"42158\" data-orig-file=\"http:\/\/www.tvturk.com\/wp-content\/uploads\/2019\/02\/viransehirdeki-bombali-saldirida-sehit-olanlar-icin-anma-programi_e3d38a8.jpg\" data-orig-size=\"1000,667\" data-comments-opened=\"\" data-image-meta=\"{&quot;aperture&quot;:&quot;0&quot;,&quot;credit&quot;:&quot;IHA&quot;,&quot;camera&quot;:&quot;&quot;,&quot;caption&quot;:&quot;\\u015eANLIURFA\\u2019NIN V\\u0130RAN\\u015eEH\\u0130R \\u0130L\\u00c7ES\\u0130NDE 17 \\u015eUBAT 2017 TAR\\u0130H\\u0130NDE YEN\\u0130\\u015eEH\\u0130R MAHALLES\\u0130NDE HAK\\u0130M VE SAVCILAR LOJMANINA D\\u00dcZENLENEN BOMBALI TER\\u00d6R SALDIRISINDA \\u015eEH\\u0130T OLAN BEK\\u00c7\\u0130 \\u0130BRAH\\u0130M KETE VE 10 YA\\u015eINDAK\\u0130 AHMET OKTAY G\\u00dcNAK \\u0130\\u00c7\\u0130N ANMA PROGRAMI D\\u00dcZENLEND\\u0130. (ENVER ZENC\\u0130RC\\u0130\\\/\\u015eANLIURFA-\\u0130HA)&quot;,&quot;created_timestamp&quot;:&quot;0&quot;,&quot;copyright&quot;:&quot;\\u0130HLAS HABER AJANSI, www.iha.com.tr&quot;,&quot;focal_length&quot;:&quot;0&quot;,&quot;iso&quot;:&quot;0&quot;,&quot;shutter_speed&quot;:&quot;0&quot;,&quot;title&quot;:&quot;V\\u0130RAN\\u015eEH\\u0130R\\u0027DEK\\u0130 BOMBALI SALDIRIDA \\u015eEH\\u0130T OLANLAR \\u0130\\u00c7\\u0130N ANMA PROGRAMI&quot;,&quot;orientation&quot;:&quot;0&quot;}\" data-image-title=\"Viran\u015fehir\u2019deki bombal\u0131 sald\u0131r\u0131da \u015fehit olanlar i\u00e7in anma program\u0131\" data-image-description=\"&lt;p&gt;Viran\u015fehir\u2019deki bombal\u0131 sald\u0131r\u0131da \u015fehit olanlar i\u00e7in anma program\u0131&lt;\/p&gt; \" data-medium-file=\"https:\/\/i0.wp.com\/www.tvturk.com\/wp-content\/uploads\/2019\/02\/viransehirdeki-bombali-saldirida-sehit-olanlar-icin-anma-programi_e3d38a8.jpg?fit=300%2C200\" data-large-file=\"https:\/\/i0.wp.com\/www.tvturk.com\/wp-content\/uploads\/2019\/02\/viransehirdeki-bombali-saldirida-sehit-olanlar-icin-anma-programi_e3d38a8.jpg?fit=1000%2C667\" src=\"https:\/\/i0.wp.com\/www.tvturk.com\/wp-content\/uploads\/2019\/02\/viransehirdeki-bombali-saldirida-sehit-olanlar-icin-anma-programi_e3d38a8.jpg?w=246&#038;h=164\" srcset=\"https:\/\/i0.wp.com\/www.tvturk.com\/wp-content\/uploads\/2019\/02\/viransehirdeki-bombali-saldirida-sehit-olanlar-icin-anma-programi_e3d38a8.jpg?w=1000 1000w, https:\/\/i0.wp.com\/www.tvturk.com\/wp-content\/uploads\/2019\/02\/viransehirdeki-bombali-saldirida-sehit-olanlar-icin-anma-programi_e3d38a8.jpg?resize=150%2C100 150w, https:\/\/i0.wp.com\/www.tvturk.com\/wp-content\/uploads\/2019\/02\/viransehirdeki-bombali-saldirida-sehit-olanlar-icin-anma-programi_e3d38a8.jpg?resize=300%2C200 300w, https:\/\/i0.wp.com\/www.tvturk.com\/wp-content\/uploads\/2019\/02\/viransehirdeki-bombali-saldirida-sehit-olanlar-icin-anma-programi_e3d38a8.jpg?resize=768%2C512 768w, https:\/\/i0.wp.com\/www.tvturk.com\/wp-content\/uploads\/2019\/02\/viransehirdeki-bombali-saldirida-sehit-olanlar-icin-anma-programi_e3d38a8.jpg?resize=170%2C113 170w, https:\/\/i0.wp.com\/www.tvturk.com\/wp-content\/uploads\/2019\/02\/viransehirdeki-bombali-saldirida-sehit-olanlar-icin-anma-programi_e3d38a8.jpg?resize=120%2C80 120w\" width=\"246\" height=\"164\" loading=\"lazy\" data-original-width=\"246\" data-original-height=\"164\" itemprop=\"http:\/\/schema.org\/image\" title=\"Viran\u015fehir\u2019deki bombal\u0131 sald\u0131r\u0131da \u015fehit olanlar i\u00e7in anma program\u0131\" alt=\"Viran\u015fehir\u2019deki bombal\u0131 sald\u0131r\u0131da \u015fehit olanlar i\u00e7in anma program\u0131\" style=\"width: 246px; height: 164px;\" \/> <\/a> <\/div> <\/div> <!-- close group --> <\/div> <!-- close row --> <\/div><\/p>\n","protected":false},"excerpt":{"rendered":"<p>\u015eANLIURFA\u2019NIN V\u0130RAN\u015eEH\u0130R \u0130L\u00c7ES\u0130NDE 17 \u015eUBAT 2017 TAR\u0130H\u0130NDE YEN\u0130\u015eEH\u0130R MAHALLES\u0130NDE HAK\u0130M VE SAVCILAR LOJMANINA D\u00dcZENLENEN BOMBALI TER\u00d6R SALDIRISINDA \u015eEH\u0130T OLAN BEK\u00c7\u0130 \u0130BRAH\u0130M KETE VE 10 YA\u015eINDAK\u0130 AHMET OKTAY G\u00dcNAK \u0130\u00c7\u0130N ANMA PROGRAMI D\u00dcZENLEND\u0130.<\/p>\n","protected":false},"author":1,"featured_media":42153,"comment_status":"closed","ping_status":"open","sticky":false,"template":"","format":"standard","meta":{"jetpack_post_was_ever_published":false,"_jetpack_newsletter_access":"","_jetpack_dont_email_post_to_subs":false,"_jetpack_newsletter_tier_id":0,"_jetpack_memberships_contains_paywalled_content":false,"_jetpack_memberships_contains_paid_content":false,"footnotes":"","jetpack_publicize_message":"","jetpack_publicize_feature_enabled":true,"jetpack_social_post_already_shared":false,"jetpack_social_options":{"image_generator_settings":{"template":"highway","default_image_id":0,"font":"","enabled":false},"version":2}},"categories":[655],"tags":[10306,12971,44,11218,1999,1011,237,14876],"class_list":["post-42152","post","type-post","status-publish","format-standard","has-post-thumbnail","hentry","category-son-dakika","tag-anma","tag-bombali","tag-icin","tag-olanlar","tag-programi","tag-saldirida","tag-sehit","tag-viransehirdeki"],"jetpack_publicize_connections":[],"jetpack_featured_media_url":"https:\/\/i0.wp.com\/www.tvturk.com\/wp-content\/uploads\/2019\/02\/viransehirdeki-bombali-saldirida-sehit-olanlar-icin-anma-programi_692c3bf.jpg?fit=1000%2C667","jetpack_sharing_enabled":true,"jetpack_shortlink":"https:\/\/wp.me\/paKIfm-aXS","_links":{"self":[{"href":"http:\/\/www.tvturk.com\/index.php\/wp-json\/wp\/v2\/posts\/42152","targetHints":{"allow":["GET"]}}],"collection":[{"href":"http:\/\/www.tvturk.com\/index.php\/wp-json\/wp\/v2\/posts"}],"about":[{"href":"http:\/\/www.tvturk.com\/index.php\/wp-json\/wp\/v2\/types\/post"}],"author":[{"embeddable":true,"href":"http:\/\/www.tvturk.com\/index.php\/wp-json\/wp\/v2\/users\/1"}],"replies":[{"embeddable":true,"href":"http:\/\/www.tvturk.com\/index.php\/wp-json\/wp\/v2\/comments?post=42152"}],"version-history":[{"count":1,"href":"http:\/\/www.tvturk.com\/index.php\/wp-json\/wp\/v2\/posts\/42152\/revisions"}],"predecessor-version":[{"id":42159,"href":"http:\/\/www.tvturk.com\/index.php\/wp-json\/wp\/v2\/posts\/42152\/revisions\/42159"}],"wp:featuredmedia":[{"embeddable":true,"href":"http:\/\/www.tvturk.com\/index.php\/wp-json\/wp\/v2\/media\/42153"}],"wp:attachment":[{"href":"http:\/\/www.tvturk.com\/index.php\/wp-json\/wp\/v2\/media?parent=42152"}],"wp:term":[{"taxonomy":"category","embeddable":true,"href":"http:\/\/www.tvturk.com\/index.php\/wp-json\/wp\/v2\/categories?post=42152"},{"taxonomy":"post_tag","embeddable":true,"href":"http:\/\/www.tvturk.com\/index.php\/wp-json\/wp\/v2\/tags?post=42152"}],"curies":[{"name":"wp","href":"https:\/\/api.w.org\/{rel}","templated":true}]}}