{"id":42416,"date":"2019-02-17T17:51:28","date_gmt":"2019-02-17T14:51:28","guid":{"rendered":"http:\/\/www.tvturk.com\/index.php\/katar-disisleri-bakani-turkiye-ile-guclu-bir-iliskimiz-var\/"},"modified":"2019-02-17T17:51:30","modified_gmt":"2019-02-17T14:51:30","slug":"katar-disisleri-bakani-turkiye-ile-guclu-bir-iliskimiz-var","status":"publish","type":"post","link":"http:\/\/www.tvturk.com\/index.php\/katar-disisleri-bakani-turkiye-ile-guclu-bir-iliskimiz-var\/","title":{"rendered":"Katar D\u0131\u015fi\u015fleri Bakan\u0131: &#8220;T\u00fcrkiye ile g\u00fc\u00e7l\u00fc bir ili\u015fkimiz var&#8221;"},"content":{"rendered":"<p>Katar D\u0131\u015fi\u015fleri Bakan\u0131 Muhammed bin Abdurrahman Essani, M\u00fcnih Uluslararas\u0131 G\u00fcvenlik Toplant\u0131s\u0131\u2019nda yapt\u0131\u011f\u0131 konu\u015fmada, &#8220;T\u00fcrkiye ile \u00e7ok g\u00fc\u00e7l\u00fc ili\u015fkimiz bulunuyor. Bu ili\u015fki K\u00f6rfez \u00fclkelerinin Katar\u2019a kar\u015f\u0131 uygulad\u0131\u011f\u0131 ambargo i\u00e7in al\u0131nm\u0131\u015f bir alternatif de\u011fil&#8221; dedi. Essani ayr\u0131ca, Suriye, Yemen ve Filistin\u2019deki meselelerin temelinde kutupla\u015fman\u0131n yatt\u0131\u011f\u0131n\u0131, baz\u0131 \u00fclkelerin ter\u00f6rist gruplar\u0131 destekledi\u011fini \u00f6ne s\u00fcrd\u00fc.<\/p>\n<p>Muhammed bin Abdurrahman Essani, M\u00fcnih Uluslararas\u0131 G\u00fcvenlik Toplant\u0131s\u0131\u2019nda yapt\u0131\u011f\u0131 konu\u015fmada, Suriye\u2019de DEA\u015e\u2019\u0131n yenildi\u011fini s\u00f6ylemenin yanl\u0131\u015f oldu\u011funu, burada ayn\u0131 d\u00fc\u015f\u00fcncede olan insanlar\u0131n da bulundu\u011funu, DEA\u015e\u2019\u0131n elinden yaln\u0131zca topraklar\u0131n al\u0131nd\u0131\u011f\u0131n\u0131, ter\u00f6rle as\u0131l m\u00fccadelenin ter\u00f6r\u00fc ortaya \u00e7\u0131karan sebeplerin ortadan kald\u0131r\u0131lmas\u0131yla m\u00fcmk\u00fcn olaca\u011f\u0131n\u0131 s\u00f6yledi.<\/p>\n<p>Essani, d\u00fcnyadaki ve \u00f6zellikle Orta Do\u011fu\u2019daki anla\u015fmazl\u0131klar\u0131n temelinde kutupla\u015fman\u0131n yatt\u0131\u011f\u0131n\u0131, baz\u0131 \u00fclkelerin baz\u0131 ter\u00f6rist gruplar\u0131 destekledi\u011fini ileri s\u00fcrd\u00fc.<\/p>\n<p>Muhammed bin Abdurrahman Essani, K\u00f6rfez \u0130\u015fbirli\u011fi Te\u015fkilat\u0131\u2019n\u0131n b\u00f6lge \u00fclkelerinin kalk\u0131nma ve g\u00fcvenli\u011fi i\u00e7in i\u015f birli\u011fi maksad\u0131yla yap\u0131ld\u0131\u011f\u0131n\u0131 ancak bu \u00fclkelerin b\u00f6yle bir \u00e7al\u0131\u015fma yapmad\u0131\u011f\u0131n\u0131, M\u0131s\u0131r\u2019la birlikte 3 K\u00f6rfez \u00fclkesinin 12 ay \u00f6nce Katar\u2019a kar\u015f\u0131 ambargo uygulad\u0131\u011f\u0131n\u0131 hat\u0131rlatt\u0131. Essani, \u0130ran\u2019\u0131n Katar\u2019\u0131n kom\u015fusu oldu\u011funu, Suudi Arabistan ile \u0130ran aras\u0131ndaki anla\u015fmazl\u0131k y\u00fcz\u00fcnden Katar\u2019\u0131n arada kald\u0131\u011f\u0131n\u0131 s\u00f6yledi. Katar D\u0131\u015fi\u015fleri Bakan\u0131, \u0130ran\u2019\u0131n Katar\u2019a hava sahas\u0131n\u0131 a\u00e7t\u0131\u011f\u0131n\u0131, bundan memnun olduklar\u0131n\u0131 s\u00f6yledi.<\/p>\n<p>Katar D\u0131\u015fi\u015fleri Bakan\u0131, T\u00fcrkiye ile ili\u015fkilerinin de \u00e7ok iyi oldu\u011funu, bu ili\u015fkinin K\u00f6rfez \u00fclkelerine kar\u015f\u0131 bir ittifak olmad\u0131\u011f\u0131n\u0131 belirtti.<\/p>\n<p>Essani, \u0130srail ili\u015fkilerinin merkezinde ise Filistin meselesinin bulundu\u011funu, \u0130srail ile ili\u015fkilerinin d\u00fczelmesinin Filistin halk\u0131na haklar\u0131n\u0131 vermesiyle ba\u011flant\u0131l\u0131 oldu\u011funu belirterek, Gazze\u2019ye yapt\u0131klar\u0131 yard\u0131mlar\u0131n Hamas\u2019a de\u011fil Filistin halk\u0131na oldu\u011funu vurgulad\u0131. Essani, &#8220;Biz Hamas\u2019a finans sa\u011flam\u0131yoruz, Gazze halk\u0131na yard\u0131m ediyor ve oradaki insani krizin \u00e7\u00f6z\u00fclmesine yard\u0131m ediyoruz&#8221; dedi.<div class=\"tiled-gallery type-rectangular tiled-gallery-unresized\" data-original-width=\"500\" data-carousel-extra='null' itemscope itemtype=\"http:\/\/schema.org\/ImageGallery\" > <div class=\"gallery-row\" style=\"width: 500px; height: 306px;\" data-original-width=\"500\" data-original-height=\"306\" > <div class=\"gallery-group images-1\" style=\"width: 500px; height: 306px;\" data-original-width=\"500\" data-original-height=\"306\" > <div class=\"tiled-gallery-item tiled-gallery-item-large\" itemprop=\"associatedMedia\" itemscope itemtype=\"http:\/\/schema.org\/ImageObject\"> <a href=\"http:\/\/www.tvturk.com\/index.php\/katar-disisleri-bakani-turkiye-ile-guclu-bir-iliskimiz-var\/katar-disisleri-bakani-turkiye-ile-guclu-bir-iliskimiz-var-3\/\" border=\"0\" itemprop=\"url\"> <meta itemprop=\"width\" content=\"496\"> <meta itemprop=\"height\" content=\"302\"> <img decoding=\"async\" class=\"\" data-attachment-id=\"42418\" data-orig-file=\"http:\/\/www.tvturk.com\/wp-content\/uploads\/2019\/02\/katar-disisleri-bakani-turkiye-ile-guclu-bir-iliskimiz-var_42f1644.jpg\" data-orig-size=\"1000,609\" data-comments-opened=\"\" data-image-meta=\"{&quot;aperture&quot;:&quot;0&quot;,&quot;credit&quot;:&quot;IHA&quot;,&quot;camera&quot;:&quot;&quot;,&quot;caption&quot;:&quot;KATAR DI\\u015e\\u0130\\u015eLER\\u0130 BAKANI MUHAMMED B\\u0130N ABDURRAHMAN ESSAN\\u0130, M\\u00dcN\\u0130H ULUSLARARASI G\\u00dcVENL\\u0130K TOPLANTISI\\u0027NDA YAPTI\\u011eI KONU\\u015eMADA, \\u0022T\\u00dcRK\\u0130YE \\u0130LE \\u00c7OK G\\u00dc\\u00c7L\\u00dc \\u0130L\\u0130\\u015eK\\u0130M\\u0130Z BULUNUYOR. BU \\u0130L\\u0130\\u015eK\\u0130 K\\u00d6RFEZ \\u00dcLKELER\\u0130N\\u0130N KATAR\\u2019A KAR\\u015eI UYGULADI\\u011eI AMBARGO \\u0130\\u00c7\\u0130N ALINMI\\u015e B\\u0130R ALTERNAT\\u0130F DE\\u011e\\u0130L\\u0022 DED\\u0130. (EPA\\\/M\\u00dcN\\u0130H-\\u0130HA)&quot;,&quot;created_timestamp&quot;:&quot;0&quot;,&quot;copyright&quot;:&quot;\\u0130HLAS HABER AJANSI, www.iha.com.tr&quot;,&quot;focal_length&quot;:&quot;0&quot;,&quot;iso&quot;:&quot;0&quot;,&quot;shutter_speed&quot;:&quot;0&quot;,&quot;title&quot;:&quot;KATAR DI\\u015e\\u0130\\u015eLER\\u0130 BAKANI: \\u0022T\\u00dcRK\\u0130YE \\u0130LE G\\u00dc\\u00c7L\\u00dc B\\u0130R \\u0130L\\u0130\\u015eK\\u0130M\\u0130Z VAR\\u0022 \\u0022\\u0130SRA\\u0130L\\u0027LE \\u0130L\\u0130\\u015eK\\u0130M\\u0130Z \\u0130SRA\\u0130L\\u2019\\u0130N F\\u0130L\\u0130ST\\u0130N\\u2019LE \\u0130L\\u0130\\u015eK\\u0130LER\\u0130N\\u0130 ESAS ALIR\\u0022 \\u0022B\\u0130Z HAMAS\\u2019A F\\u0130NANS SA\\u011eLAMIYORUZ, GAZZE HALKINA YARDIM ED\\u0130YOR VE ORADAK\\u0130 \\u0130NSAN\\u0130 KR\\u0130Z\\u0130N \\u00c7\\u00d6Z\\u00dcLMES\\u0130NE YARDIM ED\\u0130YORUZ\\u0022&quot;,&quot;orientation&quot;:&quot;0&quot;}\" data-image-title=\"Katar D\u0131\u015fi\u015fleri Bakan\u0131: &amp;#8220;T\u00fcrkiye ile g\u00fc\u00e7l\u00fc bir ili\u015fkimiz var&amp;#8221;\" data-image-description=\"&lt;p&gt;Katar D\u0131\u015fi\u015fleri Bakan\u0131: &amp;#8220;T\u00fcrkiye ile g\u00fc\u00e7l\u00fc bir ili\u015fkimiz var&amp;#8221;&lt;\/p&gt; \" data-medium-file=\"https:\/\/i0.wp.com\/www.tvturk.com\/wp-content\/uploads\/2019\/02\/katar-disisleri-bakani-turkiye-ile-guclu-bir-iliskimiz-var_42f1644.jpg?fit=300%2C183\" data-large-file=\"https:\/\/i0.wp.com\/www.tvturk.com\/wp-content\/uploads\/2019\/02\/katar-disisleri-bakani-turkiye-ile-guclu-bir-iliskimiz-var_42f1644.jpg?fit=1000%2C609\" src=\"https:\/\/i0.wp.com\/www.tvturk.com\/wp-content\/uploads\/2019\/02\/katar-disisleri-bakani-turkiye-ile-guclu-bir-iliskimiz-var_42f1644.jpg?w=496&#038;h=302\" srcset=\"https:\/\/i0.wp.com\/www.tvturk.com\/wp-content\/uploads\/2019\/02\/katar-disisleri-bakani-turkiye-ile-guclu-bir-iliskimiz-var_42f1644.jpg?w=1000 1000w, https:\/\/i0.wp.com\/www.tvturk.com\/wp-content\/uploads\/2019\/02\/katar-disisleri-bakani-turkiye-ile-guclu-bir-iliskimiz-var_42f1644.jpg?resize=150%2C91 150w, https:\/\/i0.wp.com\/www.tvturk.com\/wp-content\/uploads\/2019\/02\/katar-disisleri-bakani-turkiye-ile-guclu-bir-iliskimiz-var_42f1644.jpg?resize=300%2C183 300w, https:\/\/i0.wp.com\/www.tvturk.com\/wp-content\/uploads\/2019\/02\/katar-disisleri-bakani-turkiye-ile-guclu-bir-iliskimiz-var_42f1644.jpg?resize=768%2C468 768w, https:\/\/i0.wp.com\/www.tvturk.com\/wp-content\/uploads\/2019\/02\/katar-disisleri-bakani-turkiye-ile-guclu-bir-iliskimiz-var_42f1644.jpg?resize=187%2C113 187w\" width=\"496\" height=\"302\" loading=\"lazy\" data-original-width=\"496\" data-original-height=\"302\" itemprop=\"http:\/\/schema.org\/image\" title=\"Katar D\u0131\u015fi\u015fleri Bakan\u0131: &quot;T\u00fcrkiye ile g\u00fc\u00e7l\u00fc bir ili\u015fkimiz var&quot;\" alt=\"Katar D\u0131\u015fi\u015fleri Bakan\u0131: &quot;T\u00fcrkiye ile g\u00fc\u00e7l\u00fc bir ili\u015fkimiz var&quot;\" style=\"width: 496px; height: 302px;\" \/> <\/a> <\/div> <\/div> <!-- close group --> <\/div> <!-- close row --> <\/div><\/p>\n","protected":false},"excerpt":{"rendered":"<p>KATAR DI\u015e\u0130\u015eLER\u0130 BAKANI MUHAMMED B\u0130N ABDURRAHMAN ESSAN\u0130, M\u00dcN\u0130H ULUSLARARASI G\u00dcVENL\u0130K TOPLANTISI&#8217;NDA YAPTI\u011eI KONU\u015eMADA, &#8220;T\u00dcRK\u0130YE \u0130LE \u00c7OK G\u00dc\u00c7L\u00dc \u0130L\u0130\u015eK\u0130M\u0130Z BULUNUYOR. BU \u0130L\u0130\u015eK\u0130 K\u00d6RFEZ \u00dcLKELER\u0130N\u0130N KATAR\u2019A KAR\u015eI UYGULADI\u011eI AMBARGO \u0130\u00c7\u0130N ALINMI\u015e B\u0130R ALTERNAT\u0130F DE\u011e\u0130L&#8221; DED\u0130.<\/p>\n","protected":false},"author":1,"featured_media":42417,"comment_status":"closed","ping_status":"open","sticky":false,"template":"","format":"standard","meta":{"jetpack_post_was_ever_published":false,"_jetpack_newsletter_access":"","_jetpack_dont_email_post_to_subs":false,"_jetpack_newsletter_tier_id":0,"_jetpack_memberships_contains_paywalled_content":false,"_jetpack_memberships_contains_paid_content":false,"footnotes":"","jetpack_publicize_message":"","jetpack_publicize_feature_enabled":true,"jetpack_social_post_already_shared":false,"jetpack_social_options":{"image_generator_settings":{"template":"highway","default_image_id":0,"font":"","enabled":false},"version":2}},"categories":[9],"tags":[933,125,1498,2728,192,14938,14937,453,181],"class_list":["post-42416","post","type-post","status-publish","format-standard","has-post-thumbnail","hentry","category-siyaset","tag-bakani","tag-bir","tag-disisleri","tag-guclu","tag-ile","tag-iliskimiz","tag-katar","tag-turkiye","tag-var"],"jetpack_publicize_connections":[],"jetpack_featured_media_url":"https:\/\/i0.wp.com\/www.tvturk.com\/wp-content\/uploads\/2019\/02\/katar-disisleri-bakani-turkiye-ile-guclu-bir-iliskimiz-var_22549d1.jpg?fit=1000%2C694","jetpack_sharing_enabled":true,"jetpack_shortlink":"https:\/\/wp.me\/paKIfm-b28","_links":{"self":[{"href":"http:\/\/www.tvturk.com\/index.php\/wp-json\/wp\/v2\/posts\/42416","targetHints":{"allow":["GET"]}}],"collection":[{"href":"http:\/\/www.tvturk.com\/index.php\/wp-json\/wp\/v2\/posts"}],"about":[{"href":"http:\/\/www.tvturk.com\/index.php\/wp-json\/wp\/v2\/types\/post"}],"author":[{"embeddable":true,"href":"http:\/\/www.tvturk.com\/index.php\/wp-json\/wp\/v2\/users\/1"}],"replies":[{"embeddable":true,"href":"http:\/\/www.tvturk.com\/index.php\/wp-json\/wp\/v2\/comments?post=42416"}],"version-history":[{"count":1,"href":"http:\/\/www.tvturk.com\/index.php\/wp-json\/wp\/v2\/posts\/42416\/revisions"}],"predecessor-version":[{"id":42419,"href":"http:\/\/www.tvturk.com\/index.php\/wp-json\/wp\/v2\/posts\/42416\/revisions\/42419"}],"wp:featuredmedia":[{"embeddable":true,"href":"http:\/\/www.tvturk.com\/index.php\/wp-json\/wp\/v2\/media\/42417"}],"wp:attachment":[{"href":"http:\/\/www.tvturk.com\/index.php\/wp-json\/wp\/v2\/media?parent=42416"}],"wp:term":[{"taxonomy":"category","embeddable":true,"href":"http:\/\/www.tvturk.com\/index.php\/wp-json\/wp\/v2\/categories?post=42416"},{"taxonomy":"post_tag","embeddable":true,"href":"http:\/\/www.tvturk.com\/index.php\/wp-json\/wp\/v2\/tags?post=42416"}],"curies":[{"name":"wp","href":"https:\/\/api.w.org\/{rel}","templated":true}]}}