{"id":42420,"date":"2019-02-17T17:51:34","date_gmt":"2019-02-17T14:51:34","guid":{"rendered":"http:\/\/www.tvturk.com\/index.php\/elazigspor-kampa-girdi\/"},"modified":"2019-02-17T17:51:34","modified_gmt":"2019-02-17T14:51:34","slug":"elazigspor-kampa-girdi","status":"publish","type":"post","link":"http:\/\/www.tvturk.com\/index.php\/elazigspor-kampa-girdi\/","title":{"rendered":"Elaz\u0131\u011fspor kampa girdi"},"content":{"rendered":"<p>Elaz\u0131\u011fspor, tak\u0131m\u0131n yeni oyuncular\u0131 ile teknik heyetin kayna\u015fmas\u0131 ad\u0131na Antalya\u2019da kampa girdi.<\/p>\n<p>Gen\u00e7lerbirli\u011fi ma\u00e7\u0131 sonras\u0131 tak\u0131m i\u00e7indeki kayna\u015fman\u0131n artt\u0131r\u0131lmas\u0131 amac\u0131yla Antalya\u2019da yap\u0131lmas\u0131 planlanan mini kamp i\u00e7in bordo-beyazl\u0131 ekip, Antalya\u2019ya gitti. Ligin 23. haftas\u0131nda deplasmanda oynanacak olan Karab\u00fckspor ma\u00e7\u0131 haz\u0131rl\u0131klar\u0131n\u0131 bordo-beyazl\u0131 ekip burada s\u00fcrd\u00fcrecek. Teknik Direkt\u00f6r Erhan Alt\u0131n\u2019\u0131n iste\u011fiyle Antalya\u2019da yap\u0131lacak olan mini kamp sayesinde yeni transferlerin teknik heyetle kayna\u015fmas\u0131 hedefleniyor. Bu kapsamda Antalya\u2019ya ge\u00e7en bordo-beyazl\u0131 Kafile, konaklad\u0131\u011f\u0131 otele yerle\u015fti. Haz\u0131rl\u0131klar\u0131na cuma g\u00fcn\u00fcne kadar Antalya\u2019da devam edecek olan Elaz\u0131\u011fspor, Karab\u00fck\u2019e ge\u00e7ecek.<\/p>\n<p>Teknik Direkt\u00f6r Erhan Alt\u0131n\u2019\u0131n takdiriyle Elaz\u0131\u011fspor\u2019un 30 ki\u015filik Antalya kamp\u0131 kadrosunda, Ahmet Sabri Fener, Ahmet Do\u011fan, Emrah G\u00fcr, Ali Karata\u015f, Nuh Naci K\u0131rlank\u0131\u00e7o\u011flu, Tufan Kelleci, Idrissa Diarra, Ahmet Burak Solakel, Serge Akakpo, G\u00f6khan Akkan, Kadir Ta\u015fo\u011flu, Kadir Bekmezci, Abd\u00fclkadir Kayal\u0131, Mustafa Eskihella\u00e7, Cengizhan Akg\u00fcn, Boubacar Traore, Dialo, Georgios Georgiadis, Lamine Diarra, Eren \u00c7ink\u0131l\u0131n\u00e7, Onur Alsu, Muhammed \u0130ld\u0131z, \u00d6mer Y\u0131ld\u0131z, Bekamenga, Abel Camara, R\u00fc\u015ft\u00fc Hanl\u0131, Emir G\u00f6k\u00e7e, Serdar \u00d6zbayraktar, Yi\u011fitcan Erdo\u011fan ve Murat Ceylan yer ald\u0131.<\/p>\n","protected":false},"excerpt":{"rendered":"<p>ELAZI\u011eSPOR 30 FUTBOLCUYLA ANTALYA&#8217;YA G\u0130TT\u0130. BORDO-BEYAZLILAR, KARAB\u00dcKSPOR MA\u00c7I HAZIRLIKLARINI BURADA S\u00dcRD\u00dcRECEK<\/p>\n","protected":false},"author":1,"featured_media":42421,"comment_status":"closed","ping_status":"open","sticky":false,"template":"","format":"standard","meta":{"jetpack_post_was_ever_published":false,"_jetpack_newsletter_access":"","_jetpack_dont_email_post_to_subs":false,"_jetpack_newsletter_tier_id":0,"_jetpack_memberships_contains_paywalled_content":false,"_jetpack_memberships_contains_paid_content":false,"footnotes":"","jetpack_publicize_message":"","jetpack_publicize_feature_enabled":true,"jetpack_social_post_already_shared":false,"jetpack_social_options":{"image_generator_settings":{"template":"highway","default_image_id":0,"font":"","enabled":false},"version":2}},"categories":[657],"tags":[6427,3896,4616],"class_list":["post-42420","post","type-post","status-publish","format-standard","has-post-thumbnail","hentry","category-spor","tag-elazigspor","tag-girdi","tag-kampa"],"jetpack_publicize_connections":[],"jetpack_featured_media_url":"https:\/\/i0.wp.com\/www.tvturk.com\/wp-content\/uploads\/2019\/02\/elazigspor-kampa-girdi_150decb.jpg?fit=1000%2C666","jetpack_sharing_enabled":true,"jetpack_shortlink":"https:\/\/wp.me\/paKIfm-b2c","_links":{"self":[{"href":"http:\/\/www.tvturk.com\/index.php\/wp-json\/wp\/v2\/posts\/42420","targetHints":{"allow":["GET"]}}],"collection":[{"href":"http:\/\/www.tvturk.com\/index.php\/wp-json\/wp\/v2\/posts"}],"about":[{"href":"http:\/\/www.tvturk.com\/index.php\/wp-json\/wp\/v2\/types\/post"}],"author":[{"embeddable":true,"href":"http:\/\/www.tvturk.com\/index.php\/wp-json\/wp\/v2\/users\/1"}],"replies":[{"embeddable":true,"href":"http:\/\/www.tvturk.com\/index.php\/wp-json\/wp\/v2\/comments?post=42420"}],"version-history":[{"count":0,"href":"http:\/\/www.tvturk.com\/index.php\/wp-json\/wp\/v2\/posts\/42420\/revisions"}],"wp:featuredmedia":[{"embeddable":true,"href":"http:\/\/www.tvturk.com\/index.php\/wp-json\/wp\/v2\/media\/42421"}],"wp:attachment":[{"href":"http:\/\/www.tvturk.com\/index.php\/wp-json\/wp\/v2\/media?parent=42420"}],"wp:term":[{"taxonomy":"category","embeddable":true,"href":"http:\/\/www.tvturk.com\/index.php\/wp-json\/wp\/v2\/categories?post=42420"},{"taxonomy":"post_tag","embeddable":true,"href":"http:\/\/www.tvturk.com\/index.php\/wp-json\/wp\/v2\/tags?post=42420"}],"curies":[{"name":"wp","href":"https:\/\/api.w.org\/{rel}","templated":true}]}}