{"id":42529,"date":"2019-02-17T18:20:54","date_gmt":"2019-02-17T15:20:54","guid":{"rendered":"http:\/\/www.tvturk.com\/index.php\/baca-temizligi-yaparken-5nci-kattan-dusen-sahis-oldu\/"},"modified":"2019-02-17T18:20:54","modified_gmt":"2019-02-17T15:20:54","slug":"baca-temizligi-yaparken-5nci-kattan-dusen-sahis-oldu","status":"publish","type":"post","link":"http:\/\/www.tvturk.com\/index.php\/baca-temizligi-yaparken-5nci-kattan-dusen-sahis-oldu\/","title":{"rendered":"Baca temizli\u011fi yaparken 5\u2019nci kattan d\u00fc\u015fen \u015fah\u0131s \u00f6ld\u00fc"},"content":{"rendered":"<p>Elaz\u0131\u011f\u2019da baca temizli\u011fi yaparken 5. kattan d\u00fc\u015fmesi sonucu a\u011f\u0131r yaralanan \u015fah\u0131s, kald\u0131r\u0131ld\u0131\u011f\u0131 hastanede hayat\u0131n\u0131 kaybetti.<\/p>\n<p>Olay, sabah merkeze ba\u011fl\u0131 Mustafapa\u015fa Mahallesi Kaz\u0131m Karabekir Caddesinde meydana geldi. Edinilen bilgiye g\u00f6re, baca temizli\u011fi i\u00e7in 5\u2019inci kata \u00e7\u0131kan Selahattin Karaca dengesini kaybederek yan binan\u0131n birinci kat\u0131ndaki balkona d\u00fc\u015ft\u00fc. Karaca\u2019n\u0131n d\u00fc\u015ft\u00fc\u011f\u00fcn\u00fc g\u00f6renler durumu sa\u011fl\u0131k, polis ve itfaiye ekiplerine bildirdi. Olay yerine gelen sa\u011fl\u0131k ekipleri a\u011f\u0131r yaralanan Karaca\u2019y\u0131 ambulansla Fethi Sekin \u015eehir Hastanesine kald\u0131rd\u0131. Karaca hastanede yap\u0131lan t\u00fcm m\u00fcdahalelere ra\u011fmen hayat\u0131n\u0131 kaybetti<\/p>\n<p>Olayla ilgili soru\u015fturma devam ediyor.<\/p>\n","protected":false},"excerpt":{"rendered":"<p>ELAZI\u011e&#8217;DA BACA TEM\u0130ZL\u0130\u011e\u0130 YAPARKEN 5. KATTAN D\u00dc\u015eEN ADAM HAYATINI KAYBETT\u0130<\/p>\n","protected":false},"author":1,"featured_media":42530,"comment_status":"closed","ping_status":"open","sticky":false,"template":"","format":"standard","meta":{"jetpack_post_was_ever_published":false,"_jetpack_newsletter_access":"","_jetpack_dont_email_post_to_subs":false,"_jetpack_newsletter_tier_id":0,"_jetpack_memberships_contains_paywalled_content":false,"_jetpack_memberships_contains_paid_content":false,"footnotes":"","jetpack_publicize_message":"","jetpack_publicize_feature_enabled":true,"jetpack_social_post_already_shared":false,"jetpack_social_options":{"image_generator_settings":{"template":"highway","default_image_id":0,"font":"","enabled":false},"version":2}},"categories":[655],"tags":[14949,9417,762,1165,77,970,7452,10534],"class_list":["post-42529","post","type-post","status-publish","format-standard","has-post-thumbnail","hentry","category-son-dakika","tag-5nci","tag-baca","tag-dusen","tag-kattan","tag-oldu","tag-sahis","tag-temizligi","tag-yaparken"],"jetpack_publicize_connections":[],"jetpack_featured_media_url":"https:\/\/i0.wp.com\/www.tvturk.com\/wp-content\/uploads\/2019\/02\/baca-temizligi-yaparken-5nci-kattan-dusen-sahis-oldu_f77ac0e.jpg?fit=750%2C1000","jetpack_sharing_enabled":true,"jetpack_shortlink":"https:\/\/wp.me\/paKIfm-b3X","_links":{"self":[{"href":"http:\/\/www.tvturk.com\/index.php\/wp-json\/wp\/v2\/posts\/42529","targetHints":{"allow":["GET"]}}],"collection":[{"href":"http:\/\/www.tvturk.com\/index.php\/wp-json\/wp\/v2\/posts"}],"about":[{"href":"http:\/\/www.tvturk.com\/index.php\/wp-json\/wp\/v2\/types\/post"}],"author":[{"embeddable":true,"href":"http:\/\/www.tvturk.com\/index.php\/wp-json\/wp\/v2\/users\/1"}],"replies":[{"embeddable":true,"href":"http:\/\/www.tvturk.com\/index.php\/wp-json\/wp\/v2\/comments?post=42529"}],"version-history":[{"count":0,"href":"http:\/\/www.tvturk.com\/index.php\/wp-json\/wp\/v2\/posts\/42529\/revisions"}],"wp:featuredmedia":[{"embeddable":true,"href":"http:\/\/www.tvturk.com\/index.php\/wp-json\/wp\/v2\/media\/42530"}],"wp:attachment":[{"href":"http:\/\/www.tvturk.com\/index.php\/wp-json\/wp\/v2\/media?parent=42529"}],"wp:term":[{"taxonomy":"category","embeddable":true,"href":"http:\/\/www.tvturk.com\/index.php\/wp-json\/wp\/v2\/categories?post=42529"},{"taxonomy":"post_tag","embeddable":true,"href":"http:\/\/www.tvturk.com\/index.php\/wp-json\/wp\/v2\/tags?post=42529"}],"curies":[{"name":"wp","href":"https:\/\/api.w.org\/{rel}","templated":true}]}}