{"id":42656,"date":"2019-02-17T19:01:30","date_gmt":"2019-02-17T16:01:30","guid":{"rendered":"http:\/\/www.tvturk.com\/index.php\/suudi-veliaht-prens-bin-selman-pakistanda\/"},"modified":"2019-02-17T19:01:32","modified_gmt":"2019-02-17T16:01:32","slug":"suudi-veliaht-prens-bin-selman-pakistanda","status":"publish","type":"post","link":"http:\/\/www.tvturk.com\/index.php\/suudi-veliaht-prens-bin-selman-pakistanda\/","title":{"rendered":"Suudi Veliaht Prens Bin Selman, Pakistan\u2019da"},"content":{"rendered":"<p>Suudi Arabistan Veliaht Prensi Muhammed Bin Selman, 3 Asya \u00fclkesine d\u00fczenleyece\u011fi turun ilk dura\u011f\u0131 olan Pakistan\u2019\u0131n ba\u015fkenti \u0130slamabad\u2019a geldi.<\/p>\n<p>Suudi Arabistan Veliaht Prensi Muhammed Bin Selman, Pakistan, Hindistan ve \u00c7in\u2019e resmi ziyaret d\u00fczenleyece\u011fi Asya turuna ba\u015flad\u0131. Pakistan\u2019\u0131n ba\u015fkenti \u0130slamabad\u2019a gelen Veliaht Prensi, Pakistan Ba\u015fbakan\u0131 \u0130mran Khan ve Bakanlar Kurulu kar\u015f\u0131lad\u0131. Ziyareti boyunca Devlet Ba\u015fkan\u0131 Arif Alvi, Ba\u015fbakan Khan ve Genelkurmay Ba\u015fkan\u0131 Kamar Cavit Bajva ile bir araya gelecek.<\/p>\n<p>Ziyarette iki \u00fclke aras\u0131nda 10 milyar dolarl\u0131k rekor seviyede yat\u0131r\u0131m anla\u015fmas\u0131 imzalanacak. Anla\u015fma kapsam\u0131nda Pakistan\u2019\u0131n Gvadr \u015fehrine petrol rafinerisi ve kompleksi in\u015fa edilecek.<\/p>\n<p>Ge\u00e7en Per\u015fembe g\u00fcn\u00fc silahl\u0131 milislerin Ke\u015fmir\u2019in Hindistan kontrol\u00fcndeki kesime bombal\u0131 bir sald\u0131r\u0131 yaparak 44 ki\u015fiyi \u00f6ld\u00fcrmesi \u00fczerine Pakistan ile Hindistan aras\u0131nda gerilimi art\u0131rm\u0131\u015ft\u0131. Hindistan Ba\u015fbakan\u0131 Narendra Modi sald\u0131r\u0131dan Pakistan\u2019\u0131 sorumlu tutmu\u015f ve bu sald\u0131r\u0131n\u0131n cevaps\u0131z kalmayaca\u011f\u0131 a\u00e7\u0131klamas\u0131nda bulunmu\u015ftu.<div class=\"tiled-gallery type-rectangular tiled-gallery-unresized\" data-original-width=\"500\" data-carousel-extra='null' itemscope itemtype=\"http:\/\/schema.org\/ImageGallery\" > <div class=\"gallery-row\" style=\"width: 500px; height: 334px;\" data-original-width=\"500\" data-original-height=\"334\" > <div class=\"gallery-group images-1\" style=\"width: 500px; height: 334px;\" data-original-width=\"500\" data-original-height=\"334\" > <div class=\"tiled-gallery-item tiled-gallery-item-large\" itemprop=\"associatedMedia\" itemscope itemtype=\"http:\/\/schema.org\/ImageObject\"> <a href=\"http:\/\/www.tvturk.com\/index.php\/suudi-veliaht-prens-bin-selman-pakistanda\/suudi-veliaht-prens-bin-selman-pakistanda-3\/\" border=\"0\" itemprop=\"url\"> <meta itemprop=\"width\" content=\"496\"> <meta itemprop=\"height\" content=\"330\"> <img decoding=\"async\" class=\"\" data-attachment-id=\"42658\" data-orig-file=\"http:\/\/www.tvturk.com\/wp-content\/uploads\/2019\/02\/suudi-veliaht-prens-bin-selman-pakistanda_6d00201.jpg\" data-orig-size=\"1000,666\" data-comments-opened=\"\" data-image-meta=\"{&quot;aperture&quot;:&quot;0&quot;,&quot;credit&quot;:&quot;IHA&quot;,&quot;camera&quot;:&quot;&quot;,&quot;caption&quot;:&quot;SUUD\\u0130 ARAB\\u0130STAN VEL\\u0130AHT PRENS\\u0130 MUHAMMED B\\u0130N SELMAN, 3 ASYA \\u00dcLKES\\u0130NE D\\u00dcZENLEYECE\\u011e\\u0130 TURUN \\u0130LK DURA\\u011eI OLAN PAK\\u0130STAN\\u2019IN BA\\u015eKENT\\u0130 \\u0130SLAMABAD\\u2019A GELD\\u0130. (\\u0130HA\\\/\\u0130SLAMABAD-\\u0130HA)&quot;,&quot;created_timestamp&quot;:&quot;0&quot;,&quot;copyright&quot;:&quot;\\u0130HLAS HABER AJANSI, www.iha.com.tr&quot;,&quot;focal_length&quot;:&quot;0&quot;,&quot;iso&quot;:&quot;0&quot;,&quot;shutter_speed&quot;:&quot;0&quot;,&quot;title&quot;:&quot;SUUD\\u0130 VEL\\u0130AHT PRENS B\\u0130N SELMAN, PAK\\u0130STAN\\u2019DA&quot;,&quot;orientation&quot;:&quot;0&quot;}\" data-image-title=\"Suudi Veliaht Prens Bin Selman, Pakistan\u2019da\" data-image-description=\"&lt;p&gt;Suudi Veliaht Prens Bin Selman, Pakistan\u2019da&lt;\/p&gt; \" data-medium-file=\"https:\/\/i0.wp.com\/www.tvturk.com\/wp-content\/uploads\/2019\/02\/suudi-veliaht-prens-bin-selman-pakistanda_6d00201.jpg?fit=300%2C200\" data-large-file=\"https:\/\/i0.wp.com\/www.tvturk.com\/wp-content\/uploads\/2019\/02\/suudi-veliaht-prens-bin-selman-pakistanda_6d00201.jpg?fit=1000%2C666\" src=\"https:\/\/i0.wp.com\/www.tvturk.com\/wp-content\/uploads\/2019\/02\/suudi-veliaht-prens-bin-selman-pakistanda_6d00201.jpg?w=496&#038;h=330\" srcset=\"https:\/\/i0.wp.com\/www.tvturk.com\/wp-content\/uploads\/2019\/02\/suudi-veliaht-prens-bin-selman-pakistanda_6d00201.jpg?w=1000 1000w, https:\/\/i0.wp.com\/www.tvturk.com\/wp-content\/uploads\/2019\/02\/suudi-veliaht-prens-bin-selman-pakistanda_6d00201.jpg?resize=150%2C100 150w, https:\/\/i0.wp.com\/www.tvturk.com\/wp-content\/uploads\/2019\/02\/suudi-veliaht-prens-bin-selman-pakistanda_6d00201.jpg?resize=300%2C200 300w, https:\/\/i0.wp.com\/www.tvturk.com\/wp-content\/uploads\/2019\/02\/suudi-veliaht-prens-bin-selman-pakistanda_6d00201.jpg?resize=768%2C511 768w, https:\/\/i0.wp.com\/www.tvturk.com\/wp-content\/uploads\/2019\/02\/suudi-veliaht-prens-bin-selman-pakistanda_6d00201.jpg?resize=170%2C113 170w, https:\/\/i0.wp.com\/www.tvturk.com\/wp-content\/uploads\/2019\/02\/suudi-veliaht-prens-bin-selman-pakistanda_6d00201.jpg?resize=120%2C80 120w\" width=\"496\" height=\"330\" loading=\"lazy\" data-original-width=\"496\" data-original-height=\"330\" itemprop=\"http:\/\/schema.org\/image\" title=\"Suudi Veliaht Prens Bin Selman, Pakistan\u2019da\" alt=\"Suudi Veliaht Prens Bin Selman, Pakistan\u2019da\" style=\"width: 496px; height: 330px;\" \/> <\/a> <\/div> <\/div> <!-- close group --> <\/div> <!-- close row --> <\/div><\/p>\n","protected":false},"excerpt":{"rendered":"<p>SUUD\u0130 ARAB\u0130STAN VEL\u0130AHT PRENS\u0130 MUHAMMED B\u0130N SELMAN, 3 ASYA \u00dcLKES\u0130NE D\u00dcZENLEYECE\u011e\u0130 TURUN \u0130LK DURA\u011eI OLAN PAK\u0130STAN\u2019IN BA\u015eKENT\u0130 \u0130SLAMABAD\u2019A GELD\u0130.<\/p>\n","protected":false},"author":1,"featured_media":42657,"comment_status":"closed","ping_status":"open","sticky":false,"template":"","format":"standard","meta":{"jetpack_post_was_ever_published":false,"_jetpack_newsletter_access":"","_jetpack_dont_email_post_to_subs":false,"_jetpack_newsletter_tier_id":0,"_jetpack_memberships_contains_paywalled_content":false,"_jetpack_memberships_contains_paid_content":false,"footnotes":"","jetpack_publicize_message":"","jetpack_publicize_feature_enabled":true,"jetpack_social_post_already_shared":false,"jetpack_social_options":{"image_generator_settings":{"template":"highway","default_image_id":0,"font":"","enabled":false},"version":2}},"categories":[9],"tags":[213,5759,8751,10992,11611,14061],"class_list":["post-42656","post","type-post","status-publish","format-standard","has-post-thumbnail","hentry","category-siyaset","tag-bin","tag-pakistanda","tag-prens","tag-selman","tag-suudi","tag-veliaht"],"jetpack_publicize_connections":[],"jetpack_featured_media_url":"https:\/\/i0.wp.com\/www.tvturk.com\/wp-content\/uploads\/2019\/02\/suudi-veliaht-prens-bin-selman-pakistanda_70efcfa.jpg?fit=1000%2C666","jetpack_sharing_enabled":true,"jetpack_shortlink":"https:\/\/wp.me\/paKIfm-b60","_links":{"self":[{"href":"http:\/\/www.tvturk.com\/index.php\/wp-json\/wp\/v2\/posts\/42656","targetHints":{"allow":["GET"]}}],"collection":[{"href":"http:\/\/www.tvturk.com\/index.php\/wp-json\/wp\/v2\/posts"}],"about":[{"href":"http:\/\/www.tvturk.com\/index.php\/wp-json\/wp\/v2\/types\/post"}],"author":[{"embeddable":true,"href":"http:\/\/www.tvturk.com\/index.php\/wp-json\/wp\/v2\/users\/1"}],"replies":[{"embeddable":true,"href":"http:\/\/www.tvturk.com\/index.php\/wp-json\/wp\/v2\/comments?post=42656"}],"version-history":[{"count":1,"href":"http:\/\/www.tvturk.com\/index.php\/wp-json\/wp\/v2\/posts\/42656\/revisions"}],"predecessor-version":[{"id":42659,"href":"http:\/\/www.tvturk.com\/index.php\/wp-json\/wp\/v2\/posts\/42656\/revisions\/42659"}],"wp:featuredmedia":[{"embeddable":true,"href":"http:\/\/www.tvturk.com\/index.php\/wp-json\/wp\/v2\/media\/42657"}],"wp:attachment":[{"href":"http:\/\/www.tvturk.com\/index.php\/wp-json\/wp\/v2\/media?parent=42656"}],"wp:term":[{"taxonomy":"category","embeddable":true,"href":"http:\/\/www.tvturk.com\/index.php\/wp-json\/wp\/v2\/categories?post=42656"},{"taxonomy":"post_tag","embeddable":true,"href":"http:\/\/www.tvturk.com\/index.php\/wp-json\/wp\/v2\/tags?post=42656"}],"curies":[{"name":"wp","href":"https:\/\/api.w.org\/{rel}","templated":true}]}}